{"id":928061,"date":"2025-09-19T08:22:00","date_gmt":"2025-09-19T11:22:00","guid":{"rendered":"https:\/\/www.pm.pb.gov.br\/portal\/?p=928061"},"modified":"2025-09-19T10:40:24","modified_gmt":"2025-09-19T13:40:24","slug":"municao-de-fuzil-e-apreendida-no-colinas-do-sul-na-capital","status":"publish","type":"post","link":"https:\/\/www.pm.pb.gov.br\/portal\/2025\/09\/19\/municao-de-fuzil-e-apreendida-no-colinas-do-sul-na-capital\/","title":{"rendered":"Muni\u00e7\u00e3o de fuzil \u00e9 apreendida no Colinas do Sul, na capital"},"content":{"rendered":"\n<p>Duas muni\u00e7\u00f5es de fuzil foram apreendidas pela Pol\u00edcia Militar na regi\u00e3o de Colinas do Sul, zona sul de Jo\u00e3o Pessoa. A apreens\u00e3o dos artefatos, que t\u00eam alto poder de fogo e que poderiam ser usados contra a Pol\u00edcia e a comunidade, aconteceu na noite da \u00faltima quinta-feira (18). Uma arma de fogo tamb\u00e9m foi apreendida na mesma regi\u00e3o.<\/p>\n<p>De acordo com o comando do 5\u00b0 Batalh\u00e3o, duas muni\u00e7\u00f5es de calibre 7,62 mil\u00edmetros estavam pr\u00f3ximas \u00e0 entrada dos pr\u00e9dios do condom\u00ednio Colinas de Gramame. As muni\u00e7\u00f5es podem ser usadas em fuzis, tendo alto poder de penetra\u00e7\u00e3o. Uma muni\u00e7\u00e3o de calibre 28, uma arma de fogo e uma roupa camuflada tamb\u00e9m foram localizadas na regi\u00e3o e poderiam estar sendo usadas por grupos criminosos contra a popula\u00e7\u00e3o e contra a Pol\u00edcia.<\/p>\n<p>Os materiais foram encontrados durante atua\u00e7\u00e3o preventiva da PM na regi\u00e3o. Novas a\u00e7\u00f5es devem ocorrer durante o final de semana.Toda a ocorr\u00eancia foi apresentada na delegacia para devida investiga\u00e7\u00e3o.<\/p>\n<p><strong>Opera\u00e7\u00e3o \u2013<\/strong> As a\u00e7\u00f5es desta quinta e sexta-feira fazem parte da 19\u00aa edi\u00e7\u00e3o da Opera\u00e7\u00e3o For\u00e7a Total, que visa intensifica\u00e7\u00e3o do policiamento e a\u00e7\u00f5es preventivas, ocorrendo simultaneamente com as Pol\u00edcias Militares de todo o Brasil.<\/p>\n\n\n","protected":false},"excerpt":{"rendered":"<p>Duas muni\u00e7\u00f5es de fuzil foram apreendidas pela Pol\u00edcia Militar na regi\u00e3o de Colinas do Sul, zona sul de Jo\u00e3o Pessoa.<\/p>\n","protected":false},"author":12,"featured_media":928062,"comment_status":"closed","ping_status":"closed","sticky":false,"template":"","format":"standard","meta":{"_exactmetrics_skip_tracking":false,"_exactmetrics_sitenote_active":false,"_exactmetrics_sitenote_note":"","_exactmetrics_sitenote_category":0,"footnotes":""},"categories":[4],"tags":[],"yoast_head":"<!-- This site is optimized with the Yoast SEO plugin v22.0 - https:\/\/yoast.com\/wordpress\/plugins\/seo\/ -->\n<title>Muni\u00e7\u00e3o de fuzil \u00e9 apreendida no Colinas do Sul, na capital - Pol\u00edcia Militar da Para\u00edba<\/title>\n<meta name=\"robots\" content=\"index, follow, max-snippet:-1, max-image-preview:large, max-video-preview:-1\" \/>\n<link rel=\"canonical\" href=\"https:\/\/www.pm.pb.gov.br\/portal\/2025\/09\/19\/municao-de-fuzil-e-apreendida-no-colinas-do-sul-na-capital\/\" \/>\n<meta property=\"og:locale\" content=\"pt_BR\" \/>\n<meta property=\"og:type\" content=\"article\" \/>\n<meta property=\"og:title\" content=\"Muni\u00e7\u00e3o de fuzil \u00e9 apreendida no Colinas do Sul, na capital - Pol\u00edcia Militar da Para\u00edba\" \/>\n<meta property=\"og:description\" content=\"Duas muni\u00e7\u00f5es de fuzil foram apreendidas pela Pol\u00edcia Militar na regi\u00e3o de Colinas do Sul, zona sul de Jo\u00e3o Pessoa.\" \/>\n<meta property=\"og:url\" content=\"https:\/\/www.pm.pb.gov.br\/portal\/2025\/09\/19\/municao-de-fuzil-e-apreendida-no-colinas-do-sul-na-capital\/\" \/>\n<meta property=\"og:site_name\" content=\"Pol\u00edcia Militar da Para\u00edba\" \/>\n<meta property=\"article:published_time\" content=\"2025-09-19T11:22:00+00:00\" \/>\n<meta property=\"article:modified_time\" content=\"2025-09-19T13:40:24+00:00\" \/>\n<meta property=\"og:image\" content=\"http:\/\/www.pm.pb.gov.br\/portal\/wp-content\/uploads\/2025\/09\/fuzil.jpeg\" \/>\n\t<meta property=\"og:image:width\" content=\"1200\" \/>\n\t<meta property=\"og:image:height\" content=\"856\" \/>\n\t<meta property=\"og:image:type\" content=\"image\/jpeg\" \/>\n<meta name=\"author\" content=\"Tarcisio Oliveira\" \/>\n<meta name=\"twitter:card\" content=\"summary_large_image\" \/>\n<meta name=\"twitter:label1\" content=\"Escrito por\" \/>\n\t<meta name=\"twitter:data1\" content=\"Tarcisio Oliveira\" \/>\n\t<meta name=\"twitter:label2\" content=\"Est. tempo de leitura\" \/>\n\t<meta name=\"twitter:data2\" content=\"2 minutos\" \/>\n<script type=\"application\/ld+json\" class=\"yoast-schema-graph\">{\"@context\":\"https:\/\/schema.org\",\"@graph\":[{\"@type\":\"Article\",\"@id\":\"https:\/\/www.pm.pb.gov.br\/portal\/2025\/09\/19\/municao-de-fuzil-e-apreendida-no-colinas-do-sul-na-capital\/#article\",\"isPartOf\":{\"@id\":\"https:\/\/www.pm.pb.gov.br\/portal\/2025\/09\/19\/municao-de-fuzil-e-apreendida-no-colinas-do-sul-na-capital\/\"},\"author\":{\"name\":\"Tarcisio Oliveira\",\"@id\":\"https:\/\/www.pm.pb.gov.br\/portal\/#\/schema\/person\/f84f56dcc78ce4357054da888b8247fd\"},\"headline\":\"Muni\u00e7\u00e3o de fuzil \u00e9 apreendida no Colinas do Sul, na capital\",\"datePublished\":\"2025-09-19T11:22:00+00:00\",\"dateModified\":\"2025-09-19T13:40:24+00:00\",\"mainEntityOfPage\":{\"@id\":\"https:\/\/www.pm.pb.gov.br\/portal\/2025\/09\/19\/municao-de-fuzil-e-apreendida-no-colinas-do-sul-na-capital\/\"},\"wordCount\":232,\"publisher\":{\"@id\":\"https:\/\/www.pm.pb.gov.br\/portal\/#organization\"},\"articleSection\":[\"A\u00e7\u00f5es Policiais\"],\"inLanguage\":\"pt-BR\"},{\"@type\":\"WebPage\",\"@id\":\"https:\/\/www.pm.pb.gov.br\/portal\/2025\/09\/19\/municao-de-fuzil-e-apreendida-no-colinas-do-sul-na-capital\/\",\"url\":\"https:\/\/www.pm.pb.gov.br\/portal\/2025\/09\/19\/municao-de-fuzil-e-apreendida-no-colinas-do-sul-na-capital\/\",\"name\":\"Muni\u00e7\u00e3o de fuzil \u00e9 apreendida no Colinas do Sul, na capital - Pol\u00edcia Militar da Para\u00edba\",\"isPartOf\":{\"@id\":\"https:\/\/www.pm.pb.gov.br\/portal\/#website\"},\"datePublished\":\"2025-09-19T11:22:00+00:00\",\"dateModified\":\"2025-09-19T13:40:24+00:00\",\"breadcrumb\":{\"@id\":\"https:\/\/www.pm.pb.gov.br\/portal\/2025\/09\/19\/municao-de-fuzil-e-apreendida-no-colinas-do-sul-na-capital\/#breadcrumb\"},\"inLanguage\":\"pt-BR\",\"potentialAction\":[{\"@type\":\"ReadAction\",\"target\":[\"https:\/\/www.pm.pb.gov.br\/portal\/2025\/09\/19\/municao-de-fuzil-e-apreendida-no-colinas-do-sul-na-capital\/\"]}]},{\"@type\":\"BreadcrumbList\",\"@id\":\"https:\/\/www.pm.pb.gov.br\/portal\/2025\/09\/19\/municao-de-fuzil-e-apreendida-no-colinas-do-sul-na-capital\/#breadcrumb\",\"itemListElement\":[{\"@type\":\"ListItem\",\"position\":1,\"name\":\"In\u00edcio\",\"item\":\"https:\/\/www.pm.pb.gov.br\/portal\/\"},{\"@type\":\"ListItem\",\"position\":2,\"name\":\"Muni\u00e7\u00e3o de fuzil \u00e9 apreendida no Colinas do Sul, na capital\"}]},{\"@type\":\"WebSite\",\"@id\":\"https:\/\/www.pm.pb.gov.br\/portal\/#website\",\"url\":\"https:\/\/www.pm.pb.gov.br\/portal\/\",\"name\":\"Pol\u00edcia Militar da Para\u00edba\",\"description\":\"\",\"publisher\":{\"@id\":\"https:\/\/www.pm.pb.gov.br\/portal\/#organization\"},\"potentialAction\":[{\"@type\":\"SearchAction\",\"target\":{\"@type\":\"EntryPoint\",\"urlTemplate\":\"https:\/\/www.pm.pb.gov.br\/portal\/?s={search_term_string}\"},\"query-input\":\"required name=search_term_string\"}],\"inLanguage\":\"pt-BR\"},{\"@type\":\"Organization\",\"@id\":\"https:\/\/www.pm.pb.gov.br\/portal\/#organization\",\"name\":\"Pol\u00edcia Militar da Para\u00edba\",\"url\":\"https:\/\/www.pm.pb.gov.br\/portal\/\",\"logo\":{\"@type\":\"ImageObject\",\"inLanguage\":\"pt-BR\",\"@id\":\"https:\/\/www.pm.pb.gov.br\/portal\/#\/schema\/logo\/image\/\",\"url\":\"https:\/\/www.pm.pb.gov.br\/portal\/wp-content\/uploads\/2025\/03\/cropped-logo-site-mag2-1.png\",\"contentUrl\":\"https:\/\/www.pm.pb.gov.br\/portal\/wp-content\/uploads\/2025\/03\/cropped-logo-site-mag2-1.png\",\"width\":320,\"height\":90,\"caption\":\"Pol\u00edcia Militar da Para\u00edba\"},\"image\":{\"@id\":\"https:\/\/www.pm.pb.gov.br\/portal\/#\/schema\/logo\/image\/\"}},{\"@type\":\"Person\",\"@id\":\"https:\/\/www.pm.pb.gov.br\/portal\/#\/schema\/person\/f84f56dcc78ce4357054da888b8247fd\",\"name\":\"Tarcisio Oliveira\",\"image\":{\"@type\":\"ImageObject\",\"inLanguage\":\"pt-BR\",\"@id\":\"https:\/\/www.pm.pb.gov.br\/portal\/#\/schema\/person\/image\/\",\"url\":\"https:\/\/secure.gravatar.com\/avatar\/72917b630b69d31cd0297507f34bac97?s=96&d=mm&r=g\",\"contentUrl\":\"https:\/\/secure.gravatar.com\/avatar\/72917b630b69d31cd0297507f34bac97?s=96&d=mm&r=g\",\"caption\":\"Tarcisio Oliveira\"},\"url\":\"https:\/\/www.pm.pb.gov.br\/portal\/author\/tarcisio\/\"}]}<\/script>\n<!-- \/ Yoast SEO plugin. -->","yoast_head_json":{"title":"Muni\u00e7\u00e3o de fuzil \u00e9 apreendida no Colinas do Sul, na capital - Pol\u00edcia Militar da Para\u00edba","robots":{"index":"index","follow":"follow","max-snippet":"max-snippet:-1","max-image-preview":"max-image-preview:large","max-video-preview":"max-video-preview:-1"},"canonical":"https:\/\/www.pm.pb.gov.br\/portal\/2025\/09\/19\/municao-de-fuzil-e-apreendida-no-colinas-do-sul-na-capital\/","og_locale":"pt_BR","og_type":"article","og_title":"Muni\u00e7\u00e3o de fuzil \u00e9 apreendida no Colinas do Sul, na capital - Pol\u00edcia Militar da Para\u00edba","og_description":"Duas muni\u00e7\u00f5es de fuzil foram apreendidas pela Pol\u00edcia Militar na regi\u00e3o de Colinas do Sul, zona sul de Jo\u00e3o Pessoa.","og_url":"https:\/\/www.pm.pb.gov.br\/portal\/2025\/09\/19\/municao-de-fuzil-e-apreendida-no-colinas-do-sul-na-capital\/","og_site_name":"Pol\u00edcia Militar da Para\u00edba","article_published_time":"2025-09-19T11:22:00+00:00","article_modified_time":"2025-09-19T13:40:24+00:00","og_image":[{"width":1200,"height":856,"url":"http:\/\/www.pm.pb.gov.br\/portal\/wp-content\/uploads\/2025\/09\/fuzil.jpeg","type":"image\/jpeg"}],"author":"Tarcisio Oliveira","twitter_card":"summary_large_image","twitter_misc":{"Escrito por":"Tarcisio Oliveira","Est. tempo de leitura":"2 minutos"},"schema":{"@context":"https:\/\/schema.org","@graph":[{"@type":"Article","@id":"https:\/\/www.pm.pb.gov.br\/portal\/2025\/09\/19\/municao-de-fuzil-e-apreendida-no-colinas-do-sul-na-capital\/#article","isPartOf":{"@id":"https:\/\/www.pm.pb.gov.br\/portal\/2025\/09\/19\/municao-de-fuzil-e-apreendida-no-colinas-do-sul-na-capital\/"},"author":{"name":"Tarcisio Oliveira","@id":"https:\/\/www.pm.pb.gov.br\/portal\/#\/schema\/person\/f84f56dcc78ce4357054da888b8247fd"},"headline":"Muni\u00e7\u00e3o de fuzil \u00e9 apreendida no Colinas do Sul, na capital","datePublished":"2025-09-19T11:22:00+00:00","dateModified":"2025-09-19T13:40:24+00:00","mainEntityOfPage":{"@id":"https:\/\/www.pm.pb.gov.br\/portal\/2025\/09\/19\/municao-de-fuzil-e-apreendida-no-colinas-do-sul-na-capital\/"},"wordCount":232,"publisher":{"@id":"https:\/\/www.pm.pb.gov.br\/portal\/#organization"},"articleSection":["A\u00e7\u00f5es Policiais"],"inLanguage":"pt-BR"},{"@type":"WebPage","@id":"https:\/\/www.pm.pb.gov.br\/portal\/2025\/09\/19\/municao-de-fuzil-e-apreendida-no-colinas-do-sul-na-capital\/","url":"https:\/\/www.pm.pb.gov.br\/portal\/2025\/09\/19\/municao-de-fuzil-e-apreendida-no-colinas-do-sul-na-capital\/","name":"Muni\u00e7\u00e3o de fuzil \u00e9 apreendida no Colinas do Sul, na capital - Pol\u00edcia Militar da Para\u00edba","isPartOf":{"@id":"https:\/\/www.pm.pb.gov.br\/portal\/#website"},"datePublished":"2025-09-19T11:22:00+00:00","dateModified":"2025-09-19T13:40:24+00:00","breadcrumb":{"@id":"https:\/\/www.pm.pb.gov.br\/portal\/2025\/09\/19\/municao-de-fuzil-e-apreendida-no-colinas-do-sul-na-capital\/#breadcrumb"},"inLanguage":"pt-BR","potentialAction":[{"@type":"ReadAction","target":["https:\/\/www.pm.pb.gov.br\/portal\/2025\/09\/19\/municao-de-fuzil-e-apreendida-no-colinas-do-sul-na-capital\/"]}]},{"@type":"BreadcrumbList","@id":"https:\/\/www.pm.pb.gov.br\/portal\/2025\/09\/19\/municao-de-fuzil-e-apreendida-no-colinas-do-sul-na-capital\/#breadcrumb","itemListElement":[{"@type":"ListItem","position":1,"name":"In\u00edcio","item":"https:\/\/www.pm.pb.gov.br\/portal\/"},{"@type":"ListItem","position":2,"name":"Muni\u00e7\u00e3o de fuzil \u00e9 apreendida no Colinas do Sul, na capital"}]},{"@type":"WebSite","@id":"https:\/\/www.pm.pb.gov.br\/portal\/#website","url":"https:\/\/www.pm.pb.gov.br\/portal\/","name":"Pol\u00edcia Militar da Para\u00edba","description":"","publisher":{"@id":"https:\/\/www.pm.pb.gov.br\/portal\/#organization"},"potentialAction":[{"@type":"SearchAction","target":{"@type":"EntryPoint","urlTemplate":"https:\/\/www.pm.pb.gov.br\/portal\/?s={search_term_string}"},"query-input":"required name=search_term_string"}],"inLanguage":"pt-BR"},{"@type":"Organization","@id":"https:\/\/www.pm.pb.gov.br\/portal\/#organization","name":"Pol\u00edcia Militar da Para\u00edba","url":"https:\/\/www.pm.pb.gov.br\/portal\/","logo":{"@type":"ImageObject","inLanguage":"pt-BR","@id":"https:\/\/www.pm.pb.gov.br\/portal\/#\/schema\/logo\/image\/","url":"https:\/\/www.pm.pb.gov.br\/portal\/wp-content\/uploads\/2025\/03\/cropped-logo-site-mag2-1.png","contentUrl":"https:\/\/www.pm.pb.gov.br\/portal\/wp-content\/uploads\/2025\/03\/cropped-logo-site-mag2-1.png","width":320,"height":90,"caption":"Pol\u00edcia Militar da Para\u00edba"},"image":{"@id":"https:\/\/www.pm.pb.gov.br\/portal\/#\/schema\/logo\/image\/"}},{"@type":"Person","@id":"https:\/\/www.pm.pb.gov.br\/portal\/#\/schema\/person\/f84f56dcc78ce4357054da888b8247fd","name":"Tarcisio Oliveira","image":{"@type":"ImageObject","inLanguage":"pt-BR","@id":"https:\/\/www.pm.pb.gov.br\/portal\/#\/schema\/person\/image\/","url":"https:\/\/secure.gravatar.com\/avatar\/72917b630b69d31cd0297507f34bac97?s=96&d=mm&r=g","contentUrl":"https:\/\/secure.gravatar.com\/avatar\/72917b630b69d31cd0297507f34bac97?s=96&d=mm&r=g","caption":"Tarcisio Oliveira"},"url":"https:\/\/www.pm.pb.gov.br\/portal\/author\/tarcisio\/"}]}},"_links":{"self":[{"href":"https:\/\/www.pm.pb.gov.br\/portal\/wp-json\/wp\/v2\/posts\/928061"}],"collection":[{"href":"https:\/\/www.pm.pb.gov.br\/portal\/wp-json\/wp\/v2\/posts"}],"about":[{"href":"https:\/\/www.pm.pb.gov.br\/portal\/wp-json\/wp\/v2\/types\/post"}],"author":[{"embeddable":true,"href":"https:\/\/www.pm.pb.gov.br\/portal\/wp-json\/wp\/v2\/users\/12"}],"replies":[{"embeddable":true,"href":"https:\/\/www.pm.pb.gov.br\/portal\/wp-json\/wp\/v2\/comments?post=928061"}],"version-history":[{"count":2,"href":"https:\/\/www.pm.pb.gov.br\/portal\/wp-json\/wp\/v2\/posts\/928061\/revisions"}],"predecessor-version":[{"id":928065,"href":"https:\/\/www.pm.pb.gov.br\/portal\/wp-json\/wp\/v2\/posts\/928061\/revisions\/928065"}],"wp:featuredmedia":[{"embeddable":true,"href":"https:\/\/www.pm.pb.gov.br\/portal\/wp-json\/wp\/v2\/media\/928062"}],"wp:attachment":[{"href":"https:\/\/www.pm.pb.gov.br\/portal\/wp-json\/wp\/v2\/media?parent=928061"}],"wp:term":[{"taxonomy":"category","embeddable":true,"href":"https:\/\/www.pm.pb.gov.br\/portal\/wp-json\/wp\/v2\/categories?post=928061"},{"taxonomy":"post_tag","embeddable":true,"href":"https:\/\/www.pm.pb.gov.br\/portal\/wp-json\/wp\/v2\/tags?post=928061"}],"curies":[{"name":"wp","href":"https:\/\/api.w.org\/{rel}","templated":true}]}}