{"id":927846,"date":"2025-08-29T17:45:00","date_gmt":"2025-08-29T20:45:00","guid":{"rendered":"https:\/\/www.pm.pb.gov.br\/portal\/?p=927846"},"modified":"2025-08-30T16:19:21","modified_gmt":"2025-08-30T19:19:21","slug":"com-parceria-e-tecnolocia-policia-militar-fortalece-atuacao-para-enfrentamento-ao-desaparecimento-de-pessoas","status":"publish","type":"post","link":"https:\/\/www.pm.pb.gov.br\/portal\/2025\/08\/29\/com-parceria-e-tecnolocia-policia-militar-fortalece-atuacao-para-enfrentamento-ao-desaparecimento-de-pessoas\/","title":{"rendered":"COM PARCERIA E TECNOLOCIA: Pol\u00edcia Militar fortalece atua\u00e7\u00e3o para enfrentamento ao desaparecimento de pessoas"},"content":{"rendered":"\n<p>O alto comando da Pol\u00edcia Militar da Para\u00edba, al\u00e9m de oficiais e pra\u00e7as da institui\u00e7\u00e3o participaram, na manh\u00e3 desta sexta-feira (29) do semin\u00e1rio &#8220;Atua\u00e7\u00e3o na Localiza\u00e7\u00e3o e Identifica\u00e7\u00e3o de Pessoas Desaparecidas&#8221; realizado pelo governo do Estado e Minist\u00e9rio P\u00fablico da Para\u00edba, em Jo\u00e3o Pessoa. Na ocasi\u00e3o foi lan\u00e7ado uma cartilha sobre preven\u00e7\u00e3o e enfrentamento ao desaparecimento de pessoas, al\u00e9m de um protocolo sobre a atua\u00e7\u00e3o dos \u00f3rg\u00e3os em caso de desaparecimentos.<\/p>\n<p>O comandante-geral da PM, o coronel S\u00e9rgio Fonseca, destacou a import\u00e2ncia do tema e o trabalho que a PM realiza na busca por pessoas desaparecidas j\u00e1 que a corpora\u00e7\u00e3o \u00e9 uma das primeiras a tomar conhecimento dos casos. \u201cHoje vivemos em um Estado em que n\u00e3o s\u00f3 os nossos policiais est\u00e3o cada dia mais capacitados, mas tamb\u00e9m temos a tecnologia utilizada a nosso favor, algo que sem sombra de d\u00favidas, facilitar\u00e1 esse trabalho de localiza\u00e7\u00e3o de pessoas desaparecidas. Esse \u00e9 um trabalho que julgo como um dos mais importantes de todos n\u00f3s desse sistema de Justi\u00e7a\u201d, destacou o coronel S\u00e9rgio.<\/p>\n<figure id=\"attachment_927850\" aria-describedby=\"caption-attachment-927850\" style=\"width: 593px\" class=\"wp-caption aligncenter\"><img loading=\"lazy\" decoding=\"async\" class=\"wp-image-927850 size-medium\" src=\"http:\/\/www.pm.pb.gov.br\/portal\/wp-content\/uploads\/2025\/08\/WhatsApp-Image-2025-08-30-at-15.10.45-593x445.jpeg\" alt=\"\" width=\"593\" height=\"445\" srcset=\"https:\/\/www.pm.pb.gov.br\/portal\/wp-content\/uploads\/2025\/08\/WhatsApp-Image-2025-08-30-at-15.10.45-593x445.jpeg 593w, https:\/\/www.pm.pb.gov.br\/portal\/wp-content\/uploads\/2025\/08\/WhatsApp-Image-2025-08-30-at-15.10.45-760x570.jpeg 760w, https:\/\/www.pm.pb.gov.br\/portal\/wp-content\/uploads\/2025\/08\/WhatsApp-Image-2025-08-30-at-15.10.45-768x576.jpeg 768w, https:\/\/www.pm.pb.gov.br\/portal\/wp-content\/uploads\/2025\/08\/WhatsApp-Image-2025-08-30-at-15.10.45-1536x1152.jpeg 1536w, https:\/\/www.pm.pb.gov.br\/portal\/wp-content\/uploads\/2025\/08\/WhatsApp-Image-2025-08-30-at-15.10.45-2048x1536.jpeg 2048w\" sizes=\"(max-width: 593px) 100vw, 593px\" \/><figcaption id=\"caption-attachment-927850\" class=\"wp-caption-text\">Evento aconteceu no audit\u00f3rio da sede do MPPB no Centro de Jo\u00e3o Pessoa<\/figcaption><\/figure>\n<p>A tecnologia desenvolvida pelo Departamento de Intelig\u00eancia da PM (DEINTEL), e que pode ajudar em tempo real no registro e busca de pessoas desaparecidas, foi destaque durante o semin\u00e1rio. \u201cNossa atua\u00e7\u00e3o nos 223 munic\u00edpios, com patrulhamento permanente, aliado a solu\u00e7\u00f5es tecnologias que j\u00e1 estamos desenvolvendo, pode dar uma resposta r\u00e1pida aos desaparecimentos, principalmente no que chamamos de \u2018janela de ouro\u2019 que s\u00e3o as primeiras horas ap\u00f3s o registro do caso\u201d, explicou o capit\u00e3o Di\u00f3genes, do DEINTEL.<\/p>\n<p>Ainda no evento, representantes das For\u00e7as de Seguran\u00e7a como Corpo de Bombeiros, Pol\u00edcia Civil, Centro Integrado de Comando e Controle, al\u00e9m da Secretaria de Estado de Desenvolvimento Humano e o pr\u00f3prio MPPB, expuseram os trabalhos que v\u00eam desenvolvendo para coibir e enfrentar o desaparecimento de pessoas.<\/p>\n<figure id=\"attachment_927851\" aria-describedby=\"caption-attachment-927851\" style=\"width: 770px\" class=\"wp-caption aligncenter\"><img loading=\"lazy\" decoding=\"async\" class=\"wp-image-927851\" src=\"http:\/\/www.pm.pb.gov.br\/portal\/wp-content\/uploads\/2025\/08\/WhatsApp-Image-2025-08-30-at-15.12.14-791x445.jpeg\" alt=\"\" width=\"770\" height=\"433\" srcset=\"https:\/\/www.pm.pb.gov.br\/portal\/wp-content\/uploads\/2025\/08\/WhatsApp-Image-2025-08-30-at-15.12.14-791x445.jpeg 791w, https:\/\/www.pm.pb.gov.br\/portal\/wp-content\/uploads\/2025\/08\/WhatsApp-Image-2025-08-30-at-15.12.14-1013x570.jpeg 1013w, https:\/\/www.pm.pb.gov.br\/portal\/wp-content\/uploads\/2025\/08\/WhatsApp-Image-2025-08-30-at-15.12.14-768x432.jpeg 768w, https:\/\/www.pm.pb.gov.br\/portal\/wp-content\/uploads\/2025\/08\/WhatsApp-Image-2025-08-30-at-15.12.14-1536x864.jpeg 1536w, https:\/\/www.pm.pb.gov.br\/portal\/wp-content\/uploads\/2025\/08\/WhatsApp-Image-2025-08-30-at-15.12.14.jpeg 1600w\" sizes=\"(max-width: 770px) 100vw, 770px\" \/><figcaption id=\"caption-attachment-927851\" class=\"wp-caption-text\">Solu\u00e7\u00f5es tecnol\u00f3gicas da PM foram apresentadas pelo capit\u00e3o Di\u00f3genes (em destaque \u00e0 dir.)<\/figcaption><\/figure>\n<p>A cartilha virtual que aborda o tema e traz o fluxo de trabalho das institui\u00e7\u00f5es no atendimento dos casos, est\u00e1 dispon\u00edvel no <a href=\"http:\/\/www.pm.pb.gov.br\/portal\/wp-content\/uploads\/2025\/08\/PLID.pdf.pdf\">link aqui<\/a>.<\/p>\n<p><strong>Parceria fortalecida \u2013<\/strong> A ocasi\u00e3o desta sexta-feira (29) foi presidida pelo procurador-geral de Justi\u00e7a do Minist\u00e9rio P\u00fablico, o promotor Ant\u00f4nio Hort\u00eancio Rocha Neto, que destacou a import\u00e2ncia das diversas parcerias entre o \u00f3rg\u00e3o ministerial e a PMPB. \u201cA Pol\u00edcia Militar estar\u00e1 sempre ao lado do Minist\u00e9rio P\u00fablico, em todas as a\u00e7\u00f5es, porque somos institui\u00e7\u00f5es parcerias e sabemos que dentro do Estado Democr\u00e1tico de Direito a integra\u00e7\u00e3o \u00e9 fundamental para que possamos cumprir o nosso mister, que \u00e9 servi ao povo paraibano, e sobretudo honrarmos essa grande tarefa\u201d, asseverou o coronel S\u00e9rgio na abertura do evento.<\/p>\n<figure id=\"attachment_927863\" aria-describedby=\"caption-attachment-927863\" style=\"width: 593px\" class=\"wp-caption aligncenter\"><img loading=\"lazy\" decoding=\"async\" class=\"wp-image-927863 size-medium\" src=\"http:\/\/www.pm.pb.gov.br\/portal\/wp-content\/uploads\/2025\/08\/WhatsApp-Image-2025-08-30-at-16.01.27-593x445.jpeg\" alt=\"\" width=\"593\" height=\"445\" srcset=\"https:\/\/www.pm.pb.gov.br\/portal\/wp-content\/uploads\/2025\/08\/WhatsApp-Image-2025-08-30-at-16.01.27-593x445.jpeg 593w, https:\/\/www.pm.pb.gov.br\/portal\/wp-content\/uploads\/2025\/08\/WhatsApp-Image-2025-08-30-at-16.01.27-760x570.jpeg 760w, https:\/\/www.pm.pb.gov.br\/portal\/wp-content\/uploads\/2025\/08\/WhatsApp-Image-2025-08-30-at-16.01.27-768x576.jpeg 768w, https:\/\/www.pm.pb.gov.br\/portal\/wp-content\/uploads\/2025\/08\/WhatsApp-Image-2025-08-30-at-16.01.27-1536x1152.jpeg 1536w, https:\/\/www.pm.pb.gov.br\/portal\/wp-content\/uploads\/2025\/08\/WhatsApp-Image-2025-08-30-at-16.01.27.jpeg 1600w\" sizes=\"(max-width: 593px) 100vw, 593px\" \/><figcaption id=\"caption-attachment-927863\" class=\"wp-caption-text\">Procurador-geral recebeu o Bras\u00e3o da PMPB das m\u00e3os do coronel S\u00e9rgio, comandante-geral, e do coronel Ronildo, subcomandante da institui\u00e7\u00e3o.<\/figcaption><\/figure>\n\n\n\n<figure id=\"attachment_927865\" aria-describedby=\"caption-attachment-927865\" style=\"width: 593px\" class=\"wp-caption aligncenter\"><img loading=\"lazy\" decoding=\"async\" class=\"wp-image-927865 size-medium\" src=\"http:\/\/www.pm.pb.gov.br\/portal\/wp-content\/uploads\/2025\/08\/WhatsApp-Image-2025-08-30-at-16.01.29-593x445.jpeg\" alt=\"\" width=\"593\" height=\"445\" srcset=\"https:\/\/www.pm.pb.gov.br\/portal\/wp-content\/uploads\/2025\/08\/WhatsApp-Image-2025-08-30-at-16.01.29-593x445.jpeg 593w, https:\/\/www.pm.pb.gov.br\/portal\/wp-content\/uploads\/2025\/08\/WhatsApp-Image-2025-08-30-at-16.01.29-760x570.jpeg 760w, https:\/\/www.pm.pb.gov.br\/portal\/wp-content\/uploads\/2025\/08\/WhatsApp-Image-2025-08-30-at-16.01.29-768x576.jpeg 768w, https:\/\/www.pm.pb.gov.br\/portal\/wp-content\/uploads\/2025\/08\/WhatsApp-Image-2025-08-30-at-16.01.29-1536x1152.jpeg 1536w, https:\/\/www.pm.pb.gov.br\/portal\/wp-content\/uploads\/2025\/08\/WhatsApp-Image-2025-08-30-at-16.01.29.jpeg 1600w\" sizes=\"(max-width: 593px) 100vw, 593px\" \/><figcaption id=\"caption-attachment-927865\" class=\"wp-caption-text\">A promotora de Justi\u00e7a Liana Esp\u00ednola Pereira de Carvalho, coordenadora do Programa de Localiza\u00e7\u00e3o e Identifica\u00e7\u00e3o de Desaparecidos, do MPPB, tamb\u00e9m foi homenageda pela PMPB.<\/figcaption><\/figure>\n","protected":false},"excerpt":{"rendered":"<p>O alto comando da Pol\u00edcia Militar da Para\u00edba, al\u00e9m de oficiais e pra\u00e7as da institui\u00e7\u00e3o participaram, na manh\u00e3 desta sexta-feira<\/p>\n","protected":false},"author":5,"featured_media":927849,"comment_status":"closed","ping_status":"closed","sticky":false,"template":"","format":"standard","meta":{"_exactmetrics_skip_tracking":false,"_exactmetrics_sitenote_active":false,"_exactmetrics_sitenote_note":"","_exactmetrics_sitenote_category":0,"footnotes":""},"categories":[9],"tags":[],"yoast_head":"<!-- This site is optimized with the Yoast SEO plugin v22.0 - https:\/\/yoast.com\/wordpress\/plugins\/seo\/ -->\n<title>COM PARCERIA E TECNOLOCIA: Pol\u00edcia Militar fortalece atua\u00e7\u00e3o para enfrentamento ao desaparecimento de pessoas - Pol\u00edcia Militar da Para\u00edba<\/title>\n<meta name=\"robots\" content=\"index, follow, max-snippet:-1, max-image-preview:large, max-video-preview:-1\" \/>\n<link rel=\"canonical\" href=\"https:\/\/www.pm.pb.gov.br\/portal\/2025\/08\/29\/com-parceria-e-tecnolocia-policia-militar-fortalece-atuacao-para-enfrentamento-ao-desaparecimento-de-pessoas\/\" \/>\n<meta property=\"og:locale\" content=\"pt_BR\" \/>\n<meta property=\"og:type\" content=\"article\" \/>\n<meta property=\"og:title\" content=\"COM PARCERIA E TECNOLOCIA: Pol\u00edcia Militar fortalece atua\u00e7\u00e3o para enfrentamento ao desaparecimento de pessoas - Pol\u00edcia Militar da Para\u00edba\" \/>\n<meta property=\"og:description\" content=\"O alto comando da Pol\u00edcia Militar da Para\u00edba, al\u00e9m de oficiais e pra\u00e7as da institui\u00e7\u00e3o participaram, na manh\u00e3 desta sexta-feira\" \/>\n<meta property=\"og:url\" content=\"https:\/\/www.pm.pb.gov.br\/portal\/2025\/08\/29\/com-parceria-e-tecnolocia-policia-militar-fortalece-atuacao-para-enfrentamento-ao-desaparecimento-de-pessoas\/\" \/>\n<meta property=\"og:site_name\" content=\"Pol\u00edcia Militar da Para\u00edba\" \/>\n<meta property=\"article:published_time\" content=\"2025-08-29T20:45:00+00:00\" \/>\n<meta property=\"article:modified_time\" content=\"2025-08-30T19:19:21+00:00\" \/>\n<meta property=\"og:image\" content=\"http:\/\/www.pm.pb.gov.br\/portal\/wp-content\/uploads\/2025\/08\/WhatsApp-Image-2025-08-30-at-15.10.45-1.jpeg\" \/>\n\t<meta property=\"og:image:width\" content=\"800\" \/>\n\t<meta property=\"og:image:height\" content=\"445\" \/>\n\t<meta property=\"og:image:type\" content=\"image\/jpeg\" \/>\n<meta name=\"author\" content=\"Assessoria de Imprensa da PMPB\" \/>\n<meta name=\"twitter:card\" content=\"summary_large_image\" \/>\n<meta name=\"twitter:label1\" content=\"Escrito por\" \/>\n\t<meta name=\"twitter:data1\" content=\"Assessoria de Imprensa da PMPB\" \/>\n\t<meta name=\"twitter:label2\" content=\"Est. tempo de leitura\" \/>\n\t<meta name=\"twitter:data2\" content=\"4 minutos\" \/>\n<script type=\"application\/ld+json\" class=\"yoast-schema-graph\">{\"@context\":\"https:\/\/schema.org\",\"@graph\":[{\"@type\":\"Article\",\"@id\":\"https:\/\/www.pm.pb.gov.br\/portal\/2025\/08\/29\/com-parceria-e-tecnolocia-policia-militar-fortalece-atuacao-para-enfrentamento-ao-desaparecimento-de-pessoas\/#article\",\"isPartOf\":{\"@id\":\"https:\/\/www.pm.pb.gov.br\/portal\/2025\/08\/29\/com-parceria-e-tecnolocia-policia-militar-fortalece-atuacao-para-enfrentamento-ao-desaparecimento-de-pessoas\/\"},\"author\":{\"name\":\"Assessoria de Imprensa da PMPB\",\"@id\":\"https:\/\/www.pm.pb.gov.br\/portal\/#\/schema\/person\/e8454f46651c3ecf0e1ba3c1666d9947\"},\"headline\":\"COM PARCERIA E TECNOLOCIA: Pol\u00edcia Militar fortalece atua\u00e7\u00e3o para enfrentamento ao desaparecimento de pessoas\",\"datePublished\":\"2025-08-29T20:45:00+00:00\",\"dateModified\":\"2025-08-30T19:19:21+00:00\",\"mainEntityOfPage\":{\"@id\":\"https:\/\/www.pm.pb.gov.br\/portal\/2025\/08\/29\/com-parceria-e-tecnolocia-policia-militar-fortalece-atuacao-para-enfrentamento-ao-desaparecimento-de-pessoas\/\"},\"wordCount\":596,\"publisher\":{\"@id\":\"https:\/\/www.pm.pb.gov.br\/portal\/#organization\"},\"articleSection\":[\"Eventos\"],\"inLanguage\":\"pt-BR\"},{\"@type\":\"WebPage\",\"@id\":\"https:\/\/www.pm.pb.gov.br\/portal\/2025\/08\/29\/com-parceria-e-tecnolocia-policia-militar-fortalece-atuacao-para-enfrentamento-ao-desaparecimento-de-pessoas\/\",\"url\":\"https:\/\/www.pm.pb.gov.br\/portal\/2025\/08\/29\/com-parceria-e-tecnolocia-policia-militar-fortalece-atuacao-para-enfrentamento-ao-desaparecimento-de-pessoas\/\",\"name\":\"COM PARCERIA E TECNOLOCIA: Pol\u00edcia Militar fortalece atua\u00e7\u00e3o para enfrentamento ao desaparecimento de pessoas - Pol\u00edcia Militar da Para\u00edba\",\"isPartOf\":{\"@id\":\"https:\/\/www.pm.pb.gov.br\/portal\/#website\"},\"datePublished\":\"2025-08-29T20:45:00+00:00\",\"dateModified\":\"2025-08-30T19:19:21+00:00\",\"breadcrumb\":{\"@id\":\"https:\/\/www.pm.pb.gov.br\/portal\/2025\/08\/29\/com-parceria-e-tecnolocia-policia-militar-fortalece-atuacao-para-enfrentamento-ao-desaparecimento-de-pessoas\/#breadcrumb\"},\"inLanguage\":\"pt-BR\",\"potentialAction\":[{\"@type\":\"ReadAction\",\"target\":[\"https:\/\/www.pm.pb.gov.br\/portal\/2025\/08\/29\/com-parceria-e-tecnolocia-policia-militar-fortalece-atuacao-para-enfrentamento-ao-desaparecimento-de-pessoas\/\"]}]},{\"@type\":\"BreadcrumbList\",\"@id\":\"https:\/\/www.pm.pb.gov.br\/portal\/2025\/08\/29\/com-parceria-e-tecnolocia-policia-militar-fortalece-atuacao-para-enfrentamento-ao-desaparecimento-de-pessoas\/#breadcrumb\",\"itemListElement\":[{\"@type\":\"ListItem\",\"position\":1,\"name\":\"In\u00edcio\",\"item\":\"https:\/\/www.pm.pb.gov.br\/portal\/\"},{\"@type\":\"ListItem\",\"position\":2,\"name\":\"COM PARCERIA E TECNOLOCIA: Pol\u00edcia Militar fortalece atua\u00e7\u00e3o para enfrentamento ao desaparecimento de pessoas\"}]},{\"@type\":\"WebSite\",\"@id\":\"https:\/\/www.pm.pb.gov.br\/portal\/#website\",\"url\":\"https:\/\/www.pm.pb.gov.br\/portal\/\",\"name\":\"Pol\u00edcia Militar da Para\u00edba\",\"description\":\"\",\"publisher\":{\"@id\":\"https:\/\/www.pm.pb.gov.br\/portal\/#organization\"},\"potentialAction\":[{\"@type\":\"SearchAction\",\"target\":{\"@type\":\"EntryPoint\",\"urlTemplate\":\"https:\/\/www.pm.pb.gov.br\/portal\/?s={search_term_string}\"},\"query-input\":\"required name=search_term_string\"}],\"inLanguage\":\"pt-BR\"},{\"@type\":\"Organization\",\"@id\":\"https:\/\/www.pm.pb.gov.br\/portal\/#organization\",\"name\":\"Pol\u00edcia Militar da Para\u00edba\",\"url\":\"https:\/\/www.pm.pb.gov.br\/portal\/\",\"logo\":{\"@type\":\"ImageObject\",\"inLanguage\":\"pt-BR\",\"@id\":\"https:\/\/www.pm.pb.gov.br\/portal\/#\/schema\/logo\/image\/\",\"url\":\"https:\/\/www.pm.pb.gov.br\/portal\/wp-content\/uploads\/2025\/03\/cropped-logo-site-mag2-1.png\",\"contentUrl\":\"https:\/\/www.pm.pb.gov.br\/portal\/wp-content\/uploads\/2025\/03\/cropped-logo-site-mag2-1.png\",\"width\":320,\"height\":90,\"caption\":\"Pol\u00edcia Militar da Para\u00edba\"},\"image\":{\"@id\":\"https:\/\/www.pm.pb.gov.br\/portal\/#\/schema\/logo\/image\/\"}},{\"@type\":\"Person\",\"@id\":\"https:\/\/www.pm.pb.gov.br\/portal\/#\/schema\/person\/e8454f46651c3ecf0e1ba3c1666d9947\",\"name\":\"Assessoria de Imprensa da PMPB\",\"image\":{\"@type\":\"ImageObject\",\"inLanguage\":\"pt-BR\",\"@id\":\"https:\/\/www.pm.pb.gov.br\/portal\/#\/schema\/person\/image\/\",\"url\":\"https:\/\/secure.gravatar.com\/avatar\/2efe197438265d1e90bd98c4c8e1acf8?s=96&d=mm&r=g\",\"contentUrl\":\"https:\/\/secure.gravatar.com\/avatar\/2efe197438265d1e90bd98c4c8e1acf8?s=96&d=mm&r=g\",\"caption\":\"Assessoria de Imprensa da PMPB\"},\"url\":\"https:\/\/www.pm.pb.gov.br\/portal\/author\/assessoria\/\"}]}<\/script>\n<!-- \/ Yoast SEO plugin. -->","yoast_head_json":{"title":"COM PARCERIA E TECNOLOCIA: Pol\u00edcia Militar fortalece atua\u00e7\u00e3o para enfrentamento ao desaparecimento de pessoas - Pol\u00edcia Militar da Para\u00edba","robots":{"index":"index","follow":"follow","max-snippet":"max-snippet:-1","max-image-preview":"max-image-preview:large","max-video-preview":"max-video-preview:-1"},"canonical":"https:\/\/www.pm.pb.gov.br\/portal\/2025\/08\/29\/com-parceria-e-tecnolocia-policia-militar-fortalece-atuacao-para-enfrentamento-ao-desaparecimento-de-pessoas\/","og_locale":"pt_BR","og_type":"article","og_title":"COM PARCERIA E TECNOLOCIA: Pol\u00edcia Militar fortalece atua\u00e7\u00e3o para enfrentamento ao desaparecimento de pessoas - Pol\u00edcia Militar da Para\u00edba","og_description":"O alto comando da Pol\u00edcia Militar da Para\u00edba, al\u00e9m de oficiais e pra\u00e7as da institui\u00e7\u00e3o participaram, na manh\u00e3 desta sexta-feira","og_url":"https:\/\/www.pm.pb.gov.br\/portal\/2025\/08\/29\/com-parceria-e-tecnolocia-policia-militar-fortalece-atuacao-para-enfrentamento-ao-desaparecimento-de-pessoas\/","og_site_name":"Pol\u00edcia Militar da Para\u00edba","article_published_time":"2025-08-29T20:45:00+00:00","article_modified_time":"2025-08-30T19:19:21+00:00","og_image":[{"width":800,"height":445,"url":"http:\/\/www.pm.pb.gov.br\/portal\/wp-content\/uploads\/2025\/08\/WhatsApp-Image-2025-08-30-at-15.10.45-1.jpeg","type":"image\/jpeg"}],"author":"Assessoria de Imprensa da PMPB","twitter_card":"summary_large_image","twitter_misc":{"Escrito por":"Assessoria de Imprensa da PMPB","Est. tempo de leitura":"4 minutos"},"schema":{"@context":"https:\/\/schema.org","@graph":[{"@type":"Article","@id":"https:\/\/www.pm.pb.gov.br\/portal\/2025\/08\/29\/com-parceria-e-tecnolocia-policia-militar-fortalece-atuacao-para-enfrentamento-ao-desaparecimento-de-pessoas\/#article","isPartOf":{"@id":"https:\/\/www.pm.pb.gov.br\/portal\/2025\/08\/29\/com-parceria-e-tecnolocia-policia-militar-fortalece-atuacao-para-enfrentamento-ao-desaparecimento-de-pessoas\/"},"author":{"name":"Assessoria de Imprensa da PMPB","@id":"https:\/\/www.pm.pb.gov.br\/portal\/#\/schema\/person\/e8454f46651c3ecf0e1ba3c1666d9947"},"headline":"COM PARCERIA E TECNOLOCIA: Pol\u00edcia Militar fortalece atua\u00e7\u00e3o para enfrentamento ao desaparecimento de pessoas","datePublished":"2025-08-29T20:45:00+00:00","dateModified":"2025-08-30T19:19:21+00:00","mainEntityOfPage":{"@id":"https:\/\/www.pm.pb.gov.br\/portal\/2025\/08\/29\/com-parceria-e-tecnolocia-policia-militar-fortalece-atuacao-para-enfrentamento-ao-desaparecimento-de-pessoas\/"},"wordCount":596,"publisher":{"@id":"https:\/\/www.pm.pb.gov.br\/portal\/#organization"},"articleSection":["Eventos"],"inLanguage":"pt-BR"},{"@type":"WebPage","@id":"https:\/\/www.pm.pb.gov.br\/portal\/2025\/08\/29\/com-parceria-e-tecnolocia-policia-militar-fortalece-atuacao-para-enfrentamento-ao-desaparecimento-de-pessoas\/","url":"https:\/\/www.pm.pb.gov.br\/portal\/2025\/08\/29\/com-parceria-e-tecnolocia-policia-militar-fortalece-atuacao-para-enfrentamento-ao-desaparecimento-de-pessoas\/","name":"COM PARCERIA E TECNOLOCIA: Pol\u00edcia Militar fortalece atua\u00e7\u00e3o para enfrentamento ao desaparecimento de pessoas - Pol\u00edcia Militar da Para\u00edba","isPartOf":{"@id":"https:\/\/www.pm.pb.gov.br\/portal\/#website"},"datePublished":"2025-08-29T20:45:00+00:00","dateModified":"2025-08-30T19:19:21+00:00","breadcrumb":{"@id":"https:\/\/www.pm.pb.gov.br\/portal\/2025\/08\/29\/com-parceria-e-tecnolocia-policia-militar-fortalece-atuacao-para-enfrentamento-ao-desaparecimento-de-pessoas\/#breadcrumb"},"inLanguage":"pt-BR","potentialAction":[{"@type":"ReadAction","target":["https:\/\/www.pm.pb.gov.br\/portal\/2025\/08\/29\/com-parceria-e-tecnolocia-policia-militar-fortalece-atuacao-para-enfrentamento-ao-desaparecimento-de-pessoas\/"]}]},{"@type":"BreadcrumbList","@id":"https:\/\/www.pm.pb.gov.br\/portal\/2025\/08\/29\/com-parceria-e-tecnolocia-policia-militar-fortalece-atuacao-para-enfrentamento-ao-desaparecimento-de-pessoas\/#breadcrumb","itemListElement":[{"@type":"ListItem","position":1,"name":"In\u00edcio","item":"https:\/\/www.pm.pb.gov.br\/portal\/"},{"@type":"ListItem","position":2,"name":"COM PARCERIA E TECNOLOCIA: Pol\u00edcia Militar fortalece atua\u00e7\u00e3o para enfrentamento ao desaparecimento de pessoas"}]},{"@type":"WebSite","@id":"https:\/\/www.pm.pb.gov.br\/portal\/#website","url":"https:\/\/www.pm.pb.gov.br\/portal\/","name":"Pol\u00edcia Militar da Para\u00edba","description":"","publisher":{"@id":"https:\/\/www.pm.pb.gov.br\/portal\/#organization"},"potentialAction":[{"@type":"SearchAction","target":{"@type":"EntryPoint","urlTemplate":"https:\/\/www.pm.pb.gov.br\/portal\/?s={search_term_string}"},"query-input":"required name=search_term_string"}],"inLanguage":"pt-BR"},{"@type":"Organization","@id":"https:\/\/www.pm.pb.gov.br\/portal\/#organization","name":"Pol\u00edcia Militar da Para\u00edba","url":"https:\/\/www.pm.pb.gov.br\/portal\/","logo":{"@type":"ImageObject","inLanguage":"pt-BR","@id":"https:\/\/www.pm.pb.gov.br\/portal\/#\/schema\/logo\/image\/","url":"https:\/\/www.pm.pb.gov.br\/portal\/wp-content\/uploads\/2025\/03\/cropped-logo-site-mag2-1.png","contentUrl":"https:\/\/www.pm.pb.gov.br\/portal\/wp-content\/uploads\/2025\/03\/cropped-logo-site-mag2-1.png","width":320,"height":90,"caption":"Pol\u00edcia Militar da Para\u00edba"},"image":{"@id":"https:\/\/www.pm.pb.gov.br\/portal\/#\/schema\/logo\/image\/"}},{"@type":"Person","@id":"https:\/\/www.pm.pb.gov.br\/portal\/#\/schema\/person\/e8454f46651c3ecf0e1ba3c1666d9947","name":"Assessoria de Imprensa da PMPB","image":{"@type":"ImageObject","inLanguage":"pt-BR","@id":"https:\/\/www.pm.pb.gov.br\/portal\/#\/schema\/person\/image\/","url":"https:\/\/secure.gravatar.com\/avatar\/2efe197438265d1e90bd98c4c8e1acf8?s=96&d=mm&r=g","contentUrl":"https:\/\/secure.gravatar.com\/avatar\/2efe197438265d1e90bd98c4c8e1acf8?s=96&d=mm&r=g","caption":"Assessoria de Imprensa da PMPB"},"url":"https:\/\/www.pm.pb.gov.br\/portal\/author\/assessoria\/"}]}},"_links":{"self":[{"href":"https:\/\/www.pm.pb.gov.br\/portal\/wp-json\/wp\/v2\/posts\/927846"}],"collection":[{"href":"https:\/\/www.pm.pb.gov.br\/portal\/wp-json\/wp\/v2\/posts"}],"about":[{"href":"https:\/\/www.pm.pb.gov.br\/portal\/wp-json\/wp\/v2\/types\/post"}],"author":[{"embeddable":true,"href":"https:\/\/www.pm.pb.gov.br\/portal\/wp-json\/wp\/v2\/users\/5"}],"replies":[{"embeddable":true,"href":"https:\/\/www.pm.pb.gov.br\/portal\/wp-json\/wp\/v2\/comments?post=927846"}],"version-history":[{"count":5,"href":"https:\/\/www.pm.pb.gov.br\/portal\/wp-json\/wp\/v2\/posts\/927846\/revisions"}],"predecessor-version":[{"id":927868,"href":"https:\/\/www.pm.pb.gov.br\/portal\/wp-json\/wp\/v2\/posts\/927846\/revisions\/927868"}],"wp:featuredmedia":[{"embeddable":true,"href":"https:\/\/www.pm.pb.gov.br\/portal\/wp-json\/wp\/v2\/media\/927849"}],"wp:attachment":[{"href":"https:\/\/www.pm.pb.gov.br\/portal\/wp-json\/wp\/v2\/media?parent=927846"}],"wp:term":[{"taxonomy":"category","embeddable":true,"href":"https:\/\/www.pm.pb.gov.br\/portal\/wp-json\/wp\/v2\/categories?post=927846"},{"taxonomy":"post_tag","embeddable":true,"href":"https:\/\/www.pm.pb.gov.br\/portal\/wp-json\/wp\/v2\/tags?post=927846"}],"curies":[{"name":"wp","href":"https:\/\/api.w.org\/{rel}","templated":true}]}}