{"id":927840,"date":"2025-08-29T06:03:52","date_gmt":"2025-08-29T09:03:52","guid":{"rendered":"https:\/\/www.pm.pb.gov.br\/portal\/?p=927840"},"modified":"2025-08-29T06:03:55","modified_gmt":"2025-08-29T09:03:55","slug":"tio-e-sobrinha-estelionatarios-na-pb-sao-presos-no-rs","status":"publish","type":"post","link":"https:\/\/www.pm.pb.gov.br\/portal\/2025\/08\/29\/tio-e-sobrinha-estelionatarios-na-pb-sao-presos-no-rs\/","title":{"rendered":"Tio e sobrinha estelionat\u00e1rios na PB s\u00e3o presos no RS"},"content":{"rendered":"\n<p>Dois estelionat\u00e1rios, que s\u00e3o da mesma fam\u00edlia, e que estavam sendo procurados pela Justi\u00e7a da Para\u00edba foram presos, no fim da tarde desta quinta-feira (28) no Rio Grande do Sul (foto acima ilustrativa). A localiza\u00e7\u00e3o e captura dos foragidos aconteceu como resultado da a\u00e7\u00e3o conjunta da Intelig\u00eancia da Pol\u00edcia Militar paraibana e da Brigada Militar ga\u00facha.<\/p>\n<p>Os dois presos, que s\u00e3o um tio e sua sobrinha, t\u00eam 27 e 29 anos de idade, respectivamente. Eles foram localizados em duas casas, no munic\u00edpio de Parob\u00e9, distante a 80 quil\u00f4metros da capital Porto Alegre. A dupla tinha contra si dois mandados de pris\u00e3o preventiva em aberto pelos crimes de estelionato e lavagem de dinheiro, expedidos pela Vara \u00danica de Caapor\u00e3.<\/p>\n<p>De acordo com o Departamento de Intelig\u00eancia da PMPB, a localiza\u00e7\u00e3o dos acusados s\u00f3 foi poss\u00edvel pela troca de informa\u00e7\u00f5es e coopera\u00e7\u00e3o entre as Pol\u00edcias, fortalecendo assim a seguran\u00e7a p\u00fablica e a atua\u00e7\u00e3o da Justi\u00e7a.<\/p>\n<p>Ambos foram conduzidos pelo 32\u00b0 Batalh\u00e3o da Brigada para a delegacia da cidade, ficando \u00e0 disposi\u00e7\u00e3o da Justi\u00e7a.<\/p>\n","protected":false},"excerpt":{"rendered":"<p>Dois estelionat\u00e1rios, que s\u00e3o da mesma fam\u00edlia, e que estavam sendo procurados pela Justi\u00e7a da Para\u00edba foram presos, no fim<\/p>\n","protected":false},"author":12,"featured_media":925847,"comment_status":"closed","ping_status":"closed","sticky":false,"template":"","format":"standard","meta":{"_exactmetrics_skip_tracking":false,"_exactmetrics_sitenote_active":false,"_exactmetrics_sitenote_note":"","_exactmetrics_sitenote_category":0,"footnotes":""},"categories":[4],"tags":[],"yoast_head":"<!-- This site is optimized with the Yoast SEO plugin v22.0 - https:\/\/yoast.com\/wordpress\/plugins\/seo\/ -->\n<title>Tio e sobrinha estelionat\u00e1rios na PB s\u00e3o presos no RS - Pol\u00edcia Militar da Para\u00edba<\/title>\n<meta name=\"robots\" content=\"index, follow, max-snippet:-1, max-image-preview:large, max-video-preview:-1\" \/>\n<link rel=\"canonical\" href=\"https:\/\/www.pm.pb.gov.br\/portal\/2025\/08\/29\/tio-e-sobrinha-estelionatarios-na-pb-sao-presos-no-rs\/\" \/>\n<meta property=\"og:locale\" content=\"pt_BR\" \/>\n<meta property=\"og:type\" content=\"article\" \/>\n<meta property=\"og:title\" content=\"Tio e sobrinha estelionat\u00e1rios na PB s\u00e3o presos no RS - Pol\u00edcia Militar da Para\u00edba\" \/>\n<meta property=\"og:description\" content=\"Dois estelionat\u00e1rios, que s\u00e3o da mesma fam\u00edlia, e que estavam sendo procurados pela Justi\u00e7a da Para\u00edba foram presos, no fim\" \/>\n<meta property=\"og:url\" content=\"https:\/\/www.pm.pb.gov.br\/portal\/2025\/08\/29\/tio-e-sobrinha-estelionatarios-na-pb-sao-presos-no-rs\/\" \/>\n<meta property=\"og:site_name\" content=\"Pol\u00edcia Militar da Para\u00edba\" \/>\n<meta property=\"article:published_time\" content=\"2025-08-29T09:03:52+00:00\" \/>\n<meta property=\"article:modified_time\" content=\"2025-08-29T09:03:55+00:00\" \/>\n<meta property=\"og:image\" content=\"http:\/\/www.pm.pb.gov.br\/portal\/wp-content\/uploads\/2025\/02\/Imagem-ilustrativa.jpg\" \/>\n\t<meta property=\"og:image:width\" content=\"600\" \/>\n\t<meta property=\"og:image:height\" content=\"334\" \/>\n\t<meta property=\"og:image:type\" content=\"image\/jpeg\" \/>\n<meta name=\"author\" content=\"Tarcisio Oliveira\" \/>\n<meta name=\"twitter:card\" content=\"summary_large_image\" \/>\n<meta name=\"twitter:label1\" content=\"Escrito por\" \/>\n\t<meta name=\"twitter:data1\" content=\"Tarcisio Oliveira\" \/>\n\t<meta name=\"twitter:label2\" content=\"Est. tempo de leitura\" \/>\n\t<meta name=\"twitter:data2\" content=\"2 minutos\" \/>\n<script type=\"application\/ld+json\" class=\"yoast-schema-graph\">{\"@context\":\"https:\/\/schema.org\",\"@graph\":[{\"@type\":\"Article\",\"@id\":\"https:\/\/www.pm.pb.gov.br\/portal\/2025\/08\/29\/tio-e-sobrinha-estelionatarios-na-pb-sao-presos-no-rs\/#article\",\"isPartOf\":{\"@id\":\"https:\/\/www.pm.pb.gov.br\/portal\/2025\/08\/29\/tio-e-sobrinha-estelionatarios-na-pb-sao-presos-no-rs\/\"},\"author\":{\"name\":\"Tarcisio Oliveira\",\"@id\":\"https:\/\/www.pm.pb.gov.br\/portal\/#\/schema\/person\/f84f56dcc78ce4357054da888b8247fd\"},\"headline\":\"Tio e sobrinha estelionat\u00e1rios na PB s\u00e3o presos no RS\",\"datePublished\":\"2025-08-29T09:03:52+00:00\",\"dateModified\":\"2025-08-29T09:03:55+00:00\",\"mainEntityOfPage\":{\"@id\":\"https:\/\/www.pm.pb.gov.br\/portal\/2025\/08\/29\/tio-e-sobrinha-estelionatarios-na-pb-sao-presos-no-rs\/\"},\"wordCount\":205,\"publisher\":{\"@id\":\"https:\/\/www.pm.pb.gov.br\/portal\/#organization\"},\"articleSection\":[\"A\u00e7\u00f5es Policiais\"],\"inLanguage\":\"pt-BR\"},{\"@type\":\"WebPage\",\"@id\":\"https:\/\/www.pm.pb.gov.br\/portal\/2025\/08\/29\/tio-e-sobrinha-estelionatarios-na-pb-sao-presos-no-rs\/\",\"url\":\"https:\/\/www.pm.pb.gov.br\/portal\/2025\/08\/29\/tio-e-sobrinha-estelionatarios-na-pb-sao-presos-no-rs\/\",\"name\":\"Tio e sobrinha estelionat\u00e1rios na PB s\u00e3o presos no RS - Pol\u00edcia Militar da Para\u00edba\",\"isPartOf\":{\"@id\":\"https:\/\/www.pm.pb.gov.br\/portal\/#website\"},\"datePublished\":\"2025-08-29T09:03:52+00:00\",\"dateModified\":\"2025-08-29T09:03:55+00:00\",\"breadcrumb\":{\"@id\":\"https:\/\/www.pm.pb.gov.br\/portal\/2025\/08\/29\/tio-e-sobrinha-estelionatarios-na-pb-sao-presos-no-rs\/#breadcrumb\"},\"inLanguage\":\"pt-BR\",\"potentialAction\":[{\"@type\":\"ReadAction\",\"target\":[\"https:\/\/www.pm.pb.gov.br\/portal\/2025\/08\/29\/tio-e-sobrinha-estelionatarios-na-pb-sao-presos-no-rs\/\"]}]},{\"@type\":\"BreadcrumbList\",\"@id\":\"https:\/\/www.pm.pb.gov.br\/portal\/2025\/08\/29\/tio-e-sobrinha-estelionatarios-na-pb-sao-presos-no-rs\/#breadcrumb\",\"itemListElement\":[{\"@type\":\"ListItem\",\"position\":1,\"name\":\"In\u00edcio\",\"item\":\"https:\/\/www.pm.pb.gov.br\/portal\/\"},{\"@type\":\"ListItem\",\"position\":2,\"name\":\"Tio e sobrinha estelionat\u00e1rios na PB s\u00e3o presos no RS\"}]},{\"@type\":\"WebSite\",\"@id\":\"https:\/\/www.pm.pb.gov.br\/portal\/#website\",\"url\":\"https:\/\/www.pm.pb.gov.br\/portal\/\",\"name\":\"Pol\u00edcia Militar da Para\u00edba\",\"description\":\"\",\"publisher\":{\"@id\":\"https:\/\/www.pm.pb.gov.br\/portal\/#organization\"},\"potentialAction\":[{\"@type\":\"SearchAction\",\"target\":{\"@type\":\"EntryPoint\",\"urlTemplate\":\"https:\/\/www.pm.pb.gov.br\/portal\/?s={search_term_string}\"},\"query-input\":\"required name=search_term_string\"}],\"inLanguage\":\"pt-BR\"},{\"@type\":\"Organization\",\"@id\":\"https:\/\/www.pm.pb.gov.br\/portal\/#organization\",\"name\":\"Pol\u00edcia Militar da Para\u00edba\",\"url\":\"https:\/\/www.pm.pb.gov.br\/portal\/\",\"logo\":{\"@type\":\"ImageObject\",\"inLanguage\":\"pt-BR\",\"@id\":\"https:\/\/www.pm.pb.gov.br\/portal\/#\/schema\/logo\/image\/\",\"url\":\"https:\/\/www.pm.pb.gov.br\/portal\/wp-content\/uploads\/2025\/03\/cropped-logo-site-mag2-1.png\",\"contentUrl\":\"https:\/\/www.pm.pb.gov.br\/portal\/wp-content\/uploads\/2025\/03\/cropped-logo-site-mag2-1.png\",\"width\":320,\"height\":90,\"caption\":\"Pol\u00edcia Militar da Para\u00edba\"},\"image\":{\"@id\":\"https:\/\/www.pm.pb.gov.br\/portal\/#\/schema\/logo\/image\/\"}},{\"@type\":\"Person\",\"@id\":\"https:\/\/www.pm.pb.gov.br\/portal\/#\/schema\/person\/f84f56dcc78ce4357054da888b8247fd\",\"name\":\"Tarcisio Oliveira\",\"image\":{\"@type\":\"ImageObject\",\"inLanguage\":\"pt-BR\",\"@id\":\"https:\/\/www.pm.pb.gov.br\/portal\/#\/schema\/person\/image\/\",\"url\":\"https:\/\/secure.gravatar.com\/avatar\/72917b630b69d31cd0297507f34bac97?s=96&d=mm&r=g\",\"contentUrl\":\"https:\/\/secure.gravatar.com\/avatar\/72917b630b69d31cd0297507f34bac97?s=96&d=mm&r=g\",\"caption\":\"Tarcisio Oliveira\"},\"url\":\"https:\/\/www.pm.pb.gov.br\/portal\/author\/tarcisio\/\"}]}<\/script>\n<!-- \/ Yoast SEO plugin. -->","yoast_head_json":{"title":"Tio e sobrinha estelionat\u00e1rios na PB s\u00e3o presos no RS - Pol\u00edcia Militar da Para\u00edba","robots":{"index":"index","follow":"follow","max-snippet":"max-snippet:-1","max-image-preview":"max-image-preview:large","max-video-preview":"max-video-preview:-1"},"canonical":"https:\/\/www.pm.pb.gov.br\/portal\/2025\/08\/29\/tio-e-sobrinha-estelionatarios-na-pb-sao-presos-no-rs\/","og_locale":"pt_BR","og_type":"article","og_title":"Tio e sobrinha estelionat\u00e1rios na PB s\u00e3o presos no RS - Pol\u00edcia Militar da Para\u00edba","og_description":"Dois estelionat\u00e1rios, que s\u00e3o da mesma fam\u00edlia, e que estavam sendo procurados pela Justi\u00e7a da Para\u00edba foram presos, no fim","og_url":"https:\/\/www.pm.pb.gov.br\/portal\/2025\/08\/29\/tio-e-sobrinha-estelionatarios-na-pb-sao-presos-no-rs\/","og_site_name":"Pol\u00edcia Militar da Para\u00edba","article_published_time":"2025-08-29T09:03:52+00:00","article_modified_time":"2025-08-29T09:03:55+00:00","og_image":[{"width":600,"height":334,"url":"http:\/\/www.pm.pb.gov.br\/portal\/wp-content\/uploads\/2025\/02\/Imagem-ilustrativa.jpg","type":"image\/jpeg"}],"author":"Tarcisio Oliveira","twitter_card":"summary_large_image","twitter_misc":{"Escrito por":"Tarcisio Oliveira","Est. tempo de leitura":"2 minutos"},"schema":{"@context":"https:\/\/schema.org","@graph":[{"@type":"Article","@id":"https:\/\/www.pm.pb.gov.br\/portal\/2025\/08\/29\/tio-e-sobrinha-estelionatarios-na-pb-sao-presos-no-rs\/#article","isPartOf":{"@id":"https:\/\/www.pm.pb.gov.br\/portal\/2025\/08\/29\/tio-e-sobrinha-estelionatarios-na-pb-sao-presos-no-rs\/"},"author":{"name":"Tarcisio Oliveira","@id":"https:\/\/www.pm.pb.gov.br\/portal\/#\/schema\/person\/f84f56dcc78ce4357054da888b8247fd"},"headline":"Tio e sobrinha estelionat\u00e1rios na PB s\u00e3o presos no RS","datePublished":"2025-08-29T09:03:52+00:00","dateModified":"2025-08-29T09:03:55+00:00","mainEntityOfPage":{"@id":"https:\/\/www.pm.pb.gov.br\/portal\/2025\/08\/29\/tio-e-sobrinha-estelionatarios-na-pb-sao-presos-no-rs\/"},"wordCount":205,"publisher":{"@id":"https:\/\/www.pm.pb.gov.br\/portal\/#organization"},"articleSection":["A\u00e7\u00f5es Policiais"],"inLanguage":"pt-BR"},{"@type":"WebPage","@id":"https:\/\/www.pm.pb.gov.br\/portal\/2025\/08\/29\/tio-e-sobrinha-estelionatarios-na-pb-sao-presos-no-rs\/","url":"https:\/\/www.pm.pb.gov.br\/portal\/2025\/08\/29\/tio-e-sobrinha-estelionatarios-na-pb-sao-presos-no-rs\/","name":"Tio e sobrinha estelionat\u00e1rios na PB s\u00e3o presos no RS - Pol\u00edcia Militar da Para\u00edba","isPartOf":{"@id":"https:\/\/www.pm.pb.gov.br\/portal\/#website"},"datePublished":"2025-08-29T09:03:52+00:00","dateModified":"2025-08-29T09:03:55+00:00","breadcrumb":{"@id":"https:\/\/www.pm.pb.gov.br\/portal\/2025\/08\/29\/tio-e-sobrinha-estelionatarios-na-pb-sao-presos-no-rs\/#breadcrumb"},"inLanguage":"pt-BR","potentialAction":[{"@type":"ReadAction","target":["https:\/\/www.pm.pb.gov.br\/portal\/2025\/08\/29\/tio-e-sobrinha-estelionatarios-na-pb-sao-presos-no-rs\/"]}]},{"@type":"BreadcrumbList","@id":"https:\/\/www.pm.pb.gov.br\/portal\/2025\/08\/29\/tio-e-sobrinha-estelionatarios-na-pb-sao-presos-no-rs\/#breadcrumb","itemListElement":[{"@type":"ListItem","position":1,"name":"In\u00edcio","item":"https:\/\/www.pm.pb.gov.br\/portal\/"},{"@type":"ListItem","position":2,"name":"Tio e sobrinha estelionat\u00e1rios na PB s\u00e3o presos no RS"}]},{"@type":"WebSite","@id":"https:\/\/www.pm.pb.gov.br\/portal\/#website","url":"https:\/\/www.pm.pb.gov.br\/portal\/","name":"Pol\u00edcia Militar da Para\u00edba","description":"","publisher":{"@id":"https:\/\/www.pm.pb.gov.br\/portal\/#organization"},"potentialAction":[{"@type":"SearchAction","target":{"@type":"EntryPoint","urlTemplate":"https:\/\/www.pm.pb.gov.br\/portal\/?s={search_term_string}"},"query-input":"required name=search_term_string"}],"inLanguage":"pt-BR"},{"@type":"Organization","@id":"https:\/\/www.pm.pb.gov.br\/portal\/#organization","name":"Pol\u00edcia Militar da Para\u00edba","url":"https:\/\/www.pm.pb.gov.br\/portal\/","logo":{"@type":"ImageObject","inLanguage":"pt-BR","@id":"https:\/\/www.pm.pb.gov.br\/portal\/#\/schema\/logo\/image\/","url":"https:\/\/www.pm.pb.gov.br\/portal\/wp-content\/uploads\/2025\/03\/cropped-logo-site-mag2-1.png","contentUrl":"https:\/\/www.pm.pb.gov.br\/portal\/wp-content\/uploads\/2025\/03\/cropped-logo-site-mag2-1.png","width":320,"height":90,"caption":"Pol\u00edcia Militar da Para\u00edba"},"image":{"@id":"https:\/\/www.pm.pb.gov.br\/portal\/#\/schema\/logo\/image\/"}},{"@type":"Person","@id":"https:\/\/www.pm.pb.gov.br\/portal\/#\/schema\/person\/f84f56dcc78ce4357054da888b8247fd","name":"Tarcisio Oliveira","image":{"@type":"ImageObject","inLanguage":"pt-BR","@id":"https:\/\/www.pm.pb.gov.br\/portal\/#\/schema\/person\/image\/","url":"https:\/\/secure.gravatar.com\/avatar\/72917b630b69d31cd0297507f34bac97?s=96&d=mm&r=g","contentUrl":"https:\/\/secure.gravatar.com\/avatar\/72917b630b69d31cd0297507f34bac97?s=96&d=mm&r=g","caption":"Tarcisio Oliveira"},"url":"https:\/\/www.pm.pb.gov.br\/portal\/author\/tarcisio\/"}]}},"_links":{"self":[{"href":"https:\/\/www.pm.pb.gov.br\/portal\/wp-json\/wp\/v2\/posts\/927840"}],"collection":[{"href":"https:\/\/www.pm.pb.gov.br\/portal\/wp-json\/wp\/v2\/posts"}],"about":[{"href":"https:\/\/www.pm.pb.gov.br\/portal\/wp-json\/wp\/v2\/types\/post"}],"author":[{"embeddable":true,"href":"https:\/\/www.pm.pb.gov.br\/portal\/wp-json\/wp\/v2\/users\/12"}],"replies":[{"embeddable":true,"href":"https:\/\/www.pm.pb.gov.br\/portal\/wp-json\/wp\/v2\/comments?post=927840"}],"version-history":[{"count":2,"href":"https:\/\/www.pm.pb.gov.br\/portal\/wp-json\/wp\/v2\/posts\/927840\/revisions"}],"predecessor-version":[{"id":927842,"href":"https:\/\/www.pm.pb.gov.br\/portal\/wp-json\/wp\/v2\/posts\/927840\/revisions\/927842"}],"wp:featuredmedia":[{"embeddable":true,"href":"https:\/\/www.pm.pb.gov.br\/portal\/wp-json\/wp\/v2\/media\/925847"}],"wp:attachment":[{"href":"https:\/\/www.pm.pb.gov.br\/portal\/wp-json\/wp\/v2\/media?parent=927840"}],"wp:term":[{"taxonomy":"category","embeddable":true,"href":"https:\/\/www.pm.pb.gov.br\/portal\/wp-json\/wp\/v2\/categories?post=927840"},{"taxonomy":"post_tag","embeddable":true,"href":"https:\/\/www.pm.pb.gov.br\/portal\/wp-json\/wp\/v2\/tags?post=927840"}],"curies":[{"name":"wp","href":"https:\/\/api.w.org\/{rel}","templated":true}]}}