{"id":927786,"date":"2025-08-22T14:45:38","date_gmt":"2025-08-22T17:45:38","guid":{"rendered":"https:\/\/www.pm.pb.gov.br\/portal\/?p=927786"},"modified":"2025-08-22T14:45:41","modified_gmt":"2025-08-22T17:45:41","slug":"acao-conjunta-entre-policias-militar-e-civil-apreende-drogas-na-cidade-de-serra-grande","status":"publish","type":"post","link":"https:\/\/www.pm.pb.gov.br\/portal\/2025\/08\/22\/acao-conjunta-entre-policias-militar-e-civil-apreende-drogas-na-cidade-de-serra-grande\/","title":{"rendered":"A\u00e7\u00e3o conjunta entre Pol\u00edcias Militar e Civil apreende drogas na cidade de Serra Grande"},"content":{"rendered":"\n<p>Na manh\u00e3 desta sexta-feira (22), uma Opera\u00e7\u00e3o entre Policiais Militares do 13\u00ba BPM e a Pol\u00edcia Civil resultou com a pris\u00e3o de um acusado por tr\u00e1fico de drogas na cidade de Serra Grande. Al\u00e9m das drogas, com o suspeito foram apreendidas armas de fogo.<\/p>\n\n\n\n<p>Atrav\u00e9s de investiga\u00e7\u00f5es foram cumpridos mandados de busca e apreens\u00e3o contra o acusado. Durante as buscas foram apreendidos 02 rev\u00f3lveres, calibre 38, 01 espingarda, calibre 28 e 15, e muni\u00e7\u00f5es de diversos calibres. Al\u00e9m das armas apreendidas, tamb\u00e9m foram encontradas 82 pedras de crack, 159 trouxinhas e tr\u00eas tabletes de maconha, 106 pinos e seis trouxinhas de coca\u00edna, junto com tr\u00eas sacos maiores contendo o mesmo entorpecente, balan\u00e7as de precis\u00e3o, 10 aparelhos celulares e R$ 4.300,00 reais, em esp\u00e9cie.<\/p>\n\n\n\n<p>O acusado foi preso e todo o material apreendido foram apresentados na Delegacia de Pol\u00edcia Civil de Itaporanga.<\/p>\n","protected":false},"excerpt":{"rendered":"<p>Na manh\u00e3 desta sexta-feira (22), uma Opera\u00e7\u00e3o entre Policiais Militares do 13\u00ba BPM e a Pol\u00edcia Civil resultou com a<\/p>\n","protected":false},"author":11,"featured_media":927787,"comment_status":"closed","ping_status":"closed","sticky":false,"template":"","format":"standard","meta":{"_exactmetrics_skip_tracking":false,"_exactmetrics_sitenote_active":false,"_exactmetrics_sitenote_note":"","_exactmetrics_sitenote_category":0,"footnotes":""},"categories":[4],"tags":[],"yoast_head":"<!-- This site is optimized with the Yoast SEO plugin v22.0 - https:\/\/yoast.com\/wordpress\/plugins\/seo\/ -->\n<title>A\u00e7\u00e3o conjunta entre Pol\u00edcias Militar e Civil apreende drogas na cidade de Serra Grande - Pol\u00edcia Militar da Para\u00edba<\/title>\n<meta name=\"robots\" content=\"index, follow, max-snippet:-1, max-image-preview:large, max-video-preview:-1\" \/>\n<link rel=\"canonical\" href=\"https:\/\/www.pm.pb.gov.br\/portal\/2025\/08\/22\/acao-conjunta-entre-policias-militar-e-civil-apreende-drogas-na-cidade-de-serra-grande\/\" \/>\n<meta property=\"og:locale\" content=\"pt_BR\" \/>\n<meta property=\"og:type\" content=\"article\" \/>\n<meta property=\"og:title\" content=\"A\u00e7\u00e3o conjunta entre Pol\u00edcias Militar e Civil apreende drogas na cidade de Serra Grande - Pol\u00edcia Militar da Para\u00edba\" \/>\n<meta property=\"og:description\" content=\"Na manh\u00e3 desta sexta-feira (22), uma Opera\u00e7\u00e3o entre Policiais Militares do 13\u00ba BPM e a Pol\u00edcia Civil resultou com a\" \/>\n<meta property=\"og:url\" content=\"https:\/\/www.pm.pb.gov.br\/portal\/2025\/08\/22\/acao-conjunta-entre-policias-militar-e-civil-apreende-drogas-na-cidade-de-serra-grande\/\" \/>\n<meta property=\"og:site_name\" content=\"Pol\u00edcia Militar da Para\u00edba\" \/>\n<meta property=\"article:published_time\" content=\"2025-08-22T17:45:38+00:00\" \/>\n<meta property=\"article:modified_time\" content=\"2025-08-22T17:45:41+00:00\" \/>\n<meta property=\"og:image\" content=\"http:\/\/www.pm.pb.gov.br\/portal\/wp-content\/uploads\/2025\/08\/drogas-1.png\" \/>\n\t<meta property=\"og:image:width\" content=\"1000\" \/>\n\t<meta property=\"og:image:height\" content=\"556\" \/>\n\t<meta property=\"og:image:type\" content=\"image\/png\" \/>\n<meta name=\"author\" content=\"Hermerson Pedro\" \/>\n<meta name=\"twitter:card\" content=\"summary_large_image\" \/>\n<meta name=\"twitter:label1\" content=\"Escrito por\" \/>\n\t<meta name=\"twitter:data1\" content=\"Hermerson Pedro\" \/>\n\t<meta name=\"twitter:label2\" content=\"Est. tempo de leitura\" \/>\n\t<meta name=\"twitter:data2\" content=\"1 minuto\" \/>\n<script type=\"application\/ld+json\" class=\"yoast-schema-graph\">{\"@context\":\"https:\/\/schema.org\",\"@graph\":[{\"@type\":\"Article\",\"@id\":\"https:\/\/www.pm.pb.gov.br\/portal\/2025\/08\/22\/acao-conjunta-entre-policias-militar-e-civil-apreende-drogas-na-cidade-de-serra-grande\/#article\",\"isPartOf\":{\"@id\":\"https:\/\/www.pm.pb.gov.br\/portal\/2025\/08\/22\/acao-conjunta-entre-policias-militar-e-civil-apreende-drogas-na-cidade-de-serra-grande\/\"},\"author\":{\"name\":\"Hermerson Pedro\",\"@id\":\"https:\/\/www.pm.pb.gov.br\/portal\/#\/schema\/person\/d14ec57cfec6ba094c033291a557dc3b\"},\"headline\":\"A\u00e7\u00e3o conjunta entre Pol\u00edcias Militar e Civil apreende drogas na cidade de Serra Grande\",\"datePublished\":\"2025-08-22T17:45:38+00:00\",\"dateModified\":\"2025-08-22T17:45:41+00:00\",\"mainEntityOfPage\":{\"@id\":\"https:\/\/www.pm.pb.gov.br\/portal\/2025\/08\/22\/acao-conjunta-entre-policias-militar-e-civil-apreende-drogas-na-cidade-de-serra-grande\/\"},\"wordCount\":164,\"publisher\":{\"@id\":\"https:\/\/www.pm.pb.gov.br\/portal\/#organization\"},\"articleSection\":[\"A\u00e7\u00f5es Policiais\"],\"inLanguage\":\"pt-BR\"},{\"@type\":\"WebPage\",\"@id\":\"https:\/\/www.pm.pb.gov.br\/portal\/2025\/08\/22\/acao-conjunta-entre-policias-militar-e-civil-apreende-drogas-na-cidade-de-serra-grande\/\",\"url\":\"https:\/\/www.pm.pb.gov.br\/portal\/2025\/08\/22\/acao-conjunta-entre-policias-militar-e-civil-apreende-drogas-na-cidade-de-serra-grande\/\",\"name\":\"A\u00e7\u00e3o conjunta entre Pol\u00edcias Militar e Civil apreende drogas na cidade de Serra Grande - Pol\u00edcia Militar da Para\u00edba\",\"isPartOf\":{\"@id\":\"https:\/\/www.pm.pb.gov.br\/portal\/#website\"},\"datePublished\":\"2025-08-22T17:45:38+00:00\",\"dateModified\":\"2025-08-22T17:45:41+00:00\",\"breadcrumb\":{\"@id\":\"https:\/\/www.pm.pb.gov.br\/portal\/2025\/08\/22\/acao-conjunta-entre-policias-militar-e-civil-apreende-drogas-na-cidade-de-serra-grande\/#breadcrumb\"},\"inLanguage\":\"pt-BR\",\"potentialAction\":[{\"@type\":\"ReadAction\",\"target\":[\"https:\/\/www.pm.pb.gov.br\/portal\/2025\/08\/22\/acao-conjunta-entre-policias-militar-e-civil-apreende-drogas-na-cidade-de-serra-grande\/\"]}]},{\"@type\":\"BreadcrumbList\",\"@id\":\"https:\/\/www.pm.pb.gov.br\/portal\/2025\/08\/22\/acao-conjunta-entre-policias-militar-e-civil-apreende-drogas-na-cidade-de-serra-grande\/#breadcrumb\",\"itemListElement\":[{\"@type\":\"ListItem\",\"position\":1,\"name\":\"In\u00edcio\",\"item\":\"https:\/\/www.pm.pb.gov.br\/portal\/\"},{\"@type\":\"ListItem\",\"position\":2,\"name\":\"A\u00e7\u00e3o conjunta entre Pol\u00edcias Militar e Civil apreende drogas na cidade de Serra Grande\"}]},{\"@type\":\"WebSite\",\"@id\":\"https:\/\/www.pm.pb.gov.br\/portal\/#website\",\"url\":\"https:\/\/www.pm.pb.gov.br\/portal\/\",\"name\":\"Pol\u00edcia Militar da Para\u00edba\",\"description\":\"\",\"publisher\":{\"@id\":\"https:\/\/www.pm.pb.gov.br\/portal\/#organization\"},\"potentialAction\":[{\"@type\":\"SearchAction\",\"target\":{\"@type\":\"EntryPoint\",\"urlTemplate\":\"https:\/\/www.pm.pb.gov.br\/portal\/?s={search_term_string}\"},\"query-input\":\"required name=search_term_string\"}],\"inLanguage\":\"pt-BR\"},{\"@type\":\"Organization\",\"@id\":\"https:\/\/www.pm.pb.gov.br\/portal\/#organization\",\"name\":\"Pol\u00edcia Militar da Para\u00edba\",\"url\":\"https:\/\/www.pm.pb.gov.br\/portal\/\",\"logo\":{\"@type\":\"ImageObject\",\"inLanguage\":\"pt-BR\",\"@id\":\"https:\/\/www.pm.pb.gov.br\/portal\/#\/schema\/logo\/image\/\",\"url\":\"https:\/\/www.pm.pb.gov.br\/portal\/wp-content\/uploads\/2025\/03\/cropped-logo-site-mag2-1.png\",\"contentUrl\":\"https:\/\/www.pm.pb.gov.br\/portal\/wp-content\/uploads\/2025\/03\/cropped-logo-site-mag2-1.png\",\"width\":320,\"height\":90,\"caption\":\"Pol\u00edcia Militar da Para\u00edba\"},\"image\":{\"@id\":\"https:\/\/www.pm.pb.gov.br\/portal\/#\/schema\/logo\/image\/\"}},{\"@type\":\"Person\",\"@id\":\"https:\/\/www.pm.pb.gov.br\/portal\/#\/schema\/person\/d14ec57cfec6ba094c033291a557dc3b\",\"name\":\"Hermerson Pedro\",\"image\":{\"@type\":\"ImageObject\",\"inLanguage\":\"pt-BR\",\"@id\":\"https:\/\/www.pm.pb.gov.br\/portal\/#\/schema\/person\/image\/\",\"url\":\"https:\/\/secure.gravatar.com\/avatar\/179290e0ec2caf97139df534dc3e55df?s=96&d=mm&r=g\",\"contentUrl\":\"https:\/\/secure.gravatar.com\/avatar\/179290e0ec2caf97139df534dc3e55df?s=96&d=mm&r=g\",\"caption\":\"Hermerson Pedro\"},\"url\":\"https:\/\/www.pm.pb.gov.br\/portal\/author\/hermerson\/\"}]}<\/script>\n<!-- \/ Yoast SEO plugin. -->","yoast_head_json":{"title":"A\u00e7\u00e3o conjunta entre Pol\u00edcias Militar e Civil apreende drogas na cidade de Serra Grande - Pol\u00edcia Militar da Para\u00edba","robots":{"index":"index","follow":"follow","max-snippet":"max-snippet:-1","max-image-preview":"max-image-preview:large","max-video-preview":"max-video-preview:-1"},"canonical":"https:\/\/www.pm.pb.gov.br\/portal\/2025\/08\/22\/acao-conjunta-entre-policias-militar-e-civil-apreende-drogas-na-cidade-de-serra-grande\/","og_locale":"pt_BR","og_type":"article","og_title":"A\u00e7\u00e3o conjunta entre Pol\u00edcias Militar e Civil apreende drogas na cidade de Serra Grande - Pol\u00edcia Militar da Para\u00edba","og_description":"Na manh\u00e3 desta sexta-feira (22), uma Opera\u00e7\u00e3o entre Policiais Militares do 13\u00ba BPM e a Pol\u00edcia Civil resultou com a","og_url":"https:\/\/www.pm.pb.gov.br\/portal\/2025\/08\/22\/acao-conjunta-entre-policias-militar-e-civil-apreende-drogas-na-cidade-de-serra-grande\/","og_site_name":"Pol\u00edcia Militar da Para\u00edba","article_published_time":"2025-08-22T17:45:38+00:00","article_modified_time":"2025-08-22T17:45:41+00:00","og_image":[{"width":1000,"height":556,"url":"http:\/\/www.pm.pb.gov.br\/portal\/wp-content\/uploads\/2025\/08\/drogas-1.png","type":"image\/png"}],"author":"Hermerson Pedro","twitter_card":"summary_large_image","twitter_misc":{"Escrito por":"Hermerson Pedro","Est. tempo de leitura":"1 minuto"},"schema":{"@context":"https:\/\/schema.org","@graph":[{"@type":"Article","@id":"https:\/\/www.pm.pb.gov.br\/portal\/2025\/08\/22\/acao-conjunta-entre-policias-militar-e-civil-apreende-drogas-na-cidade-de-serra-grande\/#article","isPartOf":{"@id":"https:\/\/www.pm.pb.gov.br\/portal\/2025\/08\/22\/acao-conjunta-entre-policias-militar-e-civil-apreende-drogas-na-cidade-de-serra-grande\/"},"author":{"name":"Hermerson Pedro","@id":"https:\/\/www.pm.pb.gov.br\/portal\/#\/schema\/person\/d14ec57cfec6ba094c033291a557dc3b"},"headline":"A\u00e7\u00e3o conjunta entre Pol\u00edcias Militar e Civil apreende drogas na cidade de Serra Grande","datePublished":"2025-08-22T17:45:38+00:00","dateModified":"2025-08-22T17:45:41+00:00","mainEntityOfPage":{"@id":"https:\/\/www.pm.pb.gov.br\/portal\/2025\/08\/22\/acao-conjunta-entre-policias-militar-e-civil-apreende-drogas-na-cidade-de-serra-grande\/"},"wordCount":164,"publisher":{"@id":"https:\/\/www.pm.pb.gov.br\/portal\/#organization"},"articleSection":["A\u00e7\u00f5es Policiais"],"inLanguage":"pt-BR"},{"@type":"WebPage","@id":"https:\/\/www.pm.pb.gov.br\/portal\/2025\/08\/22\/acao-conjunta-entre-policias-militar-e-civil-apreende-drogas-na-cidade-de-serra-grande\/","url":"https:\/\/www.pm.pb.gov.br\/portal\/2025\/08\/22\/acao-conjunta-entre-policias-militar-e-civil-apreende-drogas-na-cidade-de-serra-grande\/","name":"A\u00e7\u00e3o conjunta entre Pol\u00edcias Militar e Civil apreende drogas na cidade de Serra Grande - Pol\u00edcia Militar da Para\u00edba","isPartOf":{"@id":"https:\/\/www.pm.pb.gov.br\/portal\/#website"},"datePublished":"2025-08-22T17:45:38+00:00","dateModified":"2025-08-22T17:45:41+00:00","breadcrumb":{"@id":"https:\/\/www.pm.pb.gov.br\/portal\/2025\/08\/22\/acao-conjunta-entre-policias-militar-e-civil-apreende-drogas-na-cidade-de-serra-grande\/#breadcrumb"},"inLanguage":"pt-BR","potentialAction":[{"@type":"ReadAction","target":["https:\/\/www.pm.pb.gov.br\/portal\/2025\/08\/22\/acao-conjunta-entre-policias-militar-e-civil-apreende-drogas-na-cidade-de-serra-grande\/"]}]},{"@type":"BreadcrumbList","@id":"https:\/\/www.pm.pb.gov.br\/portal\/2025\/08\/22\/acao-conjunta-entre-policias-militar-e-civil-apreende-drogas-na-cidade-de-serra-grande\/#breadcrumb","itemListElement":[{"@type":"ListItem","position":1,"name":"In\u00edcio","item":"https:\/\/www.pm.pb.gov.br\/portal\/"},{"@type":"ListItem","position":2,"name":"A\u00e7\u00e3o conjunta entre Pol\u00edcias Militar e Civil apreende drogas na cidade de Serra Grande"}]},{"@type":"WebSite","@id":"https:\/\/www.pm.pb.gov.br\/portal\/#website","url":"https:\/\/www.pm.pb.gov.br\/portal\/","name":"Pol\u00edcia Militar da Para\u00edba","description":"","publisher":{"@id":"https:\/\/www.pm.pb.gov.br\/portal\/#organization"},"potentialAction":[{"@type":"SearchAction","target":{"@type":"EntryPoint","urlTemplate":"https:\/\/www.pm.pb.gov.br\/portal\/?s={search_term_string}"},"query-input":"required name=search_term_string"}],"inLanguage":"pt-BR"},{"@type":"Organization","@id":"https:\/\/www.pm.pb.gov.br\/portal\/#organization","name":"Pol\u00edcia Militar da Para\u00edba","url":"https:\/\/www.pm.pb.gov.br\/portal\/","logo":{"@type":"ImageObject","inLanguage":"pt-BR","@id":"https:\/\/www.pm.pb.gov.br\/portal\/#\/schema\/logo\/image\/","url":"https:\/\/www.pm.pb.gov.br\/portal\/wp-content\/uploads\/2025\/03\/cropped-logo-site-mag2-1.png","contentUrl":"https:\/\/www.pm.pb.gov.br\/portal\/wp-content\/uploads\/2025\/03\/cropped-logo-site-mag2-1.png","width":320,"height":90,"caption":"Pol\u00edcia Militar da Para\u00edba"},"image":{"@id":"https:\/\/www.pm.pb.gov.br\/portal\/#\/schema\/logo\/image\/"}},{"@type":"Person","@id":"https:\/\/www.pm.pb.gov.br\/portal\/#\/schema\/person\/d14ec57cfec6ba094c033291a557dc3b","name":"Hermerson Pedro","image":{"@type":"ImageObject","inLanguage":"pt-BR","@id":"https:\/\/www.pm.pb.gov.br\/portal\/#\/schema\/person\/image\/","url":"https:\/\/secure.gravatar.com\/avatar\/179290e0ec2caf97139df534dc3e55df?s=96&d=mm&r=g","contentUrl":"https:\/\/secure.gravatar.com\/avatar\/179290e0ec2caf97139df534dc3e55df?s=96&d=mm&r=g","caption":"Hermerson Pedro"},"url":"https:\/\/www.pm.pb.gov.br\/portal\/author\/hermerson\/"}]}},"_links":{"self":[{"href":"https:\/\/www.pm.pb.gov.br\/portal\/wp-json\/wp\/v2\/posts\/927786"}],"collection":[{"href":"https:\/\/www.pm.pb.gov.br\/portal\/wp-json\/wp\/v2\/posts"}],"about":[{"href":"https:\/\/www.pm.pb.gov.br\/portal\/wp-json\/wp\/v2\/types\/post"}],"author":[{"embeddable":true,"href":"https:\/\/www.pm.pb.gov.br\/portal\/wp-json\/wp\/v2\/users\/11"}],"replies":[{"embeddable":true,"href":"https:\/\/www.pm.pb.gov.br\/portal\/wp-json\/wp\/v2\/comments?post=927786"}],"version-history":[{"count":1,"href":"https:\/\/www.pm.pb.gov.br\/portal\/wp-json\/wp\/v2\/posts\/927786\/revisions"}],"predecessor-version":[{"id":927788,"href":"https:\/\/www.pm.pb.gov.br\/portal\/wp-json\/wp\/v2\/posts\/927786\/revisions\/927788"}],"wp:featuredmedia":[{"embeddable":true,"href":"https:\/\/www.pm.pb.gov.br\/portal\/wp-json\/wp\/v2\/media\/927787"}],"wp:attachment":[{"href":"https:\/\/www.pm.pb.gov.br\/portal\/wp-json\/wp\/v2\/media?parent=927786"}],"wp:term":[{"taxonomy":"category","embeddable":true,"href":"https:\/\/www.pm.pb.gov.br\/portal\/wp-json\/wp\/v2\/categories?post=927786"},{"taxonomy":"post_tag","embeddable":true,"href":"https:\/\/www.pm.pb.gov.br\/portal\/wp-json\/wp\/v2\/tags?post=927786"}],"curies":[{"name":"wp","href":"https:\/\/api.w.org\/{rel}","templated":true}]}}