{"id":927758,"date":"2025-08-20T14:26:49","date_gmt":"2025-08-20T17:26:49","guid":{"rendered":"https:\/\/www.pm.pb.gov.br\/portal\/?p=927758"},"modified":"2025-08-20T14:26:52","modified_gmt":"2025-08-20T17:26:52","slug":"acao-conjunta-entre-forcas-de-seguranca-cumprem-mandados-de-prisao-no-litoral-sul-da-paraiba","status":"publish","type":"post","link":"https:\/\/www.pm.pb.gov.br\/portal\/2025\/08\/20\/acao-conjunta-entre-forcas-de-seguranca-cumprem-mandados-de-prisao-no-litoral-sul-da-paraiba\/","title":{"rendered":"A\u00e7\u00e3o conjunta entre For\u00e7as de Seguran\u00e7a cumprem mandados de pris\u00e3o no litoral sul da Para\u00edba"},"content":{"rendered":"\n<p>Uma opera\u00e7\u00e3o conjunta entre as Pol\u00edcias Militar, Civil e Guarda Municipal  cumpriram mandados de pris\u00e3o, busca e apreens\u00e3o na cidade de Pitimbu, na manh\u00e3 desta quarta-feira (20). Na a\u00e7\u00e3o foram apreendidas drogas, armas e muni\u00e7\u00f5es.<\/p>\n\n\n\n<p>A opera\u00e7\u00e3o teve como objetivo o cumprimento de mandados de pris\u00e3o, busca e apreens\u00e3o contra acusados de participa\u00e7\u00e3o em homic\u00eddios, al\u00e9m de desarticular organiza\u00e7\u00f5es criminosas que atuavam na regi\u00e3o do litoral sul.<\/p>\n\n\n\n<p>Na a\u00e7\u00e3o dois indiv\u00edduos foram localizados e capturados, al\u00e9m de serem apreendidas armas, muni\u00e7\u00f5es e outros il\u00edcitos. As investiga\u00e7\u00f5es continuam e as rondas preventivas ser\u00e3o intensificadas na regi\u00e3o.<\/p>\n","protected":false},"excerpt":{"rendered":"<p>Uma opera\u00e7\u00e3o conjunta entre as Pol\u00edcias Militar, Civil e Guarda Municipal cumpriram mandados de pris\u00e3o, busca e apreens\u00e3o na cidade<\/p>\n","protected":false},"author":5,"featured_media":927760,"comment_status":"closed","ping_status":"closed","sticky":false,"template":"","format":"standard","meta":{"_exactmetrics_skip_tracking":false,"_exactmetrics_sitenote_active":false,"_exactmetrics_sitenote_note":"","_exactmetrics_sitenote_category":0,"footnotes":""},"categories":[4],"tags":[],"yoast_head":"<!-- This site is optimized with the Yoast SEO plugin v22.0 - https:\/\/yoast.com\/wordpress\/plugins\/seo\/ -->\n<title>A\u00e7\u00e3o conjunta entre For\u00e7as de Seguran\u00e7a cumprem mandados de pris\u00e3o no litoral sul da Para\u00edba - Pol\u00edcia Militar da Para\u00edba<\/title>\n<meta name=\"robots\" content=\"index, follow, max-snippet:-1, max-image-preview:large, max-video-preview:-1\" \/>\n<link rel=\"canonical\" href=\"https:\/\/www.pm.pb.gov.br\/portal\/2025\/08\/20\/acao-conjunta-entre-forcas-de-seguranca-cumprem-mandados-de-prisao-no-litoral-sul-da-paraiba\/\" \/>\n<meta property=\"og:locale\" content=\"pt_BR\" \/>\n<meta property=\"og:type\" content=\"article\" \/>\n<meta property=\"og:title\" content=\"A\u00e7\u00e3o conjunta entre For\u00e7as de Seguran\u00e7a cumprem mandados de pris\u00e3o no litoral sul da Para\u00edba - Pol\u00edcia Militar da Para\u00edba\" \/>\n<meta property=\"og:description\" content=\"Uma opera\u00e7\u00e3o conjunta entre as Pol\u00edcias Militar, Civil e Guarda Municipal cumpriram mandados de pris\u00e3o, busca e apreens\u00e3o na cidade\" \/>\n<meta property=\"og:url\" content=\"https:\/\/www.pm.pb.gov.br\/portal\/2025\/08\/20\/acao-conjunta-entre-forcas-de-seguranca-cumprem-mandados-de-prisao-no-litoral-sul-da-paraiba\/\" \/>\n<meta property=\"og:site_name\" content=\"Pol\u00edcia Militar da Para\u00edba\" \/>\n<meta property=\"article:published_time\" content=\"2025-08-20T17:26:49+00:00\" \/>\n<meta property=\"article:modified_time\" content=\"2025-08-20T17:26:52+00:00\" \/>\n<meta property=\"og:image\" content=\"http:\/\/www.pm.pb.gov.br\/portal\/wp-content\/uploads\/2025\/08\/WhatsApp-Image-2025-08-20-at-11.09.05.jpeg\" \/>\n\t<meta property=\"og:image:width\" content=\"1600\" \/>\n\t<meta property=\"og:image:height\" content=\"890\" \/>\n\t<meta property=\"og:image:type\" content=\"image\/jpeg\" \/>\n<meta name=\"author\" content=\"Assessoria de Imprensa da PMPB\" \/>\n<meta name=\"twitter:card\" content=\"summary_large_image\" \/>\n<meta name=\"twitter:label1\" content=\"Escrito por\" \/>\n\t<meta name=\"twitter:data1\" content=\"Assessoria de Imprensa da PMPB\" \/>\n\t<meta name=\"twitter:label2\" content=\"Est. tempo de leitura\" \/>\n\t<meta name=\"twitter:data2\" content=\"1 minuto\" \/>\n<script type=\"application\/ld+json\" class=\"yoast-schema-graph\">{\"@context\":\"https:\/\/schema.org\",\"@graph\":[{\"@type\":\"Article\",\"@id\":\"https:\/\/www.pm.pb.gov.br\/portal\/2025\/08\/20\/acao-conjunta-entre-forcas-de-seguranca-cumprem-mandados-de-prisao-no-litoral-sul-da-paraiba\/#article\",\"isPartOf\":{\"@id\":\"https:\/\/www.pm.pb.gov.br\/portal\/2025\/08\/20\/acao-conjunta-entre-forcas-de-seguranca-cumprem-mandados-de-prisao-no-litoral-sul-da-paraiba\/\"},\"author\":{\"name\":\"Assessoria de Imprensa da PMPB\",\"@id\":\"https:\/\/www.pm.pb.gov.br\/portal\/#\/schema\/person\/e8454f46651c3ecf0e1ba3c1666d9947\"},\"headline\":\"A\u00e7\u00e3o conjunta entre For\u00e7as de Seguran\u00e7a cumprem mandados de pris\u00e3o no litoral sul da Para\u00edba\",\"datePublished\":\"2025-08-20T17:26:49+00:00\",\"dateModified\":\"2025-08-20T17:26:52+00:00\",\"mainEntityOfPage\":{\"@id\":\"https:\/\/www.pm.pb.gov.br\/portal\/2025\/08\/20\/acao-conjunta-entre-forcas-de-seguranca-cumprem-mandados-de-prisao-no-litoral-sul-da-paraiba\/\"},\"wordCount\":136,\"publisher\":{\"@id\":\"https:\/\/www.pm.pb.gov.br\/portal\/#organization\"},\"articleSection\":[\"A\u00e7\u00f5es Policiais\"],\"inLanguage\":\"pt-BR\"},{\"@type\":\"WebPage\",\"@id\":\"https:\/\/www.pm.pb.gov.br\/portal\/2025\/08\/20\/acao-conjunta-entre-forcas-de-seguranca-cumprem-mandados-de-prisao-no-litoral-sul-da-paraiba\/\",\"url\":\"https:\/\/www.pm.pb.gov.br\/portal\/2025\/08\/20\/acao-conjunta-entre-forcas-de-seguranca-cumprem-mandados-de-prisao-no-litoral-sul-da-paraiba\/\",\"name\":\"A\u00e7\u00e3o conjunta entre For\u00e7as de Seguran\u00e7a cumprem mandados de pris\u00e3o no litoral sul da Para\u00edba - Pol\u00edcia Militar da Para\u00edba\",\"isPartOf\":{\"@id\":\"https:\/\/www.pm.pb.gov.br\/portal\/#website\"},\"datePublished\":\"2025-08-20T17:26:49+00:00\",\"dateModified\":\"2025-08-20T17:26:52+00:00\",\"breadcrumb\":{\"@id\":\"https:\/\/www.pm.pb.gov.br\/portal\/2025\/08\/20\/acao-conjunta-entre-forcas-de-seguranca-cumprem-mandados-de-prisao-no-litoral-sul-da-paraiba\/#breadcrumb\"},\"inLanguage\":\"pt-BR\",\"potentialAction\":[{\"@type\":\"ReadAction\",\"target\":[\"https:\/\/www.pm.pb.gov.br\/portal\/2025\/08\/20\/acao-conjunta-entre-forcas-de-seguranca-cumprem-mandados-de-prisao-no-litoral-sul-da-paraiba\/\"]}]},{\"@type\":\"BreadcrumbList\",\"@id\":\"https:\/\/www.pm.pb.gov.br\/portal\/2025\/08\/20\/acao-conjunta-entre-forcas-de-seguranca-cumprem-mandados-de-prisao-no-litoral-sul-da-paraiba\/#breadcrumb\",\"itemListElement\":[{\"@type\":\"ListItem\",\"position\":1,\"name\":\"In\u00edcio\",\"item\":\"https:\/\/www.pm.pb.gov.br\/portal\/\"},{\"@type\":\"ListItem\",\"position\":2,\"name\":\"A\u00e7\u00e3o conjunta entre For\u00e7as de Seguran\u00e7a cumprem mandados de pris\u00e3o no litoral sul da Para\u00edba\"}]},{\"@type\":\"WebSite\",\"@id\":\"https:\/\/www.pm.pb.gov.br\/portal\/#website\",\"url\":\"https:\/\/www.pm.pb.gov.br\/portal\/\",\"name\":\"Pol\u00edcia Militar da Para\u00edba\",\"description\":\"\",\"publisher\":{\"@id\":\"https:\/\/www.pm.pb.gov.br\/portal\/#organization\"},\"potentialAction\":[{\"@type\":\"SearchAction\",\"target\":{\"@type\":\"EntryPoint\",\"urlTemplate\":\"https:\/\/www.pm.pb.gov.br\/portal\/?s={search_term_string}\"},\"query-input\":\"required name=search_term_string\"}],\"inLanguage\":\"pt-BR\"},{\"@type\":\"Organization\",\"@id\":\"https:\/\/www.pm.pb.gov.br\/portal\/#organization\",\"name\":\"Pol\u00edcia Militar da Para\u00edba\",\"url\":\"https:\/\/www.pm.pb.gov.br\/portal\/\",\"logo\":{\"@type\":\"ImageObject\",\"inLanguage\":\"pt-BR\",\"@id\":\"https:\/\/www.pm.pb.gov.br\/portal\/#\/schema\/logo\/image\/\",\"url\":\"https:\/\/www.pm.pb.gov.br\/portal\/wp-content\/uploads\/2025\/03\/cropped-logo-site-mag2-1.png\",\"contentUrl\":\"https:\/\/www.pm.pb.gov.br\/portal\/wp-content\/uploads\/2025\/03\/cropped-logo-site-mag2-1.png\",\"width\":320,\"height\":90,\"caption\":\"Pol\u00edcia Militar da Para\u00edba\"},\"image\":{\"@id\":\"https:\/\/www.pm.pb.gov.br\/portal\/#\/schema\/logo\/image\/\"}},{\"@type\":\"Person\",\"@id\":\"https:\/\/www.pm.pb.gov.br\/portal\/#\/schema\/person\/e8454f46651c3ecf0e1ba3c1666d9947\",\"name\":\"Assessoria de Imprensa da PMPB\",\"image\":{\"@type\":\"ImageObject\",\"inLanguage\":\"pt-BR\",\"@id\":\"https:\/\/www.pm.pb.gov.br\/portal\/#\/schema\/person\/image\/\",\"url\":\"https:\/\/secure.gravatar.com\/avatar\/2efe197438265d1e90bd98c4c8e1acf8?s=96&d=mm&r=g\",\"contentUrl\":\"https:\/\/secure.gravatar.com\/avatar\/2efe197438265d1e90bd98c4c8e1acf8?s=96&d=mm&r=g\",\"caption\":\"Assessoria de Imprensa da PMPB\"},\"url\":\"https:\/\/www.pm.pb.gov.br\/portal\/author\/assessoria\/\"}]}<\/script>\n<!-- \/ Yoast SEO plugin. -->","yoast_head_json":{"title":"A\u00e7\u00e3o conjunta entre For\u00e7as de Seguran\u00e7a cumprem mandados de pris\u00e3o no litoral sul da Para\u00edba - Pol\u00edcia Militar da Para\u00edba","robots":{"index":"index","follow":"follow","max-snippet":"max-snippet:-1","max-image-preview":"max-image-preview:large","max-video-preview":"max-video-preview:-1"},"canonical":"https:\/\/www.pm.pb.gov.br\/portal\/2025\/08\/20\/acao-conjunta-entre-forcas-de-seguranca-cumprem-mandados-de-prisao-no-litoral-sul-da-paraiba\/","og_locale":"pt_BR","og_type":"article","og_title":"A\u00e7\u00e3o conjunta entre For\u00e7as de Seguran\u00e7a cumprem mandados de pris\u00e3o no litoral sul da Para\u00edba - Pol\u00edcia Militar da Para\u00edba","og_description":"Uma opera\u00e7\u00e3o conjunta entre as Pol\u00edcias Militar, Civil e Guarda Municipal cumpriram mandados de pris\u00e3o, busca e apreens\u00e3o na cidade","og_url":"https:\/\/www.pm.pb.gov.br\/portal\/2025\/08\/20\/acao-conjunta-entre-forcas-de-seguranca-cumprem-mandados-de-prisao-no-litoral-sul-da-paraiba\/","og_site_name":"Pol\u00edcia Militar da Para\u00edba","article_published_time":"2025-08-20T17:26:49+00:00","article_modified_time":"2025-08-20T17:26:52+00:00","og_image":[{"width":1600,"height":890,"url":"http:\/\/www.pm.pb.gov.br\/portal\/wp-content\/uploads\/2025\/08\/WhatsApp-Image-2025-08-20-at-11.09.05.jpeg","type":"image\/jpeg"}],"author":"Assessoria de Imprensa da PMPB","twitter_card":"summary_large_image","twitter_misc":{"Escrito por":"Assessoria de Imprensa da PMPB","Est. tempo de leitura":"1 minuto"},"schema":{"@context":"https:\/\/schema.org","@graph":[{"@type":"Article","@id":"https:\/\/www.pm.pb.gov.br\/portal\/2025\/08\/20\/acao-conjunta-entre-forcas-de-seguranca-cumprem-mandados-de-prisao-no-litoral-sul-da-paraiba\/#article","isPartOf":{"@id":"https:\/\/www.pm.pb.gov.br\/portal\/2025\/08\/20\/acao-conjunta-entre-forcas-de-seguranca-cumprem-mandados-de-prisao-no-litoral-sul-da-paraiba\/"},"author":{"name":"Assessoria de Imprensa da PMPB","@id":"https:\/\/www.pm.pb.gov.br\/portal\/#\/schema\/person\/e8454f46651c3ecf0e1ba3c1666d9947"},"headline":"A\u00e7\u00e3o conjunta entre For\u00e7as de Seguran\u00e7a cumprem mandados de pris\u00e3o no litoral sul da Para\u00edba","datePublished":"2025-08-20T17:26:49+00:00","dateModified":"2025-08-20T17:26:52+00:00","mainEntityOfPage":{"@id":"https:\/\/www.pm.pb.gov.br\/portal\/2025\/08\/20\/acao-conjunta-entre-forcas-de-seguranca-cumprem-mandados-de-prisao-no-litoral-sul-da-paraiba\/"},"wordCount":136,"publisher":{"@id":"https:\/\/www.pm.pb.gov.br\/portal\/#organization"},"articleSection":["A\u00e7\u00f5es Policiais"],"inLanguage":"pt-BR"},{"@type":"WebPage","@id":"https:\/\/www.pm.pb.gov.br\/portal\/2025\/08\/20\/acao-conjunta-entre-forcas-de-seguranca-cumprem-mandados-de-prisao-no-litoral-sul-da-paraiba\/","url":"https:\/\/www.pm.pb.gov.br\/portal\/2025\/08\/20\/acao-conjunta-entre-forcas-de-seguranca-cumprem-mandados-de-prisao-no-litoral-sul-da-paraiba\/","name":"A\u00e7\u00e3o conjunta entre For\u00e7as de Seguran\u00e7a cumprem mandados de pris\u00e3o no litoral sul da Para\u00edba - Pol\u00edcia Militar da Para\u00edba","isPartOf":{"@id":"https:\/\/www.pm.pb.gov.br\/portal\/#website"},"datePublished":"2025-08-20T17:26:49+00:00","dateModified":"2025-08-20T17:26:52+00:00","breadcrumb":{"@id":"https:\/\/www.pm.pb.gov.br\/portal\/2025\/08\/20\/acao-conjunta-entre-forcas-de-seguranca-cumprem-mandados-de-prisao-no-litoral-sul-da-paraiba\/#breadcrumb"},"inLanguage":"pt-BR","potentialAction":[{"@type":"ReadAction","target":["https:\/\/www.pm.pb.gov.br\/portal\/2025\/08\/20\/acao-conjunta-entre-forcas-de-seguranca-cumprem-mandados-de-prisao-no-litoral-sul-da-paraiba\/"]}]},{"@type":"BreadcrumbList","@id":"https:\/\/www.pm.pb.gov.br\/portal\/2025\/08\/20\/acao-conjunta-entre-forcas-de-seguranca-cumprem-mandados-de-prisao-no-litoral-sul-da-paraiba\/#breadcrumb","itemListElement":[{"@type":"ListItem","position":1,"name":"In\u00edcio","item":"https:\/\/www.pm.pb.gov.br\/portal\/"},{"@type":"ListItem","position":2,"name":"A\u00e7\u00e3o conjunta entre For\u00e7as de Seguran\u00e7a cumprem mandados de pris\u00e3o no litoral sul da Para\u00edba"}]},{"@type":"WebSite","@id":"https:\/\/www.pm.pb.gov.br\/portal\/#website","url":"https:\/\/www.pm.pb.gov.br\/portal\/","name":"Pol\u00edcia Militar da Para\u00edba","description":"","publisher":{"@id":"https:\/\/www.pm.pb.gov.br\/portal\/#organization"},"potentialAction":[{"@type":"SearchAction","target":{"@type":"EntryPoint","urlTemplate":"https:\/\/www.pm.pb.gov.br\/portal\/?s={search_term_string}"},"query-input":"required name=search_term_string"}],"inLanguage":"pt-BR"},{"@type":"Organization","@id":"https:\/\/www.pm.pb.gov.br\/portal\/#organization","name":"Pol\u00edcia Militar da Para\u00edba","url":"https:\/\/www.pm.pb.gov.br\/portal\/","logo":{"@type":"ImageObject","inLanguage":"pt-BR","@id":"https:\/\/www.pm.pb.gov.br\/portal\/#\/schema\/logo\/image\/","url":"https:\/\/www.pm.pb.gov.br\/portal\/wp-content\/uploads\/2025\/03\/cropped-logo-site-mag2-1.png","contentUrl":"https:\/\/www.pm.pb.gov.br\/portal\/wp-content\/uploads\/2025\/03\/cropped-logo-site-mag2-1.png","width":320,"height":90,"caption":"Pol\u00edcia Militar da Para\u00edba"},"image":{"@id":"https:\/\/www.pm.pb.gov.br\/portal\/#\/schema\/logo\/image\/"}},{"@type":"Person","@id":"https:\/\/www.pm.pb.gov.br\/portal\/#\/schema\/person\/e8454f46651c3ecf0e1ba3c1666d9947","name":"Assessoria de Imprensa da PMPB","image":{"@type":"ImageObject","inLanguage":"pt-BR","@id":"https:\/\/www.pm.pb.gov.br\/portal\/#\/schema\/person\/image\/","url":"https:\/\/secure.gravatar.com\/avatar\/2efe197438265d1e90bd98c4c8e1acf8?s=96&d=mm&r=g","contentUrl":"https:\/\/secure.gravatar.com\/avatar\/2efe197438265d1e90bd98c4c8e1acf8?s=96&d=mm&r=g","caption":"Assessoria de Imprensa da PMPB"},"url":"https:\/\/www.pm.pb.gov.br\/portal\/author\/assessoria\/"}]}},"_links":{"self":[{"href":"https:\/\/www.pm.pb.gov.br\/portal\/wp-json\/wp\/v2\/posts\/927758"}],"collection":[{"href":"https:\/\/www.pm.pb.gov.br\/portal\/wp-json\/wp\/v2\/posts"}],"about":[{"href":"https:\/\/www.pm.pb.gov.br\/portal\/wp-json\/wp\/v2\/types\/post"}],"author":[{"embeddable":true,"href":"https:\/\/www.pm.pb.gov.br\/portal\/wp-json\/wp\/v2\/users\/5"}],"replies":[{"embeddable":true,"href":"https:\/\/www.pm.pb.gov.br\/portal\/wp-json\/wp\/v2\/comments?post=927758"}],"version-history":[{"count":1,"href":"https:\/\/www.pm.pb.gov.br\/portal\/wp-json\/wp\/v2\/posts\/927758\/revisions"}],"predecessor-version":[{"id":927761,"href":"https:\/\/www.pm.pb.gov.br\/portal\/wp-json\/wp\/v2\/posts\/927758\/revisions\/927761"}],"wp:featuredmedia":[{"embeddable":true,"href":"https:\/\/www.pm.pb.gov.br\/portal\/wp-json\/wp\/v2\/media\/927760"}],"wp:attachment":[{"href":"https:\/\/www.pm.pb.gov.br\/portal\/wp-json\/wp\/v2\/media?parent=927758"}],"wp:term":[{"taxonomy":"category","embeddable":true,"href":"https:\/\/www.pm.pb.gov.br\/portal\/wp-json\/wp\/v2\/categories?post=927758"},{"taxonomy":"post_tag","embeddable":true,"href":"https:\/\/www.pm.pb.gov.br\/portal\/wp-json\/wp\/v2\/tags?post=927758"}],"curies":[{"name":"wp","href":"https:\/\/api.w.org\/{rel}","templated":true}]}}