{"id":927656,"date":"2025-08-15T14:41:55","date_gmt":"2025-08-15T17:41:55","guid":{"rendered":"https:\/\/www.pm.pb.gov.br\/portal\/?p=927656"},"modified":"2025-08-15T14:42:29","modified_gmt":"2025-08-15T17:42:29","slug":"militares-devem-atualizar-dados-dos-dependentes-para-que-eles-tenham-acesso-aos-atendimentos-na-policlinica-integada-da-seguranca-publica-poinsp","status":"publish","type":"post","link":"https:\/\/www.pm.pb.gov.br\/portal\/2025\/08\/15\/militares-devem-atualizar-dados-dos-dependentes-para-que-eles-tenham-acesso-aos-atendimentos-na-policlinica-integada-da-seguranca-publica-poinsp\/","title":{"rendered":"Militares devem atualizar dados dos dependentes para que eles tenham acesso aos atendimentos na Policl\u00ednica Integada da Seguran\u00e7a P\u00fablica (POINSP)"},"content":{"rendered":"A POINSP atender\u00e1 n\u00e3o s\u00f3 os militares, mas tamb\u00e9m os seus dependentes. Para isso, o Policial Militar deve procurar a P1 de sua respectiva unidade para atualizar os dados cadastrais do dependente no SIG (Sistema Informatizado de Gest\u00e3o da PMPB), informando o n\u00famero do CPF para viabilizar o atendimento, quando necess\u00e1rio.<br \/><br \/>Essa atualiza\u00e7\u00e3o \u00e9 imprescind\u00edvel para garantir o acesso aos servi\u00e7os prestados na POINSP, criada pelo Governo do Estado da Para\u00edba por meio da Lei n\u00ba 12.640\/2023, que est\u00e1  localizada na avenida Borja Peregrino, no bairro da Torre, em Jo\u00e3o Pessoa.<br \/><br \/>O espa\u00e7o oferecer\u00e1 atendimento exclusivo para os profissionais da Seguran\u00e7a P\u00fablica e seus dependentes, ampliando o acesso \u00e0 assist\u00eancia m\u00e9dica e multiprofissional. Dentre os servi\u00e7os dispon\u00edveis, est\u00e3o consultas m\u00e9dicas, odontol\u00f3gicas, exames de diagn\u00f3stico \u2014 como ultrassonografia, eletrocardiograma, radiografia, ecocardiograma e exames laboratoriais \u2014 al\u00e9m de pequenos procedimentos cir\u00fargicos.<br \/><br \/>O Direitor-Geral da Unidade de Sa\u00fade, TC QOEM Jales Meneses, informou que antes da inaugura\u00e7\u00e3o, ser\u00e1 divulgado o sistema de agendamento de consultas, que ser\u00e1 totalmente on-line, garantindo praticidade, agilidade e transpar\u00eancia para todos os usu\u00e1rios.","protected":false},"excerpt":{"rendered":"<p>A POINSP atender\u00e1 n\u00e3o s\u00f3 os militares, mas tamb\u00e9m os seus dependentes. Para isso, o Policial Militar deve procurar a<\/p>\n","protected":false},"author":12,"featured_media":927657,"comment_status":"closed","ping_status":"closed","sticky":false,"template":"","format":"standard","meta":{"_exactmetrics_skip_tracking":false,"_exactmetrics_sitenote_active":false,"_exactmetrics_sitenote_note":"","_exactmetrics_sitenote_category":0,"footnotes":""},"categories":[15],"tags":[],"yoast_head":"<!-- This site is optimized with the Yoast SEO plugin v22.0 - https:\/\/yoast.com\/wordpress\/plugins\/seo\/ -->\n<title>Militares devem atualizar dados dos dependentes para que eles tenham acesso aos atendimentos na Policl\u00ednica Integada da Seguran\u00e7a P\u00fablica (POINSP) - Pol\u00edcia Militar da Para\u00edba<\/title>\n<meta name=\"robots\" content=\"index, follow, max-snippet:-1, max-image-preview:large, max-video-preview:-1\" \/>\n<link rel=\"canonical\" href=\"https:\/\/www.pm.pb.gov.br\/portal\/2025\/08\/15\/militares-devem-atualizar-dados-dos-dependentes-para-que-eles-tenham-acesso-aos-atendimentos-na-policlinica-integada-da-seguranca-publica-poinsp\/\" \/>\n<meta property=\"og:locale\" content=\"pt_BR\" \/>\n<meta property=\"og:type\" content=\"article\" \/>\n<meta property=\"og:title\" content=\"Militares devem atualizar dados dos dependentes para que eles tenham acesso aos atendimentos na Policl\u00ednica Integada da Seguran\u00e7a P\u00fablica (POINSP) - Pol\u00edcia Militar da Para\u00edba\" \/>\n<meta property=\"og:description\" content=\"A POINSP atender\u00e1 n\u00e3o s\u00f3 os militares, mas tamb\u00e9m os seus dependentes. Para isso, o Policial Militar deve procurar a\" \/>\n<meta property=\"og:url\" content=\"https:\/\/www.pm.pb.gov.br\/portal\/2025\/08\/15\/militares-devem-atualizar-dados-dos-dependentes-para-que-eles-tenham-acesso-aos-atendimentos-na-policlinica-integada-da-seguranca-publica-poinsp\/\" \/>\n<meta property=\"og:site_name\" content=\"Pol\u00edcia Militar da Para\u00edba\" \/>\n<meta property=\"article:published_time\" content=\"2025-08-15T17:41:55+00:00\" \/>\n<meta property=\"article:modified_time\" content=\"2025-08-15T17:42:29+00:00\" \/>\n<meta property=\"og:image\" content=\"http:\/\/www.pm.pb.gov.br\/portal\/wp-content\/uploads\/2025\/08\/unnamed.webp\" \/>\n\t<meta property=\"og:image:width\" content=\"680\" \/>\n\t<meta property=\"og:image:height\" content=\"510\" \/>\n\t<meta property=\"og:image:type\" content=\"image\/webp\" \/>\n<meta name=\"author\" content=\"Tarcisio Oliveira\" \/>\n<meta name=\"twitter:card\" content=\"summary_large_image\" \/>\n<meta name=\"twitter:label1\" content=\"Escrito por\" \/>\n\t<meta name=\"twitter:data1\" content=\"Tarcisio Oliveira\" \/>\n\t<meta name=\"twitter:label2\" content=\"Est. tempo de leitura\" \/>\n\t<meta name=\"twitter:data2\" content=\"2 minutos\" \/>\n<script type=\"application\/ld+json\" class=\"yoast-schema-graph\">{\"@context\":\"https:\/\/schema.org\",\"@graph\":[{\"@type\":\"Article\",\"@id\":\"https:\/\/www.pm.pb.gov.br\/portal\/2025\/08\/15\/militares-devem-atualizar-dados-dos-dependentes-para-que-eles-tenham-acesso-aos-atendimentos-na-policlinica-integada-da-seguranca-publica-poinsp\/#article\",\"isPartOf\":{\"@id\":\"https:\/\/www.pm.pb.gov.br\/portal\/2025\/08\/15\/militares-devem-atualizar-dados-dos-dependentes-para-que-eles-tenham-acesso-aos-atendimentos-na-policlinica-integada-da-seguranca-publica-poinsp\/\"},\"author\":{\"name\":\"Tarcisio Oliveira\",\"@id\":\"https:\/\/www.pm.pb.gov.br\/portal\/#\/schema\/person\/f84f56dcc78ce4357054da888b8247fd\"},\"headline\":\"Militares devem atualizar dados dos dependentes para que eles tenham acesso aos atendimentos na Policl\u00ednica Integada da Seguran\u00e7a P\u00fablica (POINSP)\",\"datePublished\":\"2025-08-15T17:41:55+00:00\",\"dateModified\":\"2025-08-15T17:42:29+00:00\",\"mainEntityOfPage\":{\"@id\":\"https:\/\/www.pm.pb.gov.br\/portal\/2025\/08\/15\/militares-devem-atualizar-dados-dos-dependentes-para-que-eles-tenham-acesso-aos-atendimentos-na-policlinica-integada-da-seguranca-publica-poinsp\/\"},\"wordCount\":220,\"publisher\":{\"@id\":\"https:\/\/www.pm.pb.gov.br\/portal\/#organization\"},\"articleSection\":[\"Informativo\"],\"inLanguage\":\"pt-BR\"},{\"@type\":\"WebPage\",\"@id\":\"https:\/\/www.pm.pb.gov.br\/portal\/2025\/08\/15\/militares-devem-atualizar-dados-dos-dependentes-para-que-eles-tenham-acesso-aos-atendimentos-na-policlinica-integada-da-seguranca-publica-poinsp\/\",\"url\":\"https:\/\/www.pm.pb.gov.br\/portal\/2025\/08\/15\/militares-devem-atualizar-dados-dos-dependentes-para-que-eles-tenham-acesso-aos-atendimentos-na-policlinica-integada-da-seguranca-publica-poinsp\/\",\"name\":\"Militares devem atualizar dados dos dependentes para que eles tenham acesso aos atendimentos na Policl\u00ednica Integada da Seguran\u00e7a P\u00fablica (POINSP) - Pol\u00edcia Militar da Para\u00edba\",\"isPartOf\":{\"@id\":\"https:\/\/www.pm.pb.gov.br\/portal\/#website\"},\"datePublished\":\"2025-08-15T17:41:55+00:00\",\"dateModified\":\"2025-08-15T17:42:29+00:00\",\"breadcrumb\":{\"@id\":\"https:\/\/www.pm.pb.gov.br\/portal\/2025\/08\/15\/militares-devem-atualizar-dados-dos-dependentes-para-que-eles-tenham-acesso-aos-atendimentos-na-policlinica-integada-da-seguranca-publica-poinsp\/#breadcrumb\"},\"inLanguage\":\"pt-BR\",\"potentialAction\":[{\"@type\":\"ReadAction\",\"target\":[\"https:\/\/www.pm.pb.gov.br\/portal\/2025\/08\/15\/militares-devem-atualizar-dados-dos-dependentes-para-que-eles-tenham-acesso-aos-atendimentos-na-policlinica-integada-da-seguranca-publica-poinsp\/\"]}]},{\"@type\":\"BreadcrumbList\",\"@id\":\"https:\/\/www.pm.pb.gov.br\/portal\/2025\/08\/15\/militares-devem-atualizar-dados-dos-dependentes-para-que-eles-tenham-acesso-aos-atendimentos-na-policlinica-integada-da-seguranca-publica-poinsp\/#breadcrumb\",\"itemListElement\":[{\"@type\":\"ListItem\",\"position\":1,\"name\":\"In\u00edcio\",\"item\":\"https:\/\/www.pm.pb.gov.br\/portal\/\"},{\"@type\":\"ListItem\",\"position\":2,\"name\":\"Militares devem atualizar dados dos dependentes para que eles tenham acesso aos atendimentos na Policl\u00ednica Integada da Seguran\u00e7a P\u00fablica (POINSP)\"}]},{\"@type\":\"WebSite\",\"@id\":\"https:\/\/www.pm.pb.gov.br\/portal\/#website\",\"url\":\"https:\/\/www.pm.pb.gov.br\/portal\/\",\"name\":\"Pol\u00edcia Militar da Para\u00edba\",\"description\":\"\",\"publisher\":{\"@id\":\"https:\/\/www.pm.pb.gov.br\/portal\/#organization\"},\"potentialAction\":[{\"@type\":\"SearchAction\",\"target\":{\"@type\":\"EntryPoint\",\"urlTemplate\":\"https:\/\/www.pm.pb.gov.br\/portal\/?s={search_term_string}\"},\"query-input\":\"required name=search_term_string\"}],\"inLanguage\":\"pt-BR\"},{\"@type\":\"Organization\",\"@id\":\"https:\/\/www.pm.pb.gov.br\/portal\/#organization\",\"name\":\"Pol\u00edcia Militar da Para\u00edba\",\"url\":\"https:\/\/www.pm.pb.gov.br\/portal\/\",\"logo\":{\"@type\":\"ImageObject\",\"inLanguage\":\"pt-BR\",\"@id\":\"https:\/\/www.pm.pb.gov.br\/portal\/#\/schema\/logo\/image\/\",\"url\":\"https:\/\/www.pm.pb.gov.br\/portal\/wp-content\/uploads\/2025\/03\/cropped-logo-site-mag2-1.png\",\"contentUrl\":\"https:\/\/www.pm.pb.gov.br\/portal\/wp-content\/uploads\/2025\/03\/cropped-logo-site-mag2-1.png\",\"width\":320,\"height\":90,\"caption\":\"Pol\u00edcia Militar da Para\u00edba\"},\"image\":{\"@id\":\"https:\/\/www.pm.pb.gov.br\/portal\/#\/schema\/logo\/image\/\"}},{\"@type\":\"Person\",\"@id\":\"https:\/\/www.pm.pb.gov.br\/portal\/#\/schema\/person\/f84f56dcc78ce4357054da888b8247fd\",\"name\":\"Tarcisio Oliveira\",\"image\":{\"@type\":\"ImageObject\",\"inLanguage\":\"pt-BR\",\"@id\":\"https:\/\/www.pm.pb.gov.br\/portal\/#\/schema\/person\/image\/\",\"url\":\"https:\/\/secure.gravatar.com\/avatar\/72917b630b69d31cd0297507f34bac97?s=96&d=mm&r=g\",\"contentUrl\":\"https:\/\/secure.gravatar.com\/avatar\/72917b630b69d31cd0297507f34bac97?s=96&d=mm&r=g\",\"caption\":\"Tarcisio Oliveira\"},\"url\":\"https:\/\/www.pm.pb.gov.br\/portal\/author\/tarcisio\/\"}]}<\/script>\n<!-- \/ Yoast SEO plugin. -->","yoast_head_json":{"title":"Militares devem atualizar dados dos dependentes para que eles tenham acesso aos atendimentos na Policl\u00ednica Integada da Seguran\u00e7a P\u00fablica (POINSP) - Pol\u00edcia Militar da Para\u00edba","robots":{"index":"index","follow":"follow","max-snippet":"max-snippet:-1","max-image-preview":"max-image-preview:large","max-video-preview":"max-video-preview:-1"},"canonical":"https:\/\/www.pm.pb.gov.br\/portal\/2025\/08\/15\/militares-devem-atualizar-dados-dos-dependentes-para-que-eles-tenham-acesso-aos-atendimentos-na-policlinica-integada-da-seguranca-publica-poinsp\/","og_locale":"pt_BR","og_type":"article","og_title":"Militares devem atualizar dados dos dependentes para que eles tenham acesso aos atendimentos na Policl\u00ednica Integada da Seguran\u00e7a P\u00fablica (POINSP) - Pol\u00edcia Militar da Para\u00edba","og_description":"A POINSP atender\u00e1 n\u00e3o s\u00f3 os militares, mas tamb\u00e9m os seus dependentes. Para isso, o Policial Militar deve procurar a","og_url":"https:\/\/www.pm.pb.gov.br\/portal\/2025\/08\/15\/militares-devem-atualizar-dados-dos-dependentes-para-que-eles-tenham-acesso-aos-atendimentos-na-policlinica-integada-da-seguranca-publica-poinsp\/","og_site_name":"Pol\u00edcia Militar da Para\u00edba","article_published_time":"2025-08-15T17:41:55+00:00","article_modified_time":"2025-08-15T17:42:29+00:00","og_image":[{"width":680,"height":510,"url":"http:\/\/www.pm.pb.gov.br\/portal\/wp-content\/uploads\/2025\/08\/unnamed.webp","type":"image\/webp"}],"author":"Tarcisio Oliveira","twitter_card":"summary_large_image","twitter_misc":{"Escrito por":"Tarcisio Oliveira","Est. tempo de leitura":"2 minutos"},"schema":{"@context":"https:\/\/schema.org","@graph":[{"@type":"Article","@id":"https:\/\/www.pm.pb.gov.br\/portal\/2025\/08\/15\/militares-devem-atualizar-dados-dos-dependentes-para-que-eles-tenham-acesso-aos-atendimentos-na-policlinica-integada-da-seguranca-publica-poinsp\/#article","isPartOf":{"@id":"https:\/\/www.pm.pb.gov.br\/portal\/2025\/08\/15\/militares-devem-atualizar-dados-dos-dependentes-para-que-eles-tenham-acesso-aos-atendimentos-na-policlinica-integada-da-seguranca-publica-poinsp\/"},"author":{"name":"Tarcisio Oliveira","@id":"https:\/\/www.pm.pb.gov.br\/portal\/#\/schema\/person\/f84f56dcc78ce4357054da888b8247fd"},"headline":"Militares devem atualizar dados dos dependentes para que eles tenham acesso aos atendimentos na Policl\u00ednica Integada da Seguran\u00e7a P\u00fablica (POINSP)","datePublished":"2025-08-15T17:41:55+00:00","dateModified":"2025-08-15T17:42:29+00:00","mainEntityOfPage":{"@id":"https:\/\/www.pm.pb.gov.br\/portal\/2025\/08\/15\/militares-devem-atualizar-dados-dos-dependentes-para-que-eles-tenham-acesso-aos-atendimentos-na-policlinica-integada-da-seguranca-publica-poinsp\/"},"wordCount":220,"publisher":{"@id":"https:\/\/www.pm.pb.gov.br\/portal\/#organization"},"articleSection":["Informativo"],"inLanguage":"pt-BR"},{"@type":"WebPage","@id":"https:\/\/www.pm.pb.gov.br\/portal\/2025\/08\/15\/militares-devem-atualizar-dados-dos-dependentes-para-que-eles-tenham-acesso-aos-atendimentos-na-policlinica-integada-da-seguranca-publica-poinsp\/","url":"https:\/\/www.pm.pb.gov.br\/portal\/2025\/08\/15\/militares-devem-atualizar-dados-dos-dependentes-para-que-eles-tenham-acesso-aos-atendimentos-na-policlinica-integada-da-seguranca-publica-poinsp\/","name":"Militares devem atualizar dados dos dependentes para que eles tenham acesso aos atendimentos na Policl\u00ednica Integada da Seguran\u00e7a P\u00fablica (POINSP) - Pol\u00edcia Militar da Para\u00edba","isPartOf":{"@id":"https:\/\/www.pm.pb.gov.br\/portal\/#website"},"datePublished":"2025-08-15T17:41:55+00:00","dateModified":"2025-08-15T17:42:29+00:00","breadcrumb":{"@id":"https:\/\/www.pm.pb.gov.br\/portal\/2025\/08\/15\/militares-devem-atualizar-dados-dos-dependentes-para-que-eles-tenham-acesso-aos-atendimentos-na-policlinica-integada-da-seguranca-publica-poinsp\/#breadcrumb"},"inLanguage":"pt-BR","potentialAction":[{"@type":"ReadAction","target":["https:\/\/www.pm.pb.gov.br\/portal\/2025\/08\/15\/militares-devem-atualizar-dados-dos-dependentes-para-que-eles-tenham-acesso-aos-atendimentos-na-policlinica-integada-da-seguranca-publica-poinsp\/"]}]},{"@type":"BreadcrumbList","@id":"https:\/\/www.pm.pb.gov.br\/portal\/2025\/08\/15\/militares-devem-atualizar-dados-dos-dependentes-para-que-eles-tenham-acesso-aos-atendimentos-na-policlinica-integada-da-seguranca-publica-poinsp\/#breadcrumb","itemListElement":[{"@type":"ListItem","position":1,"name":"In\u00edcio","item":"https:\/\/www.pm.pb.gov.br\/portal\/"},{"@type":"ListItem","position":2,"name":"Militares devem atualizar dados dos dependentes para que eles tenham acesso aos atendimentos na Policl\u00ednica Integada da Seguran\u00e7a P\u00fablica (POINSP)"}]},{"@type":"WebSite","@id":"https:\/\/www.pm.pb.gov.br\/portal\/#website","url":"https:\/\/www.pm.pb.gov.br\/portal\/","name":"Pol\u00edcia Militar da Para\u00edba","description":"","publisher":{"@id":"https:\/\/www.pm.pb.gov.br\/portal\/#organization"},"potentialAction":[{"@type":"SearchAction","target":{"@type":"EntryPoint","urlTemplate":"https:\/\/www.pm.pb.gov.br\/portal\/?s={search_term_string}"},"query-input":"required name=search_term_string"}],"inLanguage":"pt-BR"},{"@type":"Organization","@id":"https:\/\/www.pm.pb.gov.br\/portal\/#organization","name":"Pol\u00edcia Militar da Para\u00edba","url":"https:\/\/www.pm.pb.gov.br\/portal\/","logo":{"@type":"ImageObject","inLanguage":"pt-BR","@id":"https:\/\/www.pm.pb.gov.br\/portal\/#\/schema\/logo\/image\/","url":"https:\/\/www.pm.pb.gov.br\/portal\/wp-content\/uploads\/2025\/03\/cropped-logo-site-mag2-1.png","contentUrl":"https:\/\/www.pm.pb.gov.br\/portal\/wp-content\/uploads\/2025\/03\/cropped-logo-site-mag2-1.png","width":320,"height":90,"caption":"Pol\u00edcia Militar da Para\u00edba"},"image":{"@id":"https:\/\/www.pm.pb.gov.br\/portal\/#\/schema\/logo\/image\/"}},{"@type":"Person","@id":"https:\/\/www.pm.pb.gov.br\/portal\/#\/schema\/person\/f84f56dcc78ce4357054da888b8247fd","name":"Tarcisio Oliveira","image":{"@type":"ImageObject","inLanguage":"pt-BR","@id":"https:\/\/www.pm.pb.gov.br\/portal\/#\/schema\/person\/image\/","url":"https:\/\/secure.gravatar.com\/avatar\/72917b630b69d31cd0297507f34bac97?s=96&d=mm&r=g","contentUrl":"https:\/\/secure.gravatar.com\/avatar\/72917b630b69d31cd0297507f34bac97?s=96&d=mm&r=g","caption":"Tarcisio Oliveira"},"url":"https:\/\/www.pm.pb.gov.br\/portal\/author\/tarcisio\/"}]}},"_links":{"self":[{"href":"https:\/\/www.pm.pb.gov.br\/portal\/wp-json\/wp\/v2\/posts\/927656"}],"collection":[{"href":"https:\/\/www.pm.pb.gov.br\/portal\/wp-json\/wp\/v2\/posts"}],"about":[{"href":"https:\/\/www.pm.pb.gov.br\/portal\/wp-json\/wp\/v2\/types\/post"}],"author":[{"embeddable":true,"href":"https:\/\/www.pm.pb.gov.br\/portal\/wp-json\/wp\/v2\/users\/12"}],"replies":[{"embeddable":true,"href":"https:\/\/www.pm.pb.gov.br\/portal\/wp-json\/wp\/v2\/comments?post=927656"}],"version-history":[{"count":1,"href":"https:\/\/www.pm.pb.gov.br\/portal\/wp-json\/wp\/v2\/posts\/927656\/revisions"}],"predecessor-version":[{"id":927658,"href":"https:\/\/www.pm.pb.gov.br\/portal\/wp-json\/wp\/v2\/posts\/927656\/revisions\/927658"}],"wp:featuredmedia":[{"embeddable":true,"href":"https:\/\/www.pm.pb.gov.br\/portal\/wp-json\/wp\/v2\/media\/927657"}],"wp:attachment":[{"href":"https:\/\/www.pm.pb.gov.br\/portal\/wp-json\/wp\/v2\/media?parent=927656"}],"wp:term":[{"taxonomy":"category","embeddable":true,"href":"https:\/\/www.pm.pb.gov.br\/portal\/wp-json\/wp\/v2\/categories?post=927656"},{"taxonomy":"post_tag","embeddable":true,"href":"https:\/\/www.pm.pb.gov.br\/portal\/wp-json\/wp\/v2\/tags?post=927656"}],"curies":[{"name":"wp","href":"https:\/\/api.w.org\/{rel}","templated":true}]}}