{"id":927612,"date":"2025-08-13T16:52:17","date_gmt":"2025-08-13T19:52:17","guid":{"rendered":"https:\/\/www.pm.pb.gov.br\/portal\/?p=927612"},"modified":"2025-08-13T16:52:19","modified_gmt":"2025-08-13T19:52:19","slug":"policia-militar-apreende-arma-e-drogas-dentro-de-comunidade-da-cidade-de-jacarau","status":"publish","type":"post","link":"https:\/\/www.pm.pb.gov.br\/portal\/2025\/08\/13\/policia-militar-apreende-arma-e-drogas-dentro-de-comunidade-da-cidade-de-jacarau\/","title":{"rendered":"Pol\u00edcia Militar apreende arma e drogas dentro de comunidade da cidade de Jacara\u00fa"},"content":{"rendered":"A Pol\u00edcia Militar apreendeu uma espingarda e mais de 60 por\u00e7\u00f5es de drogas, nessa ter\u00e7a-feira (12), em uma a\u00e7\u00e3o na comunidade conhecida como Favelinha, que fica na cidade de Jacara\u00fa, litoral norte da Para\u00edba. <br \/><br \/>A apreens\u00e3o foi realizada por equipes da For\u00e7a T\u00e1tica e R\u00e1dio Patrulha da 2\u00aa Companhia Independente da PM (2\u00aa CIPM), ap\u00f3s den\u00fancia de que teriam suspeitos atuando no tr\u00e1fico de drogas da localidade. Houve troca de tiros e um suspeito saiu ferido e foi socorrido sob cust\u00f3dia. A ocorr\u00eancia foi levada para a Delegacia de Pol\u00edcia, em Mamanguape.<br \/><br \/>","protected":false},"excerpt":{"rendered":"<p>A Pol\u00edcia Militar apreendeu uma espingarda e mais de 60 por\u00e7\u00f5es de drogas, nessa ter\u00e7a-feira (12), em uma a\u00e7\u00e3o na<\/p>\n","protected":false},"author":18,"featured_media":927620,"comment_status":"closed","ping_status":"closed","sticky":false,"template":"","format":"standard","meta":{"_exactmetrics_skip_tracking":false,"_exactmetrics_sitenote_active":false,"_exactmetrics_sitenote_note":"","_exactmetrics_sitenote_category":0,"footnotes":""},"categories":[4],"tags":[],"yoast_head":"<!-- This site is optimized with the Yoast SEO plugin v22.0 - https:\/\/yoast.com\/wordpress\/plugins\/seo\/ -->\n<title>Pol\u00edcia Militar apreende arma e drogas dentro de comunidade da cidade de Jacara\u00fa - Pol\u00edcia Militar da Para\u00edba<\/title>\n<meta name=\"robots\" content=\"index, follow, max-snippet:-1, max-image-preview:large, max-video-preview:-1\" \/>\n<link rel=\"canonical\" href=\"https:\/\/www.pm.pb.gov.br\/portal\/2025\/08\/13\/policia-militar-apreende-arma-e-drogas-dentro-de-comunidade-da-cidade-de-jacarau\/\" \/>\n<meta property=\"og:locale\" content=\"pt_BR\" \/>\n<meta property=\"og:type\" content=\"article\" \/>\n<meta property=\"og:title\" content=\"Pol\u00edcia Militar apreende arma e drogas dentro de comunidade da cidade de Jacara\u00fa - Pol\u00edcia Militar da Para\u00edba\" \/>\n<meta property=\"og:description\" content=\"A Pol\u00edcia Militar apreendeu uma espingarda e mais de 60 por\u00e7\u00f5es de drogas, nessa ter\u00e7a-feira (12), em uma a\u00e7\u00e3o na\" \/>\n<meta property=\"og:url\" content=\"https:\/\/www.pm.pb.gov.br\/portal\/2025\/08\/13\/policia-militar-apreende-arma-e-drogas-dentro-de-comunidade-da-cidade-de-jacarau\/\" \/>\n<meta property=\"og:site_name\" content=\"Pol\u00edcia Militar da Para\u00edba\" \/>\n<meta property=\"article:published_time\" content=\"2025-08-13T19:52:17+00:00\" \/>\n<meta property=\"article:modified_time\" content=\"2025-08-13T19:52:19+00:00\" \/>\n<meta property=\"og:image\" content=\"http:\/\/www.pm.pb.gov.br\/portal\/wp-content\/uploads\/2025\/08\/WhatsApp-Image-2025-08-13-at-7.06.24-AM-scaled.jpeg\" \/>\n\t<meta property=\"og:image:width\" content=\"2560\" \/>\n\t<meta property=\"og:image:height\" content=\"1920\" \/>\n\t<meta property=\"og:image:type\" content=\"image\/jpeg\" \/>\n<meta name=\"author\" content=\"Luiz Duarte\" \/>\n<meta name=\"twitter:card\" content=\"summary_large_image\" \/>\n<meta name=\"twitter:label1\" content=\"Escrito por\" \/>\n\t<meta name=\"twitter:data1\" content=\"Luiz Duarte\" \/>\n\t<meta name=\"twitter:label2\" content=\"Est. tempo de leitura\" \/>\n\t<meta name=\"twitter:data2\" content=\"1 minuto\" \/>\n<script type=\"application\/ld+json\" class=\"yoast-schema-graph\">{\"@context\":\"https:\/\/schema.org\",\"@graph\":[{\"@type\":\"Article\",\"@id\":\"https:\/\/www.pm.pb.gov.br\/portal\/2025\/08\/13\/policia-militar-apreende-arma-e-drogas-dentro-de-comunidade-da-cidade-de-jacarau\/#article\",\"isPartOf\":{\"@id\":\"https:\/\/www.pm.pb.gov.br\/portal\/2025\/08\/13\/policia-militar-apreende-arma-e-drogas-dentro-de-comunidade-da-cidade-de-jacarau\/\"},\"author\":{\"name\":\"Luiz Duarte\",\"@id\":\"https:\/\/www.pm.pb.gov.br\/portal\/#\/schema\/person\/89dd009e2523c97adf8def1d6cf90ca1\"},\"headline\":\"Pol\u00edcia Militar apreende arma e drogas dentro de comunidade da cidade de Jacara\u00fa\",\"datePublished\":\"2025-08-13T19:52:17+00:00\",\"dateModified\":\"2025-08-13T19:52:19+00:00\",\"mainEntityOfPage\":{\"@id\":\"https:\/\/www.pm.pb.gov.br\/portal\/2025\/08\/13\/policia-militar-apreende-arma-e-drogas-dentro-de-comunidade-da-cidade-de-jacarau\/\"},\"wordCount\":117,\"publisher\":{\"@id\":\"https:\/\/www.pm.pb.gov.br\/portal\/#organization\"},\"articleSection\":[\"A\u00e7\u00f5es Policiais\"],\"inLanguage\":\"pt-BR\"},{\"@type\":\"WebPage\",\"@id\":\"https:\/\/www.pm.pb.gov.br\/portal\/2025\/08\/13\/policia-militar-apreende-arma-e-drogas-dentro-de-comunidade-da-cidade-de-jacarau\/\",\"url\":\"https:\/\/www.pm.pb.gov.br\/portal\/2025\/08\/13\/policia-militar-apreende-arma-e-drogas-dentro-de-comunidade-da-cidade-de-jacarau\/\",\"name\":\"Pol\u00edcia Militar apreende arma e drogas dentro de comunidade da cidade de Jacara\u00fa - Pol\u00edcia Militar da Para\u00edba\",\"isPartOf\":{\"@id\":\"https:\/\/www.pm.pb.gov.br\/portal\/#website\"},\"datePublished\":\"2025-08-13T19:52:17+00:00\",\"dateModified\":\"2025-08-13T19:52:19+00:00\",\"breadcrumb\":{\"@id\":\"https:\/\/www.pm.pb.gov.br\/portal\/2025\/08\/13\/policia-militar-apreende-arma-e-drogas-dentro-de-comunidade-da-cidade-de-jacarau\/#breadcrumb\"},\"inLanguage\":\"pt-BR\",\"potentialAction\":[{\"@type\":\"ReadAction\",\"target\":[\"https:\/\/www.pm.pb.gov.br\/portal\/2025\/08\/13\/policia-militar-apreende-arma-e-drogas-dentro-de-comunidade-da-cidade-de-jacarau\/\"]}]},{\"@type\":\"BreadcrumbList\",\"@id\":\"https:\/\/www.pm.pb.gov.br\/portal\/2025\/08\/13\/policia-militar-apreende-arma-e-drogas-dentro-de-comunidade-da-cidade-de-jacarau\/#breadcrumb\",\"itemListElement\":[{\"@type\":\"ListItem\",\"position\":1,\"name\":\"In\u00edcio\",\"item\":\"https:\/\/www.pm.pb.gov.br\/portal\/\"},{\"@type\":\"ListItem\",\"position\":2,\"name\":\"Pol\u00edcia Militar apreende arma e drogas dentro de comunidade da cidade de Jacara\u00fa\"}]},{\"@type\":\"WebSite\",\"@id\":\"https:\/\/www.pm.pb.gov.br\/portal\/#website\",\"url\":\"https:\/\/www.pm.pb.gov.br\/portal\/\",\"name\":\"Pol\u00edcia Militar da Para\u00edba\",\"description\":\"\",\"publisher\":{\"@id\":\"https:\/\/www.pm.pb.gov.br\/portal\/#organization\"},\"potentialAction\":[{\"@type\":\"SearchAction\",\"target\":{\"@type\":\"EntryPoint\",\"urlTemplate\":\"https:\/\/www.pm.pb.gov.br\/portal\/?s={search_term_string}\"},\"query-input\":\"required name=search_term_string\"}],\"inLanguage\":\"pt-BR\"},{\"@type\":\"Organization\",\"@id\":\"https:\/\/www.pm.pb.gov.br\/portal\/#organization\",\"name\":\"Pol\u00edcia Militar da Para\u00edba\",\"url\":\"https:\/\/www.pm.pb.gov.br\/portal\/\",\"logo\":{\"@type\":\"ImageObject\",\"inLanguage\":\"pt-BR\",\"@id\":\"https:\/\/www.pm.pb.gov.br\/portal\/#\/schema\/logo\/image\/\",\"url\":\"https:\/\/www.pm.pb.gov.br\/portal\/wp-content\/uploads\/2025\/03\/cropped-logo-site-mag2-1.png\",\"contentUrl\":\"https:\/\/www.pm.pb.gov.br\/portal\/wp-content\/uploads\/2025\/03\/cropped-logo-site-mag2-1.png\",\"width\":320,\"height\":90,\"caption\":\"Pol\u00edcia Militar da Para\u00edba\"},\"image\":{\"@id\":\"https:\/\/www.pm.pb.gov.br\/portal\/#\/schema\/logo\/image\/\"}},{\"@type\":\"Person\",\"@id\":\"https:\/\/www.pm.pb.gov.br\/portal\/#\/schema\/person\/89dd009e2523c97adf8def1d6cf90ca1\",\"name\":\"Luiz Duarte\",\"image\":{\"@type\":\"ImageObject\",\"inLanguage\":\"pt-BR\",\"@id\":\"https:\/\/www.pm.pb.gov.br\/portal\/#\/schema\/person\/image\/\",\"url\":\"https:\/\/secure.gravatar.com\/avatar\/ce5539b97246ef4d24dd039a3f64145b?s=96&d=mm&r=g\",\"contentUrl\":\"https:\/\/secure.gravatar.com\/avatar\/ce5539b97246ef4d24dd039a3f64145b?s=96&d=mm&r=g\",\"caption\":\"Luiz Duarte\"},\"url\":\"https:\/\/www.pm.pb.gov.br\/portal\/author\/luiz\/\"}]}<\/script>\n<!-- \/ Yoast SEO plugin. -->","yoast_head_json":{"title":"Pol\u00edcia Militar apreende arma e drogas dentro de comunidade da cidade de Jacara\u00fa - Pol\u00edcia Militar da Para\u00edba","robots":{"index":"index","follow":"follow","max-snippet":"max-snippet:-1","max-image-preview":"max-image-preview:large","max-video-preview":"max-video-preview:-1"},"canonical":"https:\/\/www.pm.pb.gov.br\/portal\/2025\/08\/13\/policia-militar-apreende-arma-e-drogas-dentro-de-comunidade-da-cidade-de-jacarau\/","og_locale":"pt_BR","og_type":"article","og_title":"Pol\u00edcia Militar apreende arma e drogas dentro de comunidade da cidade de Jacara\u00fa - Pol\u00edcia Militar da Para\u00edba","og_description":"A Pol\u00edcia Militar apreendeu uma espingarda e mais de 60 por\u00e7\u00f5es de drogas, nessa ter\u00e7a-feira (12), em uma a\u00e7\u00e3o na","og_url":"https:\/\/www.pm.pb.gov.br\/portal\/2025\/08\/13\/policia-militar-apreende-arma-e-drogas-dentro-de-comunidade-da-cidade-de-jacarau\/","og_site_name":"Pol\u00edcia Militar da Para\u00edba","article_published_time":"2025-08-13T19:52:17+00:00","article_modified_time":"2025-08-13T19:52:19+00:00","og_image":[{"width":2560,"height":1920,"url":"http:\/\/www.pm.pb.gov.br\/portal\/wp-content\/uploads\/2025\/08\/WhatsApp-Image-2025-08-13-at-7.06.24-AM-scaled.jpeg","type":"image\/jpeg"}],"author":"Luiz Duarte","twitter_card":"summary_large_image","twitter_misc":{"Escrito por":"Luiz Duarte","Est. tempo de leitura":"1 minuto"},"schema":{"@context":"https:\/\/schema.org","@graph":[{"@type":"Article","@id":"https:\/\/www.pm.pb.gov.br\/portal\/2025\/08\/13\/policia-militar-apreende-arma-e-drogas-dentro-de-comunidade-da-cidade-de-jacarau\/#article","isPartOf":{"@id":"https:\/\/www.pm.pb.gov.br\/portal\/2025\/08\/13\/policia-militar-apreende-arma-e-drogas-dentro-de-comunidade-da-cidade-de-jacarau\/"},"author":{"name":"Luiz Duarte","@id":"https:\/\/www.pm.pb.gov.br\/portal\/#\/schema\/person\/89dd009e2523c97adf8def1d6cf90ca1"},"headline":"Pol\u00edcia Militar apreende arma e drogas dentro de comunidade da cidade de Jacara\u00fa","datePublished":"2025-08-13T19:52:17+00:00","dateModified":"2025-08-13T19:52:19+00:00","mainEntityOfPage":{"@id":"https:\/\/www.pm.pb.gov.br\/portal\/2025\/08\/13\/policia-militar-apreende-arma-e-drogas-dentro-de-comunidade-da-cidade-de-jacarau\/"},"wordCount":117,"publisher":{"@id":"https:\/\/www.pm.pb.gov.br\/portal\/#organization"},"articleSection":["A\u00e7\u00f5es Policiais"],"inLanguage":"pt-BR"},{"@type":"WebPage","@id":"https:\/\/www.pm.pb.gov.br\/portal\/2025\/08\/13\/policia-militar-apreende-arma-e-drogas-dentro-de-comunidade-da-cidade-de-jacarau\/","url":"https:\/\/www.pm.pb.gov.br\/portal\/2025\/08\/13\/policia-militar-apreende-arma-e-drogas-dentro-de-comunidade-da-cidade-de-jacarau\/","name":"Pol\u00edcia Militar apreende arma e drogas dentro de comunidade da cidade de Jacara\u00fa - Pol\u00edcia Militar da Para\u00edba","isPartOf":{"@id":"https:\/\/www.pm.pb.gov.br\/portal\/#website"},"datePublished":"2025-08-13T19:52:17+00:00","dateModified":"2025-08-13T19:52:19+00:00","breadcrumb":{"@id":"https:\/\/www.pm.pb.gov.br\/portal\/2025\/08\/13\/policia-militar-apreende-arma-e-drogas-dentro-de-comunidade-da-cidade-de-jacarau\/#breadcrumb"},"inLanguage":"pt-BR","potentialAction":[{"@type":"ReadAction","target":["https:\/\/www.pm.pb.gov.br\/portal\/2025\/08\/13\/policia-militar-apreende-arma-e-drogas-dentro-de-comunidade-da-cidade-de-jacarau\/"]}]},{"@type":"BreadcrumbList","@id":"https:\/\/www.pm.pb.gov.br\/portal\/2025\/08\/13\/policia-militar-apreende-arma-e-drogas-dentro-de-comunidade-da-cidade-de-jacarau\/#breadcrumb","itemListElement":[{"@type":"ListItem","position":1,"name":"In\u00edcio","item":"https:\/\/www.pm.pb.gov.br\/portal\/"},{"@type":"ListItem","position":2,"name":"Pol\u00edcia Militar apreende arma e drogas dentro de comunidade da cidade de Jacara\u00fa"}]},{"@type":"WebSite","@id":"https:\/\/www.pm.pb.gov.br\/portal\/#website","url":"https:\/\/www.pm.pb.gov.br\/portal\/","name":"Pol\u00edcia Militar da Para\u00edba","description":"","publisher":{"@id":"https:\/\/www.pm.pb.gov.br\/portal\/#organization"},"potentialAction":[{"@type":"SearchAction","target":{"@type":"EntryPoint","urlTemplate":"https:\/\/www.pm.pb.gov.br\/portal\/?s={search_term_string}"},"query-input":"required name=search_term_string"}],"inLanguage":"pt-BR"},{"@type":"Organization","@id":"https:\/\/www.pm.pb.gov.br\/portal\/#organization","name":"Pol\u00edcia Militar da Para\u00edba","url":"https:\/\/www.pm.pb.gov.br\/portal\/","logo":{"@type":"ImageObject","inLanguage":"pt-BR","@id":"https:\/\/www.pm.pb.gov.br\/portal\/#\/schema\/logo\/image\/","url":"https:\/\/www.pm.pb.gov.br\/portal\/wp-content\/uploads\/2025\/03\/cropped-logo-site-mag2-1.png","contentUrl":"https:\/\/www.pm.pb.gov.br\/portal\/wp-content\/uploads\/2025\/03\/cropped-logo-site-mag2-1.png","width":320,"height":90,"caption":"Pol\u00edcia Militar da Para\u00edba"},"image":{"@id":"https:\/\/www.pm.pb.gov.br\/portal\/#\/schema\/logo\/image\/"}},{"@type":"Person","@id":"https:\/\/www.pm.pb.gov.br\/portal\/#\/schema\/person\/89dd009e2523c97adf8def1d6cf90ca1","name":"Luiz Duarte","image":{"@type":"ImageObject","inLanguage":"pt-BR","@id":"https:\/\/www.pm.pb.gov.br\/portal\/#\/schema\/person\/image\/","url":"https:\/\/secure.gravatar.com\/avatar\/ce5539b97246ef4d24dd039a3f64145b?s=96&d=mm&r=g","contentUrl":"https:\/\/secure.gravatar.com\/avatar\/ce5539b97246ef4d24dd039a3f64145b?s=96&d=mm&r=g","caption":"Luiz Duarte"},"url":"https:\/\/www.pm.pb.gov.br\/portal\/author\/luiz\/"}]}},"_links":{"self":[{"href":"https:\/\/www.pm.pb.gov.br\/portal\/wp-json\/wp\/v2\/posts\/927612"}],"collection":[{"href":"https:\/\/www.pm.pb.gov.br\/portal\/wp-json\/wp\/v2\/posts"}],"about":[{"href":"https:\/\/www.pm.pb.gov.br\/portal\/wp-json\/wp\/v2\/types\/post"}],"author":[{"embeddable":true,"href":"https:\/\/www.pm.pb.gov.br\/portal\/wp-json\/wp\/v2\/users\/18"}],"replies":[{"embeddable":true,"href":"https:\/\/www.pm.pb.gov.br\/portal\/wp-json\/wp\/v2\/comments?post=927612"}],"version-history":[{"count":2,"href":"https:\/\/www.pm.pb.gov.br\/portal\/wp-json\/wp\/v2\/posts\/927612\/revisions"}],"predecessor-version":[{"id":927621,"href":"https:\/\/www.pm.pb.gov.br\/portal\/wp-json\/wp\/v2\/posts\/927612\/revisions\/927621"}],"wp:featuredmedia":[{"embeddable":true,"href":"https:\/\/www.pm.pb.gov.br\/portal\/wp-json\/wp\/v2\/media\/927620"}],"wp:attachment":[{"href":"https:\/\/www.pm.pb.gov.br\/portal\/wp-json\/wp\/v2\/media?parent=927612"}],"wp:term":[{"taxonomy":"category","embeddable":true,"href":"https:\/\/www.pm.pb.gov.br\/portal\/wp-json\/wp\/v2\/categories?post=927612"},{"taxonomy":"post_tag","embeddable":true,"href":"https:\/\/www.pm.pb.gov.br\/portal\/wp-json\/wp\/v2\/tags?post=927612"}],"curies":[{"name":"wp","href":"https:\/\/api.w.org\/{rel}","templated":true}]}}