{"id":927589,"date":"2025-08-10T06:44:00","date_gmt":"2025-08-10T09:44:00","guid":{"rendered":"https:\/\/www.pm.pb.gov.br\/portal\/?p=927589"},"modified":"2025-08-10T16:48:44","modified_gmt":"2025-08-10T19:48:44","slug":"policia-militar-apreende-mais-de-10-quilos-de-drogas-no-vale-do-pianco","status":"publish","type":"post","link":"https:\/\/www.pm.pb.gov.br\/portal\/2025\/08\/10\/policia-militar-apreende-mais-de-10-quilos-de-drogas-no-vale-do-pianco\/","title":{"rendered":"Pol\u00edcia Militar apreende mais de 10 quilos de drogas no Vale do Pianc\u00f3"},"content":{"rendered":"\n<p>Mais de 10 quilos de drogas foram apreendidos pela Pol\u00edcia Militar no \u00faltimo s\u00e1bado (9), na cidade de Serra Grande, na regi\u00e3o do Vale do Pianc\u00f3 (foto acima ilustrativa).<\/p>\n<p>De acordo com o 13\u00b0 Batalh\u00e3o, unidade respons\u00e1vel pela apreens\u00e3o, a maior parte dos entorpecentes estava com um homem que vinha de Cajazeiras em uma motocicleta. Ele foi abordado pela PM, que encontrou com o infrator cerca de 10 quilos de subst\u00e2ncia semelhante \u00e0 maconha (foto abaixo), e meio quilo de Skank (droga derivada da maconha).<\/p>\n<p>J\u00e1 detido, o acusado de tr\u00e1fico apontou para o paradeiro de mais por\u00e7\u00f5es de drogas como coca\u00edna, crack e balan\u00e7a de precis\u00e3o, enterradas em um terreno baldio em S\u00e3o Jos\u00e9 de Caiana.<\/p>\n<p><img loading=\"lazy\" decoding=\"async\" class=\"size-medium wp-image-927590 aligncenter\" src=\"http:\/\/www.pm.pb.gov.br\/portal\/wp-content\/uploads\/2025\/08\/WhatsApp-Image-2025-08-10-at-16.48.31-334x445.jpeg\" alt=\"\" width=\"334\" height=\"445\" srcset=\"https:\/\/www.pm.pb.gov.br\/portal\/wp-content\/uploads\/2025\/08\/WhatsApp-Image-2025-08-10-at-16.48.31-334x445.jpeg 334w, https:\/\/www.pm.pb.gov.br\/portal\/wp-content\/uploads\/2025\/08\/WhatsApp-Image-2025-08-10-at-16.48.31-428x570.jpeg 428w, https:\/\/www.pm.pb.gov.br\/portal\/wp-content\/uploads\/2025\/08\/WhatsApp-Image-2025-08-10-at-16.48.31-768x1024.jpeg 768w, https:\/\/www.pm.pb.gov.br\/portal\/wp-content\/uploads\/2025\/08\/WhatsApp-Image-2025-08-10-at-16.48.31-1152x1536.jpeg 1152w, https:\/\/www.pm.pb.gov.br\/portal\/wp-content\/uploads\/2025\/08\/WhatsApp-Image-2025-08-10-at-16.48.31.jpeg 1200w\" sizes=\"(max-width: 334px) 100vw, 334px\" \/><\/p>\n<p>Conforme relatou o major C. Lima, comandante da unidade, a PM chegou at\u00e9 o criminoso ap\u00f3s receber den\u00fancias atrav\u00e9s do 190.<\/p>\n<p>Toda a ocorr\u00eancia foi apresentada na delegacia de Itaporanga para devida autua\u00e7\u00e3o.<\/p>\n<p>__________<\/p>\n<p>Siga o canal \u201cPMPB Not\u00edcias\u00a0<img decoding=\"async\" class=\"emoji\" role=\"img\" draggable=\"false\" src=\"https:\/\/s.w.org\/images\/core\/emoji\/14.0.0\/svg\/1f6a8.svg\" alt=\"&#x1f6a8;\" \/>\u201d no WhatsApp:\u00a0\u00a0<a href=\"https:\/\/whatsapp.com\/channel\/0029Vb6L9uNJENxwRKp7YW2p\">https:\/\/whatsapp.com\/channel\/0029Vb6L9uNJENxwRKp7YW2p<\/a><\/p>\n","protected":false},"excerpt":{"rendered":"<p>Mais de 10 quilos de drogas foram apreendidos pela Pol\u00edcia Militar no \u00faltimo s\u00e1bado (9), na cidade de Serra Grande,<\/p>\n","protected":false},"author":12,"featured_media":0,"comment_status":"closed","ping_status":"closed","sticky":false,"template":"","format":"standard","meta":{"_exactmetrics_skip_tracking":false,"_exactmetrics_sitenote_active":false,"_exactmetrics_sitenote_note":"","_exactmetrics_sitenote_category":0,"footnotes":""},"categories":[4],"tags":[],"yoast_head":"<!-- This site is optimized with the Yoast SEO plugin v22.0 - https:\/\/yoast.com\/wordpress\/plugins\/seo\/ -->\n<title>Pol\u00edcia Militar apreende mais de 10 quilos de drogas no Vale do Pianc\u00f3 - Pol\u00edcia Militar da Para\u00edba<\/title>\n<meta name=\"robots\" content=\"index, follow, max-snippet:-1, max-image-preview:large, max-video-preview:-1\" \/>\n<link rel=\"canonical\" href=\"https:\/\/www.pm.pb.gov.br\/portal\/2025\/08\/10\/policia-militar-apreende-mais-de-10-quilos-de-drogas-no-vale-do-pianco\/\" \/>\n<meta property=\"og:locale\" content=\"pt_BR\" \/>\n<meta property=\"og:type\" content=\"article\" \/>\n<meta property=\"og:title\" content=\"Pol\u00edcia Militar apreende mais de 10 quilos de drogas no Vale do Pianc\u00f3 - Pol\u00edcia Militar da Para\u00edba\" \/>\n<meta property=\"og:description\" content=\"Mais de 10 quilos de drogas foram apreendidos pela Pol\u00edcia Militar no \u00faltimo s\u00e1bado (9), na cidade de Serra Grande,\" \/>\n<meta property=\"og:url\" content=\"https:\/\/www.pm.pb.gov.br\/portal\/2025\/08\/10\/policia-militar-apreende-mais-de-10-quilos-de-drogas-no-vale-do-pianco\/\" \/>\n<meta property=\"og:site_name\" content=\"Pol\u00edcia Militar da Para\u00edba\" \/>\n<meta property=\"article:published_time\" content=\"2025-08-10T09:44:00+00:00\" \/>\n<meta property=\"article:modified_time\" content=\"2025-08-10T19:48:44+00:00\" \/>\n<meta property=\"og:image\" content=\"http:\/\/www.pm.pb.gov.br\/portal\/wp-content\/uploads\/2021\/10\/13bpm.jpeg\" \/>\n\t<meta property=\"og:image:width\" content=\"788\" \/>\n\t<meta property=\"og:image:height\" content=\"400\" \/>\n\t<meta property=\"og:image:type\" content=\"image\/jpeg\" \/>\n<meta name=\"author\" content=\"Tarcisio Oliveira\" \/>\n<meta name=\"twitter:card\" content=\"summary_large_image\" \/>\n<meta name=\"twitter:label1\" content=\"Escrito por\" \/>\n\t<meta name=\"twitter:data1\" content=\"Tarcisio Oliveira\" \/>\n\t<meta name=\"twitter:label2\" content=\"Est. tempo de leitura\" \/>\n\t<meta name=\"twitter:data2\" content=\"2 minutos\" \/>\n<script type=\"application\/ld+json\" class=\"yoast-schema-graph\">{\"@context\":\"https:\/\/schema.org\",\"@graph\":[{\"@type\":\"Article\",\"@id\":\"https:\/\/www.pm.pb.gov.br\/portal\/2025\/08\/10\/policia-militar-apreende-mais-de-10-quilos-de-drogas-no-vale-do-pianco\/#article\",\"isPartOf\":{\"@id\":\"https:\/\/www.pm.pb.gov.br\/portal\/2025\/08\/10\/policia-militar-apreende-mais-de-10-quilos-de-drogas-no-vale-do-pianco\/\"},\"author\":{\"name\":\"Tarcisio Oliveira\",\"@id\":\"https:\/\/www.pm.pb.gov.br\/portal\/#\/schema\/person\/f84f56dcc78ce4357054da888b8247fd\"},\"headline\":\"Pol\u00edcia Militar apreende mais de 10 quilos de drogas no Vale do Pianc\u00f3\",\"datePublished\":\"2025-08-10T09:44:00+00:00\",\"dateModified\":\"2025-08-10T19:48:44+00:00\",\"mainEntityOfPage\":{\"@id\":\"https:\/\/www.pm.pb.gov.br\/portal\/2025\/08\/10\/policia-militar-apreende-mais-de-10-quilos-de-drogas-no-vale-do-pianco\/\"},\"wordCount\":192,\"publisher\":{\"@id\":\"https:\/\/www.pm.pb.gov.br\/portal\/#organization\"},\"articleSection\":[\"A\u00e7\u00f5es Policiais\"],\"inLanguage\":\"pt-BR\"},{\"@type\":\"WebPage\",\"@id\":\"https:\/\/www.pm.pb.gov.br\/portal\/2025\/08\/10\/policia-militar-apreende-mais-de-10-quilos-de-drogas-no-vale-do-pianco\/\",\"url\":\"https:\/\/www.pm.pb.gov.br\/portal\/2025\/08\/10\/policia-militar-apreende-mais-de-10-quilos-de-drogas-no-vale-do-pianco\/\",\"name\":\"Pol\u00edcia Militar apreende mais de 10 quilos de drogas no Vale do Pianc\u00f3 - Pol\u00edcia Militar da Para\u00edba\",\"isPartOf\":{\"@id\":\"https:\/\/www.pm.pb.gov.br\/portal\/#website\"},\"datePublished\":\"2025-08-10T09:44:00+00:00\",\"dateModified\":\"2025-08-10T19:48:44+00:00\",\"breadcrumb\":{\"@id\":\"https:\/\/www.pm.pb.gov.br\/portal\/2025\/08\/10\/policia-militar-apreende-mais-de-10-quilos-de-drogas-no-vale-do-pianco\/#breadcrumb\"},\"inLanguage\":\"pt-BR\",\"potentialAction\":[{\"@type\":\"ReadAction\",\"target\":[\"https:\/\/www.pm.pb.gov.br\/portal\/2025\/08\/10\/policia-militar-apreende-mais-de-10-quilos-de-drogas-no-vale-do-pianco\/\"]}]},{\"@type\":\"BreadcrumbList\",\"@id\":\"https:\/\/www.pm.pb.gov.br\/portal\/2025\/08\/10\/policia-militar-apreende-mais-de-10-quilos-de-drogas-no-vale-do-pianco\/#breadcrumb\",\"itemListElement\":[{\"@type\":\"ListItem\",\"position\":1,\"name\":\"In\u00edcio\",\"item\":\"https:\/\/www.pm.pb.gov.br\/portal\/\"},{\"@type\":\"ListItem\",\"position\":2,\"name\":\"Pol\u00edcia Militar apreende mais de 10 quilos de drogas no Vale do Pianc\u00f3\"}]},{\"@type\":\"WebSite\",\"@id\":\"https:\/\/www.pm.pb.gov.br\/portal\/#website\",\"url\":\"https:\/\/www.pm.pb.gov.br\/portal\/\",\"name\":\"Pol\u00edcia Militar da Para\u00edba\",\"description\":\"\",\"publisher\":{\"@id\":\"https:\/\/www.pm.pb.gov.br\/portal\/#organization\"},\"potentialAction\":[{\"@type\":\"SearchAction\",\"target\":{\"@type\":\"EntryPoint\",\"urlTemplate\":\"https:\/\/www.pm.pb.gov.br\/portal\/?s={search_term_string}\"},\"query-input\":\"required name=search_term_string\"}],\"inLanguage\":\"pt-BR\"},{\"@type\":\"Organization\",\"@id\":\"https:\/\/www.pm.pb.gov.br\/portal\/#organization\",\"name\":\"Pol\u00edcia Militar da Para\u00edba\",\"url\":\"https:\/\/www.pm.pb.gov.br\/portal\/\",\"logo\":{\"@type\":\"ImageObject\",\"inLanguage\":\"pt-BR\",\"@id\":\"https:\/\/www.pm.pb.gov.br\/portal\/#\/schema\/logo\/image\/\",\"url\":\"https:\/\/www.pm.pb.gov.br\/portal\/wp-content\/uploads\/2025\/03\/cropped-logo-site-mag2-1.png\",\"contentUrl\":\"https:\/\/www.pm.pb.gov.br\/portal\/wp-content\/uploads\/2025\/03\/cropped-logo-site-mag2-1.png\",\"width\":320,\"height\":90,\"caption\":\"Pol\u00edcia Militar da Para\u00edba\"},\"image\":{\"@id\":\"https:\/\/www.pm.pb.gov.br\/portal\/#\/schema\/logo\/image\/\"}},{\"@type\":\"Person\",\"@id\":\"https:\/\/www.pm.pb.gov.br\/portal\/#\/schema\/person\/f84f56dcc78ce4357054da888b8247fd\",\"name\":\"Tarcisio Oliveira\",\"image\":{\"@type\":\"ImageObject\",\"inLanguage\":\"pt-BR\",\"@id\":\"https:\/\/www.pm.pb.gov.br\/portal\/#\/schema\/person\/image\/\",\"url\":\"https:\/\/secure.gravatar.com\/avatar\/72917b630b69d31cd0297507f34bac97?s=96&d=mm&r=g\",\"contentUrl\":\"https:\/\/secure.gravatar.com\/avatar\/72917b630b69d31cd0297507f34bac97?s=96&d=mm&r=g\",\"caption\":\"Tarcisio Oliveira\"},\"url\":\"https:\/\/www.pm.pb.gov.br\/portal\/author\/tarcisio\/\"}]}<\/script>\n<!-- \/ Yoast SEO plugin. -->","yoast_head_json":{"title":"Pol\u00edcia Militar apreende mais de 10 quilos de drogas no Vale do Pianc\u00f3 - Pol\u00edcia Militar da Para\u00edba","robots":{"index":"index","follow":"follow","max-snippet":"max-snippet:-1","max-image-preview":"max-image-preview:large","max-video-preview":"max-video-preview:-1"},"canonical":"https:\/\/www.pm.pb.gov.br\/portal\/2025\/08\/10\/policia-militar-apreende-mais-de-10-quilos-de-drogas-no-vale-do-pianco\/","og_locale":"pt_BR","og_type":"article","og_title":"Pol\u00edcia Militar apreende mais de 10 quilos de drogas no Vale do Pianc\u00f3 - Pol\u00edcia Militar da Para\u00edba","og_description":"Mais de 10 quilos de drogas foram apreendidos pela Pol\u00edcia Militar no \u00faltimo s\u00e1bado (9), na cidade de Serra Grande,","og_url":"https:\/\/www.pm.pb.gov.br\/portal\/2025\/08\/10\/policia-militar-apreende-mais-de-10-quilos-de-drogas-no-vale-do-pianco\/","og_site_name":"Pol\u00edcia Militar da Para\u00edba","article_published_time":"2025-08-10T09:44:00+00:00","article_modified_time":"2025-08-10T19:48:44+00:00","og_image":[{"width":788,"height":400,"url":"http:\/\/www.pm.pb.gov.br\/portal\/wp-content\/uploads\/2021\/10\/13bpm.jpeg","type":"image\/jpeg"}],"author":"Tarcisio Oliveira","twitter_card":"summary_large_image","twitter_misc":{"Escrito por":"Tarcisio Oliveira","Est. tempo de leitura":"2 minutos"},"schema":{"@context":"https:\/\/schema.org","@graph":[{"@type":"Article","@id":"https:\/\/www.pm.pb.gov.br\/portal\/2025\/08\/10\/policia-militar-apreende-mais-de-10-quilos-de-drogas-no-vale-do-pianco\/#article","isPartOf":{"@id":"https:\/\/www.pm.pb.gov.br\/portal\/2025\/08\/10\/policia-militar-apreende-mais-de-10-quilos-de-drogas-no-vale-do-pianco\/"},"author":{"name":"Tarcisio Oliveira","@id":"https:\/\/www.pm.pb.gov.br\/portal\/#\/schema\/person\/f84f56dcc78ce4357054da888b8247fd"},"headline":"Pol\u00edcia Militar apreende mais de 10 quilos de drogas no Vale do Pianc\u00f3","datePublished":"2025-08-10T09:44:00+00:00","dateModified":"2025-08-10T19:48:44+00:00","mainEntityOfPage":{"@id":"https:\/\/www.pm.pb.gov.br\/portal\/2025\/08\/10\/policia-militar-apreende-mais-de-10-quilos-de-drogas-no-vale-do-pianco\/"},"wordCount":192,"publisher":{"@id":"https:\/\/www.pm.pb.gov.br\/portal\/#organization"},"articleSection":["A\u00e7\u00f5es Policiais"],"inLanguage":"pt-BR"},{"@type":"WebPage","@id":"https:\/\/www.pm.pb.gov.br\/portal\/2025\/08\/10\/policia-militar-apreende-mais-de-10-quilos-de-drogas-no-vale-do-pianco\/","url":"https:\/\/www.pm.pb.gov.br\/portal\/2025\/08\/10\/policia-militar-apreende-mais-de-10-quilos-de-drogas-no-vale-do-pianco\/","name":"Pol\u00edcia Militar apreende mais de 10 quilos de drogas no Vale do Pianc\u00f3 - Pol\u00edcia Militar da Para\u00edba","isPartOf":{"@id":"https:\/\/www.pm.pb.gov.br\/portal\/#website"},"datePublished":"2025-08-10T09:44:00+00:00","dateModified":"2025-08-10T19:48:44+00:00","breadcrumb":{"@id":"https:\/\/www.pm.pb.gov.br\/portal\/2025\/08\/10\/policia-militar-apreende-mais-de-10-quilos-de-drogas-no-vale-do-pianco\/#breadcrumb"},"inLanguage":"pt-BR","potentialAction":[{"@type":"ReadAction","target":["https:\/\/www.pm.pb.gov.br\/portal\/2025\/08\/10\/policia-militar-apreende-mais-de-10-quilos-de-drogas-no-vale-do-pianco\/"]}]},{"@type":"BreadcrumbList","@id":"https:\/\/www.pm.pb.gov.br\/portal\/2025\/08\/10\/policia-militar-apreende-mais-de-10-quilos-de-drogas-no-vale-do-pianco\/#breadcrumb","itemListElement":[{"@type":"ListItem","position":1,"name":"In\u00edcio","item":"https:\/\/www.pm.pb.gov.br\/portal\/"},{"@type":"ListItem","position":2,"name":"Pol\u00edcia Militar apreende mais de 10 quilos de drogas no Vale do Pianc\u00f3"}]},{"@type":"WebSite","@id":"https:\/\/www.pm.pb.gov.br\/portal\/#website","url":"https:\/\/www.pm.pb.gov.br\/portal\/","name":"Pol\u00edcia Militar da Para\u00edba","description":"","publisher":{"@id":"https:\/\/www.pm.pb.gov.br\/portal\/#organization"},"potentialAction":[{"@type":"SearchAction","target":{"@type":"EntryPoint","urlTemplate":"https:\/\/www.pm.pb.gov.br\/portal\/?s={search_term_string}"},"query-input":"required name=search_term_string"}],"inLanguage":"pt-BR"},{"@type":"Organization","@id":"https:\/\/www.pm.pb.gov.br\/portal\/#organization","name":"Pol\u00edcia Militar da Para\u00edba","url":"https:\/\/www.pm.pb.gov.br\/portal\/","logo":{"@type":"ImageObject","inLanguage":"pt-BR","@id":"https:\/\/www.pm.pb.gov.br\/portal\/#\/schema\/logo\/image\/","url":"https:\/\/www.pm.pb.gov.br\/portal\/wp-content\/uploads\/2025\/03\/cropped-logo-site-mag2-1.png","contentUrl":"https:\/\/www.pm.pb.gov.br\/portal\/wp-content\/uploads\/2025\/03\/cropped-logo-site-mag2-1.png","width":320,"height":90,"caption":"Pol\u00edcia Militar da Para\u00edba"},"image":{"@id":"https:\/\/www.pm.pb.gov.br\/portal\/#\/schema\/logo\/image\/"}},{"@type":"Person","@id":"https:\/\/www.pm.pb.gov.br\/portal\/#\/schema\/person\/f84f56dcc78ce4357054da888b8247fd","name":"Tarcisio Oliveira","image":{"@type":"ImageObject","inLanguage":"pt-BR","@id":"https:\/\/www.pm.pb.gov.br\/portal\/#\/schema\/person\/image\/","url":"https:\/\/secure.gravatar.com\/avatar\/72917b630b69d31cd0297507f34bac97?s=96&d=mm&r=g","contentUrl":"https:\/\/secure.gravatar.com\/avatar\/72917b630b69d31cd0297507f34bac97?s=96&d=mm&r=g","caption":"Tarcisio Oliveira"},"url":"https:\/\/www.pm.pb.gov.br\/portal\/author\/tarcisio\/"}]}},"_links":{"self":[{"href":"https:\/\/www.pm.pb.gov.br\/portal\/wp-json\/wp\/v2\/posts\/927589"}],"collection":[{"href":"https:\/\/www.pm.pb.gov.br\/portal\/wp-json\/wp\/v2\/posts"}],"about":[{"href":"https:\/\/www.pm.pb.gov.br\/portal\/wp-json\/wp\/v2\/types\/post"}],"author":[{"embeddable":true,"href":"https:\/\/www.pm.pb.gov.br\/portal\/wp-json\/wp\/v2\/users\/12"}],"replies":[{"embeddable":true,"href":"https:\/\/www.pm.pb.gov.br\/portal\/wp-json\/wp\/v2\/comments?post=927589"}],"version-history":[{"count":2,"href":"https:\/\/www.pm.pb.gov.br\/portal\/wp-json\/wp\/v2\/posts\/927589\/revisions"}],"predecessor-version":[{"id":927592,"href":"https:\/\/www.pm.pb.gov.br\/portal\/wp-json\/wp\/v2\/posts\/927589\/revisions\/927592"}],"wp:attachment":[{"href":"https:\/\/www.pm.pb.gov.br\/portal\/wp-json\/wp\/v2\/media?parent=927589"}],"wp:term":[{"taxonomy":"category","embeddable":true,"href":"https:\/\/www.pm.pb.gov.br\/portal\/wp-json\/wp\/v2\/categories?post=927589"},{"taxonomy":"post_tag","embeddable":true,"href":"https:\/\/www.pm.pb.gov.br\/portal\/wp-json\/wp\/v2\/tags?post=927589"}],"curies":[{"name":"wp","href":"https:\/\/api.w.org\/{rel}","templated":true}]}}