{"id":927581,"date":"2025-08-09T01:01:00","date_gmt":"2025-08-09T04:01:00","guid":{"rendered":"https:\/\/www.pm.pb.gov.br\/portal\/?p=927581"},"modified":"2025-08-09T17:14:09","modified_gmt":"2025-08-09T20:14:09","slug":"nordeste-integrado-operacao-prende-tres-e-apreende-duas-armas-no-litoral-norte-da-pb","status":"publish","type":"post","link":"https:\/\/www.pm.pb.gov.br\/portal\/2025\/08\/09\/nordeste-integrado-operacao-prende-tres-e-apreende-duas-armas-no-litoral-norte-da-pb\/","title":{"rendered":"NORDESTE INTEGRADO: Opera\u00e7\u00e3o prende tr\u00eas e apreende duas armas no litoral norte da PB"},"content":{"rendered":"\n<p>A Pol\u00edcia Militar prendeu tr\u00eas pessoas e apreendeu duas armas de fogo, durante a\u00e7\u00f5es intensificadas de seguran\u00e7a na Opera\u00e7\u00e3o Nordeste Integrado, que aconteceu na \u00faltima sexta-feira (08). As a\u00e7\u00f5es preventivas de seguran\u00e7a foram realizadas em diversos munic\u00edpios de divisa do estado, e em espec\u00edfico no litoral norte da Para\u00edba.<\/p>\n<p>Durante a opera\u00e7\u00e3o, dois foragidos que tinham mandados de pris\u00e3o em aberto foram capturados pelos policiais da 2\u00aa Companhia Independente nas cidades de Mamanguape e Mataraca. Ainda durante o refor\u00e7o do policiamento, um rev\u00f3lver foi apreendido com outro acusado abordado pela 2\u00aa CIPM em Jacara\u00fa. J\u00e1 outro rev\u00f3lver foi encontrado pela PM ap\u00f3s um suspeito fugir das guarni\u00e7\u00f5es, abandonado o armamento em Mamanguape (fotos acima e abaixo).<\/p>\n<p><img loading=\"lazy\" decoding=\"async\" class=\"size-medium wp-image-927584 aligncenter\" src=\"http:\/\/www.pm.pb.gov.br\/portal\/wp-content\/uploads\/2025\/08\/armaln1-250x445.jpeg\" alt=\"\" width=\"250\" height=\"445\" srcset=\"https:\/\/www.pm.pb.gov.br\/portal\/wp-content\/uploads\/2025\/08\/armaln1-250x445.jpeg 250w, https:\/\/www.pm.pb.gov.br\/portal\/wp-content\/uploads\/2025\/08\/armaln1-321x570.jpeg 321w, https:\/\/www.pm.pb.gov.br\/portal\/wp-content\/uploads\/2025\/08\/armaln1-768x1365.jpeg 768w, https:\/\/www.pm.pb.gov.br\/portal\/wp-content\/uploads\/2025\/08\/armaln1-864x1536.jpeg 864w, https:\/\/www.pm.pb.gov.br\/portal\/wp-content\/uploads\/2025\/08\/armaln1-1152x2048.jpeg 1152w, https:\/\/www.pm.pb.gov.br\/portal\/wp-content\/uploads\/2025\/08\/armaln1-scaled.jpeg 1440w\" sizes=\"(max-width: 250px) 100vw, 250px\" \/><\/p>\n<p>A Opera\u00e7\u00e3o Nordeste Integrado acontece com refor\u00e7o da seguran\u00e7a em a\u00e7\u00f5es preventivas nos munic\u00edpios de divisa, e conta os a participa\u00e7\u00e3o de diversos estados e For\u00e7as de Seguran\u00e7a do Nordeste.<\/p>\n<p>As ocorr\u00eancias do litoral norte foram apresentadas na delegacia para devida autua\u00e7\u00e3o.<\/p>\n<p>__________________________________________________<\/p>\n<p>Siga o canal \u201cPMPB Not\u00edcias\u00a0<img decoding=\"async\" class=\"emoji\" role=\"img\" draggable=\"false\" src=\"https:\/\/s.w.org\/images\/core\/emoji\/14.0.0\/svg\/1f6a8.svg\" alt=\"&#x1f6a8;\" \/>\u201d no WhatsApp:\u00a0\u00a0<a href=\"https:\/\/whatsapp.com\/channel\/0029Vb6L9uNJENxwRKp7YW2p\">https:\/\/whatsapp.com\/channel\/0029Vb6L9uNJENxwRKp7YW2p<\/a><\/p>\n\n\n","protected":false},"excerpt":{"rendered":"<p>A Pol\u00edcia Militar prendeu tr\u00eas pessoas e apreendeu duas armas de fogo, durante a\u00e7\u00f5es intensificadas de seguran\u00e7a na Opera\u00e7\u00e3o Nordeste<\/p>\n","protected":false},"author":12,"featured_media":927583,"comment_status":"closed","ping_status":"closed","sticky":false,"template":"","format":"standard","meta":{"_exactmetrics_skip_tracking":false,"_exactmetrics_sitenote_active":false,"_exactmetrics_sitenote_note":"","_exactmetrics_sitenote_category":0,"footnotes":""},"categories":[4],"tags":[],"yoast_head":"<!-- This site is optimized with the Yoast SEO plugin v22.0 - https:\/\/yoast.com\/wordpress\/plugins\/seo\/ -->\n<title>NORDESTE INTEGRADO: Opera\u00e7\u00e3o prende tr\u00eas e apreende duas armas no litoral norte da PB - Pol\u00edcia Militar da Para\u00edba<\/title>\n<meta name=\"robots\" content=\"index, follow, max-snippet:-1, max-image-preview:large, max-video-preview:-1\" \/>\n<link rel=\"canonical\" href=\"https:\/\/www.pm.pb.gov.br\/portal\/2025\/08\/09\/nordeste-integrado-operacao-prende-tres-e-apreende-duas-armas-no-litoral-norte-da-pb\/\" \/>\n<meta property=\"og:locale\" content=\"pt_BR\" \/>\n<meta property=\"og:type\" content=\"article\" \/>\n<meta property=\"og:title\" content=\"NORDESTE INTEGRADO: Opera\u00e7\u00e3o prende tr\u00eas e apreende duas armas no litoral norte da PB - Pol\u00edcia Militar da Para\u00edba\" \/>\n<meta property=\"og:description\" content=\"A Pol\u00edcia Militar prendeu tr\u00eas pessoas e apreendeu duas armas de fogo, durante a\u00e7\u00f5es intensificadas de seguran\u00e7a na Opera\u00e7\u00e3o Nordeste\" \/>\n<meta property=\"og:url\" content=\"https:\/\/www.pm.pb.gov.br\/portal\/2025\/08\/09\/nordeste-integrado-operacao-prende-tres-e-apreende-duas-armas-no-litoral-norte-da-pb\/\" \/>\n<meta property=\"og:site_name\" content=\"Pol\u00edcia Militar da Para\u00edba\" \/>\n<meta property=\"article:published_time\" content=\"2025-08-09T04:01:00+00:00\" \/>\n<meta property=\"article:modified_time\" content=\"2025-08-09T20:14:09+00:00\" \/>\n<meta property=\"og:image\" content=\"http:\/\/www.pm.pb.gov.br\/portal\/wp-content\/uploads\/2025\/08\/armaln2.jpeg\" \/>\n\t<meta property=\"og:image:width\" content=\"800\" \/>\n\t<meta property=\"og:image:height\" content=\"445\" \/>\n\t<meta property=\"og:image:type\" content=\"image\/jpeg\" \/>\n<meta name=\"author\" content=\"Tarcisio Oliveira\" \/>\n<meta name=\"twitter:card\" content=\"summary_large_image\" \/>\n<meta name=\"twitter:label1\" content=\"Escrito por\" \/>\n\t<meta name=\"twitter:data1\" content=\"Tarcisio Oliveira\" \/>\n\t<meta name=\"twitter:label2\" content=\"Est. tempo de leitura\" \/>\n\t<meta name=\"twitter:data2\" content=\"2 minutos\" \/>\n<script type=\"application\/ld+json\" class=\"yoast-schema-graph\">{\"@context\":\"https:\/\/schema.org\",\"@graph\":[{\"@type\":\"Article\",\"@id\":\"https:\/\/www.pm.pb.gov.br\/portal\/2025\/08\/09\/nordeste-integrado-operacao-prende-tres-e-apreende-duas-armas-no-litoral-norte-da-pb\/#article\",\"isPartOf\":{\"@id\":\"https:\/\/www.pm.pb.gov.br\/portal\/2025\/08\/09\/nordeste-integrado-operacao-prende-tres-e-apreende-duas-armas-no-litoral-norte-da-pb\/\"},\"author\":{\"name\":\"Tarcisio Oliveira\",\"@id\":\"https:\/\/www.pm.pb.gov.br\/portal\/#\/schema\/person\/f84f56dcc78ce4357054da888b8247fd\"},\"headline\":\"NORDESTE INTEGRADO: Opera\u00e7\u00e3o prende tr\u00eas e apreende duas armas no litoral norte da PB\",\"datePublished\":\"2025-08-09T04:01:00+00:00\",\"dateModified\":\"2025-08-09T20:14:09+00:00\",\"mainEntityOfPage\":{\"@id\":\"https:\/\/www.pm.pb.gov.br\/portal\/2025\/08\/09\/nordeste-integrado-operacao-prende-tres-e-apreende-duas-armas-no-litoral-norte-da-pb\/\"},\"wordCount\":215,\"publisher\":{\"@id\":\"https:\/\/www.pm.pb.gov.br\/portal\/#organization\"},\"articleSection\":[\"A\u00e7\u00f5es Policiais\"],\"inLanguage\":\"pt-BR\"},{\"@type\":\"WebPage\",\"@id\":\"https:\/\/www.pm.pb.gov.br\/portal\/2025\/08\/09\/nordeste-integrado-operacao-prende-tres-e-apreende-duas-armas-no-litoral-norte-da-pb\/\",\"url\":\"https:\/\/www.pm.pb.gov.br\/portal\/2025\/08\/09\/nordeste-integrado-operacao-prende-tres-e-apreende-duas-armas-no-litoral-norte-da-pb\/\",\"name\":\"NORDESTE INTEGRADO: Opera\u00e7\u00e3o prende tr\u00eas e apreende duas armas no litoral norte da PB - Pol\u00edcia Militar da Para\u00edba\",\"isPartOf\":{\"@id\":\"https:\/\/www.pm.pb.gov.br\/portal\/#website\"},\"datePublished\":\"2025-08-09T04:01:00+00:00\",\"dateModified\":\"2025-08-09T20:14:09+00:00\",\"breadcrumb\":{\"@id\":\"https:\/\/www.pm.pb.gov.br\/portal\/2025\/08\/09\/nordeste-integrado-operacao-prende-tres-e-apreende-duas-armas-no-litoral-norte-da-pb\/#breadcrumb\"},\"inLanguage\":\"pt-BR\",\"potentialAction\":[{\"@type\":\"ReadAction\",\"target\":[\"https:\/\/www.pm.pb.gov.br\/portal\/2025\/08\/09\/nordeste-integrado-operacao-prende-tres-e-apreende-duas-armas-no-litoral-norte-da-pb\/\"]}]},{\"@type\":\"BreadcrumbList\",\"@id\":\"https:\/\/www.pm.pb.gov.br\/portal\/2025\/08\/09\/nordeste-integrado-operacao-prende-tres-e-apreende-duas-armas-no-litoral-norte-da-pb\/#breadcrumb\",\"itemListElement\":[{\"@type\":\"ListItem\",\"position\":1,\"name\":\"In\u00edcio\",\"item\":\"https:\/\/www.pm.pb.gov.br\/portal\/\"},{\"@type\":\"ListItem\",\"position\":2,\"name\":\"NORDESTE INTEGRADO: Opera\u00e7\u00e3o prende tr\u00eas e apreende duas armas no litoral norte da PB\"}]},{\"@type\":\"WebSite\",\"@id\":\"https:\/\/www.pm.pb.gov.br\/portal\/#website\",\"url\":\"https:\/\/www.pm.pb.gov.br\/portal\/\",\"name\":\"Pol\u00edcia Militar da Para\u00edba\",\"description\":\"\",\"publisher\":{\"@id\":\"https:\/\/www.pm.pb.gov.br\/portal\/#organization\"},\"potentialAction\":[{\"@type\":\"SearchAction\",\"target\":{\"@type\":\"EntryPoint\",\"urlTemplate\":\"https:\/\/www.pm.pb.gov.br\/portal\/?s={search_term_string}\"},\"query-input\":\"required name=search_term_string\"}],\"inLanguage\":\"pt-BR\"},{\"@type\":\"Organization\",\"@id\":\"https:\/\/www.pm.pb.gov.br\/portal\/#organization\",\"name\":\"Pol\u00edcia Militar da Para\u00edba\",\"url\":\"https:\/\/www.pm.pb.gov.br\/portal\/\",\"logo\":{\"@type\":\"ImageObject\",\"inLanguage\":\"pt-BR\",\"@id\":\"https:\/\/www.pm.pb.gov.br\/portal\/#\/schema\/logo\/image\/\",\"url\":\"https:\/\/www.pm.pb.gov.br\/portal\/wp-content\/uploads\/2025\/03\/cropped-logo-site-mag2-1.png\",\"contentUrl\":\"https:\/\/www.pm.pb.gov.br\/portal\/wp-content\/uploads\/2025\/03\/cropped-logo-site-mag2-1.png\",\"width\":320,\"height\":90,\"caption\":\"Pol\u00edcia Militar da Para\u00edba\"},\"image\":{\"@id\":\"https:\/\/www.pm.pb.gov.br\/portal\/#\/schema\/logo\/image\/\"}},{\"@type\":\"Person\",\"@id\":\"https:\/\/www.pm.pb.gov.br\/portal\/#\/schema\/person\/f84f56dcc78ce4357054da888b8247fd\",\"name\":\"Tarcisio Oliveira\",\"image\":{\"@type\":\"ImageObject\",\"inLanguage\":\"pt-BR\",\"@id\":\"https:\/\/www.pm.pb.gov.br\/portal\/#\/schema\/person\/image\/\",\"url\":\"https:\/\/secure.gravatar.com\/avatar\/72917b630b69d31cd0297507f34bac97?s=96&d=mm&r=g\",\"contentUrl\":\"https:\/\/secure.gravatar.com\/avatar\/72917b630b69d31cd0297507f34bac97?s=96&d=mm&r=g\",\"caption\":\"Tarcisio Oliveira\"},\"url\":\"https:\/\/www.pm.pb.gov.br\/portal\/author\/tarcisio\/\"}]}<\/script>\n<!-- \/ Yoast SEO plugin. -->","yoast_head_json":{"title":"NORDESTE INTEGRADO: Opera\u00e7\u00e3o prende tr\u00eas e apreende duas armas no litoral norte da PB - Pol\u00edcia Militar da Para\u00edba","robots":{"index":"index","follow":"follow","max-snippet":"max-snippet:-1","max-image-preview":"max-image-preview:large","max-video-preview":"max-video-preview:-1"},"canonical":"https:\/\/www.pm.pb.gov.br\/portal\/2025\/08\/09\/nordeste-integrado-operacao-prende-tres-e-apreende-duas-armas-no-litoral-norte-da-pb\/","og_locale":"pt_BR","og_type":"article","og_title":"NORDESTE INTEGRADO: Opera\u00e7\u00e3o prende tr\u00eas e apreende duas armas no litoral norte da PB - Pol\u00edcia Militar da Para\u00edba","og_description":"A Pol\u00edcia Militar prendeu tr\u00eas pessoas e apreendeu duas armas de fogo, durante a\u00e7\u00f5es intensificadas de seguran\u00e7a na Opera\u00e7\u00e3o Nordeste","og_url":"https:\/\/www.pm.pb.gov.br\/portal\/2025\/08\/09\/nordeste-integrado-operacao-prende-tres-e-apreende-duas-armas-no-litoral-norte-da-pb\/","og_site_name":"Pol\u00edcia Militar da Para\u00edba","article_published_time":"2025-08-09T04:01:00+00:00","article_modified_time":"2025-08-09T20:14:09+00:00","og_image":[{"width":800,"height":445,"url":"http:\/\/www.pm.pb.gov.br\/portal\/wp-content\/uploads\/2025\/08\/armaln2.jpeg","type":"image\/jpeg"}],"author":"Tarcisio Oliveira","twitter_card":"summary_large_image","twitter_misc":{"Escrito por":"Tarcisio Oliveira","Est. tempo de leitura":"2 minutos"},"schema":{"@context":"https:\/\/schema.org","@graph":[{"@type":"Article","@id":"https:\/\/www.pm.pb.gov.br\/portal\/2025\/08\/09\/nordeste-integrado-operacao-prende-tres-e-apreende-duas-armas-no-litoral-norte-da-pb\/#article","isPartOf":{"@id":"https:\/\/www.pm.pb.gov.br\/portal\/2025\/08\/09\/nordeste-integrado-operacao-prende-tres-e-apreende-duas-armas-no-litoral-norte-da-pb\/"},"author":{"name":"Tarcisio Oliveira","@id":"https:\/\/www.pm.pb.gov.br\/portal\/#\/schema\/person\/f84f56dcc78ce4357054da888b8247fd"},"headline":"NORDESTE INTEGRADO: Opera\u00e7\u00e3o prende tr\u00eas e apreende duas armas no litoral norte da PB","datePublished":"2025-08-09T04:01:00+00:00","dateModified":"2025-08-09T20:14:09+00:00","mainEntityOfPage":{"@id":"https:\/\/www.pm.pb.gov.br\/portal\/2025\/08\/09\/nordeste-integrado-operacao-prende-tres-e-apreende-duas-armas-no-litoral-norte-da-pb\/"},"wordCount":215,"publisher":{"@id":"https:\/\/www.pm.pb.gov.br\/portal\/#organization"},"articleSection":["A\u00e7\u00f5es Policiais"],"inLanguage":"pt-BR"},{"@type":"WebPage","@id":"https:\/\/www.pm.pb.gov.br\/portal\/2025\/08\/09\/nordeste-integrado-operacao-prende-tres-e-apreende-duas-armas-no-litoral-norte-da-pb\/","url":"https:\/\/www.pm.pb.gov.br\/portal\/2025\/08\/09\/nordeste-integrado-operacao-prende-tres-e-apreende-duas-armas-no-litoral-norte-da-pb\/","name":"NORDESTE INTEGRADO: Opera\u00e7\u00e3o prende tr\u00eas e apreende duas armas no litoral norte da PB - Pol\u00edcia Militar da Para\u00edba","isPartOf":{"@id":"https:\/\/www.pm.pb.gov.br\/portal\/#website"},"datePublished":"2025-08-09T04:01:00+00:00","dateModified":"2025-08-09T20:14:09+00:00","breadcrumb":{"@id":"https:\/\/www.pm.pb.gov.br\/portal\/2025\/08\/09\/nordeste-integrado-operacao-prende-tres-e-apreende-duas-armas-no-litoral-norte-da-pb\/#breadcrumb"},"inLanguage":"pt-BR","potentialAction":[{"@type":"ReadAction","target":["https:\/\/www.pm.pb.gov.br\/portal\/2025\/08\/09\/nordeste-integrado-operacao-prende-tres-e-apreende-duas-armas-no-litoral-norte-da-pb\/"]}]},{"@type":"BreadcrumbList","@id":"https:\/\/www.pm.pb.gov.br\/portal\/2025\/08\/09\/nordeste-integrado-operacao-prende-tres-e-apreende-duas-armas-no-litoral-norte-da-pb\/#breadcrumb","itemListElement":[{"@type":"ListItem","position":1,"name":"In\u00edcio","item":"https:\/\/www.pm.pb.gov.br\/portal\/"},{"@type":"ListItem","position":2,"name":"NORDESTE INTEGRADO: Opera\u00e7\u00e3o prende tr\u00eas e apreende duas armas no litoral norte da PB"}]},{"@type":"WebSite","@id":"https:\/\/www.pm.pb.gov.br\/portal\/#website","url":"https:\/\/www.pm.pb.gov.br\/portal\/","name":"Pol\u00edcia Militar da Para\u00edba","description":"","publisher":{"@id":"https:\/\/www.pm.pb.gov.br\/portal\/#organization"},"potentialAction":[{"@type":"SearchAction","target":{"@type":"EntryPoint","urlTemplate":"https:\/\/www.pm.pb.gov.br\/portal\/?s={search_term_string}"},"query-input":"required name=search_term_string"}],"inLanguage":"pt-BR"},{"@type":"Organization","@id":"https:\/\/www.pm.pb.gov.br\/portal\/#organization","name":"Pol\u00edcia Militar da Para\u00edba","url":"https:\/\/www.pm.pb.gov.br\/portal\/","logo":{"@type":"ImageObject","inLanguage":"pt-BR","@id":"https:\/\/www.pm.pb.gov.br\/portal\/#\/schema\/logo\/image\/","url":"https:\/\/www.pm.pb.gov.br\/portal\/wp-content\/uploads\/2025\/03\/cropped-logo-site-mag2-1.png","contentUrl":"https:\/\/www.pm.pb.gov.br\/portal\/wp-content\/uploads\/2025\/03\/cropped-logo-site-mag2-1.png","width":320,"height":90,"caption":"Pol\u00edcia Militar da Para\u00edba"},"image":{"@id":"https:\/\/www.pm.pb.gov.br\/portal\/#\/schema\/logo\/image\/"}},{"@type":"Person","@id":"https:\/\/www.pm.pb.gov.br\/portal\/#\/schema\/person\/f84f56dcc78ce4357054da888b8247fd","name":"Tarcisio Oliveira","image":{"@type":"ImageObject","inLanguage":"pt-BR","@id":"https:\/\/www.pm.pb.gov.br\/portal\/#\/schema\/person\/image\/","url":"https:\/\/secure.gravatar.com\/avatar\/72917b630b69d31cd0297507f34bac97?s=96&d=mm&r=g","contentUrl":"https:\/\/secure.gravatar.com\/avatar\/72917b630b69d31cd0297507f34bac97?s=96&d=mm&r=g","caption":"Tarcisio Oliveira"},"url":"https:\/\/www.pm.pb.gov.br\/portal\/author\/tarcisio\/"}]}},"_links":{"self":[{"href":"https:\/\/www.pm.pb.gov.br\/portal\/wp-json\/wp\/v2\/posts\/927581"}],"collection":[{"href":"https:\/\/www.pm.pb.gov.br\/portal\/wp-json\/wp\/v2\/posts"}],"about":[{"href":"https:\/\/www.pm.pb.gov.br\/portal\/wp-json\/wp\/v2\/types\/post"}],"author":[{"embeddable":true,"href":"https:\/\/www.pm.pb.gov.br\/portal\/wp-json\/wp\/v2\/users\/12"}],"replies":[{"embeddable":true,"href":"https:\/\/www.pm.pb.gov.br\/portal\/wp-json\/wp\/v2\/comments?post=927581"}],"version-history":[{"count":2,"href":"https:\/\/www.pm.pb.gov.br\/portal\/wp-json\/wp\/v2\/posts\/927581\/revisions"}],"predecessor-version":[{"id":927586,"href":"https:\/\/www.pm.pb.gov.br\/portal\/wp-json\/wp\/v2\/posts\/927581\/revisions\/927586"}],"wp:featuredmedia":[{"embeddable":true,"href":"https:\/\/www.pm.pb.gov.br\/portal\/wp-json\/wp\/v2\/media\/927583"}],"wp:attachment":[{"href":"https:\/\/www.pm.pb.gov.br\/portal\/wp-json\/wp\/v2\/media?parent=927581"}],"wp:term":[{"taxonomy":"category","embeddable":true,"href":"https:\/\/www.pm.pb.gov.br\/portal\/wp-json\/wp\/v2\/categories?post=927581"},{"taxonomy":"post_tag","embeddable":true,"href":"https:\/\/www.pm.pb.gov.br\/portal\/wp-json\/wp\/v2\/tags?post=927581"}],"curies":[{"name":"wp","href":"https:\/\/api.w.org\/{rel}","templated":true}]}}