{"id":927569,"date":"2025-08-09T07:19:00","date_gmt":"2025-08-09T10:19:00","guid":{"rendered":"https:\/\/www.pm.pb.gov.br\/portal\/?p=927569"},"modified":"2025-08-09T16:20:20","modified_gmt":"2025-08-09T19:20:20","slug":"policia-militar-frustra-ataque-criminoso-apreende-cinco-armas-de-fogo-e-vasta-quantidade-de-municoes","status":"publish","type":"post","link":"https:\/\/www.pm.pb.gov.br\/portal\/2025\/08\/09\/policia-militar-frustra-ataque-criminoso-apreende-cinco-armas-de-fogo-e-vasta-quantidade-de-municoes\/","title":{"rendered":"Pol\u00edcia Militar frustra ataque criminoso, apreende cinco armas de fogo e vasta quantidade de muni\u00e7\u00f5es"},"content":{"rendered":"\n<p>A Pol\u00edcia Militar apreendeu um verdadeiro arsenal e diversas muni\u00e7\u00f5es, e frustrou as a\u00e7\u00f5es criminosas de um grupo que iria atacar a regi\u00e3o do Jardim Mangueira, em Mandacaru, no fim a tarde desta sexta-feira na capital paraibana (8).<\/p>\n<p>Cinco armas de fogo, carregadores, e vasta quantidade de muni\u00e7\u00f5es estavam com um grupo que trocou tiros com a PM j\u00e1 no in\u00edcio da noite. Dois acusados foram presos e um terceiro foi atingido e encaminhado para atendimento m\u00e9dico.<\/p>\n<p>O confronto foi na regi\u00e3o do viveiro de camar\u00f5es, ap\u00f3s a PM frustrar um ataque criminoso no fim da tarde no Jardim Mangueira. As a\u00e7\u00f5es foram coordenadas pelo pr\u00f3prio comandante-geral da PM, o coronel S\u00e9rgio Fonseca, contando com apoio de tropas de \u00e1rea, como do 1\u00ba Batalh\u00e3o, e especializadas.<\/p>\n<p>Todo o material e os acusados presos foram encaminhados para a delegacia.<\/p>\n<p>__________________________________________________<\/p>\n<p>Siga o canal \u201cPMPB Not\u00edcias\u00a0<img decoding=\"async\" class=\"emoji\" role=\"img\" draggable=\"false\" src=\"https:\/\/s.w.org\/images\/core\/emoji\/14.0.0\/svg\/1f6a8.svg\" alt=\"&#x1f6a8;\" \/>\u201d no WhatsApp:\u00a0\u00a0<a href=\"https:\/\/whatsapp.com\/channel\/0029Vb6L9uNJENxwRKp7YW2p\">https:\/\/whatsapp.com\/channel\/0029Vb6L9uNJENxwRKp7YW2p<\/a><\/p>\n\n\n","protected":false},"excerpt":{"rendered":"<p>A Pol\u00edcia Militar apreendeu um verdadeiro arsenal e diversas muni\u00e7\u00f5es, e frustrou as a\u00e7\u00f5es criminosas de um grupo que iria<\/p>\n","protected":false},"author":12,"featured_media":927570,"comment_status":"closed","ping_status":"closed","sticky":false,"template":"","format":"standard","meta":{"_exactmetrics_skip_tracking":false,"_exactmetrics_sitenote_active":false,"_exactmetrics_sitenote_note":"","_exactmetrics_sitenote_category":0,"footnotes":""},"categories":[4],"tags":[],"yoast_head":"<!-- This site is optimized with the Yoast SEO plugin v22.0 - https:\/\/yoast.com\/wordpress\/plugins\/seo\/ -->\n<title>Pol\u00edcia Militar frustra ataque criminoso, apreende cinco armas de fogo e vasta quantidade de muni\u00e7\u00f5es - Pol\u00edcia Militar da Para\u00edba<\/title>\n<meta name=\"robots\" content=\"index, follow, max-snippet:-1, max-image-preview:large, max-video-preview:-1\" \/>\n<link rel=\"canonical\" href=\"https:\/\/www.pm.pb.gov.br\/portal\/2025\/08\/09\/policia-militar-frustra-ataque-criminoso-apreende-cinco-armas-de-fogo-e-vasta-quantidade-de-municoes\/\" \/>\n<meta property=\"og:locale\" content=\"pt_BR\" \/>\n<meta property=\"og:type\" content=\"article\" \/>\n<meta property=\"og:title\" content=\"Pol\u00edcia Militar frustra ataque criminoso, apreende cinco armas de fogo e vasta quantidade de muni\u00e7\u00f5es - Pol\u00edcia Militar da Para\u00edba\" \/>\n<meta property=\"og:description\" content=\"A Pol\u00edcia Militar apreendeu um verdadeiro arsenal e diversas muni\u00e7\u00f5es, e frustrou as a\u00e7\u00f5es criminosas de um grupo que iria\" \/>\n<meta property=\"og:url\" content=\"https:\/\/www.pm.pb.gov.br\/portal\/2025\/08\/09\/policia-militar-frustra-ataque-criminoso-apreende-cinco-armas-de-fogo-e-vasta-quantidade-de-municoes\/\" \/>\n<meta property=\"og:site_name\" content=\"Pol\u00edcia Militar da Para\u00edba\" \/>\n<meta property=\"article:published_time\" content=\"2025-08-09T10:19:00+00:00\" \/>\n<meta property=\"article:modified_time\" content=\"2025-08-09T19:20:20+00:00\" \/>\n<meta property=\"og:image\" content=\"http:\/\/www.pm.pb.gov.br\/portal\/wp-content\/uploads\/2025\/08\/mandacaru1.jpeg\" \/>\n\t<meta property=\"og:image:width\" content=\"800\" \/>\n\t<meta property=\"og:image:height\" content=\"441\" \/>\n\t<meta property=\"og:image:type\" content=\"image\/jpeg\" \/>\n<meta name=\"author\" content=\"Tarcisio Oliveira\" \/>\n<meta name=\"twitter:card\" content=\"summary_large_image\" \/>\n<meta name=\"twitter:label1\" content=\"Escrito por\" \/>\n\t<meta name=\"twitter:data1\" content=\"Tarcisio Oliveira\" \/>\n\t<meta name=\"twitter:label2\" content=\"Est. tempo de leitura\" \/>\n\t<meta name=\"twitter:data2\" content=\"2 minutos\" \/>\n<script type=\"application\/ld+json\" class=\"yoast-schema-graph\">{\"@context\":\"https:\/\/schema.org\",\"@graph\":[{\"@type\":\"Article\",\"@id\":\"https:\/\/www.pm.pb.gov.br\/portal\/2025\/08\/09\/policia-militar-frustra-ataque-criminoso-apreende-cinco-armas-de-fogo-e-vasta-quantidade-de-municoes\/#article\",\"isPartOf\":{\"@id\":\"https:\/\/www.pm.pb.gov.br\/portal\/2025\/08\/09\/policia-militar-frustra-ataque-criminoso-apreende-cinco-armas-de-fogo-e-vasta-quantidade-de-municoes\/\"},\"author\":{\"name\":\"Tarcisio Oliveira\",\"@id\":\"https:\/\/www.pm.pb.gov.br\/portal\/#\/schema\/person\/f84f56dcc78ce4357054da888b8247fd\"},\"headline\":\"Pol\u00edcia Militar frustra ataque criminoso, apreende cinco armas de fogo e vasta quantidade de muni\u00e7\u00f5es\",\"datePublished\":\"2025-08-09T10:19:00+00:00\",\"dateModified\":\"2025-08-09T19:20:20+00:00\",\"mainEntityOfPage\":{\"@id\":\"https:\/\/www.pm.pb.gov.br\/portal\/2025\/08\/09\/policia-militar-frustra-ataque-criminoso-apreende-cinco-armas-de-fogo-e-vasta-quantidade-de-municoes\/\"},\"wordCount\":184,\"publisher\":{\"@id\":\"https:\/\/www.pm.pb.gov.br\/portal\/#organization\"},\"articleSection\":[\"A\u00e7\u00f5es Policiais\"],\"inLanguage\":\"pt-BR\"},{\"@type\":\"WebPage\",\"@id\":\"https:\/\/www.pm.pb.gov.br\/portal\/2025\/08\/09\/policia-militar-frustra-ataque-criminoso-apreende-cinco-armas-de-fogo-e-vasta-quantidade-de-municoes\/\",\"url\":\"https:\/\/www.pm.pb.gov.br\/portal\/2025\/08\/09\/policia-militar-frustra-ataque-criminoso-apreende-cinco-armas-de-fogo-e-vasta-quantidade-de-municoes\/\",\"name\":\"Pol\u00edcia Militar frustra ataque criminoso, apreende cinco armas de fogo e vasta quantidade de muni\u00e7\u00f5es - Pol\u00edcia Militar da Para\u00edba\",\"isPartOf\":{\"@id\":\"https:\/\/www.pm.pb.gov.br\/portal\/#website\"},\"datePublished\":\"2025-08-09T10:19:00+00:00\",\"dateModified\":\"2025-08-09T19:20:20+00:00\",\"breadcrumb\":{\"@id\":\"https:\/\/www.pm.pb.gov.br\/portal\/2025\/08\/09\/policia-militar-frustra-ataque-criminoso-apreende-cinco-armas-de-fogo-e-vasta-quantidade-de-municoes\/#breadcrumb\"},\"inLanguage\":\"pt-BR\",\"potentialAction\":[{\"@type\":\"ReadAction\",\"target\":[\"https:\/\/www.pm.pb.gov.br\/portal\/2025\/08\/09\/policia-militar-frustra-ataque-criminoso-apreende-cinco-armas-de-fogo-e-vasta-quantidade-de-municoes\/\"]}]},{\"@type\":\"BreadcrumbList\",\"@id\":\"https:\/\/www.pm.pb.gov.br\/portal\/2025\/08\/09\/policia-militar-frustra-ataque-criminoso-apreende-cinco-armas-de-fogo-e-vasta-quantidade-de-municoes\/#breadcrumb\",\"itemListElement\":[{\"@type\":\"ListItem\",\"position\":1,\"name\":\"In\u00edcio\",\"item\":\"https:\/\/www.pm.pb.gov.br\/portal\/\"},{\"@type\":\"ListItem\",\"position\":2,\"name\":\"Pol\u00edcia Militar frustra ataque criminoso, apreende cinco armas de fogo e vasta quantidade de muni\u00e7\u00f5es\"}]},{\"@type\":\"WebSite\",\"@id\":\"https:\/\/www.pm.pb.gov.br\/portal\/#website\",\"url\":\"https:\/\/www.pm.pb.gov.br\/portal\/\",\"name\":\"Pol\u00edcia Militar da Para\u00edba\",\"description\":\"\",\"publisher\":{\"@id\":\"https:\/\/www.pm.pb.gov.br\/portal\/#organization\"},\"potentialAction\":[{\"@type\":\"SearchAction\",\"target\":{\"@type\":\"EntryPoint\",\"urlTemplate\":\"https:\/\/www.pm.pb.gov.br\/portal\/?s={search_term_string}\"},\"query-input\":\"required name=search_term_string\"}],\"inLanguage\":\"pt-BR\"},{\"@type\":\"Organization\",\"@id\":\"https:\/\/www.pm.pb.gov.br\/portal\/#organization\",\"name\":\"Pol\u00edcia Militar da Para\u00edba\",\"url\":\"https:\/\/www.pm.pb.gov.br\/portal\/\",\"logo\":{\"@type\":\"ImageObject\",\"inLanguage\":\"pt-BR\",\"@id\":\"https:\/\/www.pm.pb.gov.br\/portal\/#\/schema\/logo\/image\/\",\"url\":\"https:\/\/www.pm.pb.gov.br\/portal\/wp-content\/uploads\/2025\/03\/cropped-logo-site-mag2-1.png\",\"contentUrl\":\"https:\/\/www.pm.pb.gov.br\/portal\/wp-content\/uploads\/2025\/03\/cropped-logo-site-mag2-1.png\",\"width\":320,\"height\":90,\"caption\":\"Pol\u00edcia Militar da Para\u00edba\"},\"image\":{\"@id\":\"https:\/\/www.pm.pb.gov.br\/portal\/#\/schema\/logo\/image\/\"}},{\"@type\":\"Person\",\"@id\":\"https:\/\/www.pm.pb.gov.br\/portal\/#\/schema\/person\/f84f56dcc78ce4357054da888b8247fd\",\"name\":\"Tarcisio Oliveira\",\"image\":{\"@type\":\"ImageObject\",\"inLanguage\":\"pt-BR\",\"@id\":\"https:\/\/www.pm.pb.gov.br\/portal\/#\/schema\/person\/image\/\",\"url\":\"https:\/\/secure.gravatar.com\/avatar\/72917b630b69d31cd0297507f34bac97?s=96&d=mm&r=g\",\"contentUrl\":\"https:\/\/secure.gravatar.com\/avatar\/72917b630b69d31cd0297507f34bac97?s=96&d=mm&r=g\",\"caption\":\"Tarcisio Oliveira\"},\"url\":\"https:\/\/www.pm.pb.gov.br\/portal\/author\/tarcisio\/\"}]}<\/script>\n<!-- \/ Yoast SEO plugin. -->","yoast_head_json":{"title":"Pol\u00edcia Militar frustra ataque criminoso, apreende cinco armas de fogo e vasta quantidade de muni\u00e7\u00f5es - Pol\u00edcia Militar da Para\u00edba","robots":{"index":"index","follow":"follow","max-snippet":"max-snippet:-1","max-image-preview":"max-image-preview:large","max-video-preview":"max-video-preview:-1"},"canonical":"https:\/\/www.pm.pb.gov.br\/portal\/2025\/08\/09\/policia-militar-frustra-ataque-criminoso-apreende-cinco-armas-de-fogo-e-vasta-quantidade-de-municoes\/","og_locale":"pt_BR","og_type":"article","og_title":"Pol\u00edcia Militar frustra ataque criminoso, apreende cinco armas de fogo e vasta quantidade de muni\u00e7\u00f5es - Pol\u00edcia Militar da Para\u00edba","og_description":"A Pol\u00edcia Militar apreendeu um verdadeiro arsenal e diversas muni\u00e7\u00f5es, e frustrou as a\u00e7\u00f5es criminosas de um grupo que iria","og_url":"https:\/\/www.pm.pb.gov.br\/portal\/2025\/08\/09\/policia-militar-frustra-ataque-criminoso-apreende-cinco-armas-de-fogo-e-vasta-quantidade-de-municoes\/","og_site_name":"Pol\u00edcia Militar da Para\u00edba","article_published_time":"2025-08-09T10:19:00+00:00","article_modified_time":"2025-08-09T19:20:20+00:00","og_image":[{"width":800,"height":441,"url":"http:\/\/www.pm.pb.gov.br\/portal\/wp-content\/uploads\/2025\/08\/mandacaru1.jpeg","type":"image\/jpeg"}],"author":"Tarcisio Oliveira","twitter_card":"summary_large_image","twitter_misc":{"Escrito por":"Tarcisio Oliveira","Est. tempo de leitura":"2 minutos"},"schema":{"@context":"https:\/\/schema.org","@graph":[{"@type":"Article","@id":"https:\/\/www.pm.pb.gov.br\/portal\/2025\/08\/09\/policia-militar-frustra-ataque-criminoso-apreende-cinco-armas-de-fogo-e-vasta-quantidade-de-municoes\/#article","isPartOf":{"@id":"https:\/\/www.pm.pb.gov.br\/portal\/2025\/08\/09\/policia-militar-frustra-ataque-criminoso-apreende-cinco-armas-de-fogo-e-vasta-quantidade-de-municoes\/"},"author":{"name":"Tarcisio Oliveira","@id":"https:\/\/www.pm.pb.gov.br\/portal\/#\/schema\/person\/f84f56dcc78ce4357054da888b8247fd"},"headline":"Pol\u00edcia Militar frustra ataque criminoso, apreende cinco armas de fogo e vasta quantidade de muni\u00e7\u00f5es","datePublished":"2025-08-09T10:19:00+00:00","dateModified":"2025-08-09T19:20:20+00:00","mainEntityOfPage":{"@id":"https:\/\/www.pm.pb.gov.br\/portal\/2025\/08\/09\/policia-militar-frustra-ataque-criminoso-apreende-cinco-armas-de-fogo-e-vasta-quantidade-de-municoes\/"},"wordCount":184,"publisher":{"@id":"https:\/\/www.pm.pb.gov.br\/portal\/#organization"},"articleSection":["A\u00e7\u00f5es Policiais"],"inLanguage":"pt-BR"},{"@type":"WebPage","@id":"https:\/\/www.pm.pb.gov.br\/portal\/2025\/08\/09\/policia-militar-frustra-ataque-criminoso-apreende-cinco-armas-de-fogo-e-vasta-quantidade-de-municoes\/","url":"https:\/\/www.pm.pb.gov.br\/portal\/2025\/08\/09\/policia-militar-frustra-ataque-criminoso-apreende-cinco-armas-de-fogo-e-vasta-quantidade-de-municoes\/","name":"Pol\u00edcia Militar frustra ataque criminoso, apreende cinco armas de fogo e vasta quantidade de muni\u00e7\u00f5es - Pol\u00edcia Militar da Para\u00edba","isPartOf":{"@id":"https:\/\/www.pm.pb.gov.br\/portal\/#website"},"datePublished":"2025-08-09T10:19:00+00:00","dateModified":"2025-08-09T19:20:20+00:00","breadcrumb":{"@id":"https:\/\/www.pm.pb.gov.br\/portal\/2025\/08\/09\/policia-militar-frustra-ataque-criminoso-apreende-cinco-armas-de-fogo-e-vasta-quantidade-de-municoes\/#breadcrumb"},"inLanguage":"pt-BR","potentialAction":[{"@type":"ReadAction","target":["https:\/\/www.pm.pb.gov.br\/portal\/2025\/08\/09\/policia-militar-frustra-ataque-criminoso-apreende-cinco-armas-de-fogo-e-vasta-quantidade-de-municoes\/"]}]},{"@type":"BreadcrumbList","@id":"https:\/\/www.pm.pb.gov.br\/portal\/2025\/08\/09\/policia-militar-frustra-ataque-criminoso-apreende-cinco-armas-de-fogo-e-vasta-quantidade-de-municoes\/#breadcrumb","itemListElement":[{"@type":"ListItem","position":1,"name":"In\u00edcio","item":"https:\/\/www.pm.pb.gov.br\/portal\/"},{"@type":"ListItem","position":2,"name":"Pol\u00edcia Militar frustra ataque criminoso, apreende cinco armas de fogo e vasta quantidade de muni\u00e7\u00f5es"}]},{"@type":"WebSite","@id":"https:\/\/www.pm.pb.gov.br\/portal\/#website","url":"https:\/\/www.pm.pb.gov.br\/portal\/","name":"Pol\u00edcia Militar da Para\u00edba","description":"","publisher":{"@id":"https:\/\/www.pm.pb.gov.br\/portal\/#organization"},"potentialAction":[{"@type":"SearchAction","target":{"@type":"EntryPoint","urlTemplate":"https:\/\/www.pm.pb.gov.br\/portal\/?s={search_term_string}"},"query-input":"required name=search_term_string"}],"inLanguage":"pt-BR"},{"@type":"Organization","@id":"https:\/\/www.pm.pb.gov.br\/portal\/#organization","name":"Pol\u00edcia Militar da Para\u00edba","url":"https:\/\/www.pm.pb.gov.br\/portal\/","logo":{"@type":"ImageObject","inLanguage":"pt-BR","@id":"https:\/\/www.pm.pb.gov.br\/portal\/#\/schema\/logo\/image\/","url":"https:\/\/www.pm.pb.gov.br\/portal\/wp-content\/uploads\/2025\/03\/cropped-logo-site-mag2-1.png","contentUrl":"https:\/\/www.pm.pb.gov.br\/portal\/wp-content\/uploads\/2025\/03\/cropped-logo-site-mag2-1.png","width":320,"height":90,"caption":"Pol\u00edcia Militar da Para\u00edba"},"image":{"@id":"https:\/\/www.pm.pb.gov.br\/portal\/#\/schema\/logo\/image\/"}},{"@type":"Person","@id":"https:\/\/www.pm.pb.gov.br\/portal\/#\/schema\/person\/f84f56dcc78ce4357054da888b8247fd","name":"Tarcisio Oliveira","image":{"@type":"ImageObject","inLanguage":"pt-BR","@id":"https:\/\/www.pm.pb.gov.br\/portal\/#\/schema\/person\/image\/","url":"https:\/\/secure.gravatar.com\/avatar\/72917b630b69d31cd0297507f34bac97?s=96&d=mm&r=g","contentUrl":"https:\/\/secure.gravatar.com\/avatar\/72917b630b69d31cd0297507f34bac97?s=96&d=mm&r=g","caption":"Tarcisio Oliveira"},"url":"https:\/\/www.pm.pb.gov.br\/portal\/author\/tarcisio\/"}]}},"_links":{"self":[{"href":"https:\/\/www.pm.pb.gov.br\/portal\/wp-json\/wp\/v2\/posts\/927569"}],"collection":[{"href":"https:\/\/www.pm.pb.gov.br\/portal\/wp-json\/wp\/v2\/posts"}],"about":[{"href":"https:\/\/www.pm.pb.gov.br\/portal\/wp-json\/wp\/v2\/types\/post"}],"author":[{"embeddable":true,"href":"https:\/\/www.pm.pb.gov.br\/portal\/wp-json\/wp\/v2\/users\/12"}],"replies":[{"embeddable":true,"href":"https:\/\/www.pm.pb.gov.br\/portal\/wp-json\/wp\/v2\/comments?post=927569"}],"version-history":[{"count":1,"href":"https:\/\/www.pm.pb.gov.br\/portal\/wp-json\/wp\/v2\/posts\/927569\/revisions"}],"predecessor-version":[{"id":927571,"href":"https:\/\/www.pm.pb.gov.br\/portal\/wp-json\/wp\/v2\/posts\/927569\/revisions\/927571"}],"wp:featuredmedia":[{"embeddable":true,"href":"https:\/\/www.pm.pb.gov.br\/portal\/wp-json\/wp\/v2\/media\/927570"}],"wp:attachment":[{"href":"https:\/\/www.pm.pb.gov.br\/portal\/wp-json\/wp\/v2\/media?parent=927569"}],"wp:term":[{"taxonomy":"category","embeddable":true,"href":"https:\/\/www.pm.pb.gov.br\/portal\/wp-json\/wp\/v2\/categories?post=927569"},{"taxonomy":"post_tag","embeddable":true,"href":"https:\/\/www.pm.pb.gov.br\/portal\/wp-json\/wp\/v2\/tags?post=927569"}],"curies":[{"name":"wp","href":"https:\/\/api.w.org\/{rel}","templated":true}]}}