{"id":927539,"date":"2025-08-07T19:42:07","date_gmt":"2025-08-07T22:42:07","guid":{"rendered":"https:\/\/www.pm.pb.gov.br\/portal\/?p=927539"},"modified":"2025-08-07T19:42:10","modified_gmt":"2025-08-07T22:42:10","slug":"suspeito-de-gerenciar-organizacao-criminosa-em-pernambuco-e-preso-durante-operacao-na-paraiba","status":"publish","type":"post","link":"https:\/\/www.pm.pb.gov.br\/portal\/2025\/08\/07\/suspeito-de-gerenciar-organizacao-criminosa-em-pernambuco-e-preso-durante-operacao-na-paraiba\/","title":{"rendered":"Suspeito de gerenciar organiza\u00e7\u00e3o criminosa em Pernambuco \u00e9 preso durante opera\u00e7\u00e3o na Para\u00edba"},"content":{"rendered":"\n<p>A Pol\u00edcia Militar da Para\u00edba e a Pol\u00edcia Civil de Pernambuco prenderam, na tarde desta quinta-feira (7), um criminoso de alta periculosidade que estaria gerenciando as atividades de uma fac\u00e7\u00e3o criminosa no Estado de Pernambuco. A pris\u00e3o foi realizada durante opera\u00e7\u00e3o no bairro do Mu\u00e7umagro, que fica na zona sul de Jo\u00e3o Pessoa \u2013 PB. <br><br>Contra o acusado, que tem 23 anos, tinham dois mandados de pris\u00e3o preventiva por tr\u00e1fico de drogas, sendo um expedido pela justi\u00e7a paraibana e outro pela justi\u00e7a de Pernambuco. Ele estava escondido em um local que seria \u2018reduto\u2019 da fac\u00e7\u00e3o que ele exercia posi\u00e7\u00e3o de gerente.<br><br><strong>Atua\u00e7\u00e3o criminosa \u2013<\/strong> Conforme os levantamentos das duas pol\u00edcias, ele atuaria n\u00e3o s\u00f3 nas atividades do tr\u00e1fico relacionadas \u00e0 fac\u00e7\u00e3o na cidade de Itamb\u00e9-PE, divisa com a Para\u00edba, mas tamb\u00e9m teria envolvimento em crimes de homic\u00eddio, inclusive deve ser investigado por um assassinato registrado nesta quinta-feira (7), naquele munic\u00edpio.<br><br>O preso foi apresentado na Cidade da Pol\u00edcia Civil, no bairro do Geisel, em Jo\u00e3o Pessoa.<br><br><strong>Integra\u00e7\u00e3o em v\u00e1rios Estados contra o crime organizado <\/strong>\u2013 Tamb\u00e9m nesta quinta-feira (7), foi preso no Estado de S\u00e3o Paulo um integrante de uma fac\u00e7\u00e3o criminosa que foi condenado por tr\u00e1fico de drogas e estava sendo procurado pela justi\u00e7a paraibana. A pris\u00e3o foi resultado da integra\u00e7\u00e3o da Pol\u00edcia Militar da Para\u00edba e Pol\u00edcia Militar do Estado de S\u00e3o Paulo. O acusado tinha atua\u00e7\u00e3o na regi\u00e3o do Vale do Pianc\u00f3 \u2013 PB e estava com um mandado de pris\u00e3o expedido pela 3\u00aa Vara Mista de Itaporanga, na Para\u00edba. <br><\/p>\n","protected":false},"excerpt":{"rendered":"<p>A Pol\u00edcia Militar da Para\u00edba e a Pol\u00edcia Civil de Pernambuco prenderam, na tarde desta quinta-feira (7), um criminoso de<\/p>\n","protected":false},"author":18,"featured_media":905270,"comment_status":"closed","ping_status":"closed","sticky":false,"template":"","format":"standard","meta":{"_exactmetrics_skip_tracking":false,"_exactmetrics_sitenote_active":false,"_exactmetrics_sitenote_note":"","_exactmetrics_sitenote_category":0,"footnotes":""},"categories":[4],"tags":[],"yoast_head":"<!-- This site is optimized with the Yoast SEO plugin v22.0 - https:\/\/yoast.com\/wordpress\/plugins\/seo\/ -->\n<title>Suspeito de gerenciar organiza\u00e7\u00e3o criminosa em Pernambuco \u00e9 preso durante opera\u00e7\u00e3o na Para\u00edba - Pol\u00edcia Militar da Para\u00edba<\/title>\n<meta name=\"robots\" content=\"index, follow, max-snippet:-1, max-image-preview:large, max-video-preview:-1\" \/>\n<link rel=\"canonical\" href=\"https:\/\/www.pm.pb.gov.br\/portal\/2025\/08\/07\/suspeito-de-gerenciar-organizacao-criminosa-em-pernambuco-e-preso-durante-operacao-na-paraiba\/\" \/>\n<meta property=\"og:locale\" content=\"pt_BR\" \/>\n<meta property=\"og:type\" content=\"article\" \/>\n<meta property=\"og:title\" content=\"Suspeito de gerenciar organiza\u00e7\u00e3o criminosa em Pernambuco \u00e9 preso durante opera\u00e7\u00e3o na Para\u00edba - Pol\u00edcia Militar da Para\u00edba\" \/>\n<meta property=\"og:description\" content=\"A Pol\u00edcia Militar da Para\u00edba e a Pol\u00edcia Civil de Pernambuco prenderam, na tarde desta quinta-feira (7), um criminoso de\" \/>\n<meta property=\"og:url\" content=\"https:\/\/www.pm.pb.gov.br\/portal\/2025\/08\/07\/suspeito-de-gerenciar-organizacao-criminosa-em-pernambuco-e-preso-durante-operacao-na-paraiba\/\" \/>\n<meta property=\"og:site_name\" content=\"Pol\u00edcia Militar da Para\u00edba\" \/>\n<meta property=\"article:published_time\" content=\"2025-08-07T22:42:07+00:00\" \/>\n<meta property=\"article:modified_time\" content=\"2025-08-07T22:42:10+00:00\" \/>\n<meta property=\"og:image\" content=\"http:\/\/www.pm.pb.gov.br\/portal\/wp-content\/uploads\/2020\/05\/legenda.jpg\" \/>\n\t<meta property=\"og:image:width\" content=\"1280\" \/>\n\t<meta property=\"og:image:height\" content=\"854\" \/>\n\t<meta property=\"og:image:type\" content=\"image\/jpeg\" \/>\n<meta name=\"author\" content=\"Luiz Duarte\" \/>\n<meta name=\"twitter:card\" content=\"summary_large_image\" \/>\n<meta name=\"twitter:label1\" content=\"Escrito por\" \/>\n\t<meta name=\"twitter:data1\" content=\"Luiz Duarte\" \/>\n\t<meta name=\"twitter:label2\" content=\"Est. tempo de leitura\" \/>\n\t<meta name=\"twitter:data2\" content=\"2 minutos\" \/>\n<script type=\"application\/ld+json\" class=\"yoast-schema-graph\">{\"@context\":\"https:\/\/schema.org\",\"@graph\":[{\"@type\":\"Article\",\"@id\":\"https:\/\/www.pm.pb.gov.br\/portal\/2025\/08\/07\/suspeito-de-gerenciar-organizacao-criminosa-em-pernambuco-e-preso-durante-operacao-na-paraiba\/#article\",\"isPartOf\":{\"@id\":\"https:\/\/www.pm.pb.gov.br\/portal\/2025\/08\/07\/suspeito-de-gerenciar-organizacao-criminosa-em-pernambuco-e-preso-durante-operacao-na-paraiba\/\"},\"author\":{\"name\":\"Luiz Duarte\",\"@id\":\"https:\/\/www.pm.pb.gov.br\/portal\/#\/schema\/person\/89dd009e2523c97adf8def1d6cf90ca1\"},\"headline\":\"Suspeito de gerenciar organiza\u00e7\u00e3o criminosa em Pernambuco \u00e9 preso durante opera\u00e7\u00e3o na Para\u00edba\",\"datePublished\":\"2025-08-07T22:42:07+00:00\",\"dateModified\":\"2025-08-07T22:42:10+00:00\",\"mainEntityOfPage\":{\"@id\":\"https:\/\/www.pm.pb.gov.br\/portal\/2025\/08\/07\/suspeito-de-gerenciar-organizacao-criminosa-em-pernambuco-e-preso-durante-operacao-na-paraiba\/\"},\"wordCount\":301,\"publisher\":{\"@id\":\"https:\/\/www.pm.pb.gov.br\/portal\/#organization\"},\"articleSection\":[\"A\u00e7\u00f5es Policiais\"],\"inLanguage\":\"pt-BR\"},{\"@type\":\"WebPage\",\"@id\":\"https:\/\/www.pm.pb.gov.br\/portal\/2025\/08\/07\/suspeito-de-gerenciar-organizacao-criminosa-em-pernambuco-e-preso-durante-operacao-na-paraiba\/\",\"url\":\"https:\/\/www.pm.pb.gov.br\/portal\/2025\/08\/07\/suspeito-de-gerenciar-organizacao-criminosa-em-pernambuco-e-preso-durante-operacao-na-paraiba\/\",\"name\":\"Suspeito de gerenciar organiza\u00e7\u00e3o criminosa em Pernambuco \u00e9 preso durante opera\u00e7\u00e3o na Para\u00edba - Pol\u00edcia Militar da Para\u00edba\",\"isPartOf\":{\"@id\":\"https:\/\/www.pm.pb.gov.br\/portal\/#website\"},\"datePublished\":\"2025-08-07T22:42:07+00:00\",\"dateModified\":\"2025-08-07T22:42:10+00:00\",\"breadcrumb\":{\"@id\":\"https:\/\/www.pm.pb.gov.br\/portal\/2025\/08\/07\/suspeito-de-gerenciar-organizacao-criminosa-em-pernambuco-e-preso-durante-operacao-na-paraiba\/#breadcrumb\"},\"inLanguage\":\"pt-BR\",\"potentialAction\":[{\"@type\":\"ReadAction\",\"target\":[\"https:\/\/www.pm.pb.gov.br\/portal\/2025\/08\/07\/suspeito-de-gerenciar-organizacao-criminosa-em-pernambuco-e-preso-durante-operacao-na-paraiba\/\"]}]},{\"@type\":\"BreadcrumbList\",\"@id\":\"https:\/\/www.pm.pb.gov.br\/portal\/2025\/08\/07\/suspeito-de-gerenciar-organizacao-criminosa-em-pernambuco-e-preso-durante-operacao-na-paraiba\/#breadcrumb\",\"itemListElement\":[{\"@type\":\"ListItem\",\"position\":1,\"name\":\"In\u00edcio\",\"item\":\"https:\/\/www.pm.pb.gov.br\/portal\/\"},{\"@type\":\"ListItem\",\"position\":2,\"name\":\"Suspeito de gerenciar organiza\u00e7\u00e3o criminosa em Pernambuco \u00e9 preso durante opera\u00e7\u00e3o na Para\u00edba\"}]},{\"@type\":\"WebSite\",\"@id\":\"https:\/\/www.pm.pb.gov.br\/portal\/#website\",\"url\":\"https:\/\/www.pm.pb.gov.br\/portal\/\",\"name\":\"Pol\u00edcia Militar da Para\u00edba\",\"description\":\"\",\"publisher\":{\"@id\":\"https:\/\/www.pm.pb.gov.br\/portal\/#organization\"},\"potentialAction\":[{\"@type\":\"SearchAction\",\"target\":{\"@type\":\"EntryPoint\",\"urlTemplate\":\"https:\/\/www.pm.pb.gov.br\/portal\/?s={search_term_string}\"},\"query-input\":\"required name=search_term_string\"}],\"inLanguage\":\"pt-BR\"},{\"@type\":\"Organization\",\"@id\":\"https:\/\/www.pm.pb.gov.br\/portal\/#organization\",\"name\":\"Pol\u00edcia Militar da Para\u00edba\",\"url\":\"https:\/\/www.pm.pb.gov.br\/portal\/\",\"logo\":{\"@type\":\"ImageObject\",\"inLanguage\":\"pt-BR\",\"@id\":\"https:\/\/www.pm.pb.gov.br\/portal\/#\/schema\/logo\/image\/\",\"url\":\"https:\/\/www.pm.pb.gov.br\/portal\/wp-content\/uploads\/2025\/03\/cropped-logo-site-mag2-1.png\",\"contentUrl\":\"https:\/\/www.pm.pb.gov.br\/portal\/wp-content\/uploads\/2025\/03\/cropped-logo-site-mag2-1.png\",\"width\":320,\"height\":90,\"caption\":\"Pol\u00edcia Militar da Para\u00edba\"},\"image\":{\"@id\":\"https:\/\/www.pm.pb.gov.br\/portal\/#\/schema\/logo\/image\/\"}},{\"@type\":\"Person\",\"@id\":\"https:\/\/www.pm.pb.gov.br\/portal\/#\/schema\/person\/89dd009e2523c97adf8def1d6cf90ca1\",\"name\":\"Luiz Duarte\",\"image\":{\"@type\":\"ImageObject\",\"inLanguage\":\"pt-BR\",\"@id\":\"https:\/\/www.pm.pb.gov.br\/portal\/#\/schema\/person\/image\/\",\"url\":\"https:\/\/secure.gravatar.com\/avatar\/ce5539b97246ef4d24dd039a3f64145b?s=96&d=mm&r=g\",\"contentUrl\":\"https:\/\/secure.gravatar.com\/avatar\/ce5539b97246ef4d24dd039a3f64145b?s=96&d=mm&r=g\",\"caption\":\"Luiz Duarte\"},\"url\":\"https:\/\/www.pm.pb.gov.br\/portal\/author\/luiz\/\"}]}<\/script>\n<!-- \/ Yoast SEO plugin. -->","yoast_head_json":{"title":"Suspeito de gerenciar organiza\u00e7\u00e3o criminosa em Pernambuco \u00e9 preso durante opera\u00e7\u00e3o na Para\u00edba - Pol\u00edcia Militar da Para\u00edba","robots":{"index":"index","follow":"follow","max-snippet":"max-snippet:-1","max-image-preview":"max-image-preview:large","max-video-preview":"max-video-preview:-1"},"canonical":"https:\/\/www.pm.pb.gov.br\/portal\/2025\/08\/07\/suspeito-de-gerenciar-organizacao-criminosa-em-pernambuco-e-preso-durante-operacao-na-paraiba\/","og_locale":"pt_BR","og_type":"article","og_title":"Suspeito de gerenciar organiza\u00e7\u00e3o criminosa em Pernambuco \u00e9 preso durante opera\u00e7\u00e3o na Para\u00edba - Pol\u00edcia Militar da Para\u00edba","og_description":"A Pol\u00edcia Militar da Para\u00edba e a Pol\u00edcia Civil de Pernambuco prenderam, na tarde desta quinta-feira (7), um criminoso de","og_url":"https:\/\/www.pm.pb.gov.br\/portal\/2025\/08\/07\/suspeito-de-gerenciar-organizacao-criminosa-em-pernambuco-e-preso-durante-operacao-na-paraiba\/","og_site_name":"Pol\u00edcia Militar da Para\u00edba","article_published_time":"2025-08-07T22:42:07+00:00","article_modified_time":"2025-08-07T22:42:10+00:00","og_image":[{"width":1280,"height":854,"url":"http:\/\/www.pm.pb.gov.br\/portal\/wp-content\/uploads\/2020\/05\/legenda.jpg","type":"image\/jpeg"}],"author":"Luiz Duarte","twitter_card":"summary_large_image","twitter_misc":{"Escrito por":"Luiz Duarte","Est. tempo de leitura":"2 minutos"},"schema":{"@context":"https:\/\/schema.org","@graph":[{"@type":"Article","@id":"https:\/\/www.pm.pb.gov.br\/portal\/2025\/08\/07\/suspeito-de-gerenciar-organizacao-criminosa-em-pernambuco-e-preso-durante-operacao-na-paraiba\/#article","isPartOf":{"@id":"https:\/\/www.pm.pb.gov.br\/portal\/2025\/08\/07\/suspeito-de-gerenciar-organizacao-criminosa-em-pernambuco-e-preso-durante-operacao-na-paraiba\/"},"author":{"name":"Luiz Duarte","@id":"https:\/\/www.pm.pb.gov.br\/portal\/#\/schema\/person\/89dd009e2523c97adf8def1d6cf90ca1"},"headline":"Suspeito de gerenciar organiza\u00e7\u00e3o criminosa em Pernambuco \u00e9 preso durante opera\u00e7\u00e3o na Para\u00edba","datePublished":"2025-08-07T22:42:07+00:00","dateModified":"2025-08-07T22:42:10+00:00","mainEntityOfPage":{"@id":"https:\/\/www.pm.pb.gov.br\/portal\/2025\/08\/07\/suspeito-de-gerenciar-organizacao-criminosa-em-pernambuco-e-preso-durante-operacao-na-paraiba\/"},"wordCount":301,"publisher":{"@id":"https:\/\/www.pm.pb.gov.br\/portal\/#organization"},"articleSection":["A\u00e7\u00f5es Policiais"],"inLanguage":"pt-BR"},{"@type":"WebPage","@id":"https:\/\/www.pm.pb.gov.br\/portal\/2025\/08\/07\/suspeito-de-gerenciar-organizacao-criminosa-em-pernambuco-e-preso-durante-operacao-na-paraiba\/","url":"https:\/\/www.pm.pb.gov.br\/portal\/2025\/08\/07\/suspeito-de-gerenciar-organizacao-criminosa-em-pernambuco-e-preso-durante-operacao-na-paraiba\/","name":"Suspeito de gerenciar organiza\u00e7\u00e3o criminosa em Pernambuco \u00e9 preso durante opera\u00e7\u00e3o na Para\u00edba - Pol\u00edcia Militar da Para\u00edba","isPartOf":{"@id":"https:\/\/www.pm.pb.gov.br\/portal\/#website"},"datePublished":"2025-08-07T22:42:07+00:00","dateModified":"2025-08-07T22:42:10+00:00","breadcrumb":{"@id":"https:\/\/www.pm.pb.gov.br\/portal\/2025\/08\/07\/suspeito-de-gerenciar-organizacao-criminosa-em-pernambuco-e-preso-durante-operacao-na-paraiba\/#breadcrumb"},"inLanguage":"pt-BR","potentialAction":[{"@type":"ReadAction","target":["https:\/\/www.pm.pb.gov.br\/portal\/2025\/08\/07\/suspeito-de-gerenciar-organizacao-criminosa-em-pernambuco-e-preso-durante-operacao-na-paraiba\/"]}]},{"@type":"BreadcrumbList","@id":"https:\/\/www.pm.pb.gov.br\/portal\/2025\/08\/07\/suspeito-de-gerenciar-organizacao-criminosa-em-pernambuco-e-preso-durante-operacao-na-paraiba\/#breadcrumb","itemListElement":[{"@type":"ListItem","position":1,"name":"In\u00edcio","item":"https:\/\/www.pm.pb.gov.br\/portal\/"},{"@type":"ListItem","position":2,"name":"Suspeito de gerenciar organiza\u00e7\u00e3o criminosa em Pernambuco \u00e9 preso durante opera\u00e7\u00e3o na Para\u00edba"}]},{"@type":"WebSite","@id":"https:\/\/www.pm.pb.gov.br\/portal\/#website","url":"https:\/\/www.pm.pb.gov.br\/portal\/","name":"Pol\u00edcia Militar da Para\u00edba","description":"","publisher":{"@id":"https:\/\/www.pm.pb.gov.br\/portal\/#organization"},"potentialAction":[{"@type":"SearchAction","target":{"@type":"EntryPoint","urlTemplate":"https:\/\/www.pm.pb.gov.br\/portal\/?s={search_term_string}"},"query-input":"required name=search_term_string"}],"inLanguage":"pt-BR"},{"@type":"Organization","@id":"https:\/\/www.pm.pb.gov.br\/portal\/#organization","name":"Pol\u00edcia Militar da Para\u00edba","url":"https:\/\/www.pm.pb.gov.br\/portal\/","logo":{"@type":"ImageObject","inLanguage":"pt-BR","@id":"https:\/\/www.pm.pb.gov.br\/portal\/#\/schema\/logo\/image\/","url":"https:\/\/www.pm.pb.gov.br\/portal\/wp-content\/uploads\/2025\/03\/cropped-logo-site-mag2-1.png","contentUrl":"https:\/\/www.pm.pb.gov.br\/portal\/wp-content\/uploads\/2025\/03\/cropped-logo-site-mag2-1.png","width":320,"height":90,"caption":"Pol\u00edcia Militar da Para\u00edba"},"image":{"@id":"https:\/\/www.pm.pb.gov.br\/portal\/#\/schema\/logo\/image\/"}},{"@type":"Person","@id":"https:\/\/www.pm.pb.gov.br\/portal\/#\/schema\/person\/89dd009e2523c97adf8def1d6cf90ca1","name":"Luiz Duarte","image":{"@type":"ImageObject","inLanguage":"pt-BR","@id":"https:\/\/www.pm.pb.gov.br\/portal\/#\/schema\/person\/image\/","url":"https:\/\/secure.gravatar.com\/avatar\/ce5539b97246ef4d24dd039a3f64145b?s=96&d=mm&r=g","contentUrl":"https:\/\/secure.gravatar.com\/avatar\/ce5539b97246ef4d24dd039a3f64145b?s=96&d=mm&r=g","caption":"Luiz Duarte"},"url":"https:\/\/www.pm.pb.gov.br\/portal\/author\/luiz\/"}]}},"_links":{"self":[{"href":"https:\/\/www.pm.pb.gov.br\/portal\/wp-json\/wp\/v2\/posts\/927539"}],"collection":[{"href":"https:\/\/www.pm.pb.gov.br\/portal\/wp-json\/wp\/v2\/posts"}],"about":[{"href":"https:\/\/www.pm.pb.gov.br\/portal\/wp-json\/wp\/v2\/types\/post"}],"author":[{"embeddable":true,"href":"https:\/\/www.pm.pb.gov.br\/portal\/wp-json\/wp\/v2\/users\/18"}],"replies":[{"embeddable":true,"href":"https:\/\/www.pm.pb.gov.br\/portal\/wp-json\/wp\/v2\/comments?post=927539"}],"version-history":[{"count":3,"href":"https:\/\/www.pm.pb.gov.br\/portal\/wp-json\/wp\/v2\/posts\/927539\/revisions"}],"predecessor-version":[{"id":927547,"href":"https:\/\/www.pm.pb.gov.br\/portal\/wp-json\/wp\/v2\/posts\/927539\/revisions\/927547"}],"wp:featuredmedia":[{"embeddable":true,"href":"https:\/\/www.pm.pb.gov.br\/portal\/wp-json\/wp\/v2\/media\/905270"}],"wp:attachment":[{"href":"https:\/\/www.pm.pb.gov.br\/portal\/wp-json\/wp\/v2\/media?parent=927539"}],"wp:term":[{"taxonomy":"category","embeddable":true,"href":"https:\/\/www.pm.pb.gov.br\/portal\/wp-json\/wp\/v2\/categories?post=927539"},{"taxonomy":"post_tag","embeddable":true,"href":"https:\/\/www.pm.pb.gov.br\/portal\/wp-json\/wp\/v2\/tags?post=927539"}],"curies":[{"name":"wp","href":"https:\/\/api.w.org\/{rel}","templated":true}]}}