{"id":927536,"date":"2025-08-07T16:15:45","date_gmt":"2025-08-07T19:15:45","guid":{"rendered":"https:\/\/www.pm.pb.gov.br\/portal\/?p=927536"},"modified":"2025-08-07T16:15:47","modified_gmt":"2025-08-07T19:15:47","slug":"150-vagas-inscricoes-do-processo-seletivo-para-a-guarda-militar-da-reserva-vao-ate-o-dia-11","status":"publish","type":"post","link":"https:\/\/www.pm.pb.gov.br\/portal\/2025\/08\/07\/150-vagas-inscricoes-do-processo-seletivo-para-a-guarda-militar-da-reserva-vao-ate-o-dia-11\/","title":{"rendered":"150 vagas: Inscri\u00e7\u00f5es do processo seletivo para a Guarda Militar da Reserva v\u00e3o at\u00e9 o dia 11"},"content":{"rendered":"Os policiais interessados em ingressar na Guarda Militar da Reserva t\u00eam at\u00e9 a pr\u00f3xima segunda-feira (11) para realizarem a inscri\u00e7\u00e3o no processo seletivo que oferece 150 vagas. O edital com as informa\u00e7\u00f5es est\u00e1 no Boletim 142. <br \/><br \/>As vagas s\u00e3o voltadas para policiais militares da Para\u00edba que s\u00e3o reserva remunerada ou os ativos que j\u00e1 tenham cumprido os requisitos para a reserva remunerada. S\u00e3o 10 vagas para oficiais subalternos PM e 140 pra\u00e7as PM.<br \/><br \/>Os requisitos est\u00e3o no item 2.5 do edital. As inscri\u00e7\u00f5es devem ser feitas no hor\u00e1rio das 08h \u00e0s 17h, no Quartel do Comando Geral da PM ou nas sedes dos Comandos Regionais (para as vagas dos respectivos regionais). <br \/><br \/>\u00c9 necess\u00e1rio entregar requerimento e formul\u00e1rio de inscri\u00e7\u00e3o\/requerimento espec\u00edfico (tem no anexo do boletim 142) e a documenta\u00e7\u00e3o que consta no item 4 do edital do processo seletivo.<br \/>","protected":false},"excerpt":{"rendered":"<p>Os policiais interessados em ingressar na Guarda Militar da Reserva t\u00eam at\u00e9 a pr\u00f3xima segunda-feira (11) para realizarem a inscri\u00e7\u00e3o<\/p>\n","protected":false},"author":18,"featured_media":927541,"comment_status":"closed","ping_status":"closed","sticky":false,"template":"","format":"standard","meta":{"_exactmetrics_skip_tracking":false,"_exactmetrics_sitenote_active":false,"_exactmetrics_sitenote_note":"","_exactmetrics_sitenote_category":0,"footnotes":""},"categories":[4],"tags":[],"yoast_head":"<!-- This site is optimized with the Yoast SEO plugin v22.0 - https:\/\/yoast.com\/wordpress\/plugins\/seo\/ -->\n<title>150 vagas: Inscri\u00e7\u00f5es do processo seletivo para a Guarda Militar da Reserva v\u00e3o at\u00e9 o dia 11 - Pol\u00edcia Militar da Para\u00edba<\/title>\n<meta name=\"robots\" content=\"index, follow, max-snippet:-1, max-image-preview:large, max-video-preview:-1\" \/>\n<link rel=\"canonical\" href=\"https:\/\/www.pm.pb.gov.br\/portal\/2025\/08\/07\/150-vagas-inscricoes-do-processo-seletivo-para-a-guarda-militar-da-reserva-vao-ate-o-dia-11\/\" \/>\n<meta property=\"og:locale\" content=\"pt_BR\" \/>\n<meta property=\"og:type\" content=\"article\" \/>\n<meta property=\"og:title\" content=\"150 vagas: Inscri\u00e7\u00f5es do processo seletivo para a Guarda Militar da Reserva v\u00e3o at\u00e9 o dia 11 - Pol\u00edcia Militar da Para\u00edba\" \/>\n<meta property=\"og:description\" content=\"Os policiais interessados em ingressar na Guarda Militar da Reserva t\u00eam at\u00e9 a pr\u00f3xima segunda-feira (11) para realizarem a inscri\u00e7\u00e3o\" \/>\n<meta property=\"og:url\" content=\"https:\/\/www.pm.pb.gov.br\/portal\/2025\/08\/07\/150-vagas-inscricoes-do-processo-seletivo-para-a-guarda-militar-da-reserva-vao-ate-o-dia-11\/\" \/>\n<meta property=\"og:site_name\" content=\"Pol\u00edcia Militar da Para\u00edba\" \/>\n<meta property=\"article:published_time\" content=\"2025-08-07T19:15:45+00:00\" \/>\n<meta property=\"article:modified_time\" content=\"2025-08-07T19:15:47+00:00\" \/>\n<meta property=\"og:image\" content=\"http:\/\/www.pm.pb.gov.br\/portal\/wp-content\/uploads\/2025\/08\/WhatsApp-Image-2025-08-07-at-4.18.13-PM.jpeg\" \/>\n\t<meta property=\"og:image:width\" content=\"1280\" \/>\n\t<meta property=\"og:image:height\" content=\"1154\" \/>\n\t<meta property=\"og:image:type\" content=\"image\/jpeg\" \/>\n<meta name=\"author\" content=\"Luiz Duarte\" \/>\n<meta name=\"twitter:card\" content=\"summary_large_image\" \/>\n<meta name=\"twitter:label1\" content=\"Escrito por\" \/>\n\t<meta name=\"twitter:data1\" content=\"Luiz Duarte\" \/>\n\t<meta name=\"twitter:label2\" content=\"Est. tempo de leitura\" \/>\n\t<meta name=\"twitter:data2\" content=\"1 minuto\" \/>\n<script type=\"application\/ld+json\" class=\"yoast-schema-graph\">{\"@context\":\"https:\/\/schema.org\",\"@graph\":[{\"@type\":\"Article\",\"@id\":\"https:\/\/www.pm.pb.gov.br\/portal\/2025\/08\/07\/150-vagas-inscricoes-do-processo-seletivo-para-a-guarda-militar-da-reserva-vao-ate-o-dia-11\/#article\",\"isPartOf\":{\"@id\":\"https:\/\/www.pm.pb.gov.br\/portal\/2025\/08\/07\/150-vagas-inscricoes-do-processo-seletivo-para-a-guarda-militar-da-reserva-vao-ate-o-dia-11\/\"},\"author\":{\"name\":\"Luiz Duarte\",\"@id\":\"https:\/\/www.pm.pb.gov.br\/portal\/#\/schema\/person\/89dd009e2523c97adf8def1d6cf90ca1\"},\"headline\":\"150 vagas: Inscri\u00e7\u00f5es do processo seletivo para a Guarda Militar da Reserva v\u00e3o at\u00e9 o dia 11\",\"datePublished\":\"2025-08-07T19:15:45+00:00\",\"dateModified\":\"2025-08-07T19:15:47+00:00\",\"mainEntityOfPage\":{\"@id\":\"https:\/\/www.pm.pb.gov.br\/portal\/2025\/08\/07\/150-vagas-inscricoes-do-processo-seletivo-para-a-guarda-militar-da-reserva-vao-ate-o-dia-11\/\"},\"wordCount\":165,\"publisher\":{\"@id\":\"https:\/\/www.pm.pb.gov.br\/portal\/#organization\"},\"articleSection\":[\"A\u00e7\u00f5es Policiais\"],\"inLanguage\":\"pt-BR\"},{\"@type\":\"WebPage\",\"@id\":\"https:\/\/www.pm.pb.gov.br\/portal\/2025\/08\/07\/150-vagas-inscricoes-do-processo-seletivo-para-a-guarda-militar-da-reserva-vao-ate-o-dia-11\/\",\"url\":\"https:\/\/www.pm.pb.gov.br\/portal\/2025\/08\/07\/150-vagas-inscricoes-do-processo-seletivo-para-a-guarda-militar-da-reserva-vao-ate-o-dia-11\/\",\"name\":\"150 vagas: Inscri\u00e7\u00f5es do processo seletivo para a Guarda Militar da Reserva v\u00e3o at\u00e9 o dia 11 - Pol\u00edcia Militar da Para\u00edba\",\"isPartOf\":{\"@id\":\"https:\/\/www.pm.pb.gov.br\/portal\/#website\"},\"datePublished\":\"2025-08-07T19:15:45+00:00\",\"dateModified\":\"2025-08-07T19:15:47+00:00\",\"breadcrumb\":{\"@id\":\"https:\/\/www.pm.pb.gov.br\/portal\/2025\/08\/07\/150-vagas-inscricoes-do-processo-seletivo-para-a-guarda-militar-da-reserva-vao-ate-o-dia-11\/#breadcrumb\"},\"inLanguage\":\"pt-BR\",\"potentialAction\":[{\"@type\":\"ReadAction\",\"target\":[\"https:\/\/www.pm.pb.gov.br\/portal\/2025\/08\/07\/150-vagas-inscricoes-do-processo-seletivo-para-a-guarda-militar-da-reserva-vao-ate-o-dia-11\/\"]}]},{\"@type\":\"BreadcrumbList\",\"@id\":\"https:\/\/www.pm.pb.gov.br\/portal\/2025\/08\/07\/150-vagas-inscricoes-do-processo-seletivo-para-a-guarda-militar-da-reserva-vao-ate-o-dia-11\/#breadcrumb\",\"itemListElement\":[{\"@type\":\"ListItem\",\"position\":1,\"name\":\"In\u00edcio\",\"item\":\"https:\/\/www.pm.pb.gov.br\/portal\/\"},{\"@type\":\"ListItem\",\"position\":2,\"name\":\"150 vagas: Inscri\u00e7\u00f5es do processo seletivo para a Guarda Militar da Reserva v\u00e3o at\u00e9 o dia 11\"}]},{\"@type\":\"WebSite\",\"@id\":\"https:\/\/www.pm.pb.gov.br\/portal\/#website\",\"url\":\"https:\/\/www.pm.pb.gov.br\/portal\/\",\"name\":\"Pol\u00edcia Militar da Para\u00edba\",\"description\":\"\",\"publisher\":{\"@id\":\"https:\/\/www.pm.pb.gov.br\/portal\/#organization\"},\"potentialAction\":[{\"@type\":\"SearchAction\",\"target\":{\"@type\":\"EntryPoint\",\"urlTemplate\":\"https:\/\/www.pm.pb.gov.br\/portal\/?s={search_term_string}\"},\"query-input\":\"required name=search_term_string\"}],\"inLanguage\":\"pt-BR\"},{\"@type\":\"Organization\",\"@id\":\"https:\/\/www.pm.pb.gov.br\/portal\/#organization\",\"name\":\"Pol\u00edcia Militar da Para\u00edba\",\"url\":\"https:\/\/www.pm.pb.gov.br\/portal\/\",\"logo\":{\"@type\":\"ImageObject\",\"inLanguage\":\"pt-BR\",\"@id\":\"https:\/\/www.pm.pb.gov.br\/portal\/#\/schema\/logo\/image\/\",\"url\":\"https:\/\/www.pm.pb.gov.br\/portal\/wp-content\/uploads\/2025\/03\/cropped-logo-site-mag2-1.png\",\"contentUrl\":\"https:\/\/www.pm.pb.gov.br\/portal\/wp-content\/uploads\/2025\/03\/cropped-logo-site-mag2-1.png\",\"width\":320,\"height\":90,\"caption\":\"Pol\u00edcia Militar da Para\u00edba\"},\"image\":{\"@id\":\"https:\/\/www.pm.pb.gov.br\/portal\/#\/schema\/logo\/image\/\"}},{\"@type\":\"Person\",\"@id\":\"https:\/\/www.pm.pb.gov.br\/portal\/#\/schema\/person\/89dd009e2523c97adf8def1d6cf90ca1\",\"name\":\"Luiz Duarte\",\"image\":{\"@type\":\"ImageObject\",\"inLanguage\":\"pt-BR\",\"@id\":\"https:\/\/www.pm.pb.gov.br\/portal\/#\/schema\/person\/image\/\",\"url\":\"https:\/\/secure.gravatar.com\/avatar\/ce5539b97246ef4d24dd039a3f64145b?s=96&d=mm&r=g\",\"contentUrl\":\"https:\/\/secure.gravatar.com\/avatar\/ce5539b97246ef4d24dd039a3f64145b?s=96&d=mm&r=g\",\"caption\":\"Luiz Duarte\"},\"url\":\"https:\/\/www.pm.pb.gov.br\/portal\/author\/luiz\/\"}]}<\/script>\n<!-- \/ Yoast SEO plugin. -->","yoast_head_json":{"title":"150 vagas: Inscri\u00e7\u00f5es do processo seletivo para a Guarda Militar da Reserva v\u00e3o at\u00e9 o dia 11 - Pol\u00edcia Militar da Para\u00edba","robots":{"index":"index","follow":"follow","max-snippet":"max-snippet:-1","max-image-preview":"max-image-preview:large","max-video-preview":"max-video-preview:-1"},"canonical":"https:\/\/www.pm.pb.gov.br\/portal\/2025\/08\/07\/150-vagas-inscricoes-do-processo-seletivo-para-a-guarda-militar-da-reserva-vao-ate-o-dia-11\/","og_locale":"pt_BR","og_type":"article","og_title":"150 vagas: Inscri\u00e7\u00f5es do processo seletivo para a Guarda Militar da Reserva v\u00e3o at\u00e9 o dia 11 - Pol\u00edcia Militar da Para\u00edba","og_description":"Os policiais interessados em ingressar na Guarda Militar da Reserva t\u00eam at\u00e9 a pr\u00f3xima segunda-feira (11) para realizarem a inscri\u00e7\u00e3o","og_url":"https:\/\/www.pm.pb.gov.br\/portal\/2025\/08\/07\/150-vagas-inscricoes-do-processo-seletivo-para-a-guarda-militar-da-reserva-vao-ate-o-dia-11\/","og_site_name":"Pol\u00edcia Militar da Para\u00edba","article_published_time":"2025-08-07T19:15:45+00:00","article_modified_time":"2025-08-07T19:15:47+00:00","og_image":[{"width":1280,"height":1154,"url":"http:\/\/www.pm.pb.gov.br\/portal\/wp-content\/uploads\/2025\/08\/WhatsApp-Image-2025-08-07-at-4.18.13-PM.jpeg","type":"image\/jpeg"}],"author":"Luiz Duarte","twitter_card":"summary_large_image","twitter_misc":{"Escrito por":"Luiz Duarte","Est. tempo de leitura":"1 minuto"},"schema":{"@context":"https:\/\/schema.org","@graph":[{"@type":"Article","@id":"https:\/\/www.pm.pb.gov.br\/portal\/2025\/08\/07\/150-vagas-inscricoes-do-processo-seletivo-para-a-guarda-militar-da-reserva-vao-ate-o-dia-11\/#article","isPartOf":{"@id":"https:\/\/www.pm.pb.gov.br\/portal\/2025\/08\/07\/150-vagas-inscricoes-do-processo-seletivo-para-a-guarda-militar-da-reserva-vao-ate-o-dia-11\/"},"author":{"name":"Luiz Duarte","@id":"https:\/\/www.pm.pb.gov.br\/portal\/#\/schema\/person\/89dd009e2523c97adf8def1d6cf90ca1"},"headline":"150 vagas: Inscri\u00e7\u00f5es do processo seletivo para a Guarda Militar da Reserva v\u00e3o at\u00e9 o dia 11","datePublished":"2025-08-07T19:15:45+00:00","dateModified":"2025-08-07T19:15:47+00:00","mainEntityOfPage":{"@id":"https:\/\/www.pm.pb.gov.br\/portal\/2025\/08\/07\/150-vagas-inscricoes-do-processo-seletivo-para-a-guarda-militar-da-reserva-vao-ate-o-dia-11\/"},"wordCount":165,"publisher":{"@id":"https:\/\/www.pm.pb.gov.br\/portal\/#organization"},"articleSection":["A\u00e7\u00f5es Policiais"],"inLanguage":"pt-BR"},{"@type":"WebPage","@id":"https:\/\/www.pm.pb.gov.br\/portal\/2025\/08\/07\/150-vagas-inscricoes-do-processo-seletivo-para-a-guarda-militar-da-reserva-vao-ate-o-dia-11\/","url":"https:\/\/www.pm.pb.gov.br\/portal\/2025\/08\/07\/150-vagas-inscricoes-do-processo-seletivo-para-a-guarda-militar-da-reserva-vao-ate-o-dia-11\/","name":"150 vagas: Inscri\u00e7\u00f5es do processo seletivo para a Guarda Militar da Reserva v\u00e3o at\u00e9 o dia 11 - Pol\u00edcia Militar da Para\u00edba","isPartOf":{"@id":"https:\/\/www.pm.pb.gov.br\/portal\/#website"},"datePublished":"2025-08-07T19:15:45+00:00","dateModified":"2025-08-07T19:15:47+00:00","breadcrumb":{"@id":"https:\/\/www.pm.pb.gov.br\/portal\/2025\/08\/07\/150-vagas-inscricoes-do-processo-seletivo-para-a-guarda-militar-da-reserva-vao-ate-o-dia-11\/#breadcrumb"},"inLanguage":"pt-BR","potentialAction":[{"@type":"ReadAction","target":["https:\/\/www.pm.pb.gov.br\/portal\/2025\/08\/07\/150-vagas-inscricoes-do-processo-seletivo-para-a-guarda-militar-da-reserva-vao-ate-o-dia-11\/"]}]},{"@type":"BreadcrumbList","@id":"https:\/\/www.pm.pb.gov.br\/portal\/2025\/08\/07\/150-vagas-inscricoes-do-processo-seletivo-para-a-guarda-militar-da-reserva-vao-ate-o-dia-11\/#breadcrumb","itemListElement":[{"@type":"ListItem","position":1,"name":"In\u00edcio","item":"https:\/\/www.pm.pb.gov.br\/portal\/"},{"@type":"ListItem","position":2,"name":"150 vagas: Inscri\u00e7\u00f5es do processo seletivo para a Guarda Militar da Reserva v\u00e3o at\u00e9 o dia 11"}]},{"@type":"WebSite","@id":"https:\/\/www.pm.pb.gov.br\/portal\/#website","url":"https:\/\/www.pm.pb.gov.br\/portal\/","name":"Pol\u00edcia Militar da Para\u00edba","description":"","publisher":{"@id":"https:\/\/www.pm.pb.gov.br\/portal\/#organization"},"potentialAction":[{"@type":"SearchAction","target":{"@type":"EntryPoint","urlTemplate":"https:\/\/www.pm.pb.gov.br\/portal\/?s={search_term_string}"},"query-input":"required name=search_term_string"}],"inLanguage":"pt-BR"},{"@type":"Organization","@id":"https:\/\/www.pm.pb.gov.br\/portal\/#organization","name":"Pol\u00edcia Militar da Para\u00edba","url":"https:\/\/www.pm.pb.gov.br\/portal\/","logo":{"@type":"ImageObject","inLanguage":"pt-BR","@id":"https:\/\/www.pm.pb.gov.br\/portal\/#\/schema\/logo\/image\/","url":"https:\/\/www.pm.pb.gov.br\/portal\/wp-content\/uploads\/2025\/03\/cropped-logo-site-mag2-1.png","contentUrl":"https:\/\/www.pm.pb.gov.br\/portal\/wp-content\/uploads\/2025\/03\/cropped-logo-site-mag2-1.png","width":320,"height":90,"caption":"Pol\u00edcia Militar da Para\u00edba"},"image":{"@id":"https:\/\/www.pm.pb.gov.br\/portal\/#\/schema\/logo\/image\/"}},{"@type":"Person","@id":"https:\/\/www.pm.pb.gov.br\/portal\/#\/schema\/person\/89dd009e2523c97adf8def1d6cf90ca1","name":"Luiz Duarte","image":{"@type":"ImageObject","inLanguage":"pt-BR","@id":"https:\/\/www.pm.pb.gov.br\/portal\/#\/schema\/person\/image\/","url":"https:\/\/secure.gravatar.com\/avatar\/ce5539b97246ef4d24dd039a3f64145b?s=96&d=mm&r=g","contentUrl":"https:\/\/secure.gravatar.com\/avatar\/ce5539b97246ef4d24dd039a3f64145b?s=96&d=mm&r=g","caption":"Luiz Duarte"},"url":"https:\/\/www.pm.pb.gov.br\/portal\/author\/luiz\/"}]}},"_links":{"self":[{"href":"https:\/\/www.pm.pb.gov.br\/portal\/wp-json\/wp\/v2\/posts\/927536"}],"collection":[{"href":"https:\/\/www.pm.pb.gov.br\/portal\/wp-json\/wp\/v2\/posts"}],"about":[{"href":"https:\/\/www.pm.pb.gov.br\/portal\/wp-json\/wp\/v2\/types\/post"}],"author":[{"embeddable":true,"href":"https:\/\/www.pm.pb.gov.br\/portal\/wp-json\/wp\/v2\/users\/18"}],"replies":[{"embeddable":true,"href":"https:\/\/www.pm.pb.gov.br\/portal\/wp-json\/wp\/v2\/comments?post=927536"}],"version-history":[{"count":2,"href":"https:\/\/www.pm.pb.gov.br\/portal\/wp-json\/wp\/v2\/posts\/927536\/revisions"}],"predecessor-version":[{"id":927542,"href":"https:\/\/www.pm.pb.gov.br\/portal\/wp-json\/wp\/v2\/posts\/927536\/revisions\/927542"}],"wp:featuredmedia":[{"embeddable":true,"href":"https:\/\/www.pm.pb.gov.br\/portal\/wp-json\/wp\/v2\/media\/927541"}],"wp:attachment":[{"href":"https:\/\/www.pm.pb.gov.br\/portal\/wp-json\/wp\/v2\/media?parent=927536"}],"wp:term":[{"taxonomy":"category","embeddable":true,"href":"https:\/\/www.pm.pb.gov.br\/portal\/wp-json\/wp\/v2\/categories?post=927536"},{"taxonomy":"post_tag","embeddable":true,"href":"https:\/\/www.pm.pb.gov.br\/portal\/wp-json\/wp\/v2\/tags?post=927536"}],"curies":[{"name":"wp","href":"https:\/\/api.w.org\/{rel}","templated":true}]}}