{"id":927504,"date":"2025-08-05T13:16:56","date_gmt":"2025-08-05T16:16:56","guid":{"rendered":"https:\/\/www.pm.pb.gov.br\/portal\/?p=927504"},"modified":"2025-08-05T13:30:56","modified_gmt":"2025-08-05T16:30:56","slug":"mais-de-400-policiais-vao-fazer-a-seguranca-no-show-publico-de-roberto-carlos-em-joao-pessoa","status":"publish","type":"post","link":"https:\/\/www.pm.pb.gov.br\/portal\/2025\/08\/05\/mais-de-400-policiais-vao-fazer-a-seguranca-no-show-publico-de-roberto-carlos-em-joao-pessoa\/","title":{"rendered":"Mais de 400 policiais v\u00e3o fazer a seguran\u00e7a no show p\u00fablico de Roberto Carlos em Jo\u00e3o Pessoa"},"content":{"rendered":"\n<p>A Pol\u00edcia Militar montou um plano que conta com mais de 400 policiais militares para a seguran\u00e7a do show p\u00fablico de Roberto Carlos, que acontece na noite desta ter\u00e7a-feira (5), no Busto de Tamandar\u00e9, durante a celebra\u00e7\u00e3o dos 440 anos de Jo\u00e3o Pessoa.<br><br>Conforme foi divulgado pelo Comando de Policiamento Regional Metropolitano, a maioria do policiamento ser\u00e1 a p\u00e9, com atua\u00e7\u00e3o tamb\u00e9m de equipes motorizadas, a cavalo, em bicicletas, quadriciclos e acompanhando em tempo real a movimenta\u00e7\u00e3o atrav\u00e9s de drones.<br><br>O esquema de seguran\u00e7a foi pensado n\u00e3o s\u00f3 para a \u00e1rea do evento, mas em todo entorno e no trajeto de deslocamento das pessoas. O refor\u00e7o n\u00e3o compromete o policiamento normal dos bairros.<br><br><strong>Orienta\u00e7\u00f5es &#8211; <\/strong>A PM orienta que quem for prestigiar o evento, leve apenas o material necess\u00e1rio, tenha cuidado ao usar o celular para pagamentos e registros audiovisuais em meio ao p\u00fablico, bem como procure qualquer guarni\u00e7\u00e3o em caso de situa\u00e7\u00e3o suspeita.<br><\/p>\n","protected":false},"excerpt":{"rendered":"<p>A Pol\u00edcia Militar montou um plano que conta com mais de 400 policiais militares para a seguran\u00e7a do show p\u00fablico<\/p>\n","protected":false},"author":18,"featured_media":927509,"comment_status":"closed","ping_status":"closed","sticky":false,"template":"","format":"standard","meta":{"_exactmetrics_skip_tracking":false,"_exactmetrics_sitenote_active":false,"_exactmetrics_sitenote_note":"","_exactmetrics_sitenote_category":0,"footnotes":""},"categories":[15],"tags":[],"yoast_head":"<!-- This site is optimized with the Yoast SEO plugin v22.0 - https:\/\/yoast.com\/wordpress\/plugins\/seo\/ -->\n<title>Mais de 400 policiais v\u00e3o fazer a seguran\u00e7a no show p\u00fablico de Roberto Carlos em Jo\u00e3o Pessoa - Pol\u00edcia Militar da Para\u00edba<\/title>\n<meta name=\"robots\" content=\"index, follow, max-snippet:-1, max-image-preview:large, max-video-preview:-1\" \/>\n<link rel=\"canonical\" href=\"https:\/\/www.pm.pb.gov.br\/portal\/2025\/08\/05\/mais-de-400-policiais-vao-fazer-a-seguranca-no-show-publico-de-roberto-carlos-em-joao-pessoa\/\" \/>\n<meta property=\"og:locale\" content=\"pt_BR\" \/>\n<meta property=\"og:type\" content=\"article\" \/>\n<meta property=\"og:title\" content=\"Mais de 400 policiais v\u00e3o fazer a seguran\u00e7a no show p\u00fablico de Roberto Carlos em Jo\u00e3o Pessoa - Pol\u00edcia Militar da Para\u00edba\" \/>\n<meta property=\"og:description\" content=\"A Pol\u00edcia Militar montou um plano que conta com mais de 400 policiais militares para a seguran\u00e7a do show p\u00fablico\" \/>\n<meta property=\"og:url\" content=\"https:\/\/www.pm.pb.gov.br\/portal\/2025\/08\/05\/mais-de-400-policiais-vao-fazer-a-seguranca-no-show-publico-de-roberto-carlos-em-joao-pessoa\/\" \/>\n<meta property=\"og:site_name\" content=\"Pol\u00edcia Militar da Para\u00edba\" \/>\n<meta property=\"article:published_time\" content=\"2025-08-05T16:16:56+00:00\" \/>\n<meta property=\"article:modified_time\" content=\"2025-08-05T16:30:56+00:00\" \/>\n<meta property=\"og:image\" content=\"http:\/\/www.pm.pb.gov.br\/portal\/wp-content\/uploads\/2025\/08\/WhatsApp-Image-2025-08-05-at-1.19.13-PM.jpeg\" \/>\n\t<meta property=\"og:image:width\" content=\"944\" \/>\n\t<meta property=\"og:image:height\" content=\"495\" \/>\n\t<meta property=\"og:image:type\" content=\"image\/jpeg\" \/>\n<meta name=\"author\" content=\"Luiz Duarte\" \/>\n<meta name=\"twitter:card\" content=\"summary_large_image\" \/>\n<meta name=\"twitter:label1\" content=\"Escrito por\" \/>\n\t<meta name=\"twitter:data1\" content=\"Luiz Duarte\" \/>\n\t<meta name=\"twitter:label2\" content=\"Est. tempo de leitura\" \/>\n\t<meta name=\"twitter:data2\" content=\"2 minutos\" \/>\n<script type=\"application\/ld+json\" class=\"yoast-schema-graph\">{\"@context\":\"https:\/\/schema.org\",\"@graph\":[{\"@type\":\"Article\",\"@id\":\"https:\/\/www.pm.pb.gov.br\/portal\/2025\/08\/05\/mais-de-400-policiais-vao-fazer-a-seguranca-no-show-publico-de-roberto-carlos-em-joao-pessoa\/#article\",\"isPartOf\":{\"@id\":\"https:\/\/www.pm.pb.gov.br\/portal\/2025\/08\/05\/mais-de-400-policiais-vao-fazer-a-seguranca-no-show-publico-de-roberto-carlos-em-joao-pessoa\/\"},\"author\":{\"name\":\"Luiz Duarte\",\"@id\":\"https:\/\/www.pm.pb.gov.br\/portal\/#\/schema\/person\/89dd009e2523c97adf8def1d6cf90ca1\"},\"headline\":\"Mais de 400 policiais v\u00e3o fazer a seguran\u00e7a no show p\u00fablico de Roberto Carlos em Jo\u00e3o Pessoa\",\"datePublished\":\"2025-08-05T16:16:56+00:00\",\"dateModified\":\"2025-08-05T16:30:56+00:00\",\"mainEntityOfPage\":{\"@id\":\"https:\/\/www.pm.pb.gov.br\/portal\/2025\/08\/05\/mais-de-400-policiais-vao-fazer-a-seguranca-no-show-publico-de-roberto-carlos-em-joao-pessoa\/\"},\"wordCount\":190,\"publisher\":{\"@id\":\"https:\/\/www.pm.pb.gov.br\/portal\/#organization\"},\"articleSection\":[\"Informativo\"],\"inLanguage\":\"pt-BR\"},{\"@type\":\"WebPage\",\"@id\":\"https:\/\/www.pm.pb.gov.br\/portal\/2025\/08\/05\/mais-de-400-policiais-vao-fazer-a-seguranca-no-show-publico-de-roberto-carlos-em-joao-pessoa\/\",\"url\":\"https:\/\/www.pm.pb.gov.br\/portal\/2025\/08\/05\/mais-de-400-policiais-vao-fazer-a-seguranca-no-show-publico-de-roberto-carlos-em-joao-pessoa\/\",\"name\":\"Mais de 400 policiais v\u00e3o fazer a seguran\u00e7a no show p\u00fablico de Roberto Carlos em Jo\u00e3o Pessoa - Pol\u00edcia Militar da Para\u00edba\",\"isPartOf\":{\"@id\":\"https:\/\/www.pm.pb.gov.br\/portal\/#website\"},\"datePublished\":\"2025-08-05T16:16:56+00:00\",\"dateModified\":\"2025-08-05T16:30:56+00:00\",\"breadcrumb\":{\"@id\":\"https:\/\/www.pm.pb.gov.br\/portal\/2025\/08\/05\/mais-de-400-policiais-vao-fazer-a-seguranca-no-show-publico-de-roberto-carlos-em-joao-pessoa\/#breadcrumb\"},\"inLanguage\":\"pt-BR\",\"potentialAction\":[{\"@type\":\"ReadAction\",\"target\":[\"https:\/\/www.pm.pb.gov.br\/portal\/2025\/08\/05\/mais-de-400-policiais-vao-fazer-a-seguranca-no-show-publico-de-roberto-carlos-em-joao-pessoa\/\"]}]},{\"@type\":\"BreadcrumbList\",\"@id\":\"https:\/\/www.pm.pb.gov.br\/portal\/2025\/08\/05\/mais-de-400-policiais-vao-fazer-a-seguranca-no-show-publico-de-roberto-carlos-em-joao-pessoa\/#breadcrumb\",\"itemListElement\":[{\"@type\":\"ListItem\",\"position\":1,\"name\":\"In\u00edcio\",\"item\":\"https:\/\/www.pm.pb.gov.br\/portal\/\"},{\"@type\":\"ListItem\",\"position\":2,\"name\":\"Mais de 400 policiais v\u00e3o fazer a seguran\u00e7a no show p\u00fablico de Roberto Carlos em Jo\u00e3o Pessoa\"}]},{\"@type\":\"WebSite\",\"@id\":\"https:\/\/www.pm.pb.gov.br\/portal\/#website\",\"url\":\"https:\/\/www.pm.pb.gov.br\/portal\/\",\"name\":\"Pol\u00edcia Militar da Para\u00edba\",\"description\":\"\",\"publisher\":{\"@id\":\"https:\/\/www.pm.pb.gov.br\/portal\/#organization\"},\"potentialAction\":[{\"@type\":\"SearchAction\",\"target\":{\"@type\":\"EntryPoint\",\"urlTemplate\":\"https:\/\/www.pm.pb.gov.br\/portal\/?s={search_term_string}\"},\"query-input\":\"required name=search_term_string\"}],\"inLanguage\":\"pt-BR\"},{\"@type\":\"Organization\",\"@id\":\"https:\/\/www.pm.pb.gov.br\/portal\/#organization\",\"name\":\"Pol\u00edcia Militar da Para\u00edba\",\"url\":\"https:\/\/www.pm.pb.gov.br\/portal\/\",\"logo\":{\"@type\":\"ImageObject\",\"inLanguage\":\"pt-BR\",\"@id\":\"https:\/\/www.pm.pb.gov.br\/portal\/#\/schema\/logo\/image\/\",\"url\":\"https:\/\/www.pm.pb.gov.br\/portal\/wp-content\/uploads\/2025\/03\/cropped-logo-site-mag2-1.png\",\"contentUrl\":\"https:\/\/www.pm.pb.gov.br\/portal\/wp-content\/uploads\/2025\/03\/cropped-logo-site-mag2-1.png\",\"width\":320,\"height\":90,\"caption\":\"Pol\u00edcia Militar da Para\u00edba\"},\"image\":{\"@id\":\"https:\/\/www.pm.pb.gov.br\/portal\/#\/schema\/logo\/image\/\"}},{\"@type\":\"Person\",\"@id\":\"https:\/\/www.pm.pb.gov.br\/portal\/#\/schema\/person\/89dd009e2523c97adf8def1d6cf90ca1\",\"name\":\"Luiz Duarte\",\"image\":{\"@type\":\"ImageObject\",\"inLanguage\":\"pt-BR\",\"@id\":\"https:\/\/www.pm.pb.gov.br\/portal\/#\/schema\/person\/image\/\",\"url\":\"https:\/\/secure.gravatar.com\/avatar\/ce5539b97246ef4d24dd039a3f64145b?s=96&d=mm&r=g\",\"contentUrl\":\"https:\/\/secure.gravatar.com\/avatar\/ce5539b97246ef4d24dd039a3f64145b?s=96&d=mm&r=g\",\"caption\":\"Luiz Duarte\"},\"url\":\"https:\/\/www.pm.pb.gov.br\/portal\/author\/luiz\/\"}]}<\/script>\n<!-- \/ Yoast SEO plugin. -->","yoast_head_json":{"title":"Mais de 400 policiais v\u00e3o fazer a seguran\u00e7a no show p\u00fablico de Roberto Carlos em Jo\u00e3o Pessoa - Pol\u00edcia Militar da Para\u00edba","robots":{"index":"index","follow":"follow","max-snippet":"max-snippet:-1","max-image-preview":"max-image-preview:large","max-video-preview":"max-video-preview:-1"},"canonical":"https:\/\/www.pm.pb.gov.br\/portal\/2025\/08\/05\/mais-de-400-policiais-vao-fazer-a-seguranca-no-show-publico-de-roberto-carlos-em-joao-pessoa\/","og_locale":"pt_BR","og_type":"article","og_title":"Mais de 400 policiais v\u00e3o fazer a seguran\u00e7a no show p\u00fablico de Roberto Carlos em Jo\u00e3o Pessoa - Pol\u00edcia Militar da Para\u00edba","og_description":"A Pol\u00edcia Militar montou um plano que conta com mais de 400 policiais militares para a seguran\u00e7a do show p\u00fablico","og_url":"https:\/\/www.pm.pb.gov.br\/portal\/2025\/08\/05\/mais-de-400-policiais-vao-fazer-a-seguranca-no-show-publico-de-roberto-carlos-em-joao-pessoa\/","og_site_name":"Pol\u00edcia Militar da Para\u00edba","article_published_time":"2025-08-05T16:16:56+00:00","article_modified_time":"2025-08-05T16:30:56+00:00","og_image":[{"width":944,"height":495,"url":"http:\/\/www.pm.pb.gov.br\/portal\/wp-content\/uploads\/2025\/08\/WhatsApp-Image-2025-08-05-at-1.19.13-PM.jpeg","type":"image\/jpeg"}],"author":"Luiz Duarte","twitter_card":"summary_large_image","twitter_misc":{"Escrito por":"Luiz Duarte","Est. tempo de leitura":"2 minutos"},"schema":{"@context":"https:\/\/schema.org","@graph":[{"@type":"Article","@id":"https:\/\/www.pm.pb.gov.br\/portal\/2025\/08\/05\/mais-de-400-policiais-vao-fazer-a-seguranca-no-show-publico-de-roberto-carlos-em-joao-pessoa\/#article","isPartOf":{"@id":"https:\/\/www.pm.pb.gov.br\/portal\/2025\/08\/05\/mais-de-400-policiais-vao-fazer-a-seguranca-no-show-publico-de-roberto-carlos-em-joao-pessoa\/"},"author":{"name":"Luiz Duarte","@id":"https:\/\/www.pm.pb.gov.br\/portal\/#\/schema\/person\/89dd009e2523c97adf8def1d6cf90ca1"},"headline":"Mais de 400 policiais v\u00e3o fazer a seguran\u00e7a no show p\u00fablico de Roberto Carlos em Jo\u00e3o Pessoa","datePublished":"2025-08-05T16:16:56+00:00","dateModified":"2025-08-05T16:30:56+00:00","mainEntityOfPage":{"@id":"https:\/\/www.pm.pb.gov.br\/portal\/2025\/08\/05\/mais-de-400-policiais-vao-fazer-a-seguranca-no-show-publico-de-roberto-carlos-em-joao-pessoa\/"},"wordCount":190,"publisher":{"@id":"https:\/\/www.pm.pb.gov.br\/portal\/#organization"},"articleSection":["Informativo"],"inLanguage":"pt-BR"},{"@type":"WebPage","@id":"https:\/\/www.pm.pb.gov.br\/portal\/2025\/08\/05\/mais-de-400-policiais-vao-fazer-a-seguranca-no-show-publico-de-roberto-carlos-em-joao-pessoa\/","url":"https:\/\/www.pm.pb.gov.br\/portal\/2025\/08\/05\/mais-de-400-policiais-vao-fazer-a-seguranca-no-show-publico-de-roberto-carlos-em-joao-pessoa\/","name":"Mais de 400 policiais v\u00e3o fazer a seguran\u00e7a no show p\u00fablico de Roberto Carlos em Jo\u00e3o Pessoa - Pol\u00edcia Militar da Para\u00edba","isPartOf":{"@id":"https:\/\/www.pm.pb.gov.br\/portal\/#website"},"datePublished":"2025-08-05T16:16:56+00:00","dateModified":"2025-08-05T16:30:56+00:00","breadcrumb":{"@id":"https:\/\/www.pm.pb.gov.br\/portal\/2025\/08\/05\/mais-de-400-policiais-vao-fazer-a-seguranca-no-show-publico-de-roberto-carlos-em-joao-pessoa\/#breadcrumb"},"inLanguage":"pt-BR","potentialAction":[{"@type":"ReadAction","target":["https:\/\/www.pm.pb.gov.br\/portal\/2025\/08\/05\/mais-de-400-policiais-vao-fazer-a-seguranca-no-show-publico-de-roberto-carlos-em-joao-pessoa\/"]}]},{"@type":"BreadcrumbList","@id":"https:\/\/www.pm.pb.gov.br\/portal\/2025\/08\/05\/mais-de-400-policiais-vao-fazer-a-seguranca-no-show-publico-de-roberto-carlos-em-joao-pessoa\/#breadcrumb","itemListElement":[{"@type":"ListItem","position":1,"name":"In\u00edcio","item":"https:\/\/www.pm.pb.gov.br\/portal\/"},{"@type":"ListItem","position":2,"name":"Mais de 400 policiais v\u00e3o fazer a seguran\u00e7a no show p\u00fablico de Roberto Carlos em Jo\u00e3o Pessoa"}]},{"@type":"WebSite","@id":"https:\/\/www.pm.pb.gov.br\/portal\/#website","url":"https:\/\/www.pm.pb.gov.br\/portal\/","name":"Pol\u00edcia Militar da Para\u00edba","description":"","publisher":{"@id":"https:\/\/www.pm.pb.gov.br\/portal\/#organization"},"potentialAction":[{"@type":"SearchAction","target":{"@type":"EntryPoint","urlTemplate":"https:\/\/www.pm.pb.gov.br\/portal\/?s={search_term_string}"},"query-input":"required name=search_term_string"}],"inLanguage":"pt-BR"},{"@type":"Organization","@id":"https:\/\/www.pm.pb.gov.br\/portal\/#organization","name":"Pol\u00edcia Militar da Para\u00edba","url":"https:\/\/www.pm.pb.gov.br\/portal\/","logo":{"@type":"ImageObject","inLanguage":"pt-BR","@id":"https:\/\/www.pm.pb.gov.br\/portal\/#\/schema\/logo\/image\/","url":"https:\/\/www.pm.pb.gov.br\/portal\/wp-content\/uploads\/2025\/03\/cropped-logo-site-mag2-1.png","contentUrl":"https:\/\/www.pm.pb.gov.br\/portal\/wp-content\/uploads\/2025\/03\/cropped-logo-site-mag2-1.png","width":320,"height":90,"caption":"Pol\u00edcia Militar da Para\u00edba"},"image":{"@id":"https:\/\/www.pm.pb.gov.br\/portal\/#\/schema\/logo\/image\/"}},{"@type":"Person","@id":"https:\/\/www.pm.pb.gov.br\/portal\/#\/schema\/person\/89dd009e2523c97adf8def1d6cf90ca1","name":"Luiz Duarte","image":{"@type":"ImageObject","inLanguage":"pt-BR","@id":"https:\/\/www.pm.pb.gov.br\/portal\/#\/schema\/person\/image\/","url":"https:\/\/secure.gravatar.com\/avatar\/ce5539b97246ef4d24dd039a3f64145b?s=96&d=mm&r=g","contentUrl":"https:\/\/secure.gravatar.com\/avatar\/ce5539b97246ef4d24dd039a3f64145b?s=96&d=mm&r=g","caption":"Luiz Duarte"},"url":"https:\/\/www.pm.pb.gov.br\/portal\/author\/luiz\/"}]}},"_links":{"self":[{"href":"https:\/\/www.pm.pb.gov.br\/portal\/wp-json\/wp\/v2\/posts\/927504"}],"collection":[{"href":"https:\/\/www.pm.pb.gov.br\/portal\/wp-json\/wp\/v2\/posts"}],"about":[{"href":"https:\/\/www.pm.pb.gov.br\/portal\/wp-json\/wp\/v2\/types\/post"}],"author":[{"embeddable":true,"href":"https:\/\/www.pm.pb.gov.br\/portal\/wp-json\/wp\/v2\/users\/18"}],"replies":[{"embeddable":true,"href":"https:\/\/www.pm.pb.gov.br\/portal\/wp-json\/wp\/v2\/comments?post=927504"}],"version-history":[{"count":3,"href":"https:\/\/www.pm.pb.gov.br\/portal\/wp-json\/wp\/v2\/posts\/927504\/revisions"}],"predecessor-version":[{"id":927516,"href":"https:\/\/www.pm.pb.gov.br\/portal\/wp-json\/wp\/v2\/posts\/927504\/revisions\/927516"}],"wp:featuredmedia":[{"embeddable":true,"href":"https:\/\/www.pm.pb.gov.br\/portal\/wp-json\/wp\/v2\/media\/927509"}],"wp:attachment":[{"href":"https:\/\/www.pm.pb.gov.br\/portal\/wp-json\/wp\/v2\/media?parent=927504"}],"wp:term":[{"taxonomy":"category","embeddable":true,"href":"https:\/\/www.pm.pb.gov.br\/portal\/wp-json\/wp\/v2\/categories?post=927504"},{"taxonomy":"post_tag","embeddable":true,"href":"https:\/\/www.pm.pb.gov.br\/portal\/wp-json\/wp\/v2\/tags?post=927504"}],"curies":[{"name":"wp","href":"https:\/\/api.w.org\/{rel}","templated":true}]}}