{"id":927466,"date":"2025-08-02T16:46:04","date_gmt":"2025-08-02T19:46:04","guid":{"rendered":"https:\/\/www.pm.pb.gov.br\/portal\/?p=927466"},"modified":"2025-08-02T16:46:06","modified_gmt":"2025-08-02T19:46:06","slug":"procurado-da-justica-de-bayeux-e-preso-na-cidade-de-cajazeiras","status":"publish","type":"post","link":"https:\/\/www.pm.pb.gov.br\/portal\/2025\/08\/02\/procurado-da-justica-de-bayeux-e-preso-na-cidade-de-cajazeiras\/","title":{"rendered":"Procurado da justi\u00e7a de Bayeux \u00e9 preso na cidade de Cajazeiras"},"content":{"rendered":"Um homem que estava com um mandado de pris\u00e3o expedido pela 1\u00aa Vara Mista de Bayeux foi preso, neste s\u00e1bado (2), na cidade de Cajazeiras, durante a\u00e7\u00e3o do 3\u00ba Esquadr\u00e3o do Regimento de Opera\u00e7\u00f5es T\u00e1ticas com Apoio de Motocicletas, no centro do munic\u00edpio. Contra ele, s\u00e3o atribu\u00eddos crimes de amea\u00e7a, les\u00e3o corporal e porte ilegal, na regi\u00e3o metropolitana de Jo\u00e3o Pessoa.<br \/><br \/>Ele estava em uma moto de cor preta e mudou de dire\u00e7\u00e3o bruscamente ao perceber a presen\u00e7a dos policiais, o que chamou a aten\u00e7\u00e3o dos militares. Na abordagem foi feita a consulta da identifica\u00e7\u00e3o dele e constatada a pend\u00eancia judicial. O caso foi levado para a Delegacia de Pol\u00edcia, em Cajazeiras.<br \/>","protected":false},"excerpt":{"rendered":"<p>Um homem que estava com um mandado de pris\u00e3o expedido pela 1\u00aa Vara Mista de Bayeux foi preso, neste s\u00e1bado<\/p>\n","protected":false},"author":18,"featured_media":905270,"comment_status":"closed","ping_status":"closed","sticky":false,"template":"","format":"standard","meta":{"_exactmetrics_skip_tracking":false,"_exactmetrics_sitenote_active":false,"_exactmetrics_sitenote_note":"","_exactmetrics_sitenote_category":0,"footnotes":""},"categories":[4],"tags":[],"yoast_head":"<!-- This site is optimized with the Yoast SEO plugin v22.0 - https:\/\/yoast.com\/wordpress\/plugins\/seo\/ -->\n<title>Procurado da justi\u00e7a de Bayeux \u00e9 preso na cidade de Cajazeiras - Pol\u00edcia Militar da Para\u00edba<\/title>\n<meta name=\"robots\" content=\"index, follow, max-snippet:-1, max-image-preview:large, max-video-preview:-1\" \/>\n<link rel=\"canonical\" href=\"https:\/\/www.pm.pb.gov.br\/portal\/2025\/08\/02\/procurado-da-justica-de-bayeux-e-preso-na-cidade-de-cajazeiras\/\" \/>\n<meta property=\"og:locale\" content=\"pt_BR\" \/>\n<meta property=\"og:type\" content=\"article\" \/>\n<meta property=\"og:title\" content=\"Procurado da justi\u00e7a de Bayeux \u00e9 preso na cidade de Cajazeiras - Pol\u00edcia Militar da Para\u00edba\" \/>\n<meta property=\"og:description\" content=\"Um homem que estava com um mandado de pris\u00e3o expedido pela 1\u00aa Vara Mista de Bayeux foi preso, neste s\u00e1bado\" \/>\n<meta property=\"og:url\" content=\"https:\/\/www.pm.pb.gov.br\/portal\/2025\/08\/02\/procurado-da-justica-de-bayeux-e-preso-na-cidade-de-cajazeiras\/\" \/>\n<meta property=\"og:site_name\" content=\"Pol\u00edcia Militar da Para\u00edba\" \/>\n<meta property=\"article:published_time\" content=\"2025-08-02T19:46:04+00:00\" \/>\n<meta property=\"article:modified_time\" content=\"2025-08-02T19:46:06+00:00\" \/>\n<meta property=\"og:image\" content=\"http:\/\/www.pm.pb.gov.br\/portal\/wp-content\/uploads\/2020\/05\/legenda.jpg\" \/>\n\t<meta property=\"og:image:width\" content=\"1280\" \/>\n\t<meta property=\"og:image:height\" content=\"854\" \/>\n\t<meta property=\"og:image:type\" content=\"image\/jpeg\" \/>\n<meta name=\"author\" content=\"Luiz Duarte\" \/>\n<meta name=\"twitter:card\" content=\"summary_large_image\" \/>\n<meta name=\"twitter:label1\" content=\"Escrito por\" \/>\n\t<meta name=\"twitter:data1\" content=\"Luiz Duarte\" \/>\n\t<meta name=\"twitter:label2\" content=\"Est. tempo de leitura\" \/>\n\t<meta name=\"twitter:data2\" content=\"1 minuto\" \/>\n<script type=\"application\/ld+json\" class=\"yoast-schema-graph\">{\"@context\":\"https:\/\/schema.org\",\"@graph\":[{\"@type\":\"Article\",\"@id\":\"https:\/\/www.pm.pb.gov.br\/portal\/2025\/08\/02\/procurado-da-justica-de-bayeux-e-preso-na-cidade-de-cajazeiras\/#article\",\"isPartOf\":{\"@id\":\"https:\/\/www.pm.pb.gov.br\/portal\/2025\/08\/02\/procurado-da-justica-de-bayeux-e-preso-na-cidade-de-cajazeiras\/\"},\"author\":{\"name\":\"Luiz Duarte\",\"@id\":\"https:\/\/www.pm.pb.gov.br\/portal\/#\/schema\/person\/89dd009e2523c97adf8def1d6cf90ca1\"},\"headline\":\"Procurado da justi\u00e7a de Bayeux \u00e9 preso na cidade de Cajazeiras\",\"datePublished\":\"2025-08-02T19:46:04+00:00\",\"dateModified\":\"2025-08-02T19:46:06+00:00\",\"mainEntityOfPage\":{\"@id\":\"https:\/\/www.pm.pb.gov.br\/portal\/2025\/08\/02\/procurado-da-justica-de-bayeux-e-preso-na-cidade-de-cajazeiras\/\"},\"wordCount\":139,\"publisher\":{\"@id\":\"https:\/\/www.pm.pb.gov.br\/portal\/#organization\"},\"articleSection\":[\"A\u00e7\u00f5es Policiais\"],\"inLanguage\":\"pt-BR\"},{\"@type\":\"WebPage\",\"@id\":\"https:\/\/www.pm.pb.gov.br\/portal\/2025\/08\/02\/procurado-da-justica-de-bayeux-e-preso-na-cidade-de-cajazeiras\/\",\"url\":\"https:\/\/www.pm.pb.gov.br\/portal\/2025\/08\/02\/procurado-da-justica-de-bayeux-e-preso-na-cidade-de-cajazeiras\/\",\"name\":\"Procurado da justi\u00e7a de Bayeux \u00e9 preso na cidade de Cajazeiras - Pol\u00edcia Militar da Para\u00edba\",\"isPartOf\":{\"@id\":\"https:\/\/www.pm.pb.gov.br\/portal\/#website\"},\"datePublished\":\"2025-08-02T19:46:04+00:00\",\"dateModified\":\"2025-08-02T19:46:06+00:00\",\"breadcrumb\":{\"@id\":\"https:\/\/www.pm.pb.gov.br\/portal\/2025\/08\/02\/procurado-da-justica-de-bayeux-e-preso-na-cidade-de-cajazeiras\/#breadcrumb\"},\"inLanguage\":\"pt-BR\",\"potentialAction\":[{\"@type\":\"ReadAction\",\"target\":[\"https:\/\/www.pm.pb.gov.br\/portal\/2025\/08\/02\/procurado-da-justica-de-bayeux-e-preso-na-cidade-de-cajazeiras\/\"]}]},{\"@type\":\"BreadcrumbList\",\"@id\":\"https:\/\/www.pm.pb.gov.br\/portal\/2025\/08\/02\/procurado-da-justica-de-bayeux-e-preso-na-cidade-de-cajazeiras\/#breadcrumb\",\"itemListElement\":[{\"@type\":\"ListItem\",\"position\":1,\"name\":\"In\u00edcio\",\"item\":\"https:\/\/www.pm.pb.gov.br\/portal\/\"},{\"@type\":\"ListItem\",\"position\":2,\"name\":\"Procurado da justi\u00e7a de Bayeux \u00e9 preso na cidade de Cajazeiras\"}]},{\"@type\":\"WebSite\",\"@id\":\"https:\/\/www.pm.pb.gov.br\/portal\/#website\",\"url\":\"https:\/\/www.pm.pb.gov.br\/portal\/\",\"name\":\"Pol\u00edcia Militar da Para\u00edba\",\"description\":\"\",\"publisher\":{\"@id\":\"https:\/\/www.pm.pb.gov.br\/portal\/#organization\"},\"potentialAction\":[{\"@type\":\"SearchAction\",\"target\":{\"@type\":\"EntryPoint\",\"urlTemplate\":\"https:\/\/www.pm.pb.gov.br\/portal\/?s={search_term_string}\"},\"query-input\":\"required name=search_term_string\"}],\"inLanguage\":\"pt-BR\"},{\"@type\":\"Organization\",\"@id\":\"https:\/\/www.pm.pb.gov.br\/portal\/#organization\",\"name\":\"Pol\u00edcia Militar da Para\u00edba\",\"url\":\"https:\/\/www.pm.pb.gov.br\/portal\/\",\"logo\":{\"@type\":\"ImageObject\",\"inLanguage\":\"pt-BR\",\"@id\":\"https:\/\/www.pm.pb.gov.br\/portal\/#\/schema\/logo\/image\/\",\"url\":\"https:\/\/www.pm.pb.gov.br\/portal\/wp-content\/uploads\/2025\/03\/cropped-logo-site-mag2-1.png\",\"contentUrl\":\"https:\/\/www.pm.pb.gov.br\/portal\/wp-content\/uploads\/2025\/03\/cropped-logo-site-mag2-1.png\",\"width\":320,\"height\":90,\"caption\":\"Pol\u00edcia Militar da Para\u00edba\"},\"image\":{\"@id\":\"https:\/\/www.pm.pb.gov.br\/portal\/#\/schema\/logo\/image\/\"}},{\"@type\":\"Person\",\"@id\":\"https:\/\/www.pm.pb.gov.br\/portal\/#\/schema\/person\/89dd009e2523c97adf8def1d6cf90ca1\",\"name\":\"Luiz Duarte\",\"image\":{\"@type\":\"ImageObject\",\"inLanguage\":\"pt-BR\",\"@id\":\"https:\/\/www.pm.pb.gov.br\/portal\/#\/schema\/person\/image\/\",\"url\":\"https:\/\/secure.gravatar.com\/avatar\/ce5539b97246ef4d24dd039a3f64145b?s=96&d=mm&r=g\",\"contentUrl\":\"https:\/\/secure.gravatar.com\/avatar\/ce5539b97246ef4d24dd039a3f64145b?s=96&d=mm&r=g\",\"caption\":\"Luiz Duarte\"},\"url\":\"https:\/\/www.pm.pb.gov.br\/portal\/author\/luiz\/\"}]}<\/script>\n<!-- \/ Yoast SEO plugin. -->","yoast_head_json":{"title":"Procurado da justi\u00e7a de Bayeux \u00e9 preso na cidade de Cajazeiras - Pol\u00edcia Militar da Para\u00edba","robots":{"index":"index","follow":"follow","max-snippet":"max-snippet:-1","max-image-preview":"max-image-preview:large","max-video-preview":"max-video-preview:-1"},"canonical":"https:\/\/www.pm.pb.gov.br\/portal\/2025\/08\/02\/procurado-da-justica-de-bayeux-e-preso-na-cidade-de-cajazeiras\/","og_locale":"pt_BR","og_type":"article","og_title":"Procurado da justi\u00e7a de Bayeux \u00e9 preso na cidade de Cajazeiras - Pol\u00edcia Militar da Para\u00edba","og_description":"Um homem que estava com um mandado de pris\u00e3o expedido pela 1\u00aa Vara Mista de Bayeux foi preso, neste s\u00e1bado","og_url":"https:\/\/www.pm.pb.gov.br\/portal\/2025\/08\/02\/procurado-da-justica-de-bayeux-e-preso-na-cidade-de-cajazeiras\/","og_site_name":"Pol\u00edcia Militar da Para\u00edba","article_published_time":"2025-08-02T19:46:04+00:00","article_modified_time":"2025-08-02T19:46:06+00:00","og_image":[{"width":1280,"height":854,"url":"http:\/\/www.pm.pb.gov.br\/portal\/wp-content\/uploads\/2020\/05\/legenda.jpg","type":"image\/jpeg"}],"author":"Luiz Duarte","twitter_card":"summary_large_image","twitter_misc":{"Escrito por":"Luiz Duarte","Est. tempo de leitura":"1 minuto"},"schema":{"@context":"https:\/\/schema.org","@graph":[{"@type":"Article","@id":"https:\/\/www.pm.pb.gov.br\/portal\/2025\/08\/02\/procurado-da-justica-de-bayeux-e-preso-na-cidade-de-cajazeiras\/#article","isPartOf":{"@id":"https:\/\/www.pm.pb.gov.br\/portal\/2025\/08\/02\/procurado-da-justica-de-bayeux-e-preso-na-cidade-de-cajazeiras\/"},"author":{"name":"Luiz Duarte","@id":"https:\/\/www.pm.pb.gov.br\/portal\/#\/schema\/person\/89dd009e2523c97adf8def1d6cf90ca1"},"headline":"Procurado da justi\u00e7a de Bayeux \u00e9 preso na cidade de Cajazeiras","datePublished":"2025-08-02T19:46:04+00:00","dateModified":"2025-08-02T19:46:06+00:00","mainEntityOfPage":{"@id":"https:\/\/www.pm.pb.gov.br\/portal\/2025\/08\/02\/procurado-da-justica-de-bayeux-e-preso-na-cidade-de-cajazeiras\/"},"wordCount":139,"publisher":{"@id":"https:\/\/www.pm.pb.gov.br\/portal\/#organization"},"articleSection":["A\u00e7\u00f5es Policiais"],"inLanguage":"pt-BR"},{"@type":"WebPage","@id":"https:\/\/www.pm.pb.gov.br\/portal\/2025\/08\/02\/procurado-da-justica-de-bayeux-e-preso-na-cidade-de-cajazeiras\/","url":"https:\/\/www.pm.pb.gov.br\/portal\/2025\/08\/02\/procurado-da-justica-de-bayeux-e-preso-na-cidade-de-cajazeiras\/","name":"Procurado da justi\u00e7a de Bayeux \u00e9 preso na cidade de Cajazeiras - Pol\u00edcia Militar da Para\u00edba","isPartOf":{"@id":"https:\/\/www.pm.pb.gov.br\/portal\/#website"},"datePublished":"2025-08-02T19:46:04+00:00","dateModified":"2025-08-02T19:46:06+00:00","breadcrumb":{"@id":"https:\/\/www.pm.pb.gov.br\/portal\/2025\/08\/02\/procurado-da-justica-de-bayeux-e-preso-na-cidade-de-cajazeiras\/#breadcrumb"},"inLanguage":"pt-BR","potentialAction":[{"@type":"ReadAction","target":["https:\/\/www.pm.pb.gov.br\/portal\/2025\/08\/02\/procurado-da-justica-de-bayeux-e-preso-na-cidade-de-cajazeiras\/"]}]},{"@type":"BreadcrumbList","@id":"https:\/\/www.pm.pb.gov.br\/portal\/2025\/08\/02\/procurado-da-justica-de-bayeux-e-preso-na-cidade-de-cajazeiras\/#breadcrumb","itemListElement":[{"@type":"ListItem","position":1,"name":"In\u00edcio","item":"https:\/\/www.pm.pb.gov.br\/portal\/"},{"@type":"ListItem","position":2,"name":"Procurado da justi\u00e7a de Bayeux \u00e9 preso na cidade de Cajazeiras"}]},{"@type":"WebSite","@id":"https:\/\/www.pm.pb.gov.br\/portal\/#website","url":"https:\/\/www.pm.pb.gov.br\/portal\/","name":"Pol\u00edcia Militar da Para\u00edba","description":"","publisher":{"@id":"https:\/\/www.pm.pb.gov.br\/portal\/#organization"},"potentialAction":[{"@type":"SearchAction","target":{"@type":"EntryPoint","urlTemplate":"https:\/\/www.pm.pb.gov.br\/portal\/?s={search_term_string}"},"query-input":"required name=search_term_string"}],"inLanguage":"pt-BR"},{"@type":"Organization","@id":"https:\/\/www.pm.pb.gov.br\/portal\/#organization","name":"Pol\u00edcia Militar da Para\u00edba","url":"https:\/\/www.pm.pb.gov.br\/portal\/","logo":{"@type":"ImageObject","inLanguage":"pt-BR","@id":"https:\/\/www.pm.pb.gov.br\/portal\/#\/schema\/logo\/image\/","url":"https:\/\/www.pm.pb.gov.br\/portal\/wp-content\/uploads\/2025\/03\/cropped-logo-site-mag2-1.png","contentUrl":"https:\/\/www.pm.pb.gov.br\/portal\/wp-content\/uploads\/2025\/03\/cropped-logo-site-mag2-1.png","width":320,"height":90,"caption":"Pol\u00edcia Militar da Para\u00edba"},"image":{"@id":"https:\/\/www.pm.pb.gov.br\/portal\/#\/schema\/logo\/image\/"}},{"@type":"Person","@id":"https:\/\/www.pm.pb.gov.br\/portal\/#\/schema\/person\/89dd009e2523c97adf8def1d6cf90ca1","name":"Luiz Duarte","image":{"@type":"ImageObject","inLanguage":"pt-BR","@id":"https:\/\/www.pm.pb.gov.br\/portal\/#\/schema\/person\/image\/","url":"https:\/\/secure.gravatar.com\/avatar\/ce5539b97246ef4d24dd039a3f64145b?s=96&d=mm&r=g","contentUrl":"https:\/\/secure.gravatar.com\/avatar\/ce5539b97246ef4d24dd039a3f64145b?s=96&d=mm&r=g","caption":"Luiz Duarte"},"url":"https:\/\/www.pm.pb.gov.br\/portal\/author\/luiz\/"}]}},"_links":{"self":[{"href":"https:\/\/www.pm.pb.gov.br\/portal\/wp-json\/wp\/v2\/posts\/927466"}],"collection":[{"href":"https:\/\/www.pm.pb.gov.br\/portal\/wp-json\/wp\/v2\/posts"}],"about":[{"href":"https:\/\/www.pm.pb.gov.br\/portal\/wp-json\/wp\/v2\/types\/post"}],"author":[{"embeddable":true,"href":"https:\/\/www.pm.pb.gov.br\/portal\/wp-json\/wp\/v2\/users\/18"}],"replies":[{"embeddable":true,"href":"https:\/\/www.pm.pb.gov.br\/portal\/wp-json\/wp\/v2\/comments?post=927466"}],"version-history":[{"count":2,"href":"https:\/\/www.pm.pb.gov.br\/portal\/wp-json\/wp\/v2\/posts\/927466\/revisions"}],"predecessor-version":[{"id":927470,"href":"https:\/\/www.pm.pb.gov.br\/portal\/wp-json\/wp\/v2\/posts\/927466\/revisions\/927470"}],"wp:featuredmedia":[{"embeddable":true,"href":"https:\/\/www.pm.pb.gov.br\/portal\/wp-json\/wp\/v2\/media\/905270"}],"wp:attachment":[{"href":"https:\/\/www.pm.pb.gov.br\/portal\/wp-json\/wp\/v2\/media?parent=927466"}],"wp:term":[{"taxonomy":"category","embeddable":true,"href":"https:\/\/www.pm.pb.gov.br\/portal\/wp-json\/wp\/v2\/categories?post=927466"},{"taxonomy":"post_tag","embeddable":true,"href":"https:\/\/www.pm.pb.gov.br\/portal\/wp-json\/wp\/v2\/tags?post=927466"}],"curies":[{"name":"wp","href":"https:\/\/api.w.org\/{rel}","templated":true}]}}