{"id":927434,"date":"2025-08-02T11:23:28","date_gmt":"2025-08-02T14:23:28","guid":{"rendered":"https:\/\/www.pm.pb.gov.br\/portal\/?p=927434"},"modified":"2025-08-02T11:23:31","modified_gmt":"2025-08-02T14:23:31","slug":"homem-de-70-anos-e-preso-por-trafico-de-drogas-na-cidade-de-sao-bento","status":"publish","type":"post","link":"https:\/\/www.pm.pb.gov.br\/portal\/2025\/08\/02\/homem-de-70-anos-e-preso-por-trafico-de-drogas-na-cidade-de-sao-bento\/","title":{"rendered":"Homem de 70 anos \u00e9 preso por tr\u00e1fico de drogas na cidade de S\u00e3o Bento"},"content":{"rendered":"Foi preso, nessa sexta-feira (1\u00ba), atrav\u00e9s de mandado de pris\u00e3o expedido pela comarca de S\u00e3o Bento, um homem de 70 anos que estava sendo procurado por tr\u00e1fico de drogas, na zona rural de S\u00e3o Bento, cidade que fica no sert\u00e3o da Para\u00edba. A pris\u00e3o foi realizada pelos policiais da 3\u00aa Companhia do 12\u00ba Batalh\u00e3o.<br \/><br \/>A pris\u00e3o fez parte do refor\u00e7o policial e integra\u00e7\u00e3o da Pol\u00edcia Militar com o poder judici\u00e1rio. O preso foi apresentado na Delegacia de Pol\u00edcia, em S\u00e3o Bento. <br \/>","protected":false},"excerpt":{"rendered":"<p>Foi preso, nessa sexta-feira (1\u00ba), atrav\u00e9s de mandado de pris\u00e3o expedido pela comarca de S\u00e3o Bento, um homem de 70<\/p>\n","protected":false},"author":18,"featured_media":927439,"comment_status":"closed","ping_status":"closed","sticky":false,"template":"","format":"standard","meta":{"_exactmetrics_skip_tracking":false,"_exactmetrics_sitenote_active":false,"_exactmetrics_sitenote_note":"","_exactmetrics_sitenote_category":0,"footnotes":""},"categories":[4],"tags":[],"yoast_head":"<!-- This site is optimized with the Yoast SEO plugin v22.0 - https:\/\/yoast.com\/wordpress\/plugins\/seo\/ -->\n<title>Homem de 70 anos \u00e9 preso por tr\u00e1fico de drogas na cidade de S\u00e3o Bento - Pol\u00edcia Militar da Para\u00edba<\/title>\n<meta name=\"robots\" content=\"index, follow, max-snippet:-1, max-image-preview:large, max-video-preview:-1\" \/>\n<link rel=\"canonical\" href=\"https:\/\/www.pm.pb.gov.br\/portal\/2025\/08\/02\/homem-de-70-anos-e-preso-por-trafico-de-drogas-na-cidade-de-sao-bento\/\" \/>\n<meta property=\"og:locale\" content=\"pt_BR\" \/>\n<meta property=\"og:type\" content=\"article\" \/>\n<meta property=\"og:title\" content=\"Homem de 70 anos \u00e9 preso por tr\u00e1fico de drogas na cidade de S\u00e3o Bento - Pol\u00edcia Militar da Para\u00edba\" \/>\n<meta property=\"og:description\" content=\"Foi preso, nessa sexta-feira (1\u00ba), atrav\u00e9s de mandado de pris\u00e3o expedido pela comarca de S\u00e3o Bento, um homem de 70\" \/>\n<meta property=\"og:url\" content=\"https:\/\/www.pm.pb.gov.br\/portal\/2025\/08\/02\/homem-de-70-anos-e-preso-por-trafico-de-drogas-na-cidade-de-sao-bento\/\" \/>\n<meta property=\"og:site_name\" content=\"Pol\u00edcia Militar da Para\u00edba\" \/>\n<meta property=\"article:published_time\" content=\"2025-08-02T14:23:28+00:00\" \/>\n<meta property=\"article:modified_time\" content=\"2025-08-02T14:23:31+00:00\" \/>\n<meta property=\"og:image\" content=\"http:\/\/www.pm.pb.gov.br\/portal\/wp-content\/uploads\/2025\/08\/WhatsApp-Image-2025-08-01-at-3.35.44-PM.jpeg\" \/>\n\t<meta property=\"og:image:width\" content=\"1600\" \/>\n\t<meta property=\"og:image:height\" content=\"1200\" \/>\n\t<meta property=\"og:image:type\" content=\"image\/jpeg\" \/>\n<meta name=\"author\" content=\"Luiz Duarte\" \/>\n<meta name=\"twitter:card\" content=\"summary_large_image\" \/>\n<meta name=\"twitter:label1\" content=\"Escrito por\" \/>\n\t<meta name=\"twitter:data1\" content=\"Luiz Duarte\" \/>\n\t<meta name=\"twitter:label2\" content=\"Est. tempo de leitura\" \/>\n\t<meta name=\"twitter:data2\" content=\"1 minuto\" \/>\n<script type=\"application\/ld+json\" class=\"yoast-schema-graph\">{\"@context\":\"https:\/\/schema.org\",\"@graph\":[{\"@type\":\"Article\",\"@id\":\"https:\/\/www.pm.pb.gov.br\/portal\/2025\/08\/02\/homem-de-70-anos-e-preso-por-trafico-de-drogas-na-cidade-de-sao-bento\/#article\",\"isPartOf\":{\"@id\":\"https:\/\/www.pm.pb.gov.br\/portal\/2025\/08\/02\/homem-de-70-anos-e-preso-por-trafico-de-drogas-na-cidade-de-sao-bento\/\"},\"author\":{\"name\":\"Luiz Duarte\",\"@id\":\"https:\/\/www.pm.pb.gov.br\/portal\/#\/schema\/person\/89dd009e2523c97adf8def1d6cf90ca1\"},\"headline\":\"Homem de 70 anos \u00e9 preso por tr\u00e1fico de drogas na cidade de S\u00e3o Bento\",\"datePublished\":\"2025-08-02T14:23:28+00:00\",\"dateModified\":\"2025-08-02T14:23:31+00:00\",\"mainEntityOfPage\":{\"@id\":\"https:\/\/www.pm.pb.gov.br\/portal\/2025\/08\/02\/homem-de-70-anos-e-preso-por-trafico-de-drogas-na-cidade-de-sao-bento\/\"},\"wordCount\":108,\"publisher\":{\"@id\":\"https:\/\/www.pm.pb.gov.br\/portal\/#organization\"},\"articleSection\":[\"A\u00e7\u00f5es Policiais\"],\"inLanguage\":\"pt-BR\"},{\"@type\":\"WebPage\",\"@id\":\"https:\/\/www.pm.pb.gov.br\/portal\/2025\/08\/02\/homem-de-70-anos-e-preso-por-trafico-de-drogas-na-cidade-de-sao-bento\/\",\"url\":\"https:\/\/www.pm.pb.gov.br\/portal\/2025\/08\/02\/homem-de-70-anos-e-preso-por-trafico-de-drogas-na-cidade-de-sao-bento\/\",\"name\":\"Homem de 70 anos \u00e9 preso por tr\u00e1fico de drogas na cidade de S\u00e3o Bento - Pol\u00edcia Militar da Para\u00edba\",\"isPartOf\":{\"@id\":\"https:\/\/www.pm.pb.gov.br\/portal\/#website\"},\"datePublished\":\"2025-08-02T14:23:28+00:00\",\"dateModified\":\"2025-08-02T14:23:31+00:00\",\"breadcrumb\":{\"@id\":\"https:\/\/www.pm.pb.gov.br\/portal\/2025\/08\/02\/homem-de-70-anos-e-preso-por-trafico-de-drogas-na-cidade-de-sao-bento\/#breadcrumb\"},\"inLanguage\":\"pt-BR\",\"potentialAction\":[{\"@type\":\"ReadAction\",\"target\":[\"https:\/\/www.pm.pb.gov.br\/portal\/2025\/08\/02\/homem-de-70-anos-e-preso-por-trafico-de-drogas-na-cidade-de-sao-bento\/\"]}]},{\"@type\":\"BreadcrumbList\",\"@id\":\"https:\/\/www.pm.pb.gov.br\/portal\/2025\/08\/02\/homem-de-70-anos-e-preso-por-trafico-de-drogas-na-cidade-de-sao-bento\/#breadcrumb\",\"itemListElement\":[{\"@type\":\"ListItem\",\"position\":1,\"name\":\"In\u00edcio\",\"item\":\"https:\/\/www.pm.pb.gov.br\/portal\/\"},{\"@type\":\"ListItem\",\"position\":2,\"name\":\"Homem de 70 anos \u00e9 preso por tr\u00e1fico de drogas na cidade de S\u00e3o Bento\"}]},{\"@type\":\"WebSite\",\"@id\":\"https:\/\/www.pm.pb.gov.br\/portal\/#website\",\"url\":\"https:\/\/www.pm.pb.gov.br\/portal\/\",\"name\":\"Pol\u00edcia Militar da Para\u00edba\",\"description\":\"\",\"publisher\":{\"@id\":\"https:\/\/www.pm.pb.gov.br\/portal\/#organization\"},\"potentialAction\":[{\"@type\":\"SearchAction\",\"target\":{\"@type\":\"EntryPoint\",\"urlTemplate\":\"https:\/\/www.pm.pb.gov.br\/portal\/?s={search_term_string}\"},\"query-input\":\"required name=search_term_string\"}],\"inLanguage\":\"pt-BR\"},{\"@type\":\"Organization\",\"@id\":\"https:\/\/www.pm.pb.gov.br\/portal\/#organization\",\"name\":\"Pol\u00edcia Militar da Para\u00edba\",\"url\":\"https:\/\/www.pm.pb.gov.br\/portal\/\",\"logo\":{\"@type\":\"ImageObject\",\"inLanguage\":\"pt-BR\",\"@id\":\"https:\/\/www.pm.pb.gov.br\/portal\/#\/schema\/logo\/image\/\",\"url\":\"https:\/\/www.pm.pb.gov.br\/portal\/wp-content\/uploads\/2025\/03\/cropped-logo-site-mag2-1.png\",\"contentUrl\":\"https:\/\/www.pm.pb.gov.br\/portal\/wp-content\/uploads\/2025\/03\/cropped-logo-site-mag2-1.png\",\"width\":320,\"height\":90,\"caption\":\"Pol\u00edcia Militar da Para\u00edba\"},\"image\":{\"@id\":\"https:\/\/www.pm.pb.gov.br\/portal\/#\/schema\/logo\/image\/\"}},{\"@type\":\"Person\",\"@id\":\"https:\/\/www.pm.pb.gov.br\/portal\/#\/schema\/person\/89dd009e2523c97adf8def1d6cf90ca1\",\"name\":\"Luiz Duarte\",\"image\":{\"@type\":\"ImageObject\",\"inLanguage\":\"pt-BR\",\"@id\":\"https:\/\/www.pm.pb.gov.br\/portal\/#\/schema\/person\/image\/\",\"url\":\"https:\/\/secure.gravatar.com\/avatar\/ce5539b97246ef4d24dd039a3f64145b?s=96&d=mm&r=g\",\"contentUrl\":\"https:\/\/secure.gravatar.com\/avatar\/ce5539b97246ef4d24dd039a3f64145b?s=96&d=mm&r=g\",\"caption\":\"Luiz Duarte\"},\"url\":\"https:\/\/www.pm.pb.gov.br\/portal\/author\/luiz\/\"}]}<\/script>\n<!-- \/ Yoast SEO plugin. -->","yoast_head_json":{"title":"Homem de 70 anos \u00e9 preso por tr\u00e1fico de drogas na cidade de S\u00e3o Bento - Pol\u00edcia Militar da Para\u00edba","robots":{"index":"index","follow":"follow","max-snippet":"max-snippet:-1","max-image-preview":"max-image-preview:large","max-video-preview":"max-video-preview:-1"},"canonical":"https:\/\/www.pm.pb.gov.br\/portal\/2025\/08\/02\/homem-de-70-anos-e-preso-por-trafico-de-drogas-na-cidade-de-sao-bento\/","og_locale":"pt_BR","og_type":"article","og_title":"Homem de 70 anos \u00e9 preso por tr\u00e1fico de drogas na cidade de S\u00e3o Bento - Pol\u00edcia Militar da Para\u00edba","og_description":"Foi preso, nessa sexta-feira (1\u00ba), atrav\u00e9s de mandado de pris\u00e3o expedido pela comarca de S\u00e3o Bento, um homem de 70","og_url":"https:\/\/www.pm.pb.gov.br\/portal\/2025\/08\/02\/homem-de-70-anos-e-preso-por-trafico-de-drogas-na-cidade-de-sao-bento\/","og_site_name":"Pol\u00edcia Militar da Para\u00edba","article_published_time":"2025-08-02T14:23:28+00:00","article_modified_time":"2025-08-02T14:23:31+00:00","og_image":[{"width":1600,"height":1200,"url":"http:\/\/www.pm.pb.gov.br\/portal\/wp-content\/uploads\/2025\/08\/WhatsApp-Image-2025-08-01-at-3.35.44-PM.jpeg","type":"image\/jpeg"}],"author":"Luiz Duarte","twitter_card":"summary_large_image","twitter_misc":{"Escrito por":"Luiz Duarte","Est. tempo de leitura":"1 minuto"},"schema":{"@context":"https:\/\/schema.org","@graph":[{"@type":"Article","@id":"https:\/\/www.pm.pb.gov.br\/portal\/2025\/08\/02\/homem-de-70-anos-e-preso-por-trafico-de-drogas-na-cidade-de-sao-bento\/#article","isPartOf":{"@id":"https:\/\/www.pm.pb.gov.br\/portal\/2025\/08\/02\/homem-de-70-anos-e-preso-por-trafico-de-drogas-na-cidade-de-sao-bento\/"},"author":{"name":"Luiz Duarte","@id":"https:\/\/www.pm.pb.gov.br\/portal\/#\/schema\/person\/89dd009e2523c97adf8def1d6cf90ca1"},"headline":"Homem de 70 anos \u00e9 preso por tr\u00e1fico de drogas na cidade de S\u00e3o Bento","datePublished":"2025-08-02T14:23:28+00:00","dateModified":"2025-08-02T14:23:31+00:00","mainEntityOfPage":{"@id":"https:\/\/www.pm.pb.gov.br\/portal\/2025\/08\/02\/homem-de-70-anos-e-preso-por-trafico-de-drogas-na-cidade-de-sao-bento\/"},"wordCount":108,"publisher":{"@id":"https:\/\/www.pm.pb.gov.br\/portal\/#organization"},"articleSection":["A\u00e7\u00f5es Policiais"],"inLanguage":"pt-BR"},{"@type":"WebPage","@id":"https:\/\/www.pm.pb.gov.br\/portal\/2025\/08\/02\/homem-de-70-anos-e-preso-por-trafico-de-drogas-na-cidade-de-sao-bento\/","url":"https:\/\/www.pm.pb.gov.br\/portal\/2025\/08\/02\/homem-de-70-anos-e-preso-por-trafico-de-drogas-na-cidade-de-sao-bento\/","name":"Homem de 70 anos \u00e9 preso por tr\u00e1fico de drogas na cidade de S\u00e3o Bento - Pol\u00edcia Militar da Para\u00edba","isPartOf":{"@id":"https:\/\/www.pm.pb.gov.br\/portal\/#website"},"datePublished":"2025-08-02T14:23:28+00:00","dateModified":"2025-08-02T14:23:31+00:00","breadcrumb":{"@id":"https:\/\/www.pm.pb.gov.br\/portal\/2025\/08\/02\/homem-de-70-anos-e-preso-por-trafico-de-drogas-na-cidade-de-sao-bento\/#breadcrumb"},"inLanguage":"pt-BR","potentialAction":[{"@type":"ReadAction","target":["https:\/\/www.pm.pb.gov.br\/portal\/2025\/08\/02\/homem-de-70-anos-e-preso-por-trafico-de-drogas-na-cidade-de-sao-bento\/"]}]},{"@type":"BreadcrumbList","@id":"https:\/\/www.pm.pb.gov.br\/portal\/2025\/08\/02\/homem-de-70-anos-e-preso-por-trafico-de-drogas-na-cidade-de-sao-bento\/#breadcrumb","itemListElement":[{"@type":"ListItem","position":1,"name":"In\u00edcio","item":"https:\/\/www.pm.pb.gov.br\/portal\/"},{"@type":"ListItem","position":2,"name":"Homem de 70 anos \u00e9 preso por tr\u00e1fico de drogas na cidade de S\u00e3o Bento"}]},{"@type":"WebSite","@id":"https:\/\/www.pm.pb.gov.br\/portal\/#website","url":"https:\/\/www.pm.pb.gov.br\/portal\/","name":"Pol\u00edcia Militar da Para\u00edba","description":"","publisher":{"@id":"https:\/\/www.pm.pb.gov.br\/portal\/#organization"},"potentialAction":[{"@type":"SearchAction","target":{"@type":"EntryPoint","urlTemplate":"https:\/\/www.pm.pb.gov.br\/portal\/?s={search_term_string}"},"query-input":"required name=search_term_string"}],"inLanguage":"pt-BR"},{"@type":"Organization","@id":"https:\/\/www.pm.pb.gov.br\/portal\/#organization","name":"Pol\u00edcia Militar da Para\u00edba","url":"https:\/\/www.pm.pb.gov.br\/portal\/","logo":{"@type":"ImageObject","inLanguage":"pt-BR","@id":"https:\/\/www.pm.pb.gov.br\/portal\/#\/schema\/logo\/image\/","url":"https:\/\/www.pm.pb.gov.br\/portal\/wp-content\/uploads\/2025\/03\/cropped-logo-site-mag2-1.png","contentUrl":"https:\/\/www.pm.pb.gov.br\/portal\/wp-content\/uploads\/2025\/03\/cropped-logo-site-mag2-1.png","width":320,"height":90,"caption":"Pol\u00edcia Militar da Para\u00edba"},"image":{"@id":"https:\/\/www.pm.pb.gov.br\/portal\/#\/schema\/logo\/image\/"}},{"@type":"Person","@id":"https:\/\/www.pm.pb.gov.br\/portal\/#\/schema\/person\/89dd009e2523c97adf8def1d6cf90ca1","name":"Luiz Duarte","image":{"@type":"ImageObject","inLanguage":"pt-BR","@id":"https:\/\/www.pm.pb.gov.br\/portal\/#\/schema\/person\/image\/","url":"https:\/\/secure.gravatar.com\/avatar\/ce5539b97246ef4d24dd039a3f64145b?s=96&d=mm&r=g","contentUrl":"https:\/\/secure.gravatar.com\/avatar\/ce5539b97246ef4d24dd039a3f64145b?s=96&d=mm&r=g","caption":"Luiz Duarte"},"url":"https:\/\/www.pm.pb.gov.br\/portal\/author\/luiz\/"}]}},"_links":{"self":[{"href":"https:\/\/www.pm.pb.gov.br\/portal\/wp-json\/wp\/v2\/posts\/927434"}],"collection":[{"href":"https:\/\/www.pm.pb.gov.br\/portal\/wp-json\/wp\/v2\/posts"}],"about":[{"href":"https:\/\/www.pm.pb.gov.br\/portal\/wp-json\/wp\/v2\/types\/post"}],"author":[{"embeddable":true,"href":"https:\/\/www.pm.pb.gov.br\/portal\/wp-json\/wp\/v2\/users\/18"}],"replies":[{"embeddable":true,"href":"https:\/\/www.pm.pb.gov.br\/portal\/wp-json\/wp\/v2\/comments?post=927434"}],"version-history":[{"count":2,"href":"https:\/\/www.pm.pb.gov.br\/portal\/wp-json\/wp\/v2\/posts\/927434\/revisions"}],"predecessor-version":[{"id":927440,"href":"https:\/\/www.pm.pb.gov.br\/portal\/wp-json\/wp\/v2\/posts\/927434\/revisions\/927440"}],"wp:featuredmedia":[{"embeddable":true,"href":"https:\/\/www.pm.pb.gov.br\/portal\/wp-json\/wp\/v2\/media\/927439"}],"wp:attachment":[{"href":"https:\/\/www.pm.pb.gov.br\/portal\/wp-json\/wp\/v2\/media?parent=927434"}],"wp:term":[{"taxonomy":"category","embeddable":true,"href":"https:\/\/www.pm.pb.gov.br\/portal\/wp-json\/wp\/v2\/categories?post=927434"},{"taxonomy":"post_tag","embeddable":true,"href":"https:\/\/www.pm.pb.gov.br\/portal\/wp-json\/wp\/v2\/tags?post=927434"}],"curies":[{"name":"wp","href":"https:\/\/api.w.org\/{rel}","templated":true}]}}