{"id":927245,"date":"2025-07-04T10:38:03","date_gmt":"2025-07-04T13:38:03","guid":{"rendered":"https:\/\/www.pm.pb.gov.br\/portal\/?p=927245"},"modified":"2025-07-04T13:47:46","modified_gmt":"2025-07-04T16:47:46","slug":"policia-militar-desarticula-quadrilha-do-rn-que-roubava-carros-em-joao-pessoa","status":"publish","type":"post","link":"https:\/\/www.pm.pb.gov.br\/portal\/2025\/07\/04\/policia-militar-desarticula-quadrilha-do-rn-que-roubava-carros-em-joao-pessoa\/","title":{"rendered":"Pol\u00edcia Militar desarticula quadrilha do RN que roubava carros em Jo\u00e3o Pessoa"},"content":{"rendered":"\n<p>A Pol\u00edcia Militar prendeu uma quadrilha do Rio Grande do Norte, que roubava carros na regi\u00e3o da zona sul de Jo\u00e3o Pessoa. Cinco acusados foram presos com arma de fogo, placas de ve\u00edculos, radiocomunicadores e celulares. A pris\u00e3o ocorreu no fim da tarde de ontem (3) na zona sul da cidade.<\/p>\n<p>De acordo com o 5\u00b0 Batalh\u00e3o, o grupo estava em um carro com sinais identificadores adulterados, e tinha roubado outro ve\u00edculo na manh\u00e3 da quinta-feira. A v\u00edtima dos criminosos j\u00e1 reconheceu o grupo e a arma usada no crime, um rev\u00f3lver calibre 32. A PM chegou at\u00e9 os acusados, no bairro de Mangabeira, com apoio das imagens do sistema de videomonitoramento do Centro Integrado de Comando e Controle (CICC).<\/p>\n<p>\u201cFoi uma pris\u00e3o importante uma vez que os acusados s\u00e3o do Rio Grande do Norte e, em poucas horas, conseguimos localiz\u00e1-los ap\u00f3s um roubo a um ve\u00edculo Sandero, no bairro dos Banc\u00e1rios. Este carro em espec\u00edfico segue sendo procurado. J\u00e1 o carro que o grupo conduzia, um Kicks da cor branca, que foi recuperado pela PM, era roubado tamb\u00e9m e tinha caracter\u00edsticas similares a outro que estava em situa\u00e7\u00e3o legal\u201d, explicou o tenente-coronel Ferreira, comandante do 5\u00ba BPM.<\/p>\n<p><img loading=\"lazy\" decoding=\"async\" class=\"size-medium wp-image-927247 aligncenter\" src=\"http:\/\/www.pm.pb.gov.br\/portal\/wp-content\/uploads\/2025\/07\/WhatsApp-Image-2025-07-04-at-07.29.53-593x445.jpeg\" alt=\"\" width=\"593\" height=\"445\" srcset=\"https:\/\/www.pm.pb.gov.br\/portal\/wp-content\/uploads\/2025\/07\/WhatsApp-Image-2025-07-04-at-07.29.53-593x445.jpeg 593w, https:\/\/www.pm.pb.gov.br\/portal\/wp-content\/uploads\/2025\/07\/WhatsApp-Image-2025-07-04-at-07.29.53-760x570.jpeg 760w, https:\/\/www.pm.pb.gov.br\/portal\/wp-content\/uploads\/2025\/07\/WhatsApp-Image-2025-07-04-at-07.29.53-768x576.jpeg 768w, https:\/\/www.pm.pb.gov.br\/portal\/wp-content\/uploads\/2025\/07\/WhatsApp-Image-2025-07-04-at-07.29.53-1536x1152.jpeg 1536w, https:\/\/www.pm.pb.gov.br\/portal\/wp-content\/uploads\/2025\/07\/WhatsApp-Image-2025-07-04-at-07.29.53.jpeg 1600w\" sizes=\"(max-width: 593px) 100vw, 593px\" \/><\/p>\n<p>A ocorr\u00eancia foi apresentada na Cidade da Pol\u00edcia Civil.<\/p>\n<p><strong>Atualizado &#8211;<\/strong> O Sandero roubado da v\u00edtima foi recuperado na madrugada desta sexta-feira (04), na regi\u00e3o de Santa Rita, pelos policiais do 7\u00ba Batalh\u00e3o. No carro, os PMs apreenderam uma espingarda calibre 12 e muni\u00e7\u00f5es. Dois criminosos que estavam no ve\u00edculo conseguiram fugir e seguem sendo procurados. A ocorr\u00eancia foi encaminhada para a 6\u00aa Delegacia Distrital.<\/p>\n<p><img loading=\"lazy\" decoding=\"async\" class=\"size-medium wp-image-927252 aligncenter\" src=\"http:\/\/www.pm.pb.gov.br\/portal\/wp-content\/uploads\/2025\/07\/carrorecrn-584x445.jpeg\" alt=\"\" width=\"584\" height=\"445\" srcset=\"https:\/\/www.pm.pb.gov.br\/portal\/wp-content\/uploads\/2025\/07\/carrorecrn-584x445.jpeg 584w, https:\/\/www.pm.pb.gov.br\/portal\/wp-content\/uploads\/2025\/07\/carrorecrn-748x570.jpeg 748w, https:\/\/www.pm.pb.gov.br\/portal\/wp-content\/uploads\/2025\/07\/carrorecrn-768x586.jpeg 768w, https:\/\/www.pm.pb.gov.br\/portal\/wp-content\/uploads\/2025\/07\/carrorecrn.jpeg 1200w\" sizes=\"(max-width: 584px) 100vw, 584px\" \/><\/p>\n<p><img loading=\"lazy\" decoding=\"async\" class=\"size-medium wp-image-927253 aligncenter\" src=\"http:\/\/www.pm.pb.gov.br\/portal\/wp-content\/uploads\/2025\/07\/carrorecrn1-454x445.jpeg\" alt=\"\" width=\"454\" height=\"445\" srcset=\"https:\/\/www.pm.pb.gov.br\/portal\/wp-content\/uploads\/2025\/07\/carrorecrn1-454x445.jpeg 454w, https:\/\/www.pm.pb.gov.br\/portal\/wp-content\/uploads\/2025\/07\/carrorecrn1-581x570.jpeg 581w, https:\/\/www.pm.pb.gov.br\/portal\/wp-content\/uploads\/2025\/07\/carrorecrn1-768x753.jpeg 768w, https:\/\/www.pm.pb.gov.br\/portal\/wp-content\/uploads\/2025\/07\/carrorecrn1.jpeg 900w\" sizes=\"(max-width: 454px) 100vw, 454px\" \/><\/p>\n<p><em>Atualizado \u00e0s 13h49<\/em><\/p>\n\n\n","protected":false},"excerpt":{"rendered":"<p>A Pol\u00edcia Militar prendeu uma quadrilha do Rio Grande do Norte, que roubava carros na regi\u00e3o da zona sul de<\/p>\n","protected":false},"author":12,"featured_media":927246,"comment_status":"closed","ping_status":"closed","sticky":false,"template":"","format":"standard","meta":{"_exactmetrics_skip_tracking":false,"_exactmetrics_sitenote_active":false,"_exactmetrics_sitenote_note":"","_exactmetrics_sitenote_category":0,"footnotes":""},"categories":[4],"tags":[],"yoast_head":"<!-- This site is optimized with the Yoast SEO plugin v22.0 - https:\/\/yoast.com\/wordpress\/plugins\/seo\/ -->\n<title>Pol\u00edcia Militar desarticula quadrilha do RN que roubava carros em Jo\u00e3o Pessoa - Pol\u00edcia Militar da Para\u00edba<\/title>\n<meta name=\"robots\" content=\"index, follow, max-snippet:-1, max-image-preview:large, max-video-preview:-1\" \/>\n<link rel=\"canonical\" href=\"https:\/\/www.pm.pb.gov.br\/portal\/2025\/07\/04\/policia-militar-desarticula-quadrilha-do-rn-que-roubava-carros-em-joao-pessoa\/\" \/>\n<meta property=\"og:locale\" content=\"pt_BR\" \/>\n<meta property=\"og:type\" content=\"article\" \/>\n<meta property=\"og:title\" content=\"Pol\u00edcia Militar desarticula quadrilha do RN que roubava carros em Jo\u00e3o Pessoa - Pol\u00edcia Militar da Para\u00edba\" \/>\n<meta property=\"og:description\" content=\"A Pol\u00edcia Militar prendeu uma quadrilha do Rio Grande do Norte, que roubava carros na regi\u00e3o da zona sul de\" \/>\n<meta property=\"og:url\" content=\"https:\/\/www.pm.pb.gov.br\/portal\/2025\/07\/04\/policia-militar-desarticula-quadrilha-do-rn-que-roubava-carros-em-joao-pessoa\/\" \/>\n<meta property=\"og:site_name\" content=\"Pol\u00edcia Militar da Para\u00edba\" \/>\n<meta property=\"article:published_time\" content=\"2025-07-04T13:38:03+00:00\" \/>\n<meta property=\"article:modified_time\" content=\"2025-07-04T16:47:46+00:00\" \/>\n<meta property=\"og:image\" content=\"http:\/\/www.pm.pb.gov.br\/portal\/wp-content\/uploads\/2025\/07\/capa1.jpeg\" \/>\n\t<meta property=\"og:image:width\" content=\"800\" \/>\n\t<meta property=\"og:image:height\" content=\"445\" \/>\n\t<meta property=\"og:image:type\" content=\"image\/jpeg\" \/>\n<meta name=\"author\" content=\"Tarcisio Oliveira\" \/>\n<meta name=\"twitter:card\" content=\"summary_large_image\" \/>\n<meta name=\"twitter:label1\" content=\"Escrito por\" \/>\n\t<meta name=\"twitter:data1\" content=\"Tarcisio Oliveira\" \/>\n\t<meta name=\"twitter:label2\" content=\"Est. tempo de leitura\" \/>\n\t<meta name=\"twitter:data2\" content=\"3 minutos\" \/>\n<script type=\"application\/ld+json\" class=\"yoast-schema-graph\">{\"@context\":\"https:\/\/schema.org\",\"@graph\":[{\"@type\":\"Article\",\"@id\":\"https:\/\/www.pm.pb.gov.br\/portal\/2025\/07\/04\/policia-militar-desarticula-quadrilha-do-rn-que-roubava-carros-em-joao-pessoa\/#article\",\"isPartOf\":{\"@id\":\"https:\/\/www.pm.pb.gov.br\/portal\/2025\/07\/04\/policia-militar-desarticula-quadrilha-do-rn-que-roubava-carros-em-joao-pessoa\/\"},\"author\":{\"name\":\"Tarcisio Oliveira\",\"@id\":\"https:\/\/www.pm.pb.gov.br\/portal\/#\/schema\/person\/f84f56dcc78ce4357054da888b8247fd\"},\"headline\":\"Pol\u00edcia Militar desarticula quadrilha do RN que roubava carros em Jo\u00e3o Pessoa\",\"datePublished\":\"2025-07-04T13:38:03+00:00\",\"dateModified\":\"2025-07-04T16:47:46+00:00\",\"mainEntityOfPage\":{\"@id\":\"https:\/\/www.pm.pb.gov.br\/portal\/2025\/07\/04\/policia-militar-desarticula-quadrilha-do-rn-que-roubava-carros-em-joao-pessoa\/\"},\"wordCount\":299,\"publisher\":{\"@id\":\"https:\/\/www.pm.pb.gov.br\/portal\/#organization\"},\"articleSection\":[\"A\u00e7\u00f5es Policiais\"],\"inLanguage\":\"pt-BR\"},{\"@type\":\"WebPage\",\"@id\":\"https:\/\/www.pm.pb.gov.br\/portal\/2025\/07\/04\/policia-militar-desarticula-quadrilha-do-rn-que-roubava-carros-em-joao-pessoa\/\",\"url\":\"https:\/\/www.pm.pb.gov.br\/portal\/2025\/07\/04\/policia-militar-desarticula-quadrilha-do-rn-que-roubava-carros-em-joao-pessoa\/\",\"name\":\"Pol\u00edcia Militar desarticula quadrilha do RN que roubava carros em Jo\u00e3o Pessoa - Pol\u00edcia Militar da Para\u00edba\",\"isPartOf\":{\"@id\":\"https:\/\/www.pm.pb.gov.br\/portal\/#website\"},\"datePublished\":\"2025-07-04T13:38:03+00:00\",\"dateModified\":\"2025-07-04T16:47:46+00:00\",\"breadcrumb\":{\"@id\":\"https:\/\/www.pm.pb.gov.br\/portal\/2025\/07\/04\/policia-militar-desarticula-quadrilha-do-rn-que-roubava-carros-em-joao-pessoa\/#breadcrumb\"},\"inLanguage\":\"pt-BR\",\"potentialAction\":[{\"@type\":\"ReadAction\",\"target\":[\"https:\/\/www.pm.pb.gov.br\/portal\/2025\/07\/04\/policia-militar-desarticula-quadrilha-do-rn-que-roubava-carros-em-joao-pessoa\/\"]}]},{\"@type\":\"BreadcrumbList\",\"@id\":\"https:\/\/www.pm.pb.gov.br\/portal\/2025\/07\/04\/policia-militar-desarticula-quadrilha-do-rn-que-roubava-carros-em-joao-pessoa\/#breadcrumb\",\"itemListElement\":[{\"@type\":\"ListItem\",\"position\":1,\"name\":\"In\u00edcio\",\"item\":\"https:\/\/www.pm.pb.gov.br\/portal\/\"},{\"@type\":\"ListItem\",\"position\":2,\"name\":\"Pol\u00edcia Militar desarticula quadrilha do RN que roubava carros em Jo\u00e3o Pessoa\"}]},{\"@type\":\"WebSite\",\"@id\":\"https:\/\/www.pm.pb.gov.br\/portal\/#website\",\"url\":\"https:\/\/www.pm.pb.gov.br\/portal\/\",\"name\":\"Pol\u00edcia Militar da Para\u00edba\",\"description\":\"\",\"publisher\":{\"@id\":\"https:\/\/www.pm.pb.gov.br\/portal\/#organization\"},\"potentialAction\":[{\"@type\":\"SearchAction\",\"target\":{\"@type\":\"EntryPoint\",\"urlTemplate\":\"https:\/\/www.pm.pb.gov.br\/portal\/?s={search_term_string}\"},\"query-input\":\"required name=search_term_string\"}],\"inLanguage\":\"pt-BR\"},{\"@type\":\"Organization\",\"@id\":\"https:\/\/www.pm.pb.gov.br\/portal\/#organization\",\"name\":\"Pol\u00edcia Militar da Para\u00edba\",\"url\":\"https:\/\/www.pm.pb.gov.br\/portal\/\",\"logo\":{\"@type\":\"ImageObject\",\"inLanguage\":\"pt-BR\",\"@id\":\"https:\/\/www.pm.pb.gov.br\/portal\/#\/schema\/logo\/image\/\",\"url\":\"https:\/\/www.pm.pb.gov.br\/portal\/wp-content\/uploads\/2025\/03\/cropped-logo-site-mag2-1.png\",\"contentUrl\":\"https:\/\/www.pm.pb.gov.br\/portal\/wp-content\/uploads\/2025\/03\/cropped-logo-site-mag2-1.png\",\"width\":320,\"height\":90,\"caption\":\"Pol\u00edcia Militar da Para\u00edba\"},\"image\":{\"@id\":\"https:\/\/www.pm.pb.gov.br\/portal\/#\/schema\/logo\/image\/\"}},{\"@type\":\"Person\",\"@id\":\"https:\/\/www.pm.pb.gov.br\/portal\/#\/schema\/person\/f84f56dcc78ce4357054da888b8247fd\",\"name\":\"Tarcisio Oliveira\",\"image\":{\"@type\":\"ImageObject\",\"inLanguage\":\"pt-BR\",\"@id\":\"https:\/\/www.pm.pb.gov.br\/portal\/#\/schema\/person\/image\/\",\"url\":\"https:\/\/secure.gravatar.com\/avatar\/72917b630b69d31cd0297507f34bac97?s=96&d=mm&r=g\",\"contentUrl\":\"https:\/\/secure.gravatar.com\/avatar\/72917b630b69d31cd0297507f34bac97?s=96&d=mm&r=g\",\"caption\":\"Tarcisio Oliveira\"},\"url\":\"https:\/\/www.pm.pb.gov.br\/portal\/author\/tarcisio\/\"}]}<\/script>\n<!-- \/ Yoast SEO plugin. -->","yoast_head_json":{"title":"Pol\u00edcia Militar desarticula quadrilha do RN que roubava carros em Jo\u00e3o Pessoa - Pol\u00edcia Militar da Para\u00edba","robots":{"index":"index","follow":"follow","max-snippet":"max-snippet:-1","max-image-preview":"max-image-preview:large","max-video-preview":"max-video-preview:-1"},"canonical":"https:\/\/www.pm.pb.gov.br\/portal\/2025\/07\/04\/policia-militar-desarticula-quadrilha-do-rn-que-roubava-carros-em-joao-pessoa\/","og_locale":"pt_BR","og_type":"article","og_title":"Pol\u00edcia Militar desarticula quadrilha do RN que roubava carros em Jo\u00e3o Pessoa - Pol\u00edcia Militar da Para\u00edba","og_description":"A Pol\u00edcia Militar prendeu uma quadrilha do Rio Grande do Norte, que roubava carros na regi\u00e3o da zona sul de","og_url":"https:\/\/www.pm.pb.gov.br\/portal\/2025\/07\/04\/policia-militar-desarticula-quadrilha-do-rn-que-roubava-carros-em-joao-pessoa\/","og_site_name":"Pol\u00edcia Militar da Para\u00edba","article_published_time":"2025-07-04T13:38:03+00:00","article_modified_time":"2025-07-04T16:47:46+00:00","og_image":[{"width":800,"height":445,"url":"http:\/\/www.pm.pb.gov.br\/portal\/wp-content\/uploads\/2025\/07\/capa1.jpeg","type":"image\/jpeg"}],"author":"Tarcisio Oliveira","twitter_card":"summary_large_image","twitter_misc":{"Escrito por":"Tarcisio Oliveira","Est. tempo de leitura":"3 minutos"},"schema":{"@context":"https:\/\/schema.org","@graph":[{"@type":"Article","@id":"https:\/\/www.pm.pb.gov.br\/portal\/2025\/07\/04\/policia-militar-desarticula-quadrilha-do-rn-que-roubava-carros-em-joao-pessoa\/#article","isPartOf":{"@id":"https:\/\/www.pm.pb.gov.br\/portal\/2025\/07\/04\/policia-militar-desarticula-quadrilha-do-rn-que-roubava-carros-em-joao-pessoa\/"},"author":{"name":"Tarcisio Oliveira","@id":"https:\/\/www.pm.pb.gov.br\/portal\/#\/schema\/person\/f84f56dcc78ce4357054da888b8247fd"},"headline":"Pol\u00edcia Militar desarticula quadrilha do RN que roubava carros em Jo\u00e3o Pessoa","datePublished":"2025-07-04T13:38:03+00:00","dateModified":"2025-07-04T16:47:46+00:00","mainEntityOfPage":{"@id":"https:\/\/www.pm.pb.gov.br\/portal\/2025\/07\/04\/policia-militar-desarticula-quadrilha-do-rn-que-roubava-carros-em-joao-pessoa\/"},"wordCount":299,"publisher":{"@id":"https:\/\/www.pm.pb.gov.br\/portal\/#organization"},"articleSection":["A\u00e7\u00f5es Policiais"],"inLanguage":"pt-BR"},{"@type":"WebPage","@id":"https:\/\/www.pm.pb.gov.br\/portal\/2025\/07\/04\/policia-militar-desarticula-quadrilha-do-rn-que-roubava-carros-em-joao-pessoa\/","url":"https:\/\/www.pm.pb.gov.br\/portal\/2025\/07\/04\/policia-militar-desarticula-quadrilha-do-rn-que-roubava-carros-em-joao-pessoa\/","name":"Pol\u00edcia Militar desarticula quadrilha do RN que roubava carros em Jo\u00e3o Pessoa - Pol\u00edcia Militar da Para\u00edba","isPartOf":{"@id":"https:\/\/www.pm.pb.gov.br\/portal\/#website"},"datePublished":"2025-07-04T13:38:03+00:00","dateModified":"2025-07-04T16:47:46+00:00","breadcrumb":{"@id":"https:\/\/www.pm.pb.gov.br\/portal\/2025\/07\/04\/policia-militar-desarticula-quadrilha-do-rn-que-roubava-carros-em-joao-pessoa\/#breadcrumb"},"inLanguage":"pt-BR","potentialAction":[{"@type":"ReadAction","target":["https:\/\/www.pm.pb.gov.br\/portal\/2025\/07\/04\/policia-militar-desarticula-quadrilha-do-rn-que-roubava-carros-em-joao-pessoa\/"]}]},{"@type":"BreadcrumbList","@id":"https:\/\/www.pm.pb.gov.br\/portal\/2025\/07\/04\/policia-militar-desarticula-quadrilha-do-rn-que-roubava-carros-em-joao-pessoa\/#breadcrumb","itemListElement":[{"@type":"ListItem","position":1,"name":"In\u00edcio","item":"https:\/\/www.pm.pb.gov.br\/portal\/"},{"@type":"ListItem","position":2,"name":"Pol\u00edcia Militar desarticula quadrilha do RN que roubava carros em Jo\u00e3o Pessoa"}]},{"@type":"WebSite","@id":"https:\/\/www.pm.pb.gov.br\/portal\/#website","url":"https:\/\/www.pm.pb.gov.br\/portal\/","name":"Pol\u00edcia Militar da Para\u00edba","description":"","publisher":{"@id":"https:\/\/www.pm.pb.gov.br\/portal\/#organization"},"potentialAction":[{"@type":"SearchAction","target":{"@type":"EntryPoint","urlTemplate":"https:\/\/www.pm.pb.gov.br\/portal\/?s={search_term_string}"},"query-input":"required name=search_term_string"}],"inLanguage":"pt-BR"},{"@type":"Organization","@id":"https:\/\/www.pm.pb.gov.br\/portal\/#organization","name":"Pol\u00edcia Militar da Para\u00edba","url":"https:\/\/www.pm.pb.gov.br\/portal\/","logo":{"@type":"ImageObject","inLanguage":"pt-BR","@id":"https:\/\/www.pm.pb.gov.br\/portal\/#\/schema\/logo\/image\/","url":"https:\/\/www.pm.pb.gov.br\/portal\/wp-content\/uploads\/2025\/03\/cropped-logo-site-mag2-1.png","contentUrl":"https:\/\/www.pm.pb.gov.br\/portal\/wp-content\/uploads\/2025\/03\/cropped-logo-site-mag2-1.png","width":320,"height":90,"caption":"Pol\u00edcia Militar da Para\u00edba"},"image":{"@id":"https:\/\/www.pm.pb.gov.br\/portal\/#\/schema\/logo\/image\/"}},{"@type":"Person","@id":"https:\/\/www.pm.pb.gov.br\/portal\/#\/schema\/person\/f84f56dcc78ce4357054da888b8247fd","name":"Tarcisio Oliveira","image":{"@type":"ImageObject","inLanguage":"pt-BR","@id":"https:\/\/www.pm.pb.gov.br\/portal\/#\/schema\/person\/image\/","url":"https:\/\/secure.gravatar.com\/avatar\/72917b630b69d31cd0297507f34bac97?s=96&d=mm&r=g","contentUrl":"https:\/\/secure.gravatar.com\/avatar\/72917b630b69d31cd0297507f34bac97?s=96&d=mm&r=g","caption":"Tarcisio Oliveira"},"url":"https:\/\/www.pm.pb.gov.br\/portal\/author\/tarcisio\/"}]}},"_links":{"self":[{"href":"https:\/\/www.pm.pb.gov.br\/portal\/wp-json\/wp\/v2\/posts\/927245"}],"collection":[{"href":"https:\/\/www.pm.pb.gov.br\/portal\/wp-json\/wp\/v2\/posts"}],"about":[{"href":"https:\/\/www.pm.pb.gov.br\/portal\/wp-json\/wp\/v2\/types\/post"}],"author":[{"embeddable":true,"href":"https:\/\/www.pm.pb.gov.br\/portal\/wp-json\/wp\/v2\/users\/12"}],"replies":[{"embeddable":true,"href":"https:\/\/www.pm.pb.gov.br\/portal\/wp-json\/wp\/v2\/comments?post=927245"}],"version-history":[{"count":4,"href":"https:\/\/www.pm.pb.gov.br\/portal\/wp-json\/wp\/v2\/posts\/927245\/revisions"}],"predecessor-version":[{"id":927255,"href":"https:\/\/www.pm.pb.gov.br\/portal\/wp-json\/wp\/v2\/posts\/927245\/revisions\/927255"}],"wp:featuredmedia":[{"embeddable":true,"href":"https:\/\/www.pm.pb.gov.br\/portal\/wp-json\/wp\/v2\/media\/927246"}],"wp:attachment":[{"href":"https:\/\/www.pm.pb.gov.br\/portal\/wp-json\/wp\/v2\/media?parent=927245"}],"wp:term":[{"taxonomy":"category","embeddable":true,"href":"https:\/\/www.pm.pb.gov.br\/portal\/wp-json\/wp\/v2\/categories?post=927245"},{"taxonomy":"post_tag","embeddable":true,"href":"https:\/\/www.pm.pb.gov.br\/portal\/wp-json\/wp\/v2\/tags?post=927245"}],"curies":[{"name":"wp","href":"https:\/\/api.w.org\/{rel}","templated":true}]}}