{"id":927239,"date":"2025-06-29T11:48:07","date_gmt":"2025-06-29T14:48:07","guid":{"rendered":"https:\/\/www.pm.pb.gov.br\/portal\/?p=927239"},"modified":"2025-06-29T11:48:09","modified_gmt":"2025-06-29T14:48:09","slug":"reincidencia-policia-militar-prende-dois-homens-com-armas-de-fogo-que-ja-tinham-passagens-por-outros-crimes","status":"publish","type":"post","link":"https:\/\/www.pm.pb.gov.br\/portal\/2025\/06\/29\/reincidencia-policia-militar-prende-dois-homens-com-armas-de-fogo-que-ja-tinham-passagens-por-outros-crimes\/","title":{"rendered":"REINCID\u00caNCIA: Pol\u00edcia Militar prende dois homens com armas de fogo que j\u00e1 tinham passagens por outros crimes"},"content":{"rendered":"\n<p>Dois homens que j\u00e1 tinham passagens pela pol\u00edcia pelos crimes de tr\u00e1fico de drogas e porte ilegal de arma de fogo, foram presos novamente com armas de fogo pela Pol\u00edcia Militar. Dessa vez, a pris\u00e3o ocorreu na madrugada deste domingo (29), no munic\u00edpio de Cabedelo-PB.<\/p>\n\n\n\n<p>Equipes policiais do Choque e da 6\u00aa Companhia Independente, localizaram os acusados na comunidade do Gama. Os dois homens estavam armados com uma pistola, calibre .380, um rev\u00f3lver, calibre .38, e vasta quantidade de muni\u00e7\u00f5es. Eles foram presos e identificados durante a abordagem, um deles utilizava fardamento do Ex\u00e9rcito Brasileiro e balaclava.<\/p>\n\n\n\n<p>Segundo o Major F\u00e1bio, que coordenou a a\u00e7\u00e3o, um dos acusados j\u00e1 tinha efetuado disparos contra a Pol\u00edcia Civil e o outro j\u00e1 tinha v\u00e1rias passagens pelo mesmo crime. \u201cEm um primeiro mandado de pris\u00e3o, foi justamente nesta localidade que ele efetuou disparos de arma de fogo em uma viatura da Pol\u00edcia Civil\u201d, destacou.<\/p>\n\n\n\n<p>Um dos acusados utilizava tornozeleira eletr\u00f4nica e o outro, que tamb\u00e9m deveria estar monitorado, encontrava-se sem o equipamento. Eles j\u00e1 respondiam pelos crimes de tr\u00e1fico e porte ilegal de arma de fogo. A dupla foi apresentada na delegacia local para a devidas autua\u00e7\u00f5es.<\/p>\n","protected":false},"excerpt":{"rendered":"<p>Dois homens que j\u00e1 tinham passagens pela pol\u00edcia pelos crimes de tr\u00e1fico de drogas e porte ilegal de arma de<\/p>\n","protected":false},"author":5,"featured_media":927240,"comment_status":"closed","ping_status":"closed","sticky":false,"template":"","format":"standard","meta":{"_exactmetrics_skip_tracking":false,"_exactmetrics_sitenote_active":false,"_exactmetrics_sitenote_note":"","_exactmetrics_sitenote_category":0,"footnotes":""},"categories":[4],"tags":[],"yoast_head":"<!-- This site is optimized with the Yoast SEO plugin v22.0 - https:\/\/yoast.com\/wordpress\/plugins\/seo\/ -->\n<title>REINCID\u00caNCIA: Pol\u00edcia Militar prende dois homens com armas de fogo que j\u00e1 tinham passagens por outros crimes - Pol\u00edcia Militar da Para\u00edba<\/title>\n<meta name=\"robots\" content=\"index, follow, max-snippet:-1, max-image-preview:large, max-video-preview:-1\" \/>\n<link rel=\"canonical\" href=\"https:\/\/www.pm.pb.gov.br\/portal\/2025\/06\/29\/reincidencia-policia-militar-prende-dois-homens-com-armas-de-fogo-que-ja-tinham-passagens-por-outros-crimes\/\" \/>\n<meta property=\"og:locale\" content=\"pt_BR\" \/>\n<meta property=\"og:type\" content=\"article\" \/>\n<meta property=\"og:title\" content=\"REINCID\u00caNCIA: Pol\u00edcia Militar prende dois homens com armas de fogo que j\u00e1 tinham passagens por outros crimes - Pol\u00edcia Militar da Para\u00edba\" \/>\n<meta property=\"og:description\" content=\"Dois homens que j\u00e1 tinham passagens pela pol\u00edcia pelos crimes de tr\u00e1fico de drogas e porte ilegal de arma de\" \/>\n<meta property=\"og:url\" content=\"https:\/\/www.pm.pb.gov.br\/portal\/2025\/06\/29\/reincidencia-policia-militar-prende-dois-homens-com-armas-de-fogo-que-ja-tinham-passagens-por-outros-crimes\/\" \/>\n<meta property=\"og:site_name\" content=\"Pol\u00edcia Militar da Para\u00edba\" \/>\n<meta property=\"article:published_time\" content=\"2025-06-29T14:48:07+00:00\" \/>\n<meta property=\"article:modified_time\" content=\"2025-06-29T14:48:09+00:00\" \/>\n<meta property=\"og:image\" content=\"http:\/\/www.pm.pb.gov.br\/portal\/wp-content\/uploads\/2025\/06\/arma-do-fogo3-1024x570.png\" \/>\n\t<meta property=\"og:image:width\" content=\"1024\" \/>\n\t<meta property=\"og:image:height\" content=\"570\" \/>\n\t<meta property=\"og:image:type\" content=\"image\/png\" \/>\n<meta name=\"author\" content=\"Assessoria de Imprensa da PMPB\" \/>\n<meta name=\"twitter:card\" content=\"summary_large_image\" \/>\n<meta name=\"twitter:label1\" content=\"Escrito por\" \/>\n\t<meta name=\"twitter:data1\" content=\"Assessoria de Imprensa da PMPB\" \/>\n\t<meta name=\"twitter:label2\" content=\"Est. tempo de leitura\" \/>\n\t<meta name=\"twitter:data2\" content=\"2 minutos\" \/>\n<script type=\"application\/ld+json\" class=\"yoast-schema-graph\">{\"@context\":\"https:\/\/schema.org\",\"@graph\":[{\"@type\":\"Article\",\"@id\":\"https:\/\/www.pm.pb.gov.br\/portal\/2025\/06\/29\/reincidencia-policia-militar-prende-dois-homens-com-armas-de-fogo-que-ja-tinham-passagens-por-outros-crimes\/#article\",\"isPartOf\":{\"@id\":\"https:\/\/www.pm.pb.gov.br\/portal\/2025\/06\/29\/reincidencia-policia-militar-prende-dois-homens-com-armas-de-fogo-que-ja-tinham-passagens-por-outros-crimes\/\"},\"author\":{\"name\":\"Assessoria de Imprensa da PMPB\",\"@id\":\"https:\/\/www.pm.pb.gov.br\/portal\/#\/schema\/person\/e8454f46651c3ecf0e1ba3c1666d9947\"},\"headline\":\"REINCID\u00caNCIA: Pol\u00edcia Militar prende dois homens com armas de fogo que j\u00e1 tinham passagens por outros crimes\",\"datePublished\":\"2025-06-29T14:48:07+00:00\",\"dateModified\":\"2025-06-29T14:48:09+00:00\",\"mainEntityOfPage\":{\"@id\":\"https:\/\/www.pm.pb.gov.br\/portal\/2025\/06\/29\/reincidencia-policia-militar-prende-dois-homens-com-armas-de-fogo-que-ja-tinham-passagens-por-outros-crimes\/\"},\"wordCount\":227,\"publisher\":{\"@id\":\"https:\/\/www.pm.pb.gov.br\/portal\/#organization\"},\"articleSection\":[\"A\u00e7\u00f5es Policiais\"],\"inLanguage\":\"pt-BR\"},{\"@type\":\"WebPage\",\"@id\":\"https:\/\/www.pm.pb.gov.br\/portal\/2025\/06\/29\/reincidencia-policia-militar-prende-dois-homens-com-armas-de-fogo-que-ja-tinham-passagens-por-outros-crimes\/\",\"url\":\"https:\/\/www.pm.pb.gov.br\/portal\/2025\/06\/29\/reincidencia-policia-militar-prende-dois-homens-com-armas-de-fogo-que-ja-tinham-passagens-por-outros-crimes\/\",\"name\":\"REINCID\u00caNCIA: Pol\u00edcia Militar prende dois homens com armas de fogo que j\u00e1 tinham passagens por outros crimes - Pol\u00edcia Militar da Para\u00edba\",\"isPartOf\":{\"@id\":\"https:\/\/www.pm.pb.gov.br\/portal\/#website\"},\"datePublished\":\"2025-06-29T14:48:07+00:00\",\"dateModified\":\"2025-06-29T14:48:09+00:00\",\"breadcrumb\":{\"@id\":\"https:\/\/www.pm.pb.gov.br\/portal\/2025\/06\/29\/reincidencia-policia-militar-prende-dois-homens-com-armas-de-fogo-que-ja-tinham-passagens-por-outros-crimes\/#breadcrumb\"},\"inLanguage\":\"pt-BR\",\"potentialAction\":[{\"@type\":\"ReadAction\",\"target\":[\"https:\/\/www.pm.pb.gov.br\/portal\/2025\/06\/29\/reincidencia-policia-militar-prende-dois-homens-com-armas-de-fogo-que-ja-tinham-passagens-por-outros-crimes\/\"]}]},{\"@type\":\"BreadcrumbList\",\"@id\":\"https:\/\/www.pm.pb.gov.br\/portal\/2025\/06\/29\/reincidencia-policia-militar-prende-dois-homens-com-armas-de-fogo-que-ja-tinham-passagens-por-outros-crimes\/#breadcrumb\",\"itemListElement\":[{\"@type\":\"ListItem\",\"position\":1,\"name\":\"In\u00edcio\",\"item\":\"https:\/\/www.pm.pb.gov.br\/portal\/\"},{\"@type\":\"ListItem\",\"position\":2,\"name\":\"REINCID\u00caNCIA: Pol\u00edcia Militar prende dois homens com armas de fogo que j\u00e1 tinham passagens por outros crimes\"}]},{\"@type\":\"WebSite\",\"@id\":\"https:\/\/www.pm.pb.gov.br\/portal\/#website\",\"url\":\"https:\/\/www.pm.pb.gov.br\/portal\/\",\"name\":\"Pol\u00edcia Militar da Para\u00edba\",\"description\":\"\",\"publisher\":{\"@id\":\"https:\/\/www.pm.pb.gov.br\/portal\/#organization\"},\"potentialAction\":[{\"@type\":\"SearchAction\",\"target\":{\"@type\":\"EntryPoint\",\"urlTemplate\":\"https:\/\/www.pm.pb.gov.br\/portal\/?s={search_term_string}\"},\"query-input\":\"required name=search_term_string\"}],\"inLanguage\":\"pt-BR\"},{\"@type\":\"Organization\",\"@id\":\"https:\/\/www.pm.pb.gov.br\/portal\/#organization\",\"name\":\"Pol\u00edcia Militar da Para\u00edba\",\"url\":\"https:\/\/www.pm.pb.gov.br\/portal\/\",\"logo\":{\"@type\":\"ImageObject\",\"inLanguage\":\"pt-BR\",\"@id\":\"https:\/\/www.pm.pb.gov.br\/portal\/#\/schema\/logo\/image\/\",\"url\":\"https:\/\/www.pm.pb.gov.br\/portal\/wp-content\/uploads\/2025\/03\/cropped-logo-site-mag2-1.png\",\"contentUrl\":\"https:\/\/www.pm.pb.gov.br\/portal\/wp-content\/uploads\/2025\/03\/cropped-logo-site-mag2-1.png\",\"width\":320,\"height\":90,\"caption\":\"Pol\u00edcia Militar da Para\u00edba\"},\"image\":{\"@id\":\"https:\/\/www.pm.pb.gov.br\/portal\/#\/schema\/logo\/image\/\"}},{\"@type\":\"Person\",\"@id\":\"https:\/\/www.pm.pb.gov.br\/portal\/#\/schema\/person\/e8454f46651c3ecf0e1ba3c1666d9947\",\"name\":\"Assessoria de Imprensa da PMPB\",\"image\":{\"@type\":\"ImageObject\",\"inLanguage\":\"pt-BR\",\"@id\":\"https:\/\/www.pm.pb.gov.br\/portal\/#\/schema\/person\/image\/\",\"url\":\"https:\/\/secure.gravatar.com\/avatar\/2efe197438265d1e90bd98c4c8e1acf8?s=96&d=mm&r=g\",\"contentUrl\":\"https:\/\/secure.gravatar.com\/avatar\/2efe197438265d1e90bd98c4c8e1acf8?s=96&d=mm&r=g\",\"caption\":\"Assessoria de Imprensa da PMPB\"},\"url\":\"https:\/\/www.pm.pb.gov.br\/portal\/author\/assessoria\/\"}]}<\/script>\n<!-- \/ Yoast SEO plugin. -->","yoast_head_json":{"title":"REINCID\u00caNCIA: Pol\u00edcia Militar prende dois homens com armas de fogo que j\u00e1 tinham passagens por outros crimes - Pol\u00edcia Militar da Para\u00edba","robots":{"index":"index","follow":"follow","max-snippet":"max-snippet:-1","max-image-preview":"max-image-preview:large","max-video-preview":"max-video-preview:-1"},"canonical":"https:\/\/www.pm.pb.gov.br\/portal\/2025\/06\/29\/reincidencia-policia-militar-prende-dois-homens-com-armas-de-fogo-que-ja-tinham-passagens-por-outros-crimes\/","og_locale":"pt_BR","og_type":"article","og_title":"REINCID\u00caNCIA: Pol\u00edcia Militar prende dois homens com armas de fogo que j\u00e1 tinham passagens por outros crimes - Pol\u00edcia Militar da Para\u00edba","og_description":"Dois homens que j\u00e1 tinham passagens pela pol\u00edcia pelos crimes de tr\u00e1fico de drogas e porte ilegal de arma de","og_url":"https:\/\/www.pm.pb.gov.br\/portal\/2025\/06\/29\/reincidencia-policia-militar-prende-dois-homens-com-armas-de-fogo-que-ja-tinham-passagens-por-outros-crimes\/","og_site_name":"Pol\u00edcia Militar da Para\u00edba","article_published_time":"2025-06-29T14:48:07+00:00","article_modified_time":"2025-06-29T14:48:09+00:00","og_image":[{"width":1024,"height":570,"url":"http:\/\/www.pm.pb.gov.br\/portal\/wp-content\/uploads\/2025\/06\/arma-do-fogo3-1024x570.png","type":"image\/png"}],"author":"Assessoria de Imprensa da PMPB","twitter_card":"summary_large_image","twitter_misc":{"Escrito por":"Assessoria de Imprensa da PMPB","Est. tempo de leitura":"2 minutos"},"schema":{"@context":"https:\/\/schema.org","@graph":[{"@type":"Article","@id":"https:\/\/www.pm.pb.gov.br\/portal\/2025\/06\/29\/reincidencia-policia-militar-prende-dois-homens-com-armas-de-fogo-que-ja-tinham-passagens-por-outros-crimes\/#article","isPartOf":{"@id":"https:\/\/www.pm.pb.gov.br\/portal\/2025\/06\/29\/reincidencia-policia-militar-prende-dois-homens-com-armas-de-fogo-que-ja-tinham-passagens-por-outros-crimes\/"},"author":{"name":"Assessoria de Imprensa da PMPB","@id":"https:\/\/www.pm.pb.gov.br\/portal\/#\/schema\/person\/e8454f46651c3ecf0e1ba3c1666d9947"},"headline":"REINCID\u00caNCIA: Pol\u00edcia Militar prende dois homens com armas de fogo que j\u00e1 tinham passagens por outros crimes","datePublished":"2025-06-29T14:48:07+00:00","dateModified":"2025-06-29T14:48:09+00:00","mainEntityOfPage":{"@id":"https:\/\/www.pm.pb.gov.br\/portal\/2025\/06\/29\/reincidencia-policia-militar-prende-dois-homens-com-armas-de-fogo-que-ja-tinham-passagens-por-outros-crimes\/"},"wordCount":227,"publisher":{"@id":"https:\/\/www.pm.pb.gov.br\/portal\/#organization"},"articleSection":["A\u00e7\u00f5es Policiais"],"inLanguage":"pt-BR"},{"@type":"WebPage","@id":"https:\/\/www.pm.pb.gov.br\/portal\/2025\/06\/29\/reincidencia-policia-militar-prende-dois-homens-com-armas-de-fogo-que-ja-tinham-passagens-por-outros-crimes\/","url":"https:\/\/www.pm.pb.gov.br\/portal\/2025\/06\/29\/reincidencia-policia-militar-prende-dois-homens-com-armas-de-fogo-que-ja-tinham-passagens-por-outros-crimes\/","name":"REINCID\u00caNCIA: Pol\u00edcia Militar prende dois homens com armas de fogo que j\u00e1 tinham passagens por outros crimes - Pol\u00edcia Militar da Para\u00edba","isPartOf":{"@id":"https:\/\/www.pm.pb.gov.br\/portal\/#website"},"datePublished":"2025-06-29T14:48:07+00:00","dateModified":"2025-06-29T14:48:09+00:00","breadcrumb":{"@id":"https:\/\/www.pm.pb.gov.br\/portal\/2025\/06\/29\/reincidencia-policia-militar-prende-dois-homens-com-armas-de-fogo-que-ja-tinham-passagens-por-outros-crimes\/#breadcrumb"},"inLanguage":"pt-BR","potentialAction":[{"@type":"ReadAction","target":["https:\/\/www.pm.pb.gov.br\/portal\/2025\/06\/29\/reincidencia-policia-militar-prende-dois-homens-com-armas-de-fogo-que-ja-tinham-passagens-por-outros-crimes\/"]}]},{"@type":"BreadcrumbList","@id":"https:\/\/www.pm.pb.gov.br\/portal\/2025\/06\/29\/reincidencia-policia-militar-prende-dois-homens-com-armas-de-fogo-que-ja-tinham-passagens-por-outros-crimes\/#breadcrumb","itemListElement":[{"@type":"ListItem","position":1,"name":"In\u00edcio","item":"https:\/\/www.pm.pb.gov.br\/portal\/"},{"@type":"ListItem","position":2,"name":"REINCID\u00caNCIA: Pol\u00edcia Militar prende dois homens com armas de fogo que j\u00e1 tinham passagens por outros crimes"}]},{"@type":"WebSite","@id":"https:\/\/www.pm.pb.gov.br\/portal\/#website","url":"https:\/\/www.pm.pb.gov.br\/portal\/","name":"Pol\u00edcia Militar da Para\u00edba","description":"","publisher":{"@id":"https:\/\/www.pm.pb.gov.br\/portal\/#organization"},"potentialAction":[{"@type":"SearchAction","target":{"@type":"EntryPoint","urlTemplate":"https:\/\/www.pm.pb.gov.br\/portal\/?s={search_term_string}"},"query-input":"required name=search_term_string"}],"inLanguage":"pt-BR"},{"@type":"Organization","@id":"https:\/\/www.pm.pb.gov.br\/portal\/#organization","name":"Pol\u00edcia Militar da Para\u00edba","url":"https:\/\/www.pm.pb.gov.br\/portal\/","logo":{"@type":"ImageObject","inLanguage":"pt-BR","@id":"https:\/\/www.pm.pb.gov.br\/portal\/#\/schema\/logo\/image\/","url":"https:\/\/www.pm.pb.gov.br\/portal\/wp-content\/uploads\/2025\/03\/cropped-logo-site-mag2-1.png","contentUrl":"https:\/\/www.pm.pb.gov.br\/portal\/wp-content\/uploads\/2025\/03\/cropped-logo-site-mag2-1.png","width":320,"height":90,"caption":"Pol\u00edcia Militar da Para\u00edba"},"image":{"@id":"https:\/\/www.pm.pb.gov.br\/portal\/#\/schema\/logo\/image\/"}},{"@type":"Person","@id":"https:\/\/www.pm.pb.gov.br\/portal\/#\/schema\/person\/e8454f46651c3ecf0e1ba3c1666d9947","name":"Assessoria de Imprensa da PMPB","image":{"@type":"ImageObject","inLanguage":"pt-BR","@id":"https:\/\/www.pm.pb.gov.br\/portal\/#\/schema\/person\/image\/","url":"https:\/\/secure.gravatar.com\/avatar\/2efe197438265d1e90bd98c4c8e1acf8?s=96&d=mm&r=g","contentUrl":"https:\/\/secure.gravatar.com\/avatar\/2efe197438265d1e90bd98c4c8e1acf8?s=96&d=mm&r=g","caption":"Assessoria de Imprensa da PMPB"},"url":"https:\/\/www.pm.pb.gov.br\/portal\/author\/assessoria\/"}]}},"_links":{"self":[{"href":"https:\/\/www.pm.pb.gov.br\/portal\/wp-json\/wp\/v2\/posts\/927239"}],"collection":[{"href":"https:\/\/www.pm.pb.gov.br\/portal\/wp-json\/wp\/v2\/posts"}],"about":[{"href":"https:\/\/www.pm.pb.gov.br\/portal\/wp-json\/wp\/v2\/types\/post"}],"author":[{"embeddable":true,"href":"https:\/\/www.pm.pb.gov.br\/portal\/wp-json\/wp\/v2\/users\/5"}],"replies":[{"embeddable":true,"href":"https:\/\/www.pm.pb.gov.br\/portal\/wp-json\/wp\/v2\/comments?post=927239"}],"version-history":[{"count":1,"href":"https:\/\/www.pm.pb.gov.br\/portal\/wp-json\/wp\/v2\/posts\/927239\/revisions"}],"predecessor-version":[{"id":927241,"href":"https:\/\/www.pm.pb.gov.br\/portal\/wp-json\/wp\/v2\/posts\/927239\/revisions\/927241"}],"wp:featuredmedia":[{"embeddable":true,"href":"https:\/\/www.pm.pb.gov.br\/portal\/wp-json\/wp\/v2\/media\/927240"}],"wp:attachment":[{"href":"https:\/\/www.pm.pb.gov.br\/portal\/wp-json\/wp\/v2\/media?parent=927239"}],"wp:term":[{"taxonomy":"category","embeddable":true,"href":"https:\/\/www.pm.pb.gov.br\/portal\/wp-json\/wp\/v2\/categories?post=927239"},{"taxonomy":"post_tag","embeddable":true,"href":"https:\/\/www.pm.pb.gov.br\/portal\/wp-json\/wp\/v2\/tags?post=927239"}],"curies":[{"name":"wp","href":"https:\/\/api.w.org\/{rel}","templated":true}]}}