{"id":927231,"date":"2025-06-28T12:53:48","date_gmt":"2025-06-28T15:53:48","guid":{"rendered":"https:\/\/www.pm.pb.gov.br\/portal\/?p=927231"},"modified":"2025-06-28T12:53:49","modified_gmt":"2025-06-28T15:53:49","slug":"atuacao-da-policia-militar-impulsiona-a-paraiba-em-ranking-nacional-de-competitividade-do-clp","status":"publish","type":"post","link":"https:\/\/www.pm.pb.gov.br\/portal\/2025\/06\/28\/atuacao-da-policia-militar-impulsiona-a-paraiba-em-ranking-nacional-de-competitividade-do-clp\/","title":{"rendered":"Atua\u00e7\u00e3o da Pol\u00edcia Militar impulsiona a Para\u00edba em ranking nacional de competitividade do CLP"},"content":{"rendered":"\n<p>A Para\u00edba avan\u00e7ou no cen\u00e1rio nacional de desenvolvimento, figurando como um dos melhores Estados para se investir, segundo o Ranking de Competitividade dos Estados, elaborado pelo Centro de Lideran\u00e7a P\u00fablica (CLP).<\/p>\n\n\n\n<p>A atua\u00e7\u00e3o estrat\u00e9gica da corpora\u00e7\u00e3o garantiu ao Estado a lideran\u00e7a em Seguran\u00e7a P\u00fablica no Nordeste e um lugar de destaque no cen\u00e1rio nacional, com a Para\u00edba entre os sete estados com menor volume de roubos do Brasil, conforme aponta o levantamento.<\/p>\n\n\n\n<p>Para o Comandante-Geral da PMPB, coronel S\u00e9rgio Fonseca, o resultado \u00e9 fruto de um trabalho cont\u00ednuo e planejado. &#8220;Nossa atua\u00e7\u00e3o di\u00e1ria nas ruas, o investimento em intelig\u00eancia e o combate qualificado \u00e0 criminalidade s\u00e3o essenciais para construir um ambiente seguro que atrai investimentos e promove o desenvolvimento&#8221;, destacou.<\/p>\n\n\n\n<p>Al\u00e9m de reduzir \u00edndices de criminalidade, a atua\u00e7\u00e3o da PMPB tem se mostrado decisiva na cria\u00e7\u00e3o de um ambiente de neg\u00f3cios mais favor\u00e1vel, contribuindo para o crescimento econ\u00f4mico e o bem-estar social da popula\u00e7\u00e3o paraibana.<\/p>\n\n\n\n<p>A corpora\u00e7\u00e3o reafirma o compromisso com a seguran\u00e7a da sociedade e segue trabalhando para consolidar a Para\u00edba como refer\u00eancia em tranquilidade p\u00fablica e qualidade de vida no pa\u00eds.<\/p>\n\n\n","protected":false},"excerpt":{"rendered":"<p>A Para\u00edba avan\u00e7ou no cen\u00e1rio nacional de desenvolvimento, figurando como um dos melhores Estados para se investir, segundo o Ranking<\/p>\n","protected":false},"author":5,"featured_media":927232,"comment_status":"closed","ping_status":"closed","sticky":false,"template":"","format":"standard","meta":{"_exactmetrics_skip_tracking":false,"_exactmetrics_sitenote_active":false,"_exactmetrics_sitenote_note":"","_exactmetrics_sitenote_category":0,"footnotes":""},"categories":[7,29],"tags":[],"yoast_head":"<!-- This site is optimized with the Yoast SEO plugin v22.0 - https:\/\/yoast.com\/wordpress\/plugins\/seo\/ -->\n<title>Atua\u00e7\u00e3o da Pol\u00edcia Militar impulsiona a Para\u00edba em ranking nacional de competitividade do CLP - Pol\u00edcia Militar da Para\u00edba<\/title>\n<meta name=\"robots\" content=\"index, follow, max-snippet:-1, max-image-preview:large, max-video-preview:-1\" \/>\n<link rel=\"canonical\" href=\"https:\/\/www.pm.pb.gov.br\/portal\/2025\/06\/28\/atuacao-da-policia-militar-impulsiona-a-paraiba-em-ranking-nacional-de-competitividade-do-clp\/\" \/>\n<meta property=\"og:locale\" content=\"pt_BR\" \/>\n<meta property=\"og:type\" content=\"article\" \/>\n<meta property=\"og:title\" content=\"Atua\u00e7\u00e3o da Pol\u00edcia Militar impulsiona a Para\u00edba em ranking nacional de competitividade do CLP - Pol\u00edcia Militar da Para\u00edba\" \/>\n<meta property=\"og:description\" content=\"A Para\u00edba avan\u00e7ou no cen\u00e1rio nacional de desenvolvimento, figurando como um dos melhores Estados para se investir, segundo o Ranking\" \/>\n<meta property=\"og:url\" content=\"https:\/\/www.pm.pb.gov.br\/portal\/2025\/06\/28\/atuacao-da-policia-militar-impulsiona-a-paraiba-em-ranking-nacional-de-competitividade-do-clp\/\" \/>\n<meta property=\"og:site_name\" content=\"Pol\u00edcia Militar da Para\u00edba\" \/>\n<meta property=\"article:published_time\" content=\"2025-06-28T15:53:48+00:00\" \/>\n<meta property=\"article:modified_time\" content=\"2025-06-28T15:53:49+00:00\" \/>\n<meta property=\"og:image\" content=\"http:\/\/www.pm.pb.gov.br\/portal\/wp-content\/uploads\/2025\/06\/efetivo.png\" \/>\n\t<meta property=\"og:image:width\" content=\"1554\" \/>\n\t<meta property=\"og:image:height\" content=\"864\" \/>\n\t<meta property=\"og:image:type\" content=\"image\/png\" \/>\n<meta name=\"author\" content=\"Assessoria de Imprensa da PMPB\" \/>\n<meta name=\"twitter:card\" content=\"summary_large_image\" \/>\n<meta name=\"twitter:label1\" content=\"Escrito por\" \/>\n\t<meta name=\"twitter:data1\" content=\"Assessoria de Imprensa da PMPB\" \/>\n\t<meta name=\"twitter:label2\" content=\"Est. tempo de leitura\" \/>\n\t<meta name=\"twitter:data2\" content=\"2 minutos\" \/>\n<script type=\"application\/ld+json\" class=\"yoast-schema-graph\">{\"@context\":\"https:\/\/schema.org\",\"@graph\":[{\"@type\":\"Article\",\"@id\":\"https:\/\/www.pm.pb.gov.br\/portal\/2025\/06\/28\/atuacao-da-policia-militar-impulsiona-a-paraiba-em-ranking-nacional-de-competitividade-do-clp\/#article\",\"isPartOf\":{\"@id\":\"https:\/\/www.pm.pb.gov.br\/portal\/2025\/06\/28\/atuacao-da-policia-militar-impulsiona-a-paraiba-em-ranking-nacional-de-competitividade-do-clp\/\"},\"author\":{\"name\":\"Assessoria de Imprensa da PMPB\",\"@id\":\"https:\/\/www.pm.pb.gov.br\/portal\/#\/schema\/person\/e8454f46651c3ecf0e1ba3c1666d9947\"},\"headline\":\"Atua\u00e7\u00e3o da Pol\u00edcia Militar impulsiona a Para\u00edba em ranking nacional de competitividade do CLP\",\"datePublished\":\"2025-06-28T15:53:48+00:00\",\"dateModified\":\"2025-06-28T15:53:49+00:00\",\"mainEntityOfPage\":{\"@id\":\"https:\/\/www.pm.pb.gov.br\/portal\/2025\/06\/28\/atuacao-da-policia-militar-impulsiona-a-paraiba-em-ranking-nacional-de-competitividade-do-clp\/\"},\"wordCount\":230,\"publisher\":{\"@id\":\"https:\/\/www.pm.pb.gov.br\/portal\/#organization\"},\"articleSection\":[\"Desenvolvimento e Tecnologia\",\"Gest\u00e3o e planejamento\"],\"inLanguage\":\"pt-BR\"},{\"@type\":\"WebPage\",\"@id\":\"https:\/\/www.pm.pb.gov.br\/portal\/2025\/06\/28\/atuacao-da-policia-militar-impulsiona-a-paraiba-em-ranking-nacional-de-competitividade-do-clp\/\",\"url\":\"https:\/\/www.pm.pb.gov.br\/portal\/2025\/06\/28\/atuacao-da-policia-militar-impulsiona-a-paraiba-em-ranking-nacional-de-competitividade-do-clp\/\",\"name\":\"Atua\u00e7\u00e3o da Pol\u00edcia Militar impulsiona a Para\u00edba em ranking nacional de competitividade do CLP - Pol\u00edcia Militar da Para\u00edba\",\"isPartOf\":{\"@id\":\"https:\/\/www.pm.pb.gov.br\/portal\/#website\"},\"datePublished\":\"2025-06-28T15:53:48+00:00\",\"dateModified\":\"2025-06-28T15:53:49+00:00\",\"breadcrumb\":{\"@id\":\"https:\/\/www.pm.pb.gov.br\/portal\/2025\/06\/28\/atuacao-da-policia-militar-impulsiona-a-paraiba-em-ranking-nacional-de-competitividade-do-clp\/#breadcrumb\"},\"inLanguage\":\"pt-BR\",\"potentialAction\":[{\"@type\":\"ReadAction\",\"target\":[\"https:\/\/www.pm.pb.gov.br\/portal\/2025\/06\/28\/atuacao-da-policia-militar-impulsiona-a-paraiba-em-ranking-nacional-de-competitividade-do-clp\/\"]}]},{\"@type\":\"BreadcrumbList\",\"@id\":\"https:\/\/www.pm.pb.gov.br\/portal\/2025\/06\/28\/atuacao-da-policia-militar-impulsiona-a-paraiba-em-ranking-nacional-de-competitividade-do-clp\/#breadcrumb\",\"itemListElement\":[{\"@type\":\"ListItem\",\"position\":1,\"name\":\"In\u00edcio\",\"item\":\"https:\/\/www.pm.pb.gov.br\/portal\/\"},{\"@type\":\"ListItem\",\"position\":2,\"name\":\"Atua\u00e7\u00e3o da Pol\u00edcia Militar impulsiona a Para\u00edba em ranking nacional de competitividade do CLP\"}]},{\"@type\":\"WebSite\",\"@id\":\"https:\/\/www.pm.pb.gov.br\/portal\/#website\",\"url\":\"https:\/\/www.pm.pb.gov.br\/portal\/\",\"name\":\"Pol\u00edcia Militar da Para\u00edba\",\"description\":\"\",\"publisher\":{\"@id\":\"https:\/\/www.pm.pb.gov.br\/portal\/#organization\"},\"potentialAction\":[{\"@type\":\"SearchAction\",\"target\":{\"@type\":\"EntryPoint\",\"urlTemplate\":\"https:\/\/www.pm.pb.gov.br\/portal\/?s={search_term_string}\"},\"query-input\":\"required name=search_term_string\"}],\"inLanguage\":\"pt-BR\"},{\"@type\":\"Organization\",\"@id\":\"https:\/\/www.pm.pb.gov.br\/portal\/#organization\",\"name\":\"Pol\u00edcia Militar da Para\u00edba\",\"url\":\"https:\/\/www.pm.pb.gov.br\/portal\/\",\"logo\":{\"@type\":\"ImageObject\",\"inLanguage\":\"pt-BR\",\"@id\":\"https:\/\/www.pm.pb.gov.br\/portal\/#\/schema\/logo\/image\/\",\"url\":\"https:\/\/www.pm.pb.gov.br\/portal\/wp-content\/uploads\/2025\/03\/cropped-logo-site-mag2-1.png\",\"contentUrl\":\"https:\/\/www.pm.pb.gov.br\/portal\/wp-content\/uploads\/2025\/03\/cropped-logo-site-mag2-1.png\",\"width\":320,\"height\":90,\"caption\":\"Pol\u00edcia Militar da Para\u00edba\"},\"image\":{\"@id\":\"https:\/\/www.pm.pb.gov.br\/portal\/#\/schema\/logo\/image\/\"}},{\"@type\":\"Person\",\"@id\":\"https:\/\/www.pm.pb.gov.br\/portal\/#\/schema\/person\/e8454f46651c3ecf0e1ba3c1666d9947\",\"name\":\"Assessoria de Imprensa da PMPB\",\"image\":{\"@type\":\"ImageObject\",\"inLanguage\":\"pt-BR\",\"@id\":\"https:\/\/www.pm.pb.gov.br\/portal\/#\/schema\/person\/image\/\",\"url\":\"https:\/\/secure.gravatar.com\/avatar\/2efe197438265d1e90bd98c4c8e1acf8?s=96&d=mm&r=g\",\"contentUrl\":\"https:\/\/secure.gravatar.com\/avatar\/2efe197438265d1e90bd98c4c8e1acf8?s=96&d=mm&r=g\",\"caption\":\"Assessoria de Imprensa da PMPB\"},\"url\":\"https:\/\/www.pm.pb.gov.br\/portal\/author\/assessoria\/\"}]}<\/script>\n<!-- \/ Yoast SEO plugin. -->","yoast_head_json":{"title":"Atua\u00e7\u00e3o da Pol\u00edcia Militar impulsiona a Para\u00edba em ranking nacional de competitividade do CLP - Pol\u00edcia Militar da Para\u00edba","robots":{"index":"index","follow":"follow","max-snippet":"max-snippet:-1","max-image-preview":"max-image-preview:large","max-video-preview":"max-video-preview:-1"},"canonical":"https:\/\/www.pm.pb.gov.br\/portal\/2025\/06\/28\/atuacao-da-policia-militar-impulsiona-a-paraiba-em-ranking-nacional-de-competitividade-do-clp\/","og_locale":"pt_BR","og_type":"article","og_title":"Atua\u00e7\u00e3o da Pol\u00edcia Militar impulsiona a Para\u00edba em ranking nacional de competitividade do CLP - Pol\u00edcia Militar da Para\u00edba","og_description":"A Para\u00edba avan\u00e7ou no cen\u00e1rio nacional de desenvolvimento, figurando como um dos melhores Estados para se investir, segundo o Ranking","og_url":"https:\/\/www.pm.pb.gov.br\/portal\/2025\/06\/28\/atuacao-da-policia-militar-impulsiona-a-paraiba-em-ranking-nacional-de-competitividade-do-clp\/","og_site_name":"Pol\u00edcia Militar da Para\u00edba","article_published_time":"2025-06-28T15:53:48+00:00","article_modified_time":"2025-06-28T15:53:49+00:00","og_image":[{"width":1554,"height":864,"url":"http:\/\/www.pm.pb.gov.br\/portal\/wp-content\/uploads\/2025\/06\/efetivo.png","type":"image\/png"}],"author":"Assessoria de Imprensa da PMPB","twitter_card":"summary_large_image","twitter_misc":{"Escrito por":"Assessoria de Imprensa da PMPB","Est. tempo de leitura":"2 minutos"},"schema":{"@context":"https:\/\/schema.org","@graph":[{"@type":"Article","@id":"https:\/\/www.pm.pb.gov.br\/portal\/2025\/06\/28\/atuacao-da-policia-militar-impulsiona-a-paraiba-em-ranking-nacional-de-competitividade-do-clp\/#article","isPartOf":{"@id":"https:\/\/www.pm.pb.gov.br\/portal\/2025\/06\/28\/atuacao-da-policia-militar-impulsiona-a-paraiba-em-ranking-nacional-de-competitividade-do-clp\/"},"author":{"name":"Assessoria de Imprensa da PMPB","@id":"https:\/\/www.pm.pb.gov.br\/portal\/#\/schema\/person\/e8454f46651c3ecf0e1ba3c1666d9947"},"headline":"Atua\u00e7\u00e3o da Pol\u00edcia Militar impulsiona a Para\u00edba em ranking nacional de competitividade do CLP","datePublished":"2025-06-28T15:53:48+00:00","dateModified":"2025-06-28T15:53:49+00:00","mainEntityOfPage":{"@id":"https:\/\/www.pm.pb.gov.br\/portal\/2025\/06\/28\/atuacao-da-policia-militar-impulsiona-a-paraiba-em-ranking-nacional-de-competitividade-do-clp\/"},"wordCount":230,"publisher":{"@id":"https:\/\/www.pm.pb.gov.br\/portal\/#organization"},"articleSection":["Desenvolvimento e Tecnologia","Gest\u00e3o e planejamento"],"inLanguage":"pt-BR"},{"@type":"WebPage","@id":"https:\/\/www.pm.pb.gov.br\/portal\/2025\/06\/28\/atuacao-da-policia-militar-impulsiona-a-paraiba-em-ranking-nacional-de-competitividade-do-clp\/","url":"https:\/\/www.pm.pb.gov.br\/portal\/2025\/06\/28\/atuacao-da-policia-militar-impulsiona-a-paraiba-em-ranking-nacional-de-competitividade-do-clp\/","name":"Atua\u00e7\u00e3o da Pol\u00edcia Militar impulsiona a Para\u00edba em ranking nacional de competitividade do CLP - Pol\u00edcia Militar da Para\u00edba","isPartOf":{"@id":"https:\/\/www.pm.pb.gov.br\/portal\/#website"},"datePublished":"2025-06-28T15:53:48+00:00","dateModified":"2025-06-28T15:53:49+00:00","breadcrumb":{"@id":"https:\/\/www.pm.pb.gov.br\/portal\/2025\/06\/28\/atuacao-da-policia-militar-impulsiona-a-paraiba-em-ranking-nacional-de-competitividade-do-clp\/#breadcrumb"},"inLanguage":"pt-BR","potentialAction":[{"@type":"ReadAction","target":["https:\/\/www.pm.pb.gov.br\/portal\/2025\/06\/28\/atuacao-da-policia-militar-impulsiona-a-paraiba-em-ranking-nacional-de-competitividade-do-clp\/"]}]},{"@type":"BreadcrumbList","@id":"https:\/\/www.pm.pb.gov.br\/portal\/2025\/06\/28\/atuacao-da-policia-militar-impulsiona-a-paraiba-em-ranking-nacional-de-competitividade-do-clp\/#breadcrumb","itemListElement":[{"@type":"ListItem","position":1,"name":"In\u00edcio","item":"https:\/\/www.pm.pb.gov.br\/portal\/"},{"@type":"ListItem","position":2,"name":"Atua\u00e7\u00e3o da Pol\u00edcia Militar impulsiona a Para\u00edba em ranking nacional de competitividade do CLP"}]},{"@type":"WebSite","@id":"https:\/\/www.pm.pb.gov.br\/portal\/#website","url":"https:\/\/www.pm.pb.gov.br\/portal\/","name":"Pol\u00edcia Militar da Para\u00edba","description":"","publisher":{"@id":"https:\/\/www.pm.pb.gov.br\/portal\/#organization"},"potentialAction":[{"@type":"SearchAction","target":{"@type":"EntryPoint","urlTemplate":"https:\/\/www.pm.pb.gov.br\/portal\/?s={search_term_string}"},"query-input":"required name=search_term_string"}],"inLanguage":"pt-BR"},{"@type":"Organization","@id":"https:\/\/www.pm.pb.gov.br\/portal\/#organization","name":"Pol\u00edcia Militar da Para\u00edba","url":"https:\/\/www.pm.pb.gov.br\/portal\/","logo":{"@type":"ImageObject","inLanguage":"pt-BR","@id":"https:\/\/www.pm.pb.gov.br\/portal\/#\/schema\/logo\/image\/","url":"https:\/\/www.pm.pb.gov.br\/portal\/wp-content\/uploads\/2025\/03\/cropped-logo-site-mag2-1.png","contentUrl":"https:\/\/www.pm.pb.gov.br\/portal\/wp-content\/uploads\/2025\/03\/cropped-logo-site-mag2-1.png","width":320,"height":90,"caption":"Pol\u00edcia Militar da Para\u00edba"},"image":{"@id":"https:\/\/www.pm.pb.gov.br\/portal\/#\/schema\/logo\/image\/"}},{"@type":"Person","@id":"https:\/\/www.pm.pb.gov.br\/portal\/#\/schema\/person\/e8454f46651c3ecf0e1ba3c1666d9947","name":"Assessoria de Imprensa da PMPB","image":{"@type":"ImageObject","inLanguage":"pt-BR","@id":"https:\/\/www.pm.pb.gov.br\/portal\/#\/schema\/person\/image\/","url":"https:\/\/secure.gravatar.com\/avatar\/2efe197438265d1e90bd98c4c8e1acf8?s=96&d=mm&r=g","contentUrl":"https:\/\/secure.gravatar.com\/avatar\/2efe197438265d1e90bd98c4c8e1acf8?s=96&d=mm&r=g","caption":"Assessoria de Imprensa da PMPB"},"url":"https:\/\/www.pm.pb.gov.br\/portal\/author\/assessoria\/"}]}},"_links":{"self":[{"href":"https:\/\/www.pm.pb.gov.br\/portal\/wp-json\/wp\/v2\/posts\/927231"}],"collection":[{"href":"https:\/\/www.pm.pb.gov.br\/portal\/wp-json\/wp\/v2\/posts"}],"about":[{"href":"https:\/\/www.pm.pb.gov.br\/portal\/wp-json\/wp\/v2\/types\/post"}],"author":[{"embeddable":true,"href":"https:\/\/www.pm.pb.gov.br\/portal\/wp-json\/wp\/v2\/users\/5"}],"replies":[{"embeddable":true,"href":"https:\/\/www.pm.pb.gov.br\/portal\/wp-json\/wp\/v2\/comments?post=927231"}],"version-history":[{"count":1,"href":"https:\/\/www.pm.pb.gov.br\/portal\/wp-json\/wp\/v2\/posts\/927231\/revisions"}],"predecessor-version":[{"id":927233,"href":"https:\/\/www.pm.pb.gov.br\/portal\/wp-json\/wp\/v2\/posts\/927231\/revisions\/927233"}],"wp:featuredmedia":[{"embeddable":true,"href":"https:\/\/www.pm.pb.gov.br\/portal\/wp-json\/wp\/v2\/media\/927232"}],"wp:attachment":[{"href":"https:\/\/www.pm.pb.gov.br\/portal\/wp-json\/wp\/v2\/media?parent=927231"}],"wp:term":[{"taxonomy":"category","embeddable":true,"href":"https:\/\/www.pm.pb.gov.br\/portal\/wp-json\/wp\/v2\/categories?post=927231"},{"taxonomy":"post_tag","embeddable":true,"href":"https:\/\/www.pm.pb.gov.br\/portal\/wp-json\/wp\/v2\/tags?post=927231"}],"curies":[{"name":"wp","href":"https:\/\/api.w.org\/{rel}","templated":true}]}}