{"id":927227,"date":"2025-06-28T12:34:14","date_gmt":"2025-06-28T15:34:14","guid":{"rendered":"https:\/\/www.pm.pb.gov.br\/portal\/?p=927227"},"modified":"2025-06-28T13:07:26","modified_gmt":"2025-06-28T16:07:26","slug":"policia-militar-prende-homem-por-violencia-domestica-e-apreende-arma-de-fogo-em-ibiara","status":"publish","type":"post","link":"https:\/\/www.pm.pb.gov.br\/portal\/2025\/06\/28\/policia-militar-prende-homem-por-violencia-domestica-e-apreende-arma-de-fogo-em-ibiara\/","title":{"rendered":"Pol\u00edcia Militar prende homem por viol\u00eancia dom\u00e9stica e apreende arma de fogo em Ibiara"},"content":{"rendered":"\n<p>Na noite dessa sexta-feira (27), policiais militares do 13\u00ba BPM prenderam um suspeito por viol\u00eancia dom\u00e9stica e posse ilegal de arma, na cidade de Ibiara-PB. O suspeito foi preso ap\u00f3s den\u00fancia de disparos no centro da cidade.<\/p>\n\n\n\n<p>Ap\u00f3s den\u00fancia por viol\u00eancia dom\u00e9stica, os policiais se deslocaram at\u00e9 a resid\u00eancia da v\u00edtima, esposa do suspeito, onde encontraram o suspeito com fortes sinais de embriaguez. A v\u00edtima informou aos policiais que seu companheiro havia efetuado disparos de arma de fogo na porta da resid\u00eancia do casal, o que foi constatado pelas marcas e estojos no local.<\/p>\n\n\n\n<p>A mulher ainda relatou que recebia amea\u00e7as constantes, pois o suspeito n\u00e3o aceitava o t\u00e9rmino do relacionamento. Com isso, os policiais realizaram a pris\u00e3o do homem e nas buscas foi encontrada uma pistola 9mm, com treze muni\u00e7\u00f5es intactas, que estava escondida no interior de uma m\u00e1quina de lavar roupas.<\/p>\n\n\n\n<p>O suspeito e a arma de fogo apreendida foram encaminhados \u00e0 Delegacia de Pol\u00edcia Civil de Concei\u00e7\u00e3o-PB.<\/p>\n","protected":false},"excerpt":{"rendered":"<p>Na noite dessa sexta-feira (27), policiais militares do 13\u00ba BPM prenderam um suspeito por viol\u00eancia dom\u00e9stica e posse ilegal de<\/p>\n","protected":false},"author":11,"featured_media":927228,"comment_status":"closed","ping_status":"closed","sticky":false,"template":"","format":"standard","meta":{"_exactmetrics_skip_tracking":false,"_exactmetrics_sitenote_active":false,"_exactmetrics_sitenote_note":"","_exactmetrics_sitenote_category":0,"footnotes":""},"categories":[4],"tags":[],"yoast_head":"<!-- This site is optimized with the Yoast SEO plugin v22.0 - https:\/\/yoast.com\/wordpress\/plugins\/seo\/ -->\n<title>Pol\u00edcia Militar prende homem por viol\u00eancia dom\u00e9stica e apreende arma de fogo em Ibiara - Pol\u00edcia Militar da Para\u00edba<\/title>\n<meta name=\"robots\" content=\"index, follow, max-snippet:-1, max-image-preview:large, max-video-preview:-1\" \/>\n<link rel=\"canonical\" href=\"https:\/\/www.pm.pb.gov.br\/portal\/2025\/06\/28\/policia-militar-prende-homem-por-violencia-domestica-e-apreende-arma-de-fogo-em-ibiara\/\" \/>\n<meta property=\"og:locale\" content=\"pt_BR\" \/>\n<meta property=\"og:type\" content=\"article\" \/>\n<meta property=\"og:title\" content=\"Pol\u00edcia Militar prende homem por viol\u00eancia dom\u00e9stica e apreende arma de fogo em Ibiara - Pol\u00edcia Militar da Para\u00edba\" \/>\n<meta property=\"og:description\" content=\"Na noite dessa sexta-feira (27), policiais militares do 13\u00ba BPM prenderam um suspeito por viol\u00eancia dom\u00e9stica e posse ilegal de\" \/>\n<meta property=\"og:url\" content=\"https:\/\/www.pm.pb.gov.br\/portal\/2025\/06\/28\/policia-militar-prende-homem-por-violencia-domestica-e-apreende-arma-de-fogo-em-ibiara\/\" \/>\n<meta property=\"og:site_name\" content=\"Pol\u00edcia Militar da Para\u00edba\" \/>\n<meta property=\"article:published_time\" content=\"2025-06-28T15:34:14+00:00\" \/>\n<meta property=\"article:modified_time\" content=\"2025-06-28T16:07:26+00:00\" \/>\n<meta property=\"og:image\" content=\"http:\/\/www.pm.pb.gov.br\/portal\/wp-content\/uploads\/2025\/06\/arma-apreendida-1.png\" \/>\n\t<meta property=\"og:image:width\" content=\"1569\" \/>\n\t<meta property=\"og:image:height\" content=\"873\" \/>\n\t<meta property=\"og:image:type\" content=\"image\/png\" \/>\n<meta name=\"author\" content=\"Hermerson Pedro\" \/>\n<meta name=\"twitter:card\" content=\"summary_large_image\" \/>\n<meta name=\"twitter:label1\" content=\"Escrito por\" \/>\n\t<meta name=\"twitter:data1\" content=\"Hermerson Pedro\" \/>\n\t<meta name=\"twitter:label2\" content=\"Est. tempo de leitura\" \/>\n\t<meta name=\"twitter:data2\" content=\"2 minutos\" \/>\n<script type=\"application\/ld+json\" class=\"yoast-schema-graph\">{\"@context\":\"https:\/\/schema.org\",\"@graph\":[{\"@type\":\"Article\",\"@id\":\"https:\/\/www.pm.pb.gov.br\/portal\/2025\/06\/28\/policia-militar-prende-homem-por-violencia-domestica-e-apreende-arma-de-fogo-em-ibiara\/#article\",\"isPartOf\":{\"@id\":\"https:\/\/www.pm.pb.gov.br\/portal\/2025\/06\/28\/policia-militar-prende-homem-por-violencia-domestica-e-apreende-arma-de-fogo-em-ibiara\/\"},\"author\":{\"name\":\"Hermerson Pedro\",\"@id\":\"https:\/\/www.pm.pb.gov.br\/portal\/#\/schema\/person\/d14ec57cfec6ba094c033291a557dc3b\"},\"headline\":\"Pol\u00edcia Militar prende homem por viol\u00eancia dom\u00e9stica e apreende arma de fogo em Ibiara\",\"datePublished\":\"2025-06-28T15:34:14+00:00\",\"dateModified\":\"2025-06-28T16:07:26+00:00\",\"mainEntityOfPage\":{\"@id\":\"https:\/\/www.pm.pb.gov.br\/portal\/2025\/06\/28\/policia-militar-prende-homem-por-violencia-domestica-e-apreende-arma-de-fogo-em-ibiara\/\"},\"wordCount\":194,\"publisher\":{\"@id\":\"https:\/\/www.pm.pb.gov.br\/portal\/#organization\"},\"articleSection\":[\"A\u00e7\u00f5es Policiais\"],\"inLanguage\":\"pt-BR\"},{\"@type\":\"WebPage\",\"@id\":\"https:\/\/www.pm.pb.gov.br\/portal\/2025\/06\/28\/policia-militar-prende-homem-por-violencia-domestica-e-apreende-arma-de-fogo-em-ibiara\/\",\"url\":\"https:\/\/www.pm.pb.gov.br\/portal\/2025\/06\/28\/policia-militar-prende-homem-por-violencia-domestica-e-apreende-arma-de-fogo-em-ibiara\/\",\"name\":\"Pol\u00edcia Militar prende homem por viol\u00eancia dom\u00e9stica e apreende arma de fogo em Ibiara - Pol\u00edcia Militar da Para\u00edba\",\"isPartOf\":{\"@id\":\"https:\/\/www.pm.pb.gov.br\/portal\/#website\"},\"datePublished\":\"2025-06-28T15:34:14+00:00\",\"dateModified\":\"2025-06-28T16:07:26+00:00\",\"breadcrumb\":{\"@id\":\"https:\/\/www.pm.pb.gov.br\/portal\/2025\/06\/28\/policia-militar-prende-homem-por-violencia-domestica-e-apreende-arma-de-fogo-em-ibiara\/#breadcrumb\"},\"inLanguage\":\"pt-BR\",\"potentialAction\":[{\"@type\":\"ReadAction\",\"target\":[\"https:\/\/www.pm.pb.gov.br\/portal\/2025\/06\/28\/policia-militar-prende-homem-por-violencia-domestica-e-apreende-arma-de-fogo-em-ibiara\/\"]}]},{\"@type\":\"BreadcrumbList\",\"@id\":\"https:\/\/www.pm.pb.gov.br\/portal\/2025\/06\/28\/policia-militar-prende-homem-por-violencia-domestica-e-apreende-arma-de-fogo-em-ibiara\/#breadcrumb\",\"itemListElement\":[{\"@type\":\"ListItem\",\"position\":1,\"name\":\"In\u00edcio\",\"item\":\"https:\/\/www.pm.pb.gov.br\/portal\/\"},{\"@type\":\"ListItem\",\"position\":2,\"name\":\"Pol\u00edcia Militar prende homem por viol\u00eancia dom\u00e9stica e apreende arma de fogo em Ibiara\"}]},{\"@type\":\"WebSite\",\"@id\":\"https:\/\/www.pm.pb.gov.br\/portal\/#website\",\"url\":\"https:\/\/www.pm.pb.gov.br\/portal\/\",\"name\":\"Pol\u00edcia Militar da Para\u00edba\",\"description\":\"\",\"publisher\":{\"@id\":\"https:\/\/www.pm.pb.gov.br\/portal\/#organization\"},\"potentialAction\":[{\"@type\":\"SearchAction\",\"target\":{\"@type\":\"EntryPoint\",\"urlTemplate\":\"https:\/\/www.pm.pb.gov.br\/portal\/?s={search_term_string}\"},\"query-input\":\"required name=search_term_string\"}],\"inLanguage\":\"pt-BR\"},{\"@type\":\"Organization\",\"@id\":\"https:\/\/www.pm.pb.gov.br\/portal\/#organization\",\"name\":\"Pol\u00edcia Militar da Para\u00edba\",\"url\":\"https:\/\/www.pm.pb.gov.br\/portal\/\",\"logo\":{\"@type\":\"ImageObject\",\"inLanguage\":\"pt-BR\",\"@id\":\"https:\/\/www.pm.pb.gov.br\/portal\/#\/schema\/logo\/image\/\",\"url\":\"https:\/\/www.pm.pb.gov.br\/portal\/wp-content\/uploads\/2025\/03\/cropped-logo-site-mag2-1.png\",\"contentUrl\":\"https:\/\/www.pm.pb.gov.br\/portal\/wp-content\/uploads\/2025\/03\/cropped-logo-site-mag2-1.png\",\"width\":320,\"height\":90,\"caption\":\"Pol\u00edcia Militar da Para\u00edba\"},\"image\":{\"@id\":\"https:\/\/www.pm.pb.gov.br\/portal\/#\/schema\/logo\/image\/\"}},{\"@type\":\"Person\",\"@id\":\"https:\/\/www.pm.pb.gov.br\/portal\/#\/schema\/person\/d14ec57cfec6ba094c033291a557dc3b\",\"name\":\"Hermerson Pedro\",\"image\":{\"@type\":\"ImageObject\",\"inLanguage\":\"pt-BR\",\"@id\":\"https:\/\/www.pm.pb.gov.br\/portal\/#\/schema\/person\/image\/\",\"url\":\"https:\/\/secure.gravatar.com\/avatar\/179290e0ec2caf97139df534dc3e55df?s=96&d=mm&r=g\",\"contentUrl\":\"https:\/\/secure.gravatar.com\/avatar\/179290e0ec2caf97139df534dc3e55df?s=96&d=mm&r=g\",\"caption\":\"Hermerson Pedro\"},\"url\":\"https:\/\/www.pm.pb.gov.br\/portal\/author\/hermerson\/\"}]}<\/script>\n<!-- \/ Yoast SEO plugin. -->","yoast_head_json":{"title":"Pol\u00edcia Militar prende homem por viol\u00eancia dom\u00e9stica e apreende arma de fogo em Ibiara - Pol\u00edcia Militar da Para\u00edba","robots":{"index":"index","follow":"follow","max-snippet":"max-snippet:-1","max-image-preview":"max-image-preview:large","max-video-preview":"max-video-preview:-1"},"canonical":"https:\/\/www.pm.pb.gov.br\/portal\/2025\/06\/28\/policia-militar-prende-homem-por-violencia-domestica-e-apreende-arma-de-fogo-em-ibiara\/","og_locale":"pt_BR","og_type":"article","og_title":"Pol\u00edcia Militar prende homem por viol\u00eancia dom\u00e9stica e apreende arma de fogo em Ibiara - Pol\u00edcia Militar da Para\u00edba","og_description":"Na noite dessa sexta-feira (27), policiais militares do 13\u00ba BPM prenderam um suspeito por viol\u00eancia dom\u00e9stica e posse ilegal de","og_url":"https:\/\/www.pm.pb.gov.br\/portal\/2025\/06\/28\/policia-militar-prende-homem-por-violencia-domestica-e-apreende-arma-de-fogo-em-ibiara\/","og_site_name":"Pol\u00edcia Militar da Para\u00edba","article_published_time":"2025-06-28T15:34:14+00:00","article_modified_time":"2025-06-28T16:07:26+00:00","og_image":[{"width":1569,"height":873,"url":"http:\/\/www.pm.pb.gov.br\/portal\/wp-content\/uploads\/2025\/06\/arma-apreendida-1.png","type":"image\/png"}],"author":"Hermerson Pedro","twitter_card":"summary_large_image","twitter_misc":{"Escrito por":"Hermerson Pedro","Est. tempo de leitura":"2 minutos"},"schema":{"@context":"https:\/\/schema.org","@graph":[{"@type":"Article","@id":"https:\/\/www.pm.pb.gov.br\/portal\/2025\/06\/28\/policia-militar-prende-homem-por-violencia-domestica-e-apreende-arma-de-fogo-em-ibiara\/#article","isPartOf":{"@id":"https:\/\/www.pm.pb.gov.br\/portal\/2025\/06\/28\/policia-militar-prende-homem-por-violencia-domestica-e-apreende-arma-de-fogo-em-ibiara\/"},"author":{"name":"Hermerson Pedro","@id":"https:\/\/www.pm.pb.gov.br\/portal\/#\/schema\/person\/d14ec57cfec6ba094c033291a557dc3b"},"headline":"Pol\u00edcia Militar prende homem por viol\u00eancia dom\u00e9stica e apreende arma de fogo em Ibiara","datePublished":"2025-06-28T15:34:14+00:00","dateModified":"2025-06-28T16:07:26+00:00","mainEntityOfPage":{"@id":"https:\/\/www.pm.pb.gov.br\/portal\/2025\/06\/28\/policia-militar-prende-homem-por-violencia-domestica-e-apreende-arma-de-fogo-em-ibiara\/"},"wordCount":194,"publisher":{"@id":"https:\/\/www.pm.pb.gov.br\/portal\/#organization"},"articleSection":["A\u00e7\u00f5es Policiais"],"inLanguage":"pt-BR"},{"@type":"WebPage","@id":"https:\/\/www.pm.pb.gov.br\/portal\/2025\/06\/28\/policia-militar-prende-homem-por-violencia-domestica-e-apreende-arma-de-fogo-em-ibiara\/","url":"https:\/\/www.pm.pb.gov.br\/portal\/2025\/06\/28\/policia-militar-prende-homem-por-violencia-domestica-e-apreende-arma-de-fogo-em-ibiara\/","name":"Pol\u00edcia Militar prende homem por viol\u00eancia dom\u00e9stica e apreende arma de fogo em Ibiara - Pol\u00edcia Militar da Para\u00edba","isPartOf":{"@id":"https:\/\/www.pm.pb.gov.br\/portal\/#website"},"datePublished":"2025-06-28T15:34:14+00:00","dateModified":"2025-06-28T16:07:26+00:00","breadcrumb":{"@id":"https:\/\/www.pm.pb.gov.br\/portal\/2025\/06\/28\/policia-militar-prende-homem-por-violencia-domestica-e-apreende-arma-de-fogo-em-ibiara\/#breadcrumb"},"inLanguage":"pt-BR","potentialAction":[{"@type":"ReadAction","target":["https:\/\/www.pm.pb.gov.br\/portal\/2025\/06\/28\/policia-militar-prende-homem-por-violencia-domestica-e-apreende-arma-de-fogo-em-ibiara\/"]}]},{"@type":"BreadcrumbList","@id":"https:\/\/www.pm.pb.gov.br\/portal\/2025\/06\/28\/policia-militar-prende-homem-por-violencia-domestica-e-apreende-arma-de-fogo-em-ibiara\/#breadcrumb","itemListElement":[{"@type":"ListItem","position":1,"name":"In\u00edcio","item":"https:\/\/www.pm.pb.gov.br\/portal\/"},{"@type":"ListItem","position":2,"name":"Pol\u00edcia Militar prende homem por viol\u00eancia dom\u00e9stica e apreende arma de fogo em Ibiara"}]},{"@type":"WebSite","@id":"https:\/\/www.pm.pb.gov.br\/portal\/#website","url":"https:\/\/www.pm.pb.gov.br\/portal\/","name":"Pol\u00edcia Militar da Para\u00edba","description":"","publisher":{"@id":"https:\/\/www.pm.pb.gov.br\/portal\/#organization"},"potentialAction":[{"@type":"SearchAction","target":{"@type":"EntryPoint","urlTemplate":"https:\/\/www.pm.pb.gov.br\/portal\/?s={search_term_string}"},"query-input":"required name=search_term_string"}],"inLanguage":"pt-BR"},{"@type":"Organization","@id":"https:\/\/www.pm.pb.gov.br\/portal\/#organization","name":"Pol\u00edcia Militar da Para\u00edba","url":"https:\/\/www.pm.pb.gov.br\/portal\/","logo":{"@type":"ImageObject","inLanguage":"pt-BR","@id":"https:\/\/www.pm.pb.gov.br\/portal\/#\/schema\/logo\/image\/","url":"https:\/\/www.pm.pb.gov.br\/portal\/wp-content\/uploads\/2025\/03\/cropped-logo-site-mag2-1.png","contentUrl":"https:\/\/www.pm.pb.gov.br\/portal\/wp-content\/uploads\/2025\/03\/cropped-logo-site-mag2-1.png","width":320,"height":90,"caption":"Pol\u00edcia Militar da Para\u00edba"},"image":{"@id":"https:\/\/www.pm.pb.gov.br\/portal\/#\/schema\/logo\/image\/"}},{"@type":"Person","@id":"https:\/\/www.pm.pb.gov.br\/portal\/#\/schema\/person\/d14ec57cfec6ba094c033291a557dc3b","name":"Hermerson Pedro","image":{"@type":"ImageObject","inLanguage":"pt-BR","@id":"https:\/\/www.pm.pb.gov.br\/portal\/#\/schema\/person\/image\/","url":"https:\/\/secure.gravatar.com\/avatar\/179290e0ec2caf97139df534dc3e55df?s=96&d=mm&r=g","contentUrl":"https:\/\/secure.gravatar.com\/avatar\/179290e0ec2caf97139df534dc3e55df?s=96&d=mm&r=g","caption":"Hermerson Pedro"},"url":"https:\/\/www.pm.pb.gov.br\/portal\/author\/hermerson\/"}]}},"_links":{"self":[{"href":"https:\/\/www.pm.pb.gov.br\/portal\/wp-json\/wp\/v2\/posts\/927227"}],"collection":[{"href":"https:\/\/www.pm.pb.gov.br\/portal\/wp-json\/wp\/v2\/posts"}],"about":[{"href":"https:\/\/www.pm.pb.gov.br\/portal\/wp-json\/wp\/v2\/types\/post"}],"author":[{"embeddable":true,"href":"https:\/\/www.pm.pb.gov.br\/portal\/wp-json\/wp\/v2\/users\/11"}],"replies":[{"embeddable":true,"href":"https:\/\/www.pm.pb.gov.br\/portal\/wp-json\/wp\/v2\/comments?post=927227"}],"version-history":[{"count":2,"href":"https:\/\/www.pm.pb.gov.br\/portal\/wp-json\/wp\/v2\/posts\/927227\/revisions"}],"predecessor-version":[{"id":927235,"href":"https:\/\/www.pm.pb.gov.br\/portal\/wp-json\/wp\/v2\/posts\/927227\/revisions\/927235"}],"wp:featuredmedia":[{"embeddable":true,"href":"https:\/\/www.pm.pb.gov.br\/portal\/wp-json\/wp\/v2\/media\/927228"}],"wp:attachment":[{"href":"https:\/\/www.pm.pb.gov.br\/portal\/wp-json\/wp\/v2\/media?parent=927227"}],"wp:term":[{"taxonomy":"category","embeddable":true,"href":"https:\/\/www.pm.pb.gov.br\/portal\/wp-json\/wp\/v2\/categories?post=927227"},{"taxonomy":"post_tag","embeddable":true,"href":"https:\/\/www.pm.pb.gov.br\/portal\/wp-json\/wp\/v2\/tags?post=927227"}],"curies":[{"name":"wp","href":"https:\/\/api.w.org\/{rel}","templated":true}]}}