{"id":927165,"date":"2025-06-22T10:16:42","date_gmt":"2025-06-22T13:16:42","guid":{"rendered":"https:\/\/www.pm.pb.gov.br\/portal\/?p=927165"},"modified":"2025-06-22T10:16:43","modified_gmt":"2025-06-22T13:16:43","slug":"policia-militar-frustra-dupla-que-iria-violar-caixas-eletronicos-no-bairro-do-bessa-em-joao-pessoa","status":"publish","type":"post","link":"https:\/\/www.pm.pb.gov.br\/portal\/2025\/06\/22\/policia-militar-frustra-dupla-que-iria-violar-caixas-eletronicos-no-bairro-do-bessa-em-joao-pessoa\/","title":{"rendered":"Pol\u00edcia Militar frustra dupla que iria violar caixas eletr\u00f4nicos no bairro do Bessa, em Jo\u00e3o Pessoa"},"content":{"rendered":"\n<p>A Pol\u00edcia Militar frustrou os planos de dois criminosos que pretendiam violar caixas eletr\u00f4nicos no bairro do Bessa, em Jo\u00e3o Pessoa. Os acusados foram localizados em Pernambuco, no fim da tarde do \u00faltimo s\u00e1bado (21), com diversas ferramentas que iriam usar para cometer o crime.<\/p>\n<p>As Pol\u00edcias Militares da Para\u00edba e de Pernambuco chegaram at\u00e9 os dois homens a partir do trabalho da Coordenadoria de Intelig\u00eancia (COInt) da PMPB. A dupla estava em um carro com ferramentas como p\u00e9 de cabra, broca, chave de fenda. Os criminosos tamb\u00e9m usariam um jammer, que bloqueia diversos tipos de sinais comunicadores, como os de celular, wi-fi, GPS, entre outros.<\/p>\n<p>De acordo com a PM, os acusados tinham vindo \u00e0 Jo\u00e3o Pessoa fazer o &#8220;reconhecimento&#8221; do local para cometer o crime, retornaram a Pernambuco e depois viriam novamente \u00e0 capital paraibana para violar os caixas. Eles confessaram que iriam cometer os delitos. A dupla foi abordada pela PMPE na BR 101, no munic\u00edpio de Igarassu, a partir de um apontamento da COInt.<\/p>\n<p><img loading=\"lazy\" decoding=\"async\" class=\"wp-image-927167 aligncenter\" src=\"http:\/\/www.pm.pb.gov.br\/portal\/wp-content\/uploads\/2025\/06\/pe1-798x445.jpeg\" alt=\"\" width=\"717\" height=\"400\" srcset=\"https:\/\/www.pm.pb.gov.br\/portal\/wp-content\/uploads\/2025\/06\/pe1-798x445.jpeg 798w, https:\/\/www.pm.pb.gov.br\/portal\/wp-content\/uploads\/2025\/06\/pe1-1022x570.jpeg 1022w, https:\/\/www.pm.pb.gov.br\/portal\/wp-content\/uploads\/2025\/06\/pe1-245x136.jpeg 245w, https:\/\/www.pm.pb.gov.br\/portal\/wp-content\/uploads\/2025\/06\/pe1-768x428.jpeg 768w, https:\/\/www.pm.pb.gov.br\/portal\/wp-content\/uploads\/2025\/06\/pe1-800x445.jpeg 800w, https:\/\/www.pm.pb.gov.br\/portal\/wp-content\/uploads\/2025\/06\/pe1.jpeg 1407w\" sizes=\"(max-width: 717px) 100vw, 717px\" \/><\/p>\n<p>Os suspeitos foram apresentados na delegacia de Paulista com os materiais localizados com a dupla. Os levantamentos continuam para os \u00f3rg\u00e3os de seguran\u00e7a chegarem a outros crimes praticados pela dupla.<\/p>\n<p><strong>Reincid\u00eancia \u2013<\/strong> Um dos presos, que tem 27 anos de idade, j\u00e1 responde por pelo menos tr\u00eas furtos qualificados, inclusive no estado do Rio Grande do Norte.<\/p>\n<p><img loading=\"lazy\" decoding=\"async\" class=\"size-medium wp-image-927168 aligncenter\" src=\"http:\/\/www.pm.pb.gov.br\/portal\/wp-content\/uploads\/2025\/06\/pe-360x445.jpeg\" alt=\"\" width=\"360\" height=\"445\" srcset=\"https:\/\/www.pm.pb.gov.br\/portal\/wp-content\/uploads\/2025\/06\/pe-360x445.jpeg 360w, https:\/\/www.pm.pb.gov.br\/portal\/wp-content\/uploads\/2025\/06\/pe.jpeg 435w\" sizes=\"(max-width: 360px) 100vw, 360px\" \/><\/p>\n\n\n","protected":false},"excerpt":{"rendered":"<p>A Pol\u00edcia Militar frustrou os planos de dois criminosos que pretendiam violar caixas eletr\u00f4nicos no bairro do Bessa, em Jo\u00e3o<\/p>\n","protected":false},"author":5,"featured_media":927166,"comment_status":"closed","ping_status":"closed","sticky":false,"template":"","format":"standard","meta":{"_exactmetrics_skip_tracking":false,"_exactmetrics_sitenote_active":false,"_exactmetrics_sitenote_note":"","_exactmetrics_sitenote_category":0,"footnotes":""},"categories":[4],"tags":[],"yoast_head":"<!-- This site is optimized with the Yoast SEO plugin v22.0 - https:\/\/yoast.com\/wordpress\/plugins\/seo\/ -->\n<title>Pol\u00edcia Militar frustra dupla que iria violar caixas eletr\u00f4nicos no bairro do Bessa, em Jo\u00e3o Pessoa - Pol\u00edcia Militar da Para\u00edba<\/title>\n<meta name=\"robots\" content=\"index, follow, max-snippet:-1, max-image-preview:large, max-video-preview:-1\" \/>\n<link rel=\"canonical\" href=\"https:\/\/www.pm.pb.gov.br\/portal\/2025\/06\/22\/policia-militar-frustra-dupla-que-iria-violar-caixas-eletronicos-no-bairro-do-bessa-em-joao-pessoa\/\" \/>\n<meta property=\"og:locale\" content=\"pt_BR\" \/>\n<meta property=\"og:type\" content=\"article\" \/>\n<meta property=\"og:title\" content=\"Pol\u00edcia Militar frustra dupla que iria violar caixas eletr\u00f4nicos no bairro do Bessa, em Jo\u00e3o Pessoa - Pol\u00edcia Militar da Para\u00edba\" \/>\n<meta property=\"og:description\" content=\"A Pol\u00edcia Militar frustrou os planos de dois criminosos que pretendiam violar caixas eletr\u00f4nicos no bairro do Bessa, em Jo\u00e3o\" \/>\n<meta property=\"og:url\" content=\"https:\/\/www.pm.pb.gov.br\/portal\/2025\/06\/22\/policia-militar-frustra-dupla-que-iria-violar-caixas-eletronicos-no-bairro-do-bessa-em-joao-pessoa\/\" \/>\n<meta property=\"og:site_name\" content=\"Pol\u00edcia Militar da Para\u00edba\" \/>\n<meta property=\"article:published_time\" content=\"2025-06-22T13:16:42+00:00\" \/>\n<meta property=\"article:modified_time\" content=\"2025-06-22T13:16:43+00:00\" \/>\n<meta property=\"og:image\" content=\"http:\/\/www.pm.pb.gov.br\/portal\/wp-content\/uploads\/2025\/06\/pe3.jpeg\" \/>\n\t<meta property=\"og:image:width\" content=\"1166\" \/>\n\t<meta property=\"og:image:height\" content=\"591\" \/>\n\t<meta property=\"og:image:type\" content=\"image\/jpeg\" \/>\n<meta name=\"author\" content=\"Assessoria de Imprensa da PMPB\" \/>\n<meta name=\"twitter:card\" content=\"summary_large_image\" \/>\n<meta name=\"twitter:label1\" content=\"Escrito por\" \/>\n\t<meta name=\"twitter:data1\" content=\"Assessoria de Imprensa da PMPB\" \/>\n\t<meta name=\"twitter:label2\" content=\"Est. tempo de leitura\" \/>\n\t<meta name=\"twitter:data2\" content=\"2 minutos\" \/>\n<script type=\"application\/ld+json\" class=\"yoast-schema-graph\">{\"@context\":\"https:\/\/schema.org\",\"@graph\":[{\"@type\":\"Article\",\"@id\":\"https:\/\/www.pm.pb.gov.br\/portal\/2025\/06\/22\/policia-militar-frustra-dupla-que-iria-violar-caixas-eletronicos-no-bairro-do-bessa-em-joao-pessoa\/#article\",\"isPartOf\":{\"@id\":\"https:\/\/www.pm.pb.gov.br\/portal\/2025\/06\/22\/policia-militar-frustra-dupla-que-iria-violar-caixas-eletronicos-no-bairro-do-bessa-em-joao-pessoa\/\"},\"author\":{\"name\":\"Assessoria de Imprensa da PMPB\",\"@id\":\"https:\/\/www.pm.pb.gov.br\/portal\/#\/schema\/person\/e8454f46651c3ecf0e1ba3c1666d9947\"},\"headline\":\"Pol\u00edcia Militar frustra dupla que iria violar caixas eletr\u00f4nicos no bairro do Bessa, em Jo\u00e3o Pessoa\",\"datePublished\":\"2025-06-22T13:16:42+00:00\",\"dateModified\":\"2025-06-22T13:16:43+00:00\",\"mainEntityOfPage\":{\"@id\":\"https:\/\/www.pm.pb.gov.br\/portal\/2025\/06\/22\/policia-militar-frustra-dupla-que-iria-violar-caixas-eletronicos-no-bairro-do-bessa-em-joao-pessoa\/\"},\"wordCount\":252,\"publisher\":{\"@id\":\"https:\/\/www.pm.pb.gov.br\/portal\/#organization\"},\"articleSection\":[\"A\u00e7\u00f5es Policiais\"],\"inLanguage\":\"pt-BR\"},{\"@type\":\"WebPage\",\"@id\":\"https:\/\/www.pm.pb.gov.br\/portal\/2025\/06\/22\/policia-militar-frustra-dupla-que-iria-violar-caixas-eletronicos-no-bairro-do-bessa-em-joao-pessoa\/\",\"url\":\"https:\/\/www.pm.pb.gov.br\/portal\/2025\/06\/22\/policia-militar-frustra-dupla-que-iria-violar-caixas-eletronicos-no-bairro-do-bessa-em-joao-pessoa\/\",\"name\":\"Pol\u00edcia Militar frustra dupla que iria violar caixas eletr\u00f4nicos no bairro do Bessa, em Jo\u00e3o Pessoa - Pol\u00edcia Militar da Para\u00edba\",\"isPartOf\":{\"@id\":\"https:\/\/www.pm.pb.gov.br\/portal\/#website\"},\"datePublished\":\"2025-06-22T13:16:42+00:00\",\"dateModified\":\"2025-06-22T13:16:43+00:00\",\"breadcrumb\":{\"@id\":\"https:\/\/www.pm.pb.gov.br\/portal\/2025\/06\/22\/policia-militar-frustra-dupla-que-iria-violar-caixas-eletronicos-no-bairro-do-bessa-em-joao-pessoa\/#breadcrumb\"},\"inLanguage\":\"pt-BR\",\"potentialAction\":[{\"@type\":\"ReadAction\",\"target\":[\"https:\/\/www.pm.pb.gov.br\/portal\/2025\/06\/22\/policia-militar-frustra-dupla-que-iria-violar-caixas-eletronicos-no-bairro-do-bessa-em-joao-pessoa\/\"]}]},{\"@type\":\"BreadcrumbList\",\"@id\":\"https:\/\/www.pm.pb.gov.br\/portal\/2025\/06\/22\/policia-militar-frustra-dupla-que-iria-violar-caixas-eletronicos-no-bairro-do-bessa-em-joao-pessoa\/#breadcrumb\",\"itemListElement\":[{\"@type\":\"ListItem\",\"position\":1,\"name\":\"In\u00edcio\",\"item\":\"https:\/\/www.pm.pb.gov.br\/portal\/\"},{\"@type\":\"ListItem\",\"position\":2,\"name\":\"Pol\u00edcia Militar frustra dupla que iria violar caixas eletr\u00f4nicos no bairro do Bessa, em Jo\u00e3o Pessoa\"}]},{\"@type\":\"WebSite\",\"@id\":\"https:\/\/www.pm.pb.gov.br\/portal\/#website\",\"url\":\"https:\/\/www.pm.pb.gov.br\/portal\/\",\"name\":\"Pol\u00edcia Militar da Para\u00edba\",\"description\":\"\",\"publisher\":{\"@id\":\"https:\/\/www.pm.pb.gov.br\/portal\/#organization\"},\"potentialAction\":[{\"@type\":\"SearchAction\",\"target\":{\"@type\":\"EntryPoint\",\"urlTemplate\":\"https:\/\/www.pm.pb.gov.br\/portal\/?s={search_term_string}\"},\"query-input\":\"required name=search_term_string\"}],\"inLanguage\":\"pt-BR\"},{\"@type\":\"Organization\",\"@id\":\"https:\/\/www.pm.pb.gov.br\/portal\/#organization\",\"name\":\"Pol\u00edcia Militar da Para\u00edba\",\"url\":\"https:\/\/www.pm.pb.gov.br\/portal\/\",\"logo\":{\"@type\":\"ImageObject\",\"inLanguage\":\"pt-BR\",\"@id\":\"https:\/\/www.pm.pb.gov.br\/portal\/#\/schema\/logo\/image\/\",\"url\":\"https:\/\/www.pm.pb.gov.br\/portal\/wp-content\/uploads\/2025\/03\/cropped-logo-site-mag2-1.png\",\"contentUrl\":\"https:\/\/www.pm.pb.gov.br\/portal\/wp-content\/uploads\/2025\/03\/cropped-logo-site-mag2-1.png\",\"width\":320,\"height\":90,\"caption\":\"Pol\u00edcia Militar da Para\u00edba\"},\"image\":{\"@id\":\"https:\/\/www.pm.pb.gov.br\/portal\/#\/schema\/logo\/image\/\"}},{\"@type\":\"Person\",\"@id\":\"https:\/\/www.pm.pb.gov.br\/portal\/#\/schema\/person\/e8454f46651c3ecf0e1ba3c1666d9947\",\"name\":\"Assessoria de Imprensa da PMPB\",\"image\":{\"@type\":\"ImageObject\",\"inLanguage\":\"pt-BR\",\"@id\":\"https:\/\/www.pm.pb.gov.br\/portal\/#\/schema\/person\/image\/\",\"url\":\"https:\/\/secure.gravatar.com\/avatar\/2efe197438265d1e90bd98c4c8e1acf8?s=96&d=mm&r=g\",\"contentUrl\":\"https:\/\/secure.gravatar.com\/avatar\/2efe197438265d1e90bd98c4c8e1acf8?s=96&d=mm&r=g\",\"caption\":\"Assessoria de Imprensa da PMPB\"},\"url\":\"https:\/\/www.pm.pb.gov.br\/portal\/author\/assessoria\/\"}]}<\/script>\n<!-- \/ Yoast SEO plugin. -->","yoast_head_json":{"title":"Pol\u00edcia Militar frustra dupla que iria violar caixas eletr\u00f4nicos no bairro do Bessa, em Jo\u00e3o Pessoa - Pol\u00edcia Militar da Para\u00edba","robots":{"index":"index","follow":"follow","max-snippet":"max-snippet:-1","max-image-preview":"max-image-preview:large","max-video-preview":"max-video-preview:-1"},"canonical":"https:\/\/www.pm.pb.gov.br\/portal\/2025\/06\/22\/policia-militar-frustra-dupla-que-iria-violar-caixas-eletronicos-no-bairro-do-bessa-em-joao-pessoa\/","og_locale":"pt_BR","og_type":"article","og_title":"Pol\u00edcia Militar frustra dupla que iria violar caixas eletr\u00f4nicos no bairro do Bessa, em Jo\u00e3o Pessoa - Pol\u00edcia Militar da Para\u00edba","og_description":"A Pol\u00edcia Militar frustrou os planos de dois criminosos que pretendiam violar caixas eletr\u00f4nicos no bairro do Bessa, em Jo\u00e3o","og_url":"https:\/\/www.pm.pb.gov.br\/portal\/2025\/06\/22\/policia-militar-frustra-dupla-que-iria-violar-caixas-eletronicos-no-bairro-do-bessa-em-joao-pessoa\/","og_site_name":"Pol\u00edcia Militar da Para\u00edba","article_published_time":"2025-06-22T13:16:42+00:00","article_modified_time":"2025-06-22T13:16:43+00:00","og_image":[{"width":1166,"height":591,"url":"http:\/\/www.pm.pb.gov.br\/portal\/wp-content\/uploads\/2025\/06\/pe3.jpeg","type":"image\/jpeg"}],"author":"Assessoria de Imprensa da PMPB","twitter_card":"summary_large_image","twitter_misc":{"Escrito por":"Assessoria de Imprensa da PMPB","Est. tempo de leitura":"2 minutos"},"schema":{"@context":"https:\/\/schema.org","@graph":[{"@type":"Article","@id":"https:\/\/www.pm.pb.gov.br\/portal\/2025\/06\/22\/policia-militar-frustra-dupla-que-iria-violar-caixas-eletronicos-no-bairro-do-bessa-em-joao-pessoa\/#article","isPartOf":{"@id":"https:\/\/www.pm.pb.gov.br\/portal\/2025\/06\/22\/policia-militar-frustra-dupla-que-iria-violar-caixas-eletronicos-no-bairro-do-bessa-em-joao-pessoa\/"},"author":{"name":"Assessoria de Imprensa da PMPB","@id":"https:\/\/www.pm.pb.gov.br\/portal\/#\/schema\/person\/e8454f46651c3ecf0e1ba3c1666d9947"},"headline":"Pol\u00edcia Militar frustra dupla que iria violar caixas eletr\u00f4nicos no bairro do Bessa, em Jo\u00e3o Pessoa","datePublished":"2025-06-22T13:16:42+00:00","dateModified":"2025-06-22T13:16:43+00:00","mainEntityOfPage":{"@id":"https:\/\/www.pm.pb.gov.br\/portal\/2025\/06\/22\/policia-militar-frustra-dupla-que-iria-violar-caixas-eletronicos-no-bairro-do-bessa-em-joao-pessoa\/"},"wordCount":252,"publisher":{"@id":"https:\/\/www.pm.pb.gov.br\/portal\/#organization"},"articleSection":["A\u00e7\u00f5es Policiais"],"inLanguage":"pt-BR"},{"@type":"WebPage","@id":"https:\/\/www.pm.pb.gov.br\/portal\/2025\/06\/22\/policia-militar-frustra-dupla-que-iria-violar-caixas-eletronicos-no-bairro-do-bessa-em-joao-pessoa\/","url":"https:\/\/www.pm.pb.gov.br\/portal\/2025\/06\/22\/policia-militar-frustra-dupla-que-iria-violar-caixas-eletronicos-no-bairro-do-bessa-em-joao-pessoa\/","name":"Pol\u00edcia Militar frustra dupla que iria violar caixas eletr\u00f4nicos no bairro do Bessa, em Jo\u00e3o Pessoa - Pol\u00edcia Militar da Para\u00edba","isPartOf":{"@id":"https:\/\/www.pm.pb.gov.br\/portal\/#website"},"datePublished":"2025-06-22T13:16:42+00:00","dateModified":"2025-06-22T13:16:43+00:00","breadcrumb":{"@id":"https:\/\/www.pm.pb.gov.br\/portal\/2025\/06\/22\/policia-militar-frustra-dupla-que-iria-violar-caixas-eletronicos-no-bairro-do-bessa-em-joao-pessoa\/#breadcrumb"},"inLanguage":"pt-BR","potentialAction":[{"@type":"ReadAction","target":["https:\/\/www.pm.pb.gov.br\/portal\/2025\/06\/22\/policia-militar-frustra-dupla-que-iria-violar-caixas-eletronicos-no-bairro-do-bessa-em-joao-pessoa\/"]}]},{"@type":"BreadcrumbList","@id":"https:\/\/www.pm.pb.gov.br\/portal\/2025\/06\/22\/policia-militar-frustra-dupla-que-iria-violar-caixas-eletronicos-no-bairro-do-bessa-em-joao-pessoa\/#breadcrumb","itemListElement":[{"@type":"ListItem","position":1,"name":"In\u00edcio","item":"https:\/\/www.pm.pb.gov.br\/portal\/"},{"@type":"ListItem","position":2,"name":"Pol\u00edcia Militar frustra dupla que iria violar caixas eletr\u00f4nicos no bairro do Bessa, em Jo\u00e3o Pessoa"}]},{"@type":"WebSite","@id":"https:\/\/www.pm.pb.gov.br\/portal\/#website","url":"https:\/\/www.pm.pb.gov.br\/portal\/","name":"Pol\u00edcia Militar da Para\u00edba","description":"","publisher":{"@id":"https:\/\/www.pm.pb.gov.br\/portal\/#organization"},"potentialAction":[{"@type":"SearchAction","target":{"@type":"EntryPoint","urlTemplate":"https:\/\/www.pm.pb.gov.br\/portal\/?s={search_term_string}"},"query-input":"required name=search_term_string"}],"inLanguage":"pt-BR"},{"@type":"Organization","@id":"https:\/\/www.pm.pb.gov.br\/portal\/#organization","name":"Pol\u00edcia Militar da Para\u00edba","url":"https:\/\/www.pm.pb.gov.br\/portal\/","logo":{"@type":"ImageObject","inLanguage":"pt-BR","@id":"https:\/\/www.pm.pb.gov.br\/portal\/#\/schema\/logo\/image\/","url":"https:\/\/www.pm.pb.gov.br\/portal\/wp-content\/uploads\/2025\/03\/cropped-logo-site-mag2-1.png","contentUrl":"https:\/\/www.pm.pb.gov.br\/portal\/wp-content\/uploads\/2025\/03\/cropped-logo-site-mag2-1.png","width":320,"height":90,"caption":"Pol\u00edcia Militar da Para\u00edba"},"image":{"@id":"https:\/\/www.pm.pb.gov.br\/portal\/#\/schema\/logo\/image\/"}},{"@type":"Person","@id":"https:\/\/www.pm.pb.gov.br\/portal\/#\/schema\/person\/e8454f46651c3ecf0e1ba3c1666d9947","name":"Assessoria de Imprensa da PMPB","image":{"@type":"ImageObject","inLanguage":"pt-BR","@id":"https:\/\/www.pm.pb.gov.br\/portal\/#\/schema\/person\/image\/","url":"https:\/\/secure.gravatar.com\/avatar\/2efe197438265d1e90bd98c4c8e1acf8?s=96&d=mm&r=g","contentUrl":"https:\/\/secure.gravatar.com\/avatar\/2efe197438265d1e90bd98c4c8e1acf8?s=96&d=mm&r=g","caption":"Assessoria de Imprensa da PMPB"},"url":"https:\/\/www.pm.pb.gov.br\/portal\/author\/assessoria\/"}]}},"_links":{"self":[{"href":"https:\/\/www.pm.pb.gov.br\/portal\/wp-json\/wp\/v2\/posts\/927165"}],"collection":[{"href":"https:\/\/www.pm.pb.gov.br\/portal\/wp-json\/wp\/v2\/posts"}],"about":[{"href":"https:\/\/www.pm.pb.gov.br\/portal\/wp-json\/wp\/v2\/types\/post"}],"author":[{"embeddable":true,"href":"https:\/\/www.pm.pb.gov.br\/portal\/wp-json\/wp\/v2\/users\/5"}],"replies":[{"embeddable":true,"href":"https:\/\/www.pm.pb.gov.br\/portal\/wp-json\/wp\/v2\/comments?post=927165"}],"version-history":[{"count":1,"href":"https:\/\/www.pm.pb.gov.br\/portal\/wp-json\/wp\/v2\/posts\/927165\/revisions"}],"predecessor-version":[{"id":927169,"href":"https:\/\/www.pm.pb.gov.br\/portal\/wp-json\/wp\/v2\/posts\/927165\/revisions\/927169"}],"wp:featuredmedia":[{"embeddable":true,"href":"https:\/\/www.pm.pb.gov.br\/portal\/wp-json\/wp\/v2\/media\/927166"}],"wp:attachment":[{"href":"https:\/\/www.pm.pb.gov.br\/portal\/wp-json\/wp\/v2\/media?parent=927165"}],"wp:term":[{"taxonomy":"category","embeddable":true,"href":"https:\/\/www.pm.pb.gov.br\/portal\/wp-json\/wp\/v2\/categories?post=927165"},{"taxonomy":"post_tag","embeddable":true,"href":"https:\/\/www.pm.pb.gov.br\/portal\/wp-json\/wp\/v2\/tags?post=927165"}],"curies":[{"name":"wp","href":"https:\/\/api.w.org\/{rel}","templated":true}]}}