{"id":927139,"date":"2025-06-20T17:45:03","date_gmt":"2025-06-20T20:45:03","guid":{"rendered":"https:\/\/www.pm.pb.gov.br\/portal\/?p=927139"},"modified":"2025-06-20T17:45:05","modified_gmt":"2025-06-20T20:45:05","slug":"acusado-de-roubo-tem-mandado-de-prisao-cumprido-na-porta-da-cadeia-de-remigio","status":"publish","type":"post","link":"https:\/\/www.pm.pb.gov.br\/portal\/2025\/06\/20\/acusado-de-roubo-tem-mandado-de-prisao-cumprido-na-porta-da-cadeia-de-remigio\/","title":{"rendered":"Acusado de roubo tem mandado de pris\u00e3o cumprido na porta da Cadeia de Rem\u00edgio"},"content":{"rendered":"A For\u00e7a T\u00e1tica do 15\u00ba Batalh\u00e3o cumpriu um mandado de pris\u00e3o contra um acusado de roubo majorado, nesta sexta-feira (20), na porta da Cadeia P\u00fablica de Rem\u00edgio. Ele compareceu ao local com a inten\u00e7\u00e3o de se entregar, j\u00e1 que teve a pris\u00e3o decretada pela Comarca do Munic\u00edpio.<br \/><br \/>Os policiais foram ao local e ap\u00f3s verificarem a situa\u00e7\u00e3o de foragido da justi\u00e7a, deram cumprimento ao mandado de pris\u00e3o contra o acusado. Ele foi apresentado na Delegacia de Pol\u00edcia, em Esperan\u00e7a.<br \/>","protected":false},"excerpt":{"rendered":"<p>A For\u00e7a T\u00e1tica do 15\u00ba Batalh\u00e3o cumpriu um mandado de pris\u00e3o contra um acusado de roubo majorado, nesta sexta-feira (20),<\/p>\n","protected":false},"author":18,"featured_media":910568,"comment_status":"closed","ping_status":"closed","sticky":false,"template":"","format":"standard","meta":{"_exactmetrics_skip_tracking":false,"_exactmetrics_sitenote_active":false,"_exactmetrics_sitenote_note":"","_exactmetrics_sitenote_category":0,"footnotes":""},"categories":[4],"tags":[],"yoast_head":"<!-- This site is optimized with the Yoast SEO plugin v22.0 - https:\/\/yoast.com\/wordpress\/plugins\/seo\/ -->\n<title>Acusado de roubo tem mandado de pris\u00e3o cumprido na porta da Cadeia de Rem\u00edgio - Pol\u00edcia Militar da Para\u00edba<\/title>\n<meta name=\"robots\" content=\"index, follow, max-snippet:-1, max-image-preview:large, max-video-preview:-1\" \/>\n<link rel=\"canonical\" href=\"https:\/\/www.pm.pb.gov.br\/portal\/2025\/06\/20\/acusado-de-roubo-tem-mandado-de-prisao-cumprido-na-porta-da-cadeia-de-remigio\/\" \/>\n<meta property=\"og:locale\" content=\"pt_BR\" \/>\n<meta property=\"og:type\" content=\"article\" \/>\n<meta property=\"og:title\" content=\"Acusado de roubo tem mandado de pris\u00e3o cumprido na porta da Cadeia de Rem\u00edgio - Pol\u00edcia Militar da Para\u00edba\" \/>\n<meta property=\"og:description\" content=\"A For\u00e7a T\u00e1tica do 15\u00ba Batalh\u00e3o cumpriu um mandado de pris\u00e3o contra um acusado de roubo majorado, nesta sexta-feira (20),\" \/>\n<meta property=\"og:url\" content=\"https:\/\/www.pm.pb.gov.br\/portal\/2025\/06\/20\/acusado-de-roubo-tem-mandado-de-prisao-cumprido-na-porta-da-cadeia-de-remigio\/\" \/>\n<meta property=\"og:site_name\" content=\"Pol\u00edcia Militar da Para\u00edba\" \/>\n<meta property=\"article:published_time\" content=\"2025-06-20T20:45:03+00:00\" \/>\n<meta property=\"article:modified_time\" content=\"2025-06-20T20:45:05+00:00\" \/>\n<meta property=\"og:image\" content=\"http:\/\/www.pm.pb.gov.br\/portal\/wp-content\/uploads\/2021\/05\/foto_brasao-1.jpg\" \/>\n\t<meta property=\"og:image:width\" content=\"620\" \/>\n\t<meta property=\"og:image:height\" content=\"411\" \/>\n\t<meta property=\"og:image:type\" content=\"image\/jpeg\" \/>\n<meta name=\"author\" content=\"Luiz Duarte\" \/>\n<meta name=\"twitter:card\" content=\"summary_large_image\" \/>\n<meta name=\"twitter:label1\" content=\"Escrito por\" \/>\n\t<meta name=\"twitter:data1\" content=\"Luiz Duarte\" \/>\n\t<meta name=\"twitter:label2\" content=\"Est. tempo de leitura\" \/>\n\t<meta name=\"twitter:data2\" content=\"1 minuto\" \/>\n<script type=\"application\/ld+json\" class=\"yoast-schema-graph\">{\"@context\":\"https:\/\/schema.org\",\"@graph\":[{\"@type\":\"Article\",\"@id\":\"https:\/\/www.pm.pb.gov.br\/portal\/2025\/06\/20\/acusado-de-roubo-tem-mandado-de-prisao-cumprido-na-porta-da-cadeia-de-remigio\/#article\",\"isPartOf\":{\"@id\":\"https:\/\/www.pm.pb.gov.br\/portal\/2025\/06\/20\/acusado-de-roubo-tem-mandado-de-prisao-cumprido-na-porta-da-cadeia-de-remigio\/\"},\"author\":{\"name\":\"Luiz Duarte\",\"@id\":\"https:\/\/www.pm.pb.gov.br\/portal\/#\/schema\/person\/89dd009e2523c97adf8def1d6cf90ca1\"},\"headline\":\"Acusado de roubo tem mandado de pris\u00e3o cumprido na porta da Cadeia de Rem\u00edgio\",\"datePublished\":\"2025-06-20T20:45:03+00:00\",\"dateModified\":\"2025-06-20T20:45:05+00:00\",\"mainEntityOfPage\":{\"@id\":\"https:\/\/www.pm.pb.gov.br\/portal\/2025\/06\/20\/acusado-de-roubo-tem-mandado-de-prisao-cumprido-na-porta-da-cadeia-de-remigio\/\"},\"wordCount\":108,\"publisher\":{\"@id\":\"https:\/\/www.pm.pb.gov.br\/portal\/#organization\"},\"articleSection\":[\"A\u00e7\u00f5es Policiais\"],\"inLanguage\":\"pt-BR\"},{\"@type\":\"WebPage\",\"@id\":\"https:\/\/www.pm.pb.gov.br\/portal\/2025\/06\/20\/acusado-de-roubo-tem-mandado-de-prisao-cumprido-na-porta-da-cadeia-de-remigio\/\",\"url\":\"https:\/\/www.pm.pb.gov.br\/portal\/2025\/06\/20\/acusado-de-roubo-tem-mandado-de-prisao-cumprido-na-porta-da-cadeia-de-remigio\/\",\"name\":\"Acusado de roubo tem mandado de pris\u00e3o cumprido na porta da Cadeia de Rem\u00edgio - Pol\u00edcia Militar da Para\u00edba\",\"isPartOf\":{\"@id\":\"https:\/\/www.pm.pb.gov.br\/portal\/#website\"},\"datePublished\":\"2025-06-20T20:45:03+00:00\",\"dateModified\":\"2025-06-20T20:45:05+00:00\",\"breadcrumb\":{\"@id\":\"https:\/\/www.pm.pb.gov.br\/portal\/2025\/06\/20\/acusado-de-roubo-tem-mandado-de-prisao-cumprido-na-porta-da-cadeia-de-remigio\/#breadcrumb\"},\"inLanguage\":\"pt-BR\",\"potentialAction\":[{\"@type\":\"ReadAction\",\"target\":[\"https:\/\/www.pm.pb.gov.br\/portal\/2025\/06\/20\/acusado-de-roubo-tem-mandado-de-prisao-cumprido-na-porta-da-cadeia-de-remigio\/\"]}]},{\"@type\":\"BreadcrumbList\",\"@id\":\"https:\/\/www.pm.pb.gov.br\/portal\/2025\/06\/20\/acusado-de-roubo-tem-mandado-de-prisao-cumprido-na-porta-da-cadeia-de-remigio\/#breadcrumb\",\"itemListElement\":[{\"@type\":\"ListItem\",\"position\":1,\"name\":\"In\u00edcio\",\"item\":\"https:\/\/www.pm.pb.gov.br\/portal\/\"},{\"@type\":\"ListItem\",\"position\":2,\"name\":\"Acusado de roubo tem mandado de pris\u00e3o cumprido na porta da Cadeia de Rem\u00edgio\"}]},{\"@type\":\"WebSite\",\"@id\":\"https:\/\/www.pm.pb.gov.br\/portal\/#website\",\"url\":\"https:\/\/www.pm.pb.gov.br\/portal\/\",\"name\":\"Pol\u00edcia Militar da Para\u00edba\",\"description\":\"\",\"publisher\":{\"@id\":\"https:\/\/www.pm.pb.gov.br\/portal\/#organization\"},\"potentialAction\":[{\"@type\":\"SearchAction\",\"target\":{\"@type\":\"EntryPoint\",\"urlTemplate\":\"https:\/\/www.pm.pb.gov.br\/portal\/?s={search_term_string}\"},\"query-input\":\"required name=search_term_string\"}],\"inLanguage\":\"pt-BR\"},{\"@type\":\"Organization\",\"@id\":\"https:\/\/www.pm.pb.gov.br\/portal\/#organization\",\"name\":\"Pol\u00edcia Militar da Para\u00edba\",\"url\":\"https:\/\/www.pm.pb.gov.br\/portal\/\",\"logo\":{\"@type\":\"ImageObject\",\"inLanguage\":\"pt-BR\",\"@id\":\"https:\/\/www.pm.pb.gov.br\/portal\/#\/schema\/logo\/image\/\",\"url\":\"https:\/\/www.pm.pb.gov.br\/portal\/wp-content\/uploads\/2025\/03\/cropped-logo-site-mag2-1.png\",\"contentUrl\":\"https:\/\/www.pm.pb.gov.br\/portal\/wp-content\/uploads\/2025\/03\/cropped-logo-site-mag2-1.png\",\"width\":320,\"height\":90,\"caption\":\"Pol\u00edcia Militar da Para\u00edba\"},\"image\":{\"@id\":\"https:\/\/www.pm.pb.gov.br\/portal\/#\/schema\/logo\/image\/\"}},{\"@type\":\"Person\",\"@id\":\"https:\/\/www.pm.pb.gov.br\/portal\/#\/schema\/person\/89dd009e2523c97adf8def1d6cf90ca1\",\"name\":\"Luiz Duarte\",\"image\":{\"@type\":\"ImageObject\",\"inLanguage\":\"pt-BR\",\"@id\":\"https:\/\/www.pm.pb.gov.br\/portal\/#\/schema\/person\/image\/\",\"url\":\"https:\/\/secure.gravatar.com\/avatar\/ce5539b97246ef4d24dd039a3f64145b?s=96&d=mm&r=g\",\"contentUrl\":\"https:\/\/secure.gravatar.com\/avatar\/ce5539b97246ef4d24dd039a3f64145b?s=96&d=mm&r=g\",\"caption\":\"Luiz Duarte\"},\"url\":\"https:\/\/www.pm.pb.gov.br\/portal\/author\/luiz\/\"}]}<\/script>\n<!-- \/ Yoast SEO plugin. -->","yoast_head_json":{"title":"Acusado de roubo tem mandado de pris\u00e3o cumprido na porta da Cadeia de Rem\u00edgio - Pol\u00edcia Militar da Para\u00edba","robots":{"index":"index","follow":"follow","max-snippet":"max-snippet:-1","max-image-preview":"max-image-preview:large","max-video-preview":"max-video-preview:-1"},"canonical":"https:\/\/www.pm.pb.gov.br\/portal\/2025\/06\/20\/acusado-de-roubo-tem-mandado-de-prisao-cumprido-na-porta-da-cadeia-de-remigio\/","og_locale":"pt_BR","og_type":"article","og_title":"Acusado de roubo tem mandado de pris\u00e3o cumprido na porta da Cadeia de Rem\u00edgio - Pol\u00edcia Militar da Para\u00edba","og_description":"A For\u00e7a T\u00e1tica do 15\u00ba Batalh\u00e3o cumpriu um mandado de pris\u00e3o contra um acusado de roubo majorado, nesta sexta-feira (20),","og_url":"https:\/\/www.pm.pb.gov.br\/portal\/2025\/06\/20\/acusado-de-roubo-tem-mandado-de-prisao-cumprido-na-porta-da-cadeia-de-remigio\/","og_site_name":"Pol\u00edcia Militar da Para\u00edba","article_published_time":"2025-06-20T20:45:03+00:00","article_modified_time":"2025-06-20T20:45:05+00:00","og_image":[{"width":620,"height":411,"url":"http:\/\/www.pm.pb.gov.br\/portal\/wp-content\/uploads\/2021\/05\/foto_brasao-1.jpg","type":"image\/jpeg"}],"author":"Luiz Duarte","twitter_card":"summary_large_image","twitter_misc":{"Escrito por":"Luiz Duarte","Est. tempo de leitura":"1 minuto"},"schema":{"@context":"https:\/\/schema.org","@graph":[{"@type":"Article","@id":"https:\/\/www.pm.pb.gov.br\/portal\/2025\/06\/20\/acusado-de-roubo-tem-mandado-de-prisao-cumprido-na-porta-da-cadeia-de-remigio\/#article","isPartOf":{"@id":"https:\/\/www.pm.pb.gov.br\/portal\/2025\/06\/20\/acusado-de-roubo-tem-mandado-de-prisao-cumprido-na-porta-da-cadeia-de-remigio\/"},"author":{"name":"Luiz Duarte","@id":"https:\/\/www.pm.pb.gov.br\/portal\/#\/schema\/person\/89dd009e2523c97adf8def1d6cf90ca1"},"headline":"Acusado de roubo tem mandado de pris\u00e3o cumprido na porta da Cadeia de Rem\u00edgio","datePublished":"2025-06-20T20:45:03+00:00","dateModified":"2025-06-20T20:45:05+00:00","mainEntityOfPage":{"@id":"https:\/\/www.pm.pb.gov.br\/portal\/2025\/06\/20\/acusado-de-roubo-tem-mandado-de-prisao-cumprido-na-porta-da-cadeia-de-remigio\/"},"wordCount":108,"publisher":{"@id":"https:\/\/www.pm.pb.gov.br\/portal\/#organization"},"articleSection":["A\u00e7\u00f5es Policiais"],"inLanguage":"pt-BR"},{"@type":"WebPage","@id":"https:\/\/www.pm.pb.gov.br\/portal\/2025\/06\/20\/acusado-de-roubo-tem-mandado-de-prisao-cumprido-na-porta-da-cadeia-de-remigio\/","url":"https:\/\/www.pm.pb.gov.br\/portal\/2025\/06\/20\/acusado-de-roubo-tem-mandado-de-prisao-cumprido-na-porta-da-cadeia-de-remigio\/","name":"Acusado de roubo tem mandado de pris\u00e3o cumprido na porta da Cadeia de Rem\u00edgio - Pol\u00edcia Militar da Para\u00edba","isPartOf":{"@id":"https:\/\/www.pm.pb.gov.br\/portal\/#website"},"datePublished":"2025-06-20T20:45:03+00:00","dateModified":"2025-06-20T20:45:05+00:00","breadcrumb":{"@id":"https:\/\/www.pm.pb.gov.br\/portal\/2025\/06\/20\/acusado-de-roubo-tem-mandado-de-prisao-cumprido-na-porta-da-cadeia-de-remigio\/#breadcrumb"},"inLanguage":"pt-BR","potentialAction":[{"@type":"ReadAction","target":["https:\/\/www.pm.pb.gov.br\/portal\/2025\/06\/20\/acusado-de-roubo-tem-mandado-de-prisao-cumprido-na-porta-da-cadeia-de-remigio\/"]}]},{"@type":"BreadcrumbList","@id":"https:\/\/www.pm.pb.gov.br\/portal\/2025\/06\/20\/acusado-de-roubo-tem-mandado-de-prisao-cumprido-na-porta-da-cadeia-de-remigio\/#breadcrumb","itemListElement":[{"@type":"ListItem","position":1,"name":"In\u00edcio","item":"https:\/\/www.pm.pb.gov.br\/portal\/"},{"@type":"ListItem","position":2,"name":"Acusado de roubo tem mandado de pris\u00e3o cumprido na porta da Cadeia de Rem\u00edgio"}]},{"@type":"WebSite","@id":"https:\/\/www.pm.pb.gov.br\/portal\/#website","url":"https:\/\/www.pm.pb.gov.br\/portal\/","name":"Pol\u00edcia Militar da Para\u00edba","description":"","publisher":{"@id":"https:\/\/www.pm.pb.gov.br\/portal\/#organization"},"potentialAction":[{"@type":"SearchAction","target":{"@type":"EntryPoint","urlTemplate":"https:\/\/www.pm.pb.gov.br\/portal\/?s={search_term_string}"},"query-input":"required name=search_term_string"}],"inLanguage":"pt-BR"},{"@type":"Organization","@id":"https:\/\/www.pm.pb.gov.br\/portal\/#organization","name":"Pol\u00edcia Militar da Para\u00edba","url":"https:\/\/www.pm.pb.gov.br\/portal\/","logo":{"@type":"ImageObject","inLanguage":"pt-BR","@id":"https:\/\/www.pm.pb.gov.br\/portal\/#\/schema\/logo\/image\/","url":"https:\/\/www.pm.pb.gov.br\/portal\/wp-content\/uploads\/2025\/03\/cropped-logo-site-mag2-1.png","contentUrl":"https:\/\/www.pm.pb.gov.br\/portal\/wp-content\/uploads\/2025\/03\/cropped-logo-site-mag2-1.png","width":320,"height":90,"caption":"Pol\u00edcia Militar da Para\u00edba"},"image":{"@id":"https:\/\/www.pm.pb.gov.br\/portal\/#\/schema\/logo\/image\/"}},{"@type":"Person","@id":"https:\/\/www.pm.pb.gov.br\/portal\/#\/schema\/person\/89dd009e2523c97adf8def1d6cf90ca1","name":"Luiz Duarte","image":{"@type":"ImageObject","inLanguage":"pt-BR","@id":"https:\/\/www.pm.pb.gov.br\/portal\/#\/schema\/person\/image\/","url":"https:\/\/secure.gravatar.com\/avatar\/ce5539b97246ef4d24dd039a3f64145b?s=96&d=mm&r=g","contentUrl":"https:\/\/secure.gravatar.com\/avatar\/ce5539b97246ef4d24dd039a3f64145b?s=96&d=mm&r=g","caption":"Luiz Duarte"},"url":"https:\/\/www.pm.pb.gov.br\/portal\/author\/luiz\/"}]}},"_links":{"self":[{"href":"https:\/\/www.pm.pb.gov.br\/portal\/wp-json\/wp\/v2\/posts\/927139"}],"collection":[{"href":"https:\/\/www.pm.pb.gov.br\/portal\/wp-json\/wp\/v2\/posts"}],"about":[{"href":"https:\/\/www.pm.pb.gov.br\/portal\/wp-json\/wp\/v2\/types\/post"}],"author":[{"embeddable":true,"href":"https:\/\/www.pm.pb.gov.br\/portal\/wp-json\/wp\/v2\/users\/18"}],"replies":[{"embeddable":true,"href":"https:\/\/www.pm.pb.gov.br\/portal\/wp-json\/wp\/v2\/comments?post=927139"}],"version-history":[{"count":3,"href":"https:\/\/www.pm.pb.gov.br\/portal\/wp-json\/wp\/v2\/posts\/927139\/revisions"}],"predecessor-version":[{"id":927148,"href":"https:\/\/www.pm.pb.gov.br\/portal\/wp-json\/wp\/v2\/posts\/927139\/revisions\/927148"}],"wp:featuredmedia":[{"embeddable":true,"href":"https:\/\/www.pm.pb.gov.br\/portal\/wp-json\/wp\/v2\/media\/910568"}],"wp:attachment":[{"href":"https:\/\/www.pm.pb.gov.br\/portal\/wp-json\/wp\/v2\/media?parent=927139"}],"wp:term":[{"taxonomy":"category","embeddable":true,"href":"https:\/\/www.pm.pb.gov.br\/portal\/wp-json\/wp\/v2\/categories?post=927139"},{"taxonomy":"post_tag","embeddable":true,"href":"https:\/\/www.pm.pb.gov.br\/portal\/wp-json\/wp\/v2\/tags?post=927139"}],"curies":[{"name":"wp","href":"https:\/\/api.w.org\/{rel}","templated":true}]}}