{"id":927129,"date":"2025-06-20T17:11:51","date_gmt":"2025-06-20T20:11:51","guid":{"rendered":"https:\/\/www.pm.pb.gov.br\/portal\/?p=927129"},"modified":"2025-06-20T17:28:57","modified_gmt":"2025-06-20T20:28:57","slug":"acao-da-pm-interrompe-atividades-do-trafico-e-aprende-drogas-na-zona-da-capital","status":"publish","type":"post","link":"https:\/\/www.pm.pb.gov.br\/portal\/2025\/06\/20\/acao-da-pm-interrompe-atividades-do-trafico-e-aprende-drogas-na-zona-da-capital\/","title":{"rendered":"A\u00e7\u00e3o da PM interrompe atividades do tr\u00e1fico e aprende drogas na zona sul da Capital"},"content":{"rendered":"Mais de 350 por\u00e7\u00f5es de drogas prontas para a venda foram apreendidas, na noite dessa quinta-feira (19), em uma a\u00e7\u00e3o do Batalh\u00e3o de Policiamento de Tr\u00e2nsito (BPTran), no Parque do Sol, zona sul de Jo\u00e3o Pessoa. O material foi abandonado por um grupo que estava realizando atividades do tr\u00e1fico e fugiu por dentro de uma mata, ao perceber a presen\u00e7a da PM. <br \/><br \/>Das drogas apreendidas, 219 por\u00e7\u00f5es eram de crack, 126 de coca\u00edna, 3 de maconha e ainda 30 comprimidos de artane. Tudo foi levado para a Cidade da Pol\u00edcia Civil, no Geisel. Os acusados seguem sendo procurados. Quem tiver informa\u00e7\u00f5es, pode ligar para o 190.<br \/><br \/>","protected":false},"excerpt":{"rendered":"<p>Mais de 350 por\u00e7\u00f5es de drogas prontas para a venda foram apreendidas, na noite dessa quinta-feira (19), em uma a\u00e7\u00e3o<\/p>\n","protected":false},"author":18,"featured_media":927135,"comment_status":"closed","ping_status":"closed","sticky":false,"template":"","format":"standard","meta":{"_exactmetrics_skip_tracking":false,"_exactmetrics_sitenote_active":false,"_exactmetrics_sitenote_note":"","_exactmetrics_sitenote_category":0,"footnotes":""},"categories":[4],"tags":[],"yoast_head":"<!-- This site is optimized with the Yoast SEO plugin v22.0 - https:\/\/yoast.com\/wordpress\/plugins\/seo\/ -->\n<title>A\u00e7\u00e3o da PM interrompe atividades do tr\u00e1fico e aprende drogas na zona sul da Capital - Pol\u00edcia Militar da Para\u00edba<\/title>\n<meta name=\"robots\" content=\"index, follow, max-snippet:-1, max-image-preview:large, max-video-preview:-1\" \/>\n<link rel=\"canonical\" href=\"https:\/\/www.pm.pb.gov.br\/portal\/2025\/06\/20\/acao-da-pm-interrompe-atividades-do-trafico-e-aprende-drogas-na-zona-da-capital\/\" \/>\n<meta property=\"og:locale\" content=\"pt_BR\" \/>\n<meta property=\"og:type\" content=\"article\" \/>\n<meta property=\"og:title\" content=\"A\u00e7\u00e3o da PM interrompe atividades do tr\u00e1fico e aprende drogas na zona sul da Capital - Pol\u00edcia Militar da Para\u00edba\" \/>\n<meta property=\"og:description\" content=\"Mais de 350 por\u00e7\u00f5es de drogas prontas para a venda foram apreendidas, na noite dessa quinta-feira (19), em uma a\u00e7\u00e3o\" \/>\n<meta property=\"og:url\" content=\"https:\/\/www.pm.pb.gov.br\/portal\/2025\/06\/20\/acao-da-pm-interrompe-atividades-do-trafico-e-aprende-drogas-na-zona-da-capital\/\" \/>\n<meta property=\"og:site_name\" content=\"Pol\u00edcia Militar da Para\u00edba\" \/>\n<meta property=\"article:published_time\" content=\"2025-06-20T20:11:51+00:00\" \/>\n<meta property=\"article:modified_time\" content=\"2025-06-20T20:28:57+00:00\" \/>\n<meta property=\"og:image\" content=\"http:\/\/www.pm.pb.gov.br\/portal\/wp-content\/uploads\/2025\/06\/WhatsApp-Image-2025-06-20-at-5.13.21-PM.jpeg\" \/>\n\t<meta property=\"og:image:width\" content=\"1200\" \/>\n\t<meta property=\"og:image:height\" content=\"556\" \/>\n\t<meta property=\"og:image:type\" content=\"image\/jpeg\" \/>\n<meta name=\"author\" content=\"Luiz Duarte\" \/>\n<meta name=\"twitter:card\" content=\"summary_large_image\" \/>\n<meta name=\"twitter:label1\" content=\"Escrito por\" \/>\n\t<meta name=\"twitter:data1\" content=\"Luiz Duarte\" \/>\n\t<meta name=\"twitter:label2\" content=\"Est. tempo de leitura\" \/>\n\t<meta name=\"twitter:data2\" content=\"1 minuto\" \/>\n<script type=\"application\/ld+json\" class=\"yoast-schema-graph\">{\"@context\":\"https:\/\/schema.org\",\"@graph\":[{\"@type\":\"Article\",\"@id\":\"https:\/\/www.pm.pb.gov.br\/portal\/2025\/06\/20\/acao-da-pm-interrompe-atividades-do-trafico-e-aprende-drogas-na-zona-da-capital\/#article\",\"isPartOf\":{\"@id\":\"https:\/\/www.pm.pb.gov.br\/portal\/2025\/06\/20\/acao-da-pm-interrompe-atividades-do-trafico-e-aprende-drogas-na-zona-da-capital\/\"},\"author\":{\"name\":\"Luiz Duarte\",\"@id\":\"https:\/\/www.pm.pb.gov.br\/portal\/#\/schema\/person\/89dd009e2523c97adf8def1d6cf90ca1\"},\"headline\":\"A\u00e7\u00e3o da PM interrompe atividades do tr\u00e1fico e aprende drogas na zona sul da Capital\",\"datePublished\":\"2025-06-20T20:11:51+00:00\",\"dateModified\":\"2025-06-20T20:28:57+00:00\",\"mainEntityOfPage\":{\"@id\":\"https:\/\/www.pm.pb.gov.br\/portal\/2025\/06\/20\/acao-da-pm-interrompe-atividades-do-trafico-e-aprende-drogas-na-zona-da-capital\/\"},\"wordCount\":127,\"publisher\":{\"@id\":\"https:\/\/www.pm.pb.gov.br\/portal\/#organization\"},\"articleSection\":[\"A\u00e7\u00f5es Policiais\"],\"inLanguage\":\"pt-BR\"},{\"@type\":\"WebPage\",\"@id\":\"https:\/\/www.pm.pb.gov.br\/portal\/2025\/06\/20\/acao-da-pm-interrompe-atividades-do-trafico-e-aprende-drogas-na-zona-da-capital\/\",\"url\":\"https:\/\/www.pm.pb.gov.br\/portal\/2025\/06\/20\/acao-da-pm-interrompe-atividades-do-trafico-e-aprende-drogas-na-zona-da-capital\/\",\"name\":\"A\u00e7\u00e3o da PM interrompe atividades do tr\u00e1fico e aprende drogas na zona sul da Capital - Pol\u00edcia Militar da Para\u00edba\",\"isPartOf\":{\"@id\":\"https:\/\/www.pm.pb.gov.br\/portal\/#website\"},\"datePublished\":\"2025-06-20T20:11:51+00:00\",\"dateModified\":\"2025-06-20T20:28:57+00:00\",\"breadcrumb\":{\"@id\":\"https:\/\/www.pm.pb.gov.br\/portal\/2025\/06\/20\/acao-da-pm-interrompe-atividades-do-trafico-e-aprende-drogas-na-zona-da-capital\/#breadcrumb\"},\"inLanguage\":\"pt-BR\",\"potentialAction\":[{\"@type\":\"ReadAction\",\"target\":[\"https:\/\/www.pm.pb.gov.br\/portal\/2025\/06\/20\/acao-da-pm-interrompe-atividades-do-trafico-e-aprende-drogas-na-zona-da-capital\/\"]}]},{\"@type\":\"BreadcrumbList\",\"@id\":\"https:\/\/www.pm.pb.gov.br\/portal\/2025\/06\/20\/acao-da-pm-interrompe-atividades-do-trafico-e-aprende-drogas-na-zona-da-capital\/#breadcrumb\",\"itemListElement\":[{\"@type\":\"ListItem\",\"position\":1,\"name\":\"In\u00edcio\",\"item\":\"https:\/\/www.pm.pb.gov.br\/portal\/\"},{\"@type\":\"ListItem\",\"position\":2,\"name\":\"A\u00e7\u00e3o da PM interrompe atividades do tr\u00e1fico e aprende drogas na zona sul da Capital\"}]},{\"@type\":\"WebSite\",\"@id\":\"https:\/\/www.pm.pb.gov.br\/portal\/#website\",\"url\":\"https:\/\/www.pm.pb.gov.br\/portal\/\",\"name\":\"Pol\u00edcia Militar da Para\u00edba\",\"description\":\"\",\"publisher\":{\"@id\":\"https:\/\/www.pm.pb.gov.br\/portal\/#organization\"},\"potentialAction\":[{\"@type\":\"SearchAction\",\"target\":{\"@type\":\"EntryPoint\",\"urlTemplate\":\"https:\/\/www.pm.pb.gov.br\/portal\/?s={search_term_string}\"},\"query-input\":\"required name=search_term_string\"}],\"inLanguage\":\"pt-BR\"},{\"@type\":\"Organization\",\"@id\":\"https:\/\/www.pm.pb.gov.br\/portal\/#organization\",\"name\":\"Pol\u00edcia Militar da Para\u00edba\",\"url\":\"https:\/\/www.pm.pb.gov.br\/portal\/\",\"logo\":{\"@type\":\"ImageObject\",\"inLanguage\":\"pt-BR\",\"@id\":\"https:\/\/www.pm.pb.gov.br\/portal\/#\/schema\/logo\/image\/\",\"url\":\"https:\/\/www.pm.pb.gov.br\/portal\/wp-content\/uploads\/2025\/03\/cropped-logo-site-mag2-1.png\",\"contentUrl\":\"https:\/\/www.pm.pb.gov.br\/portal\/wp-content\/uploads\/2025\/03\/cropped-logo-site-mag2-1.png\",\"width\":320,\"height\":90,\"caption\":\"Pol\u00edcia Militar da Para\u00edba\"},\"image\":{\"@id\":\"https:\/\/www.pm.pb.gov.br\/portal\/#\/schema\/logo\/image\/\"}},{\"@type\":\"Person\",\"@id\":\"https:\/\/www.pm.pb.gov.br\/portal\/#\/schema\/person\/89dd009e2523c97adf8def1d6cf90ca1\",\"name\":\"Luiz Duarte\",\"image\":{\"@type\":\"ImageObject\",\"inLanguage\":\"pt-BR\",\"@id\":\"https:\/\/www.pm.pb.gov.br\/portal\/#\/schema\/person\/image\/\",\"url\":\"https:\/\/secure.gravatar.com\/avatar\/ce5539b97246ef4d24dd039a3f64145b?s=96&d=mm&r=g\",\"contentUrl\":\"https:\/\/secure.gravatar.com\/avatar\/ce5539b97246ef4d24dd039a3f64145b?s=96&d=mm&r=g\",\"caption\":\"Luiz Duarte\"},\"url\":\"https:\/\/www.pm.pb.gov.br\/portal\/author\/luiz\/\"}]}<\/script>\n<!-- \/ Yoast SEO plugin. -->","yoast_head_json":{"title":"A\u00e7\u00e3o da PM interrompe atividades do tr\u00e1fico e aprende drogas na zona sul da Capital - Pol\u00edcia Militar da Para\u00edba","robots":{"index":"index","follow":"follow","max-snippet":"max-snippet:-1","max-image-preview":"max-image-preview:large","max-video-preview":"max-video-preview:-1"},"canonical":"https:\/\/www.pm.pb.gov.br\/portal\/2025\/06\/20\/acao-da-pm-interrompe-atividades-do-trafico-e-aprende-drogas-na-zona-da-capital\/","og_locale":"pt_BR","og_type":"article","og_title":"A\u00e7\u00e3o da PM interrompe atividades do tr\u00e1fico e aprende drogas na zona sul da Capital - Pol\u00edcia Militar da Para\u00edba","og_description":"Mais de 350 por\u00e7\u00f5es de drogas prontas para a venda foram apreendidas, na noite dessa quinta-feira (19), em uma a\u00e7\u00e3o","og_url":"https:\/\/www.pm.pb.gov.br\/portal\/2025\/06\/20\/acao-da-pm-interrompe-atividades-do-trafico-e-aprende-drogas-na-zona-da-capital\/","og_site_name":"Pol\u00edcia Militar da Para\u00edba","article_published_time":"2025-06-20T20:11:51+00:00","article_modified_time":"2025-06-20T20:28:57+00:00","og_image":[{"width":1200,"height":556,"url":"http:\/\/www.pm.pb.gov.br\/portal\/wp-content\/uploads\/2025\/06\/WhatsApp-Image-2025-06-20-at-5.13.21-PM.jpeg","type":"image\/jpeg"}],"author":"Luiz Duarte","twitter_card":"summary_large_image","twitter_misc":{"Escrito por":"Luiz Duarte","Est. tempo de leitura":"1 minuto"},"schema":{"@context":"https:\/\/schema.org","@graph":[{"@type":"Article","@id":"https:\/\/www.pm.pb.gov.br\/portal\/2025\/06\/20\/acao-da-pm-interrompe-atividades-do-trafico-e-aprende-drogas-na-zona-da-capital\/#article","isPartOf":{"@id":"https:\/\/www.pm.pb.gov.br\/portal\/2025\/06\/20\/acao-da-pm-interrompe-atividades-do-trafico-e-aprende-drogas-na-zona-da-capital\/"},"author":{"name":"Luiz Duarte","@id":"https:\/\/www.pm.pb.gov.br\/portal\/#\/schema\/person\/89dd009e2523c97adf8def1d6cf90ca1"},"headline":"A\u00e7\u00e3o da PM interrompe atividades do tr\u00e1fico e aprende drogas na zona sul da Capital","datePublished":"2025-06-20T20:11:51+00:00","dateModified":"2025-06-20T20:28:57+00:00","mainEntityOfPage":{"@id":"https:\/\/www.pm.pb.gov.br\/portal\/2025\/06\/20\/acao-da-pm-interrompe-atividades-do-trafico-e-aprende-drogas-na-zona-da-capital\/"},"wordCount":127,"publisher":{"@id":"https:\/\/www.pm.pb.gov.br\/portal\/#organization"},"articleSection":["A\u00e7\u00f5es Policiais"],"inLanguage":"pt-BR"},{"@type":"WebPage","@id":"https:\/\/www.pm.pb.gov.br\/portal\/2025\/06\/20\/acao-da-pm-interrompe-atividades-do-trafico-e-aprende-drogas-na-zona-da-capital\/","url":"https:\/\/www.pm.pb.gov.br\/portal\/2025\/06\/20\/acao-da-pm-interrompe-atividades-do-trafico-e-aprende-drogas-na-zona-da-capital\/","name":"A\u00e7\u00e3o da PM interrompe atividades do tr\u00e1fico e aprende drogas na zona sul da Capital - Pol\u00edcia Militar da Para\u00edba","isPartOf":{"@id":"https:\/\/www.pm.pb.gov.br\/portal\/#website"},"datePublished":"2025-06-20T20:11:51+00:00","dateModified":"2025-06-20T20:28:57+00:00","breadcrumb":{"@id":"https:\/\/www.pm.pb.gov.br\/portal\/2025\/06\/20\/acao-da-pm-interrompe-atividades-do-trafico-e-aprende-drogas-na-zona-da-capital\/#breadcrumb"},"inLanguage":"pt-BR","potentialAction":[{"@type":"ReadAction","target":["https:\/\/www.pm.pb.gov.br\/portal\/2025\/06\/20\/acao-da-pm-interrompe-atividades-do-trafico-e-aprende-drogas-na-zona-da-capital\/"]}]},{"@type":"BreadcrumbList","@id":"https:\/\/www.pm.pb.gov.br\/portal\/2025\/06\/20\/acao-da-pm-interrompe-atividades-do-trafico-e-aprende-drogas-na-zona-da-capital\/#breadcrumb","itemListElement":[{"@type":"ListItem","position":1,"name":"In\u00edcio","item":"https:\/\/www.pm.pb.gov.br\/portal\/"},{"@type":"ListItem","position":2,"name":"A\u00e7\u00e3o da PM interrompe atividades do tr\u00e1fico e aprende drogas na zona sul da Capital"}]},{"@type":"WebSite","@id":"https:\/\/www.pm.pb.gov.br\/portal\/#website","url":"https:\/\/www.pm.pb.gov.br\/portal\/","name":"Pol\u00edcia Militar da Para\u00edba","description":"","publisher":{"@id":"https:\/\/www.pm.pb.gov.br\/portal\/#organization"},"potentialAction":[{"@type":"SearchAction","target":{"@type":"EntryPoint","urlTemplate":"https:\/\/www.pm.pb.gov.br\/portal\/?s={search_term_string}"},"query-input":"required name=search_term_string"}],"inLanguage":"pt-BR"},{"@type":"Organization","@id":"https:\/\/www.pm.pb.gov.br\/portal\/#organization","name":"Pol\u00edcia Militar da Para\u00edba","url":"https:\/\/www.pm.pb.gov.br\/portal\/","logo":{"@type":"ImageObject","inLanguage":"pt-BR","@id":"https:\/\/www.pm.pb.gov.br\/portal\/#\/schema\/logo\/image\/","url":"https:\/\/www.pm.pb.gov.br\/portal\/wp-content\/uploads\/2025\/03\/cropped-logo-site-mag2-1.png","contentUrl":"https:\/\/www.pm.pb.gov.br\/portal\/wp-content\/uploads\/2025\/03\/cropped-logo-site-mag2-1.png","width":320,"height":90,"caption":"Pol\u00edcia Militar da Para\u00edba"},"image":{"@id":"https:\/\/www.pm.pb.gov.br\/portal\/#\/schema\/logo\/image\/"}},{"@type":"Person","@id":"https:\/\/www.pm.pb.gov.br\/portal\/#\/schema\/person\/89dd009e2523c97adf8def1d6cf90ca1","name":"Luiz Duarte","image":{"@type":"ImageObject","inLanguage":"pt-BR","@id":"https:\/\/www.pm.pb.gov.br\/portal\/#\/schema\/person\/image\/","url":"https:\/\/secure.gravatar.com\/avatar\/ce5539b97246ef4d24dd039a3f64145b?s=96&d=mm&r=g","contentUrl":"https:\/\/secure.gravatar.com\/avatar\/ce5539b97246ef4d24dd039a3f64145b?s=96&d=mm&r=g","caption":"Luiz Duarte"},"url":"https:\/\/www.pm.pb.gov.br\/portal\/author\/luiz\/"}]}},"_links":{"self":[{"href":"https:\/\/www.pm.pb.gov.br\/portal\/wp-json\/wp\/v2\/posts\/927129"}],"collection":[{"href":"https:\/\/www.pm.pb.gov.br\/portal\/wp-json\/wp\/v2\/posts"}],"about":[{"href":"https:\/\/www.pm.pb.gov.br\/portal\/wp-json\/wp\/v2\/types\/post"}],"author":[{"embeddable":true,"href":"https:\/\/www.pm.pb.gov.br\/portal\/wp-json\/wp\/v2\/users\/18"}],"replies":[{"embeddable":true,"href":"https:\/\/www.pm.pb.gov.br\/portal\/wp-json\/wp\/v2\/comments?post=927129"}],"version-history":[{"count":3,"href":"https:\/\/www.pm.pb.gov.br\/portal\/wp-json\/wp\/v2\/posts\/927129\/revisions"}],"predecessor-version":[{"id":927144,"href":"https:\/\/www.pm.pb.gov.br\/portal\/wp-json\/wp\/v2\/posts\/927129\/revisions\/927144"}],"wp:featuredmedia":[{"embeddable":true,"href":"https:\/\/www.pm.pb.gov.br\/portal\/wp-json\/wp\/v2\/media\/927135"}],"wp:attachment":[{"href":"https:\/\/www.pm.pb.gov.br\/portal\/wp-json\/wp\/v2\/media?parent=927129"}],"wp:term":[{"taxonomy":"category","embeddable":true,"href":"https:\/\/www.pm.pb.gov.br\/portal\/wp-json\/wp\/v2\/categories?post=927129"},{"taxonomy":"post_tag","embeddable":true,"href":"https:\/\/www.pm.pb.gov.br\/portal\/wp-json\/wp\/v2\/tags?post=927129"}],"curies":[{"name":"wp","href":"https:\/\/api.w.org\/{rel}","templated":true}]}}