{"id":927103,"date":"2025-06-20T06:00:30","date_gmt":"2025-06-20T09:00:30","guid":{"rendered":"https:\/\/www.pm.pb.gov.br\/portal\/?p=927103"},"modified":"2025-06-20T06:02:48","modified_gmt":"2025-06-20T09:02:48","slug":"apenados-sao-presos-no-parque-do-povo-apos-descumprirem-regime-penal","status":"publish","type":"post","link":"https:\/\/www.pm.pb.gov.br\/portal\/2025\/06\/20\/apenados-sao-presos-no-parque-do-povo-apos-descumprirem-regime-penal\/","title":{"rendered":"Apenados s\u00e3o presos no Parque do Povo ap\u00f3s descumprirem regime penal"},"content":{"rendered":"\n\n\n<p>Quatro apenados que descumpriram regras do regime penal para irem \u00e0s festividades de S\u00e3o Jo\u00e3o no Parque do Povo, em Campina Grande, foram presos pela Pol\u00edcia Militar na noite da \u00faltima quinta-feira (19). Os acusados foram identificados com apoio da tecnologia das c\u00e2meras de reconhecimento facial e videomonitoramento.<\/p>\n<p>Os apenados cumpriam penas pelos crimes de porte ilegal de arma de fogo, corrup\u00e7\u00e3o de menores, recepta\u00e7\u00e3o, moeda falsa, e tr\u00e1fico de drogas. Eles estavam nos regimes aberto ou na condicional, n\u00e3o podiam frequentar festas p\u00fablicas ou privadas, e deveriam estar recolhidos no fim da noite.<\/p>\n<p>De acordo com a Opera\u00e7\u00e3o, os acusados foram identificados pelas c\u00e2meras de reconhecimento facial no evento, e localizados pela PM com apoio do Centro Integrado de Comando e Controle (CICC) e do videomonitoramento.<\/p>\n<p>Os infratores foram conduzidos para as delegacias para a devida autua\u00e7\u00e3o e retorno ao regime.<\/p>\n","protected":false},"excerpt":{"rendered":"<p>Quatro apenados que descumpriram regras do regime penal para irem \u00e0s festividades de S\u00e3o Jo\u00e3o no Parque do Povo, em<\/p>\n","protected":false},"author":12,"featured_media":927104,"comment_status":"closed","ping_status":"closed","sticky":false,"template":"","format":"standard","meta":{"_exactmetrics_skip_tracking":false,"_exactmetrics_sitenote_active":false,"_exactmetrics_sitenote_note":"","_exactmetrics_sitenote_category":0,"footnotes":""},"categories":[4],"tags":[],"yoast_head":"<!-- This site is optimized with the Yoast SEO plugin v22.0 - https:\/\/yoast.com\/wordpress\/plugins\/seo\/ -->\n<title>Apenados s\u00e3o presos no Parque do Povo ap\u00f3s descumprirem regime penal - Pol\u00edcia Militar da Para\u00edba<\/title>\n<meta name=\"description\" content=\"Os apenados cumpriam penas pelos crimes de porte ilegal de arma de fogo, corrup\u00e7\u00e3o de menores, recepta\u00e7\u00e3o, moeda falsa, e tr\u00e1fico de drogas.\" \/>\n<meta name=\"robots\" content=\"index, follow, max-snippet:-1, max-image-preview:large, max-video-preview:-1\" \/>\n<link rel=\"canonical\" href=\"https:\/\/www.pm.pb.gov.br\/portal\/2025\/06\/20\/apenados-sao-presos-no-parque-do-povo-apos-descumprirem-regime-penal\/\" \/>\n<meta property=\"og:locale\" content=\"pt_BR\" \/>\n<meta property=\"og:type\" content=\"article\" \/>\n<meta property=\"og:title\" content=\"Apenados s\u00e3o presos no Parque do Povo ap\u00f3s descumprirem regime penal - Pol\u00edcia Militar da Para\u00edba\" \/>\n<meta property=\"og:description\" content=\"Os apenados cumpriam penas pelos crimes de porte ilegal de arma de fogo, corrup\u00e7\u00e3o de menores, recepta\u00e7\u00e3o, moeda falsa, e tr\u00e1fico de drogas.\" \/>\n<meta property=\"og:url\" content=\"https:\/\/www.pm.pb.gov.br\/portal\/2025\/06\/20\/apenados-sao-presos-no-parque-do-povo-apos-descumprirem-regime-penal\/\" \/>\n<meta property=\"og:site_name\" content=\"Pol\u00edcia Militar da Para\u00edba\" \/>\n<meta property=\"article:published_time\" content=\"2025-06-20T09:00:30+00:00\" \/>\n<meta property=\"article:modified_time\" content=\"2025-06-20T09:02:48+00:00\" \/>\n<meta property=\"og:image\" content=\"http:\/\/www.pm.pb.gov.br\/portal\/wp-content\/uploads\/2025\/06\/IMG-20250619-WA0044-scaled.jpg\" \/>\n\t<meta property=\"og:image:width\" content=\"2560\" \/>\n\t<meta property=\"og:image:height\" content=\"1920\" \/>\n\t<meta property=\"og:image:type\" content=\"image\/jpeg\" \/>\n<meta name=\"author\" content=\"Tarcisio Oliveira\" \/>\n<meta name=\"twitter:card\" content=\"summary_large_image\" \/>\n<meta name=\"twitter:label1\" content=\"Escrito por\" \/>\n\t<meta name=\"twitter:data1\" content=\"Tarcisio Oliveira\" \/>\n\t<meta name=\"twitter:label2\" content=\"Est. tempo de leitura\" \/>\n\t<meta name=\"twitter:data2\" content=\"1 minuto\" \/>\n<script type=\"application\/ld+json\" class=\"yoast-schema-graph\">{\"@context\":\"https:\/\/schema.org\",\"@graph\":[{\"@type\":\"Article\",\"@id\":\"https:\/\/www.pm.pb.gov.br\/portal\/2025\/06\/20\/apenados-sao-presos-no-parque-do-povo-apos-descumprirem-regime-penal\/#article\",\"isPartOf\":{\"@id\":\"https:\/\/www.pm.pb.gov.br\/portal\/2025\/06\/20\/apenados-sao-presos-no-parque-do-povo-apos-descumprirem-regime-penal\/\"},\"author\":{\"name\":\"Tarcisio Oliveira\",\"@id\":\"https:\/\/www.pm.pb.gov.br\/portal\/#\/schema\/person\/f84f56dcc78ce4357054da888b8247fd\"},\"headline\":\"Apenados s\u00e3o presos no Parque do Povo ap\u00f3s descumprirem regime penal\",\"datePublished\":\"2025-06-20T09:00:30+00:00\",\"dateModified\":\"2025-06-20T09:02:48+00:00\",\"mainEntityOfPage\":{\"@id\":\"https:\/\/www.pm.pb.gov.br\/portal\/2025\/06\/20\/apenados-sao-presos-no-parque-do-povo-apos-descumprirem-regime-penal\/\"},\"wordCount\":166,\"publisher\":{\"@id\":\"https:\/\/www.pm.pb.gov.br\/portal\/#organization\"},\"articleSection\":[\"A\u00e7\u00f5es Policiais\"],\"inLanguage\":\"pt-BR\"},{\"@type\":\"WebPage\",\"@id\":\"https:\/\/www.pm.pb.gov.br\/portal\/2025\/06\/20\/apenados-sao-presos-no-parque-do-povo-apos-descumprirem-regime-penal\/\",\"url\":\"https:\/\/www.pm.pb.gov.br\/portal\/2025\/06\/20\/apenados-sao-presos-no-parque-do-povo-apos-descumprirem-regime-penal\/\",\"name\":\"Apenados s\u00e3o presos no Parque do Povo ap\u00f3s descumprirem regime penal - Pol\u00edcia Militar da Para\u00edba\",\"isPartOf\":{\"@id\":\"https:\/\/www.pm.pb.gov.br\/portal\/#website\"},\"datePublished\":\"2025-06-20T09:00:30+00:00\",\"dateModified\":\"2025-06-20T09:02:48+00:00\",\"description\":\"Os apenados cumpriam penas pelos crimes de porte ilegal de arma de fogo, corrup\u00e7\u00e3o de menores, recepta\u00e7\u00e3o, moeda falsa, e tr\u00e1fico de drogas.\",\"breadcrumb\":{\"@id\":\"https:\/\/www.pm.pb.gov.br\/portal\/2025\/06\/20\/apenados-sao-presos-no-parque-do-povo-apos-descumprirem-regime-penal\/#breadcrumb\"},\"inLanguage\":\"pt-BR\",\"potentialAction\":[{\"@type\":\"ReadAction\",\"target\":[\"https:\/\/www.pm.pb.gov.br\/portal\/2025\/06\/20\/apenados-sao-presos-no-parque-do-povo-apos-descumprirem-regime-penal\/\"]}]},{\"@type\":\"BreadcrumbList\",\"@id\":\"https:\/\/www.pm.pb.gov.br\/portal\/2025\/06\/20\/apenados-sao-presos-no-parque-do-povo-apos-descumprirem-regime-penal\/#breadcrumb\",\"itemListElement\":[{\"@type\":\"ListItem\",\"position\":1,\"name\":\"In\u00edcio\",\"item\":\"https:\/\/www.pm.pb.gov.br\/portal\/\"},{\"@type\":\"ListItem\",\"position\":2,\"name\":\"Apenados s\u00e3o presos no Parque do Povo ap\u00f3s descumprirem regime penal\"}]},{\"@type\":\"WebSite\",\"@id\":\"https:\/\/www.pm.pb.gov.br\/portal\/#website\",\"url\":\"https:\/\/www.pm.pb.gov.br\/portal\/\",\"name\":\"Pol\u00edcia Militar da Para\u00edba\",\"description\":\"\",\"publisher\":{\"@id\":\"https:\/\/www.pm.pb.gov.br\/portal\/#organization\"},\"potentialAction\":[{\"@type\":\"SearchAction\",\"target\":{\"@type\":\"EntryPoint\",\"urlTemplate\":\"https:\/\/www.pm.pb.gov.br\/portal\/?s={search_term_string}\"},\"query-input\":\"required name=search_term_string\"}],\"inLanguage\":\"pt-BR\"},{\"@type\":\"Organization\",\"@id\":\"https:\/\/www.pm.pb.gov.br\/portal\/#organization\",\"name\":\"Pol\u00edcia Militar da Para\u00edba\",\"url\":\"https:\/\/www.pm.pb.gov.br\/portal\/\",\"logo\":{\"@type\":\"ImageObject\",\"inLanguage\":\"pt-BR\",\"@id\":\"https:\/\/www.pm.pb.gov.br\/portal\/#\/schema\/logo\/image\/\",\"url\":\"https:\/\/www.pm.pb.gov.br\/portal\/wp-content\/uploads\/2025\/03\/cropped-logo-site-mag2-1.png\",\"contentUrl\":\"https:\/\/www.pm.pb.gov.br\/portal\/wp-content\/uploads\/2025\/03\/cropped-logo-site-mag2-1.png\",\"width\":320,\"height\":90,\"caption\":\"Pol\u00edcia Militar da Para\u00edba\"},\"image\":{\"@id\":\"https:\/\/www.pm.pb.gov.br\/portal\/#\/schema\/logo\/image\/\"}},{\"@type\":\"Person\",\"@id\":\"https:\/\/www.pm.pb.gov.br\/portal\/#\/schema\/person\/f84f56dcc78ce4357054da888b8247fd\",\"name\":\"Tarcisio Oliveira\",\"image\":{\"@type\":\"ImageObject\",\"inLanguage\":\"pt-BR\",\"@id\":\"https:\/\/www.pm.pb.gov.br\/portal\/#\/schema\/person\/image\/\",\"url\":\"https:\/\/secure.gravatar.com\/avatar\/72917b630b69d31cd0297507f34bac97?s=96&d=mm&r=g\",\"contentUrl\":\"https:\/\/secure.gravatar.com\/avatar\/72917b630b69d31cd0297507f34bac97?s=96&d=mm&r=g\",\"caption\":\"Tarcisio Oliveira\"},\"url\":\"https:\/\/www.pm.pb.gov.br\/portal\/author\/tarcisio\/\"}]}<\/script>\n<!-- \/ Yoast SEO plugin. -->","yoast_head_json":{"title":"Apenados s\u00e3o presos no Parque do Povo ap\u00f3s descumprirem regime penal - Pol\u00edcia Militar da Para\u00edba","description":"Os apenados cumpriam penas pelos crimes de porte ilegal de arma de fogo, corrup\u00e7\u00e3o de menores, recepta\u00e7\u00e3o, moeda falsa, e tr\u00e1fico de drogas.","robots":{"index":"index","follow":"follow","max-snippet":"max-snippet:-1","max-image-preview":"max-image-preview:large","max-video-preview":"max-video-preview:-1"},"canonical":"https:\/\/www.pm.pb.gov.br\/portal\/2025\/06\/20\/apenados-sao-presos-no-parque-do-povo-apos-descumprirem-regime-penal\/","og_locale":"pt_BR","og_type":"article","og_title":"Apenados s\u00e3o presos no Parque do Povo ap\u00f3s descumprirem regime penal - Pol\u00edcia Militar da Para\u00edba","og_description":"Os apenados cumpriam penas pelos crimes de porte ilegal de arma de fogo, corrup\u00e7\u00e3o de menores, recepta\u00e7\u00e3o, moeda falsa, e tr\u00e1fico de drogas.","og_url":"https:\/\/www.pm.pb.gov.br\/portal\/2025\/06\/20\/apenados-sao-presos-no-parque-do-povo-apos-descumprirem-regime-penal\/","og_site_name":"Pol\u00edcia Militar da Para\u00edba","article_published_time":"2025-06-20T09:00:30+00:00","article_modified_time":"2025-06-20T09:02:48+00:00","og_image":[{"width":2560,"height":1920,"url":"http:\/\/www.pm.pb.gov.br\/portal\/wp-content\/uploads\/2025\/06\/IMG-20250619-WA0044-scaled.jpg","type":"image\/jpeg"}],"author":"Tarcisio Oliveira","twitter_card":"summary_large_image","twitter_misc":{"Escrito por":"Tarcisio Oliveira","Est. tempo de leitura":"1 minuto"},"schema":{"@context":"https:\/\/schema.org","@graph":[{"@type":"Article","@id":"https:\/\/www.pm.pb.gov.br\/portal\/2025\/06\/20\/apenados-sao-presos-no-parque-do-povo-apos-descumprirem-regime-penal\/#article","isPartOf":{"@id":"https:\/\/www.pm.pb.gov.br\/portal\/2025\/06\/20\/apenados-sao-presos-no-parque-do-povo-apos-descumprirem-regime-penal\/"},"author":{"name":"Tarcisio Oliveira","@id":"https:\/\/www.pm.pb.gov.br\/portal\/#\/schema\/person\/f84f56dcc78ce4357054da888b8247fd"},"headline":"Apenados s\u00e3o presos no Parque do Povo ap\u00f3s descumprirem regime penal","datePublished":"2025-06-20T09:00:30+00:00","dateModified":"2025-06-20T09:02:48+00:00","mainEntityOfPage":{"@id":"https:\/\/www.pm.pb.gov.br\/portal\/2025\/06\/20\/apenados-sao-presos-no-parque-do-povo-apos-descumprirem-regime-penal\/"},"wordCount":166,"publisher":{"@id":"https:\/\/www.pm.pb.gov.br\/portal\/#organization"},"articleSection":["A\u00e7\u00f5es Policiais"],"inLanguage":"pt-BR"},{"@type":"WebPage","@id":"https:\/\/www.pm.pb.gov.br\/portal\/2025\/06\/20\/apenados-sao-presos-no-parque-do-povo-apos-descumprirem-regime-penal\/","url":"https:\/\/www.pm.pb.gov.br\/portal\/2025\/06\/20\/apenados-sao-presos-no-parque-do-povo-apos-descumprirem-regime-penal\/","name":"Apenados s\u00e3o presos no Parque do Povo ap\u00f3s descumprirem regime penal - Pol\u00edcia Militar da Para\u00edba","isPartOf":{"@id":"https:\/\/www.pm.pb.gov.br\/portal\/#website"},"datePublished":"2025-06-20T09:00:30+00:00","dateModified":"2025-06-20T09:02:48+00:00","description":"Os apenados cumpriam penas pelos crimes de porte ilegal de arma de fogo, corrup\u00e7\u00e3o de menores, recepta\u00e7\u00e3o, moeda falsa, e tr\u00e1fico de drogas.","breadcrumb":{"@id":"https:\/\/www.pm.pb.gov.br\/portal\/2025\/06\/20\/apenados-sao-presos-no-parque-do-povo-apos-descumprirem-regime-penal\/#breadcrumb"},"inLanguage":"pt-BR","potentialAction":[{"@type":"ReadAction","target":["https:\/\/www.pm.pb.gov.br\/portal\/2025\/06\/20\/apenados-sao-presos-no-parque-do-povo-apos-descumprirem-regime-penal\/"]}]},{"@type":"BreadcrumbList","@id":"https:\/\/www.pm.pb.gov.br\/portal\/2025\/06\/20\/apenados-sao-presos-no-parque-do-povo-apos-descumprirem-regime-penal\/#breadcrumb","itemListElement":[{"@type":"ListItem","position":1,"name":"In\u00edcio","item":"https:\/\/www.pm.pb.gov.br\/portal\/"},{"@type":"ListItem","position":2,"name":"Apenados s\u00e3o presos no Parque do Povo ap\u00f3s descumprirem regime penal"}]},{"@type":"WebSite","@id":"https:\/\/www.pm.pb.gov.br\/portal\/#website","url":"https:\/\/www.pm.pb.gov.br\/portal\/","name":"Pol\u00edcia Militar da Para\u00edba","description":"","publisher":{"@id":"https:\/\/www.pm.pb.gov.br\/portal\/#organization"},"potentialAction":[{"@type":"SearchAction","target":{"@type":"EntryPoint","urlTemplate":"https:\/\/www.pm.pb.gov.br\/portal\/?s={search_term_string}"},"query-input":"required name=search_term_string"}],"inLanguage":"pt-BR"},{"@type":"Organization","@id":"https:\/\/www.pm.pb.gov.br\/portal\/#organization","name":"Pol\u00edcia Militar da Para\u00edba","url":"https:\/\/www.pm.pb.gov.br\/portal\/","logo":{"@type":"ImageObject","inLanguage":"pt-BR","@id":"https:\/\/www.pm.pb.gov.br\/portal\/#\/schema\/logo\/image\/","url":"https:\/\/www.pm.pb.gov.br\/portal\/wp-content\/uploads\/2025\/03\/cropped-logo-site-mag2-1.png","contentUrl":"https:\/\/www.pm.pb.gov.br\/portal\/wp-content\/uploads\/2025\/03\/cropped-logo-site-mag2-1.png","width":320,"height":90,"caption":"Pol\u00edcia Militar da Para\u00edba"},"image":{"@id":"https:\/\/www.pm.pb.gov.br\/portal\/#\/schema\/logo\/image\/"}},{"@type":"Person","@id":"https:\/\/www.pm.pb.gov.br\/portal\/#\/schema\/person\/f84f56dcc78ce4357054da888b8247fd","name":"Tarcisio Oliveira","image":{"@type":"ImageObject","inLanguage":"pt-BR","@id":"https:\/\/www.pm.pb.gov.br\/portal\/#\/schema\/person\/image\/","url":"https:\/\/secure.gravatar.com\/avatar\/72917b630b69d31cd0297507f34bac97?s=96&d=mm&r=g","contentUrl":"https:\/\/secure.gravatar.com\/avatar\/72917b630b69d31cd0297507f34bac97?s=96&d=mm&r=g","caption":"Tarcisio Oliveira"},"url":"https:\/\/www.pm.pb.gov.br\/portal\/author\/tarcisio\/"}]}},"_links":{"self":[{"href":"https:\/\/www.pm.pb.gov.br\/portal\/wp-json\/wp\/v2\/posts\/927103"}],"collection":[{"href":"https:\/\/www.pm.pb.gov.br\/portal\/wp-json\/wp\/v2\/posts"}],"about":[{"href":"https:\/\/www.pm.pb.gov.br\/portal\/wp-json\/wp\/v2\/types\/post"}],"author":[{"embeddable":true,"href":"https:\/\/www.pm.pb.gov.br\/portal\/wp-json\/wp\/v2\/users\/12"}],"replies":[{"embeddable":true,"href":"https:\/\/www.pm.pb.gov.br\/portal\/wp-json\/wp\/v2\/comments?post=927103"}],"version-history":[{"count":2,"href":"https:\/\/www.pm.pb.gov.br\/portal\/wp-json\/wp\/v2\/posts\/927103\/revisions"}],"predecessor-version":[{"id":927106,"href":"https:\/\/www.pm.pb.gov.br\/portal\/wp-json\/wp\/v2\/posts\/927103\/revisions\/927106"}],"wp:featuredmedia":[{"embeddable":true,"href":"https:\/\/www.pm.pb.gov.br\/portal\/wp-json\/wp\/v2\/media\/927104"}],"wp:attachment":[{"href":"https:\/\/www.pm.pb.gov.br\/portal\/wp-json\/wp\/v2\/media?parent=927103"}],"wp:term":[{"taxonomy":"category","embeddable":true,"href":"https:\/\/www.pm.pb.gov.br\/portal\/wp-json\/wp\/v2\/categories?post=927103"},{"taxonomy":"post_tag","embeddable":true,"href":"https:\/\/www.pm.pb.gov.br\/portal\/wp-json\/wp\/v2\/tags?post=927103"}],"curies":[{"name":"wp","href":"https:\/\/api.w.org\/{rel}","templated":true}]}}