{"id":927094,"date":"2025-06-19T15:53:42","date_gmt":"2025-06-19T18:53:42","guid":{"rendered":"https:\/\/www.pm.pb.gov.br\/portal\/?p=927094"},"modified":"2025-06-19T15:53:46","modified_gmt":"2025-06-19T18:53:46","slug":"reincidencia-policia-militar-prende-homem-com-arma-de-fogo-que-ja-tinha-passagem-por-outros-crimes","status":"publish","type":"post","link":"https:\/\/www.pm.pb.gov.br\/portal\/2025\/06\/19\/reincidencia-policia-militar-prende-homem-com-arma-de-fogo-que-ja-tinha-passagem-por-outros-crimes\/","title":{"rendered":"REINCID\u00caNCIA: Pol\u00edcia Militar prende homem com arma de fogo que j\u00e1 tinha passagem por outros crimes"},"content":{"rendered":"\n<p>Um homem que j\u00e1 tinha passagem pela pol\u00edcia pelos crimes de tr\u00e1fico de drogas e porte ilegal de arma de fogo, foi preso novamente com arma de fogo pela Pol\u00edcia Militar. Dessa vez, a pris\u00e3o ocorreu na manh\u00e3 desta quinta-feira (19), no munic\u00edpio de Mamanguape, litoral norte da Para\u00edba.<\/p>\n<p>De acordo com a 2\u00aa Companhia Independente, o acusado foi localizado transitando em uma motocicleta, junto com uma mulher. Ele foi identificado durante uma abordagem da For\u00e7a T\u00e1tica. Segundo a unidade, eles estavam com um rev\u00f3lver calibre 38, e cinco muni\u00e7\u00f5es.<\/p>\n<p>Na a\u00e7\u00e3o os policiais constataram que o suspeito j\u00e1 tinha passagem pelos crimes de tr\u00e1fico e porte ilegal de arma de fogo. A dupla foi apresentada na delegacia local para a devida autua\u00e7\u00e3o. A arma e as muni\u00e7\u00f5es tamb\u00e9m foram apreendidas.<\/p>\n\n\n","protected":false},"excerpt":{"rendered":"<p>Um homem que j\u00e1 tinha passagem pela pol\u00edcia pelos crimes de tr\u00e1fico de drogas e porte ilegal de arma de<\/p>\n","protected":false},"author":12,"featured_media":927096,"comment_status":"closed","ping_status":"closed","sticky":false,"template":"","format":"standard","meta":{"_exactmetrics_skip_tracking":false,"_exactmetrics_sitenote_active":false,"_exactmetrics_sitenote_note":"","_exactmetrics_sitenote_category":0,"footnotes":""},"categories":[4],"tags":[],"yoast_head":"<!-- This site is optimized with the Yoast SEO plugin v22.0 - https:\/\/yoast.com\/wordpress\/plugins\/seo\/ -->\n<title>REINCID\u00caNCIA: Pol\u00edcia Militar prende homem com arma de fogo que j\u00e1 tinha passagem por outros crimes - Pol\u00edcia Militar da Para\u00edba<\/title>\n<meta name=\"robots\" content=\"index, follow, max-snippet:-1, max-image-preview:large, max-video-preview:-1\" \/>\n<link rel=\"canonical\" href=\"https:\/\/www.pm.pb.gov.br\/portal\/2025\/06\/19\/reincidencia-policia-militar-prende-homem-com-arma-de-fogo-que-ja-tinha-passagem-por-outros-crimes\/\" \/>\n<meta property=\"og:locale\" content=\"pt_BR\" \/>\n<meta property=\"og:type\" content=\"article\" \/>\n<meta property=\"og:title\" content=\"REINCID\u00caNCIA: Pol\u00edcia Militar prende homem com arma de fogo que j\u00e1 tinha passagem por outros crimes - Pol\u00edcia Militar da Para\u00edba\" \/>\n<meta property=\"og:description\" content=\"Um homem que j\u00e1 tinha passagem pela pol\u00edcia pelos crimes de tr\u00e1fico de drogas e porte ilegal de arma de\" \/>\n<meta property=\"og:url\" content=\"https:\/\/www.pm.pb.gov.br\/portal\/2025\/06\/19\/reincidencia-policia-militar-prende-homem-com-arma-de-fogo-que-ja-tinha-passagem-por-outros-crimes\/\" \/>\n<meta property=\"og:site_name\" content=\"Pol\u00edcia Militar da Para\u00edba\" \/>\n<meta property=\"article:published_time\" content=\"2025-06-19T18:53:42+00:00\" \/>\n<meta property=\"article:modified_time\" content=\"2025-06-19T18:53:46+00:00\" \/>\n<meta property=\"og:image\" content=\"http:\/\/www.pm.pb.gov.br\/portal\/wp-content\/uploads\/2025\/06\/ln.jpeg\" \/>\n\t<meta property=\"og:image:width\" content=\"800\" \/>\n\t<meta property=\"og:image:height\" content=\"445\" \/>\n\t<meta property=\"og:image:type\" content=\"image\/jpeg\" \/>\n<meta name=\"author\" content=\"Tarcisio Oliveira\" \/>\n<meta name=\"twitter:card\" content=\"summary_large_image\" \/>\n<meta name=\"twitter:label1\" content=\"Escrito por\" \/>\n\t<meta name=\"twitter:data1\" content=\"Tarcisio Oliveira\" \/>\n\t<meta name=\"twitter:label2\" content=\"Est. tempo de leitura\" \/>\n\t<meta name=\"twitter:data2\" content=\"1 minuto\" \/>\n<script type=\"application\/ld+json\" class=\"yoast-schema-graph\">{\"@context\":\"https:\/\/schema.org\",\"@graph\":[{\"@type\":\"Article\",\"@id\":\"https:\/\/www.pm.pb.gov.br\/portal\/2025\/06\/19\/reincidencia-policia-militar-prende-homem-com-arma-de-fogo-que-ja-tinha-passagem-por-outros-crimes\/#article\",\"isPartOf\":{\"@id\":\"https:\/\/www.pm.pb.gov.br\/portal\/2025\/06\/19\/reincidencia-policia-militar-prende-homem-com-arma-de-fogo-que-ja-tinha-passagem-por-outros-crimes\/\"},\"author\":{\"name\":\"Tarcisio Oliveira\",\"@id\":\"https:\/\/www.pm.pb.gov.br\/portal\/#\/schema\/person\/f84f56dcc78ce4357054da888b8247fd\"},\"headline\":\"REINCID\u00caNCIA: Pol\u00edcia Militar prende homem com arma de fogo que j\u00e1 tinha passagem por outros crimes\",\"datePublished\":\"2025-06-19T18:53:42+00:00\",\"dateModified\":\"2025-06-19T18:53:46+00:00\",\"mainEntityOfPage\":{\"@id\":\"https:\/\/www.pm.pb.gov.br\/portal\/2025\/06\/19\/reincidencia-policia-militar-prende-homem-com-arma-de-fogo-que-ja-tinha-passagem-por-outros-crimes\/\"},\"wordCount\":161,\"publisher\":{\"@id\":\"https:\/\/www.pm.pb.gov.br\/portal\/#organization\"},\"articleSection\":[\"A\u00e7\u00f5es Policiais\"],\"inLanguage\":\"pt-BR\"},{\"@type\":\"WebPage\",\"@id\":\"https:\/\/www.pm.pb.gov.br\/portal\/2025\/06\/19\/reincidencia-policia-militar-prende-homem-com-arma-de-fogo-que-ja-tinha-passagem-por-outros-crimes\/\",\"url\":\"https:\/\/www.pm.pb.gov.br\/portal\/2025\/06\/19\/reincidencia-policia-militar-prende-homem-com-arma-de-fogo-que-ja-tinha-passagem-por-outros-crimes\/\",\"name\":\"REINCID\u00caNCIA: Pol\u00edcia Militar prende homem com arma de fogo que j\u00e1 tinha passagem por outros crimes - Pol\u00edcia Militar da Para\u00edba\",\"isPartOf\":{\"@id\":\"https:\/\/www.pm.pb.gov.br\/portal\/#website\"},\"datePublished\":\"2025-06-19T18:53:42+00:00\",\"dateModified\":\"2025-06-19T18:53:46+00:00\",\"breadcrumb\":{\"@id\":\"https:\/\/www.pm.pb.gov.br\/portal\/2025\/06\/19\/reincidencia-policia-militar-prende-homem-com-arma-de-fogo-que-ja-tinha-passagem-por-outros-crimes\/#breadcrumb\"},\"inLanguage\":\"pt-BR\",\"potentialAction\":[{\"@type\":\"ReadAction\",\"target\":[\"https:\/\/www.pm.pb.gov.br\/portal\/2025\/06\/19\/reincidencia-policia-militar-prende-homem-com-arma-de-fogo-que-ja-tinha-passagem-por-outros-crimes\/\"]}]},{\"@type\":\"BreadcrumbList\",\"@id\":\"https:\/\/www.pm.pb.gov.br\/portal\/2025\/06\/19\/reincidencia-policia-militar-prende-homem-com-arma-de-fogo-que-ja-tinha-passagem-por-outros-crimes\/#breadcrumb\",\"itemListElement\":[{\"@type\":\"ListItem\",\"position\":1,\"name\":\"In\u00edcio\",\"item\":\"https:\/\/www.pm.pb.gov.br\/portal\/\"},{\"@type\":\"ListItem\",\"position\":2,\"name\":\"REINCID\u00caNCIA: Pol\u00edcia Militar prende homem com arma de fogo que j\u00e1 tinha passagem por outros crimes\"}]},{\"@type\":\"WebSite\",\"@id\":\"https:\/\/www.pm.pb.gov.br\/portal\/#website\",\"url\":\"https:\/\/www.pm.pb.gov.br\/portal\/\",\"name\":\"Pol\u00edcia Militar da Para\u00edba\",\"description\":\"\",\"publisher\":{\"@id\":\"https:\/\/www.pm.pb.gov.br\/portal\/#organization\"},\"potentialAction\":[{\"@type\":\"SearchAction\",\"target\":{\"@type\":\"EntryPoint\",\"urlTemplate\":\"https:\/\/www.pm.pb.gov.br\/portal\/?s={search_term_string}\"},\"query-input\":\"required name=search_term_string\"}],\"inLanguage\":\"pt-BR\"},{\"@type\":\"Organization\",\"@id\":\"https:\/\/www.pm.pb.gov.br\/portal\/#organization\",\"name\":\"Pol\u00edcia Militar da Para\u00edba\",\"url\":\"https:\/\/www.pm.pb.gov.br\/portal\/\",\"logo\":{\"@type\":\"ImageObject\",\"inLanguage\":\"pt-BR\",\"@id\":\"https:\/\/www.pm.pb.gov.br\/portal\/#\/schema\/logo\/image\/\",\"url\":\"https:\/\/www.pm.pb.gov.br\/portal\/wp-content\/uploads\/2025\/03\/cropped-logo-site-mag2-1.png\",\"contentUrl\":\"https:\/\/www.pm.pb.gov.br\/portal\/wp-content\/uploads\/2025\/03\/cropped-logo-site-mag2-1.png\",\"width\":320,\"height\":90,\"caption\":\"Pol\u00edcia Militar da Para\u00edba\"},\"image\":{\"@id\":\"https:\/\/www.pm.pb.gov.br\/portal\/#\/schema\/logo\/image\/\"}},{\"@type\":\"Person\",\"@id\":\"https:\/\/www.pm.pb.gov.br\/portal\/#\/schema\/person\/f84f56dcc78ce4357054da888b8247fd\",\"name\":\"Tarcisio Oliveira\",\"image\":{\"@type\":\"ImageObject\",\"inLanguage\":\"pt-BR\",\"@id\":\"https:\/\/www.pm.pb.gov.br\/portal\/#\/schema\/person\/image\/\",\"url\":\"https:\/\/secure.gravatar.com\/avatar\/72917b630b69d31cd0297507f34bac97?s=96&d=mm&r=g\",\"contentUrl\":\"https:\/\/secure.gravatar.com\/avatar\/72917b630b69d31cd0297507f34bac97?s=96&d=mm&r=g\",\"caption\":\"Tarcisio Oliveira\"},\"url\":\"https:\/\/www.pm.pb.gov.br\/portal\/author\/tarcisio\/\"}]}<\/script>\n<!-- \/ Yoast SEO plugin. -->","yoast_head_json":{"title":"REINCID\u00caNCIA: Pol\u00edcia Militar prende homem com arma de fogo que j\u00e1 tinha passagem por outros crimes - Pol\u00edcia Militar da Para\u00edba","robots":{"index":"index","follow":"follow","max-snippet":"max-snippet:-1","max-image-preview":"max-image-preview:large","max-video-preview":"max-video-preview:-1"},"canonical":"https:\/\/www.pm.pb.gov.br\/portal\/2025\/06\/19\/reincidencia-policia-militar-prende-homem-com-arma-de-fogo-que-ja-tinha-passagem-por-outros-crimes\/","og_locale":"pt_BR","og_type":"article","og_title":"REINCID\u00caNCIA: Pol\u00edcia Militar prende homem com arma de fogo que j\u00e1 tinha passagem por outros crimes - Pol\u00edcia Militar da Para\u00edba","og_description":"Um homem que j\u00e1 tinha passagem pela pol\u00edcia pelos crimes de tr\u00e1fico de drogas e porte ilegal de arma de","og_url":"https:\/\/www.pm.pb.gov.br\/portal\/2025\/06\/19\/reincidencia-policia-militar-prende-homem-com-arma-de-fogo-que-ja-tinha-passagem-por-outros-crimes\/","og_site_name":"Pol\u00edcia Militar da Para\u00edba","article_published_time":"2025-06-19T18:53:42+00:00","article_modified_time":"2025-06-19T18:53:46+00:00","og_image":[{"width":800,"height":445,"url":"http:\/\/www.pm.pb.gov.br\/portal\/wp-content\/uploads\/2025\/06\/ln.jpeg","type":"image\/jpeg"}],"author":"Tarcisio Oliveira","twitter_card":"summary_large_image","twitter_misc":{"Escrito por":"Tarcisio Oliveira","Est. tempo de leitura":"1 minuto"},"schema":{"@context":"https:\/\/schema.org","@graph":[{"@type":"Article","@id":"https:\/\/www.pm.pb.gov.br\/portal\/2025\/06\/19\/reincidencia-policia-militar-prende-homem-com-arma-de-fogo-que-ja-tinha-passagem-por-outros-crimes\/#article","isPartOf":{"@id":"https:\/\/www.pm.pb.gov.br\/portal\/2025\/06\/19\/reincidencia-policia-militar-prende-homem-com-arma-de-fogo-que-ja-tinha-passagem-por-outros-crimes\/"},"author":{"name":"Tarcisio Oliveira","@id":"https:\/\/www.pm.pb.gov.br\/portal\/#\/schema\/person\/f84f56dcc78ce4357054da888b8247fd"},"headline":"REINCID\u00caNCIA: Pol\u00edcia Militar prende homem com arma de fogo que j\u00e1 tinha passagem por outros crimes","datePublished":"2025-06-19T18:53:42+00:00","dateModified":"2025-06-19T18:53:46+00:00","mainEntityOfPage":{"@id":"https:\/\/www.pm.pb.gov.br\/portal\/2025\/06\/19\/reincidencia-policia-militar-prende-homem-com-arma-de-fogo-que-ja-tinha-passagem-por-outros-crimes\/"},"wordCount":161,"publisher":{"@id":"https:\/\/www.pm.pb.gov.br\/portal\/#organization"},"articleSection":["A\u00e7\u00f5es Policiais"],"inLanguage":"pt-BR"},{"@type":"WebPage","@id":"https:\/\/www.pm.pb.gov.br\/portal\/2025\/06\/19\/reincidencia-policia-militar-prende-homem-com-arma-de-fogo-que-ja-tinha-passagem-por-outros-crimes\/","url":"https:\/\/www.pm.pb.gov.br\/portal\/2025\/06\/19\/reincidencia-policia-militar-prende-homem-com-arma-de-fogo-que-ja-tinha-passagem-por-outros-crimes\/","name":"REINCID\u00caNCIA: Pol\u00edcia Militar prende homem com arma de fogo que j\u00e1 tinha passagem por outros crimes - Pol\u00edcia Militar da Para\u00edba","isPartOf":{"@id":"https:\/\/www.pm.pb.gov.br\/portal\/#website"},"datePublished":"2025-06-19T18:53:42+00:00","dateModified":"2025-06-19T18:53:46+00:00","breadcrumb":{"@id":"https:\/\/www.pm.pb.gov.br\/portal\/2025\/06\/19\/reincidencia-policia-militar-prende-homem-com-arma-de-fogo-que-ja-tinha-passagem-por-outros-crimes\/#breadcrumb"},"inLanguage":"pt-BR","potentialAction":[{"@type":"ReadAction","target":["https:\/\/www.pm.pb.gov.br\/portal\/2025\/06\/19\/reincidencia-policia-militar-prende-homem-com-arma-de-fogo-que-ja-tinha-passagem-por-outros-crimes\/"]}]},{"@type":"BreadcrumbList","@id":"https:\/\/www.pm.pb.gov.br\/portal\/2025\/06\/19\/reincidencia-policia-militar-prende-homem-com-arma-de-fogo-que-ja-tinha-passagem-por-outros-crimes\/#breadcrumb","itemListElement":[{"@type":"ListItem","position":1,"name":"In\u00edcio","item":"https:\/\/www.pm.pb.gov.br\/portal\/"},{"@type":"ListItem","position":2,"name":"REINCID\u00caNCIA: Pol\u00edcia Militar prende homem com arma de fogo que j\u00e1 tinha passagem por outros crimes"}]},{"@type":"WebSite","@id":"https:\/\/www.pm.pb.gov.br\/portal\/#website","url":"https:\/\/www.pm.pb.gov.br\/portal\/","name":"Pol\u00edcia Militar da Para\u00edba","description":"","publisher":{"@id":"https:\/\/www.pm.pb.gov.br\/portal\/#organization"},"potentialAction":[{"@type":"SearchAction","target":{"@type":"EntryPoint","urlTemplate":"https:\/\/www.pm.pb.gov.br\/portal\/?s={search_term_string}"},"query-input":"required name=search_term_string"}],"inLanguage":"pt-BR"},{"@type":"Organization","@id":"https:\/\/www.pm.pb.gov.br\/portal\/#organization","name":"Pol\u00edcia Militar da Para\u00edba","url":"https:\/\/www.pm.pb.gov.br\/portal\/","logo":{"@type":"ImageObject","inLanguage":"pt-BR","@id":"https:\/\/www.pm.pb.gov.br\/portal\/#\/schema\/logo\/image\/","url":"https:\/\/www.pm.pb.gov.br\/portal\/wp-content\/uploads\/2025\/03\/cropped-logo-site-mag2-1.png","contentUrl":"https:\/\/www.pm.pb.gov.br\/portal\/wp-content\/uploads\/2025\/03\/cropped-logo-site-mag2-1.png","width":320,"height":90,"caption":"Pol\u00edcia Militar da Para\u00edba"},"image":{"@id":"https:\/\/www.pm.pb.gov.br\/portal\/#\/schema\/logo\/image\/"}},{"@type":"Person","@id":"https:\/\/www.pm.pb.gov.br\/portal\/#\/schema\/person\/f84f56dcc78ce4357054da888b8247fd","name":"Tarcisio Oliveira","image":{"@type":"ImageObject","inLanguage":"pt-BR","@id":"https:\/\/www.pm.pb.gov.br\/portal\/#\/schema\/person\/image\/","url":"https:\/\/secure.gravatar.com\/avatar\/72917b630b69d31cd0297507f34bac97?s=96&d=mm&r=g","contentUrl":"https:\/\/secure.gravatar.com\/avatar\/72917b630b69d31cd0297507f34bac97?s=96&d=mm&r=g","caption":"Tarcisio Oliveira"},"url":"https:\/\/www.pm.pb.gov.br\/portal\/author\/tarcisio\/"}]}},"_links":{"self":[{"href":"https:\/\/www.pm.pb.gov.br\/portal\/wp-json\/wp\/v2\/posts\/927094"}],"collection":[{"href":"https:\/\/www.pm.pb.gov.br\/portal\/wp-json\/wp\/v2\/posts"}],"about":[{"href":"https:\/\/www.pm.pb.gov.br\/portal\/wp-json\/wp\/v2\/types\/post"}],"author":[{"embeddable":true,"href":"https:\/\/www.pm.pb.gov.br\/portal\/wp-json\/wp\/v2\/users\/12"}],"replies":[{"embeddable":true,"href":"https:\/\/www.pm.pb.gov.br\/portal\/wp-json\/wp\/v2\/comments?post=927094"}],"version-history":[{"count":2,"href":"https:\/\/www.pm.pb.gov.br\/portal\/wp-json\/wp\/v2\/posts\/927094\/revisions"}],"predecessor-version":[{"id":927097,"href":"https:\/\/www.pm.pb.gov.br\/portal\/wp-json\/wp\/v2\/posts\/927094\/revisions\/927097"}],"wp:featuredmedia":[{"embeddable":true,"href":"https:\/\/www.pm.pb.gov.br\/portal\/wp-json\/wp\/v2\/media\/927096"}],"wp:attachment":[{"href":"https:\/\/www.pm.pb.gov.br\/portal\/wp-json\/wp\/v2\/media?parent=927094"}],"wp:term":[{"taxonomy":"category","embeddable":true,"href":"https:\/\/www.pm.pb.gov.br\/portal\/wp-json\/wp\/v2\/categories?post=927094"},{"taxonomy":"post_tag","embeddable":true,"href":"https:\/\/www.pm.pb.gov.br\/portal\/wp-json\/wp\/v2\/tags?post=927094"}],"curies":[{"name":"wp","href":"https:\/\/api.w.org\/{rel}","templated":true}]}}