{"id":927076,"date":"2025-06-18T12:57:00","date_gmt":"2025-06-18T15:57:00","guid":{"rendered":"https:\/\/www.pm.pb.gov.br\/portal\/?p=927076"},"modified":"2025-06-18T16:00:35","modified_gmt":"2025-06-18T19:00:35","slug":"abertas-as-inscricoes-para-selecao-interna-para-analista-de-inteligencia","status":"publish","type":"post","link":"https:\/\/www.pm.pb.gov.br\/portal\/2025\/06\/18\/abertas-as-inscricoes-para-selecao-interna-para-analista-de-inteligencia\/","title":{"rendered":"Abertas as inscri\u00e7\u00f5es para sele\u00e7\u00e3o interna para analista de Intelig\u00eancia da PMPB"},"content":{"rendered":"\n<p>Est\u00e3o abertas as inscri\u00e7\u00f5es para sele\u00e7\u00e3o interna para analista de Intelig\u00eancia, da Coordenadoria de Intelig\u00eancia da Pol\u00edcia Militar da Para\u00edba (COInt). Os interessados em participar podem conferir o edital da sele\u00e7\u00e3o no Boletim PM n\u00ba 111, publicado no \u00faltimo dia 13. S\u00e3o 14 vagas oferecidas para pra\u00e7as.<\/p>\n<p>As inscri\u00e7\u00f5es seguem at\u00e9 \u00e0s 23h59 da pr\u00f3xima segunda-feira (23), e devem ser feitas respeitando as regras constantes no edital. No ato da inscri\u00e7\u00e3o o candidato dever\u00e1 enviar por e-mail a c\u00f3pia em PDF pesquis\u00e1vel do Curriculum Vitae, bem como descrever habilidades e compet\u00eancias adquiridas em cursos t\u00e9cnicos ou n\u00e3o; ficha de inscri\u00e7\u00e3o devidamente preenchida, sem rasuras (acesso dispon\u00edvel em link no BOL); question\u00e1rio admissional devidamente preenchido, sem rasuras (acesso dispon\u00edvel em link no BOL). A documenta\u00e7\u00e3o dever\u00e1 ser enviada para o e-mail do <a href=\"mailto:nufap@apps.pm.pb.gov.br\">nufap@apps.pm.pb.gov.br<\/a>.<\/p>\n<p>A atividade de Intelig\u00eancia de Seguran\u00e7a P\u00fablica \u00e9 o exerc\u00edcio permanente e sistem\u00e1tico de a\u00e7\u00f5es especializadas para identificar, avaliar e acompanhar amea\u00e7as reais ou potenciais na esfera de Seguran\u00e7a P\u00fablica, basicamente orientadas para produ\u00e7\u00e3o e salvaguarda de conhecimentos necess\u00e1rios para subsidiar os tomadores de decis\u00e3o, para o planejamento e execu\u00e7\u00e3o de uma pol\u00edtica de Seguran\u00e7a P\u00fablica e das a\u00e7\u00f5es para prever, prevenir, neutralizar e reprimir atos criminosos de qualquer natureza que atentem \u00e0 ordem p\u00fablica, \u00e0 incolumidade das pessoas e do patrim\u00f4nio.<\/p>\n\n\n","protected":false},"excerpt":{"rendered":"<p>Est\u00e3o abertas as inscri\u00e7\u00f5es para sele\u00e7\u00e3o interna para analista de Intelig\u00eancia, da Coordenadoria de Intelig\u00eancia da Pol\u00edcia Militar da Para\u00edba<\/p>\n","protected":false},"author":5,"featured_media":915844,"comment_status":"closed","ping_status":"closed","sticky":false,"template":"","format":"standard","meta":{"_exactmetrics_skip_tracking":false,"_exactmetrics_sitenote_active":false,"_exactmetrics_sitenote_note":"","_exactmetrics_sitenote_category":0,"footnotes":""},"categories":[29],"tags":[],"yoast_head":"<!-- This site is optimized with the Yoast SEO plugin v22.0 - https:\/\/yoast.com\/wordpress\/plugins\/seo\/ -->\n<title>Abertas as inscri\u00e7\u00f5es para sele\u00e7\u00e3o interna para analista de Intelig\u00eancia da PMPB - Pol\u00edcia Militar da Para\u00edba<\/title>\n<meta name=\"robots\" content=\"index, follow, max-snippet:-1, max-image-preview:large, max-video-preview:-1\" \/>\n<link rel=\"canonical\" href=\"https:\/\/www.pm.pb.gov.br\/portal\/2025\/06\/18\/abertas-as-inscricoes-para-selecao-interna-para-analista-de-inteligencia\/\" \/>\n<meta property=\"og:locale\" content=\"pt_BR\" \/>\n<meta property=\"og:type\" content=\"article\" \/>\n<meta property=\"og:title\" content=\"Abertas as inscri\u00e7\u00f5es para sele\u00e7\u00e3o interna para analista de Intelig\u00eancia da PMPB - Pol\u00edcia Militar da Para\u00edba\" \/>\n<meta property=\"og:description\" content=\"Est\u00e3o abertas as inscri\u00e7\u00f5es para sele\u00e7\u00e3o interna para analista de Intelig\u00eancia, da Coordenadoria de Intelig\u00eancia da Pol\u00edcia Militar da Para\u00edba\" \/>\n<meta property=\"og:url\" content=\"https:\/\/www.pm.pb.gov.br\/portal\/2025\/06\/18\/abertas-as-inscricoes-para-selecao-interna-para-analista-de-inteligencia\/\" \/>\n<meta property=\"og:site_name\" content=\"Pol\u00edcia Militar da Para\u00edba\" \/>\n<meta property=\"article:published_time\" content=\"2025-06-18T15:57:00+00:00\" \/>\n<meta property=\"article:modified_time\" content=\"2025-06-18T19:00:35+00:00\" \/>\n<meta property=\"og:image\" content=\"http:\/\/www.pm.pb.gov.br\/portal\/wp-content\/uploads\/2023\/03\/qcg.jpeg\" \/>\n\t<meta property=\"og:image:width\" content=\"800\" \/>\n\t<meta property=\"og:image:height\" content=\"445\" \/>\n\t<meta property=\"og:image:type\" content=\"image\/jpeg\" \/>\n<meta name=\"author\" content=\"Assessoria de Imprensa da PMPB\" \/>\n<meta name=\"twitter:card\" content=\"summary_large_image\" \/>\n<meta name=\"twitter:label1\" content=\"Escrito por\" \/>\n\t<meta name=\"twitter:data1\" content=\"Assessoria de Imprensa da PMPB\" \/>\n\t<meta name=\"twitter:label2\" content=\"Est. tempo de leitura\" \/>\n\t<meta name=\"twitter:data2\" content=\"2 minutos\" \/>\n<script type=\"application\/ld+json\" class=\"yoast-schema-graph\">{\"@context\":\"https:\/\/schema.org\",\"@graph\":[{\"@type\":\"Article\",\"@id\":\"https:\/\/www.pm.pb.gov.br\/portal\/2025\/06\/18\/abertas-as-inscricoes-para-selecao-interna-para-analista-de-inteligencia\/#article\",\"isPartOf\":{\"@id\":\"https:\/\/www.pm.pb.gov.br\/portal\/2025\/06\/18\/abertas-as-inscricoes-para-selecao-interna-para-analista-de-inteligencia\/\"},\"author\":{\"name\":\"Assessoria de Imprensa da PMPB\",\"@id\":\"https:\/\/www.pm.pb.gov.br\/portal\/#\/schema\/person\/e8454f46651c3ecf0e1ba3c1666d9947\"},\"headline\":\"Abertas as inscri\u00e7\u00f5es para sele\u00e7\u00e3o interna para analista de Intelig\u00eancia da PMPB\",\"datePublished\":\"2025-06-18T15:57:00+00:00\",\"dateModified\":\"2025-06-18T19:00:35+00:00\",\"mainEntityOfPage\":{\"@id\":\"https:\/\/www.pm.pb.gov.br\/portal\/2025\/06\/18\/abertas-as-inscricoes-para-selecao-interna-para-analista-de-inteligencia\/\"},\"wordCount\":269,\"publisher\":{\"@id\":\"https:\/\/www.pm.pb.gov.br\/portal\/#organization\"},\"articleSection\":[\"Gest\u00e3o e planejamento\"],\"inLanguage\":\"pt-BR\"},{\"@type\":\"WebPage\",\"@id\":\"https:\/\/www.pm.pb.gov.br\/portal\/2025\/06\/18\/abertas-as-inscricoes-para-selecao-interna-para-analista-de-inteligencia\/\",\"url\":\"https:\/\/www.pm.pb.gov.br\/portal\/2025\/06\/18\/abertas-as-inscricoes-para-selecao-interna-para-analista-de-inteligencia\/\",\"name\":\"Abertas as inscri\u00e7\u00f5es para sele\u00e7\u00e3o interna para analista de Intelig\u00eancia da PMPB - Pol\u00edcia Militar da Para\u00edba\",\"isPartOf\":{\"@id\":\"https:\/\/www.pm.pb.gov.br\/portal\/#website\"},\"datePublished\":\"2025-06-18T15:57:00+00:00\",\"dateModified\":\"2025-06-18T19:00:35+00:00\",\"breadcrumb\":{\"@id\":\"https:\/\/www.pm.pb.gov.br\/portal\/2025\/06\/18\/abertas-as-inscricoes-para-selecao-interna-para-analista-de-inteligencia\/#breadcrumb\"},\"inLanguage\":\"pt-BR\",\"potentialAction\":[{\"@type\":\"ReadAction\",\"target\":[\"https:\/\/www.pm.pb.gov.br\/portal\/2025\/06\/18\/abertas-as-inscricoes-para-selecao-interna-para-analista-de-inteligencia\/\"]}]},{\"@type\":\"BreadcrumbList\",\"@id\":\"https:\/\/www.pm.pb.gov.br\/portal\/2025\/06\/18\/abertas-as-inscricoes-para-selecao-interna-para-analista-de-inteligencia\/#breadcrumb\",\"itemListElement\":[{\"@type\":\"ListItem\",\"position\":1,\"name\":\"In\u00edcio\",\"item\":\"https:\/\/www.pm.pb.gov.br\/portal\/\"},{\"@type\":\"ListItem\",\"position\":2,\"name\":\"Abertas as inscri\u00e7\u00f5es para sele\u00e7\u00e3o interna para analista de Intelig\u00eancia da PMPB\"}]},{\"@type\":\"WebSite\",\"@id\":\"https:\/\/www.pm.pb.gov.br\/portal\/#website\",\"url\":\"https:\/\/www.pm.pb.gov.br\/portal\/\",\"name\":\"Pol\u00edcia Militar da Para\u00edba\",\"description\":\"\",\"publisher\":{\"@id\":\"https:\/\/www.pm.pb.gov.br\/portal\/#organization\"},\"potentialAction\":[{\"@type\":\"SearchAction\",\"target\":{\"@type\":\"EntryPoint\",\"urlTemplate\":\"https:\/\/www.pm.pb.gov.br\/portal\/?s={search_term_string}\"},\"query-input\":\"required name=search_term_string\"}],\"inLanguage\":\"pt-BR\"},{\"@type\":\"Organization\",\"@id\":\"https:\/\/www.pm.pb.gov.br\/portal\/#organization\",\"name\":\"Pol\u00edcia Militar da Para\u00edba\",\"url\":\"https:\/\/www.pm.pb.gov.br\/portal\/\",\"logo\":{\"@type\":\"ImageObject\",\"inLanguage\":\"pt-BR\",\"@id\":\"https:\/\/www.pm.pb.gov.br\/portal\/#\/schema\/logo\/image\/\",\"url\":\"https:\/\/www.pm.pb.gov.br\/portal\/wp-content\/uploads\/2025\/03\/cropped-logo-site-mag2-1.png\",\"contentUrl\":\"https:\/\/www.pm.pb.gov.br\/portal\/wp-content\/uploads\/2025\/03\/cropped-logo-site-mag2-1.png\",\"width\":320,\"height\":90,\"caption\":\"Pol\u00edcia Militar da Para\u00edba\"},\"image\":{\"@id\":\"https:\/\/www.pm.pb.gov.br\/portal\/#\/schema\/logo\/image\/\"}},{\"@type\":\"Person\",\"@id\":\"https:\/\/www.pm.pb.gov.br\/portal\/#\/schema\/person\/e8454f46651c3ecf0e1ba3c1666d9947\",\"name\":\"Assessoria de Imprensa da PMPB\",\"image\":{\"@type\":\"ImageObject\",\"inLanguage\":\"pt-BR\",\"@id\":\"https:\/\/www.pm.pb.gov.br\/portal\/#\/schema\/person\/image\/\",\"url\":\"https:\/\/secure.gravatar.com\/avatar\/2efe197438265d1e90bd98c4c8e1acf8?s=96&d=mm&r=g\",\"contentUrl\":\"https:\/\/secure.gravatar.com\/avatar\/2efe197438265d1e90bd98c4c8e1acf8?s=96&d=mm&r=g\",\"caption\":\"Assessoria de Imprensa da PMPB\"},\"url\":\"https:\/\/www.pm.pb.gov.br\/portal\/author\/assessoria\/\"}]}<\/script>\n<!-- \/ Yoast SEO plugin. -->","yoast_head_json":{"title":"Abertas as inscri\u00e7\u00f5es para sele\u00e7\u00e3o interna para analista de Intelig\u00eancia da PMPB - Pol\u00edcia Militar da Para\u00edba","robots":{"index":"index","follow":"follow","max-snippet":"max-snippet:-1","max-image-preview":"max-image-preview:large","max-video-preview":"max-video-preview:-1"},"canonical":"https:\/\/www.pm.pb.gov.br\/portal\/2025\/06\/18\/abertas-as-inscricoes-para-selecao-interna-para-analista-de-inteligencia\/","og_locale":"pt_BR","og_type":"article","og_title":"Abertas as inscri\u00e7\u00f5es para sele\u00e7\u00e3o interna para analista de Intelig\u00eancia da PMPB - Pol\u00edcia Militar da Para\u00edba","og_description":"Est\u00e3o abertas as inscri\u00e7\u00f5es para sele\u00e7\u00e3o interna para analista de Intelig\u00eancia, da Coordenadoria de Intelig\u00eancia da Pol\u00edcia Militar da Para\u00edba","og_url":"https:\/\/www.pm.pb.gov.br\/portal\/2025\/06\/18\/abertas-as-inscricoes-para-selecao-interna-para-analista-de-inteligencia\/","og_site_name":"Pol\u00edcia Militar da Para\u00edba","article_published_time":"2025-06-18T15:57:00+00:00","article_modified_time":"2025-06-18T19:00:35+00:00","og_image":[{"width":800,"height":445,"url":"http:\/\/www.pm.pb.gov.br\/portal\/wp-content\/uploads\/2023\/03\/qcg.jpeg","type":"image\/jpeg"}],"author":"Assessoria de Imprensa da PMPB","twitter_card":"summary_large_image","twitter_misc":{"Escrito por":"Assessoria de Imprensa da PMPB","Est. tempo de leitura":"2 minutos"},"schema":{"@context":"https:\/\/schema.org","@graph":[{"@type":"Article","@id":"https:\/\/www.pm.pb.gov.br\/portal\/2025\/06\/18\/abertas-as-inscricoes-para-selecao-interna-para-analista-de-inteligencia\/#article","isPartOf":{"@id":"https:\/\/www.pm.pb.gov.br\/portal\/2025\/06\/18\/abertas-as-inscricoes-para-selecao-interna-para-analista-de-inteligencia\/"},"author":{"name":"Assessoria de Imprensa da PMPB","@id":"https:\/\/www.pm.pb.gov.br\/portal\/#\/schema\/person\/e8454f46651c3ecf0e1ba3c1666d9947"},"headline":"Abertas as inscri\u00e7\u00f5es para sele\u00e7\u00e3o interna para analista de Intelig\u00eancia da PMPB","datePublished":"2025-06-18T15:57:00+00:00","dateModified":"2025-06-18T19:00:35+00:00","mainEntityOfPage":{"@id":"https:\/\/www.pm.pb.gov.br\/portal\/2025\/06\/18\/abertas-as-inscricoes-para-selecao-interna-para-analista-de-inteligencia\/"},"wordCount":269,"publisher":{"@id":"https:\/\/www.pm.pb.gov.br\/portal\/#organization"},"articleSection":["Gest\u00e3o e planejamento"],"inLanguage":"pt-BR"},{"@type":"WebPage","@id":"https:\/\/www.pm.pb.gov.br\/portal\/2025\/06\/18\/abertas-as-inscricoes-para-selecao-interna-para-analista-de-inteligencia\/","url":"https:\/\/www.pm.pb.gov.br\/portal\/2025\/06\/18\/abertas-as-inscricoes-para-selecao-interna-para-analista-de-inteligencia\/","name":"Abertas as inscri\u00e7\u00f5es para sele\u00e7\u00e3o interna para analista de Intelig\u00eancia da PMPB - Pol\u00edcia Militar da Para\u00edba","isPartOf":{"@id":"https:\/\/www.pm.pb.gov.br\/portal\/#website"},"datePublished":"2025-06-18T15:57:00+00:00","dateModified":"2025-06-18T19:00:35+00:00","breadcrumb":{"@id":"https:\/\/www.pm.pb.gov.br\/portal\/2025\/06\/18\/abertas-as-inscricoes-para-selecao-interna-para-analista-de-inteligencia\/#breadcrumb"},"inLanguage":"pt-BR","potentialAction":[{"@type":"ReadAction","target":["https:\/\/www.pm.pb.gov.br\/portal\/2025\/06\/18\/abertas-as-inscricoes-para-selecao-interna-para-analista-de-inteligencia\/"]}]},{"@type":"BreadcrumbList","@id":"https:\/\/www.pm.pb.gov.br\/portal\/2025\/06\/18\/abertas-as-inscricoes-para-selecao-interna-para-analista-de-inteligencia\/#breadcrumb","itemListElement":[{"@type":"ListItem","position":1,"name":"In\u00edcio","item":"https:\/\/www.pm.pb.gov.br\/portal\/"},{"@type":"ListItem","position":2,"name":"Abertas as inscri\u00e7\u00f5es para sele\u00e7\u00e3o interna para analista de Intelig\u00eancia da PMPB"}]},{"@type":"WebSite","@id":"https:\/\/www.pm.pb.gov.br\/portal\/#website","url":"https:\/\/www.pm.pb.gov.br\/portal\/","name":"Pol\u00edcia Militar da Para\u00edba","description":"","publisher":{"@id":"https:\/\/www.pm.pb.gov.br\/portal\/#organization"},"potentialAction":[{"@type":"SearchAction","target":{"@type":"EntryPoint","urlTemplate":"https:\/\/www.pm.pb.gov.br\/portal\/?s={search_term_string}"},"query-input":"required name=search_term_string"}],"inLanguage":"pt-BR"},{"@type":"Organization","@id":"https:\/\/www.pm.pb.gov.br\/portal\/#organization","name":"Pol\u00edcia Militar da Para\u00edba","url":"https:\/\/www.pm.pb.gov.br\/portal\/","logo":{"@type":"ImageObject","inLanguage":"pt-BR","@id":"https:\/\/www.pm.pb.gov.br\/portal\/#\/schema\/logo\/image\/","url":"https:\/\/www.pm.pb.gov.br\/portal\/wp-content\/uploads\/2025\/03\/cropped-logo-site-mag2-1.png","contentUrl":"https:\/\/www.pm.pb.gov.br\/portal\/wp-content\/uploads\/2025\/03\/cropped-logo-site-mag2-1.png","width":320,"height":90,"caption":"Pol\u00edcia Militar da Para\u00edba"},"image":{"@id":"https:\/\/www.pm.pb.gov.br\/portal\/#\/schema\/logo\/image\/"}},{"@type":"Person","@id":"https:\/\/www.pm.pb.gov.br\/portal\/#\/schema\/person\/e8454f46651c3ecf0e1ba3c1666d9947","name":"Assessoria de Imprensa da PMPB","image":{"@type":"ImageObject","inLanguage":"pt-BR","@id":"https:\/\/www.pm.pb.gov.br\/portal\/#\/schema\/person\/image\/","url":"https:\/\/secure.gravatar.com\/avatar\/2efe197438265d1e90bd98c4c8e1acf8?s=96&d=mm&r=g","contentUrl":"https:\/\/secure.gravatar.com\/avatar\/2efe197438265d1e90bd98c4c8e1acf8?s=96&d=mm&r=g","caption":"Assessoria de Imprensa da PMPB"},"url":"https:\/\/www.pm.pb.gov.br\/portal\/author\/assessoria\/"}]}},"_links":{"self":[{"href":"https:\/\/www.pm.pb.gov.br\/portal\/wp-json\/wp\/v2\/posts\/927076"}],"collection":[{"href":"https:\/\/www.pm.pb.gov.br\/portal\/wp-json\/wp\/v2\/posts"}],"about":[{"href":"https:\/\/www.pm.pb.gov.br\/portal\/wp-json\/wp\/v2\/types\/post"}],"author":[{"embeddable":true,"href":"https:\/\/www.pm.pb.gov.br\/portal\/wp-json\/wp\/v2\/users\/5"}],"replies":[{"embeddable":true,"href":"https:\/\/www.pm.pb.gov.br\/portal\/wp-json\/wp\/v2\/comments?post=927076"}],"version-history":[{"count":2,"href":"https:\/\/www.pm.pb.gov.br\/portal\/wp-json\/wp\/v2\/posts\/927076\/revisions"}],"predecessor-version":[{"id":927078,"href":"https:\/\/www.pm.pb.gov.br\/portal\/wp-json\/wp\/v2\/posts\/927076\/revisions\/927078"}],"wp:featuredmedia":[{"embeddable":true,"href":"https:\/\/www.pm.pb.gov.br\/portal\/wp-json\/wp\/v2\/media\/915844"}],"wp:attachment":[{"href":"https:\/\/www.pm.pb.gov.br\/portal\/wp-json\/wp\/v2\/media?parent=927076"}],"wp:term":[{"taxonomy":"category","embeddable":true,"href":"https:\/\/www.pm.pb.gov.br\/portal\/wp-json\/wp\/v2\/categories?post=927076"},{"taxonomy":"post_tag","embeddable":true,"href":"https:\/\/www.pm.pb.gov.br\/portal\/wp-json\/wp\/v2\/tags?post=927076"}],"curies":[{"name":"wp","href":"https:\/\/api.w.org\/{rel}","templated":true}]}}