{"id":927073,"date":"2025-06-18T15:18:00","date_gmt":"2025-06-18T18:18:00","guid":{"rendered":"https:\/\/www.pm.pb.gov.br\/portal\/?p=927073"},"modified":"2025-06-18T15:18:01","modified_gmt":"2025-06-18T18:18:01","slug":"cao-labrador-fareja-e-encontra-armas-que-faccao-enterrou-em-comunidade-da-capital-da-paraiba","status":"publish","type":"post","link":"https:\/\/www.pm.pb.gov.br\/portal\/2025\/06\/18\/cao-labrador-fareja-e-encontra-armas-que-faccao-enterrou-em-comunidade-da-capital-da-paraiba\/","title":{"rendered":"C\u00e3o labrador fareja e encontra armas que fac\u00e7\u00e3o enterrou em comunidade da capital da Para\u00edba"},"content":{"rendered":"\n<p>Em mais uma a\u00e7\u00e3o contra a atua\u00e7\u00e3o de fac\u00e7\u00f5es criminosas no bairro de Mandacaru, na tarde desta quarta-feira (18), em Jo\u00e3o Pessoa, a Pol\u00edcia Militar apreendeu uma pistola, um rev\u00f3lver, v\u00e1rias muni\u00e7\u00f5es e cinco carregadores para arma de fogo. O trabalho envolveu a participa\u00e7\u00e3o da For\u00e7a T\u00e1tica e 4\u00aa Companhia do 1\u00ba Batalh\u00e3o, bem como do Canil, coordenado pelo pr\u00f3prio comandante-geral da PM, coronel S\u00e9rgio Fonseca.<\/p>\n<p>Atrav\u00e9s de den\u00fancias, as equipes policiais chegaram at\u00e9 uma casa abandonada, no beco da baleadeira, onde integrantes de uma fac\u00e7\u00e3o criminosa estariam. No local, ningu\u00e9m foi encontrado, mas ao farejar uma \u00e1rea da resid\u00eancia, o c\u00e3o Dark, da ra\u00e7a labrador, localizou as armas que os criminosos tinham escondido.<\/p>\n<p>O material foi levado para a Cidade da Pol\u00edcia Civil, no Geisel.<\/p>\n\n\n","protected":false},"excerpt":{"rendered":"<p>Em mais uma a\u00e7\u00e3o contra a atua\u00e7\u00e3o de fac\u00e7\u00f5es criminosas no bairro de Mandacaru, na tarde desta quarta-feira (18), em<\/p>\n","protected":false},"author":12,"featured_media":927075,"comment_status":"closed","ping_status":"closed","sticky":false,"template":"","format":"standard","meta":{"_exactmetrics_skip_tracking":false,"_exactmetrics_sitenote_active":false,"_exactmetrics_sitenote_note":"","_exactmetrics_sitenote_category":0,"footnotes":""},"categories":[4],"tags":[],"yoast_head":"<!-- This site is optimized with the Yoast SEO plugin v22.0 - https:\/\/yoast.com\/wordpress\/plugins\/seo\/ -->\n<title>C\u00e3o labrador fareja e encontra armas que fac\u00e7\u00e3o enterrou em comunidade da capital da Para\u00edba - Pol\u00edcia Militar da Para\u00edba<\/title>\n<meta name=\"robots\" content=\"index, follow, max-snippet:-1, max-image-preview:large, max-video-preview:-1\" \/>\n<link rel=\"canonical\" href=\"https:\/\/www.pm.pb.gov.br\/portal\/2025\/06\/18\/cao-labrador-fareja-e-encontra-armas-que-faccao-enterrou-em-comunidade-da-capital-da-paraiba\/\" \/>\n<meta property=\"og:locale\" content=\"pt_BR\" \/>\n<meta property=\"og:type\" content=\"article\" \/>\n<meta property=\"og:title\" content=\"C\u00e3o labrador fareja e encontra armas que fac\u00e7\u00e3o enterrou em comunidade da capital da Para\u00edba - Pol\u00edcia Militar da Para\u00edba\" \/>\n<meta property=\"og:description\" content=\"Em mais uma a\u00e7\u00e3o contra a atua\u00e7\u00e3o de fac\u00e7\u00f5es criminosas no bairro de Mandacaru, na tarde desta quarta-feira (18), em\" \/>\n<meta property=\"og:url\" content=\"https:\/\/www.pm.pb.gov.br\/portal\/2025\/06\/18\/cao-labrador-fareja-e-encontra-armas-que-faccao-enterrou-em-comunidade-da-capital-da-paraiba\/\" \/>\n<meta property=\"og:site_name\" content=\"Pol\u00edcia Militar da Para\u00edba\" \/>\n<meta property=\"article:published_time\" content=\"2025-06-18T18:18:00+00:00\" \/>\n<meta property=\"article:modified_time\" content=\"2025-06-18T18:18:01+00:00\" \/>\n<meta property=\"og:image\" content=\"http:\/\/www.pm.pb.gov.br\/portal\/wp-content\/uploads\/2025\/06\/WhatsApp-Image-2025-06-18-at-15.17.06-scaled.jpeg\" \/>\n\t<meta property=\"og:image:width\" content=\"2560\" \/>\n\t<meta property=\"og:image:height\" content=\"1920\" \/>\n\t<meta property=\"og:image:type\" content=\"image\/jpeg\" \/>\n<meta name=\"author\" content=\"Tarcisio Oliveira\" \/>\n<meta name=\"twitter:card\" content=\"summary_large_image\" \/>\n<meta name=\"twitter:label1\" content=\"Escrito por\" \/>\n\t<meta name=\"twitter:data1\" content=\"Tarcisio Oliveira\" \/>\n\t<meta name=\"twitter:label2\" content=\"Est. tempo de leitura\" \/>\n\t<meta name=\"twitter:data2\" content=\"1 minuto\" \/>\n<script type=\"application\/ld+json\" class=\"yoast-schema-graph\">{\"@context\":\"https:\/\/schema.org\",\"@graph\":[{\"@type\":\"Article\",\"@id\":\"https:\/\/www.pm.pb.gov.br\/portal\/2025\/06\/18\/cao-labrador-fareja-e-encontra-armas-que-faccao-enterrou-em-comunidade-da-capital-da-paraiba\/#article\",\"isPartOf\":{\"@id\":\"https:\/\/www.pm.pb.gov.br\/portal\/2025\/06\/18\/cao-labrador-fareja-e-encontra-armas-que-faccao-enterrou-em-comunidade-da-capital-da-paraiba\/\"},\"author\":{\"name\":\"Tarcisio Oliveira\",\"@id\":\"https:\/\/www.pm.pb.gov.br\/portal\/#\/schema\/person\/f84f56dcc78ce4357054da888b8247fd\"},\"headline\":\"C\u00e3o labrador fareja e encontra armas que fac\u00e7\u00e3o enterrou em comunidade da capital da Para\u00edba\",\"datePublished\":\"2025-06-18T18:18:00+00:00\",\"dateModified\":\"2025-06-18T18:18:01+00:00\",\"mainEntityOfPage\":{\"@id\":\"https:\/\/www.pm.pb.gov.br\/portal\/2025\/06\/18\/cao-labrador-fareja-e-encontra-armas-que-faccao-enterrou-em-comunidade-da-capital-da-paraiba\/\"},\"wordCount\":163,\"publisher\":{\"@id\":\"https:\/\/www.pm.pb.gov.br\/portal\/#organization\"},\"articleSection\":[\"A\u00e7\u00f5es Policiais\"],\"inLanguage\":\"pt-BR\"},{\"@type\":\"WebPage\",\"@id\":\"https:\/\/www.pm.pb.gov.br\/portal\/2025\/06\/18\/cao-labrador-fareja-e-encontra-armas-que-faccao-enterrou-em-comunidade-da-capital-da-paraiba\/\",\"url\":\"https:\/\/www.pm.pb.gov.br\/portal\/2025\/06\/18\/cao-labrador-fareja-e-encontra-armas-que-faccao-enterrou-em-comunidade-da-capital-da-paraiba\/\",\"name\":\"C\u00e3o labrador fareja e encontra armas que fac\u00e7\u00e3o enterrou em comunidade da capital da Para\u00edba - Pol\u00edcia Militar da Para\u00edba\",\"isPartOf\":{\"@id\":\"https:\/\/www.pm.pb.gov.br\/portal\/#website\"},\"datePublished\":\"2025-06-18T18:18:00+00:00\",\"dateModified\":\"2025-06-18T18:18:01+00:00\",\"breadcrumb\":{\"@id\":\"https:\/\/www.pm.pb.gov.br\/portal\/2025\/06\/18\/cao-labrador-fareja-e-encontra-armas-que-faccao-enterrou-em-comunidade-da-capital-da-paraiba\/#breadcrumb\"},\"inLanguage\":\"pt-BR\",\"potentialAction\":[{\"@type\":\"ReadAction\",\"target\":[\"https:\/\/www.pm.pb.gov.br\/portal\/2025\/06\/18\/cao-labrador-fareja-e-encontra-armas-que-faccao-enterrou-em-comunidade-da-capital-da-paraiba\/\"]}]},{\"@type\":\"BreadcrumbList\",\"@id\":\"https:\/\/www.pm.pb.gov.br\/portal\/2025\/06\/18\/cao-labrador-fareja-e-encontra-armas-que-faccao-enterrou-em-comunidade-da-capital-da-paraiba\/#breadcrumb\",\"itemListElement\":[{\"@type\":\"ListItem\",\"position\":1,\"name\":\"In\u00edcio\",\"item\":\"https:\/\/www.pm.pb.gov.br\/portal\/\"},{\"@type\":\"ListItem\",\"position\":2,\"name\":\"C\u00e3o labrador fareja e encontra armas que fac\u00e7\u00e3o enterrou em comunidade da capital da Para\u00edba\"}]},{\"@type\":\"WebSite\",\"@id\":\"https:\/\/www.pm.pb.gov.br\/portal\/#website\",\"url\":\"https:\/\/www.pm.pb.gov.br\/portal\/\",\"name\":\"Pol\u00edcia Militar da Para\u00edba\",\"description\":\"\",\"publisher\":{\"@id\":\"https:\/\/www.pm.pb.gov.br\/portal\/#organization\"},\"potentialAction\":[{\"@type\":\"SearchAction\",\"target\":{\"@type\":\"EntryPoint\",\"urlTemplate\":\"https:\/\/www.pm.pb.gov.br\/portal\/?s={search_term_string}\"},\"query-input\":\"required name=search_term_string\"}],\"inLanguage\":\"pt-BR\"},{\"@type\":\"Organization\",\"@id\":\"https:\/\/www.pm.pb.gov.br\/portal\/#organization\",\"name\":\"Pol\u00edcia Militar da Para\u00edba\",\"url\":\"https:\/\/www.pm.pb.gov.br\/portal\/\",\"logo\":{\"@type\":\"ImageObject\",\"inLanguage\":\"pt-BR\",\"@id\":\"https:\/\/www.pm.pb.gov.br\/portal\/#\/schema\/logo\/image\/\",\"url\":\"https:\/\/www.pm.pb.gov.br\/portal\/wp-content\/uploads\/2025\/03\/cropped-logo-site-mag2-1.png\",\"contentUrl\":\"https:\/\/www.pm.pb.gov.br\/portal\/wp-content\/uploads\/2025\/03\/cropped-logo-site-mag2-1.png\",\"width\":320,\"height\":90,\"caption\":\"Pol\u00edcia Militar da Para\u00edba\"},\"image\":{\"@id\":\"https:\/\/www.pm.pb.gov.br\/portal\/#\/schema\/logo\/image\/\"}},{\"@type\":\"Person\",\"@id\":\"https:\/\/www.pm.pb.gov.br\/portal\/#\/schema\/person\/f84f56dcc78ce4357054da888b8247fd\",\"name\":\"Tarcisio Oliveira\",\"image\":{\"@type\":\"ImageObject\",\"inLanguage\":\"pt-BR\",\"@id\":\"https:\/\/www.pm.pb.gov.br\/portal\/#\/schema\/person\/image\/\",\"url\":\"https:\/\/secure.gravatar.com\/avatar\/72917b630b69d31cd0297507f34bac97?s=96&d=mm&r=g\",\"contentUrl\":\"https:\/\/secure.gravatar.com\/avatar\/72917b630b69d31cd0297507f34bac97?s=96&d=mm&r=g\",\"caption\":\"Tarcisio Oliveira\"},\"url\":\"https:\/\/www.pm.pb.gov.br\/portal\/author\/tarcisio\/\"}]}<\/script>\n<!-- \/ Yoast SEO plugin. -->","yoast_head_json":{"title":"C\u00e3o labrador fareja e encontra armas que fac\u00e7\u00e3o enterrou em comunidade da capital da Para\u00edba - Pol\u00edcia Militar da Para\u00edba","robots":{"index":"index","follow":"follow","max-snippet":"max-snippet:-1","max-image-preview":"max-image-preview:large","max-video-preview":"max-video-preview:-1"},"canonical":"https:\/\/www.pm.pb.gov.br\/portal\/2025\/06\/18\/cao-labrador-fareja-e-encontra-armas-que-faccao-enterrou-em-comunidade-da-capital-da-paraiba\/","og_locale":"pt_BR","og_type":"article","og_title":"C\u00e3o labrador fareja e encontra armas que fac\u00e7\u00e3o enterrou em comunidade da capital da Para\u00edba - Pol\u00edcia Militar da Para\u00edba","og_description":"Em mais uma a\u00e7\u00e3o contra a atua\u00e7\u00e3o de fac\u00e7\u00f5es criminosas no bairro de Mandacaru, na tarde desta quarta-feira (18), em","og_url":"https:\/\/www.pm.pb.gov.br\/portal\/2025\/06\/18\/cao-labrador-fareja-e-encontra-armas-que-faccao-enterrou-em-comunidade-da-capital-da-paraiba\/","og_site_name":"Pol\u00edcia Militar da Para\u00edba","article_published_time":"2025-06-18T18:18:00+00:00","article_modified_time":"2025-06-18T18:18:01+00:00","og_image":[{"width":2560,"height":1920,"url":"http:\/\/www.pm.pb.gov.br\/portal\/wp-content\/uploads\/2025\/06\/WhatsApp-Image-2025-06-18-at-15.17.06-scaled.jpeg","type":"image\/jpeg"}],"author":"Tarcisio Oliveira","twitter_card":"summary_large_image","twitter_misc":{"Escrito por":"Tarcisio Oliveira","Est. tempo de leitura":"1 minuto"},"schema":{"@context":"https:\/\/schema.org","@graph":[{"@type":"Article","@id":"https:\/\/www.pm.pb.gov.br\/portal\/2025\/06\/18\/cao-labrador-fareja-e-encontra-armas-que-faccao-enterrou-em-comunidade-da-capital-da-paraiba\/#article","isPartOf":{"@id":"https:\/\/www.pm.pb.gov.br\/portal\/2025\/06\/18\/cao-labrador-fareja-e-encontra-armas-que-faccao-enterrou-em-comunidade-da-capital-da-paraiba\/"},"author":{"name":"Tarcisio Oliveira","@id":"https:\/\/www.pm.pb.gov.br\/portal\/#\/schema\/person\/f84f56dcc78ce4357054da888b8247fd"},"headline":"C\u00e3o labrador fareja e encontra armas que fac\u00e7\u00e3o enterrou em comunidade da capital da Para\u00edba","datePublished":"2025-06-18T18:18:00+00:00","dateModified":"2025-06-18T18:18:01+00:00","mainEntityOfPage":{"@id":"https:\/\/www.pm.pb.gov.br\/portal\/2025\/06\/18\/cao-labrador-fareja-e-encontra-armas-que-faccao-enterrou-em-comunidade-da-capital-da-paraiba\/"},"wordCount":163,"publisher":{"@id":"https:\/\/www.pm.pb.gov.br\/portal\/#organization"},"articleSection":["A\u00e7\u00f5es Policiais"],"inLanguage":"pt-BR"},{"@type":"WebPage","@id":"https:\/\/www.pm.pb.gov.br\/portal\/2025\/06\/18\/cao-labrador-fareja-e-encontra-armas-que-faccao-enterrou-em-comunidade-da-capital-da-paraiba\/","url":"https:\/\/www.pm.pb.gov.br\/portal\/2025\/06\/18\/cao-labrador-fareja-e-encontra-armas-que-faccao-enterrou-em-comunidade-da-capital-da-paraiba\/","name":"C\u00e3o labrador fareja e encontra armas que fac\u00e7\u00e3o enterrou em comunidade da capital da Para\u00edba - Pol\u00edcia Militar da Para\u00edba","isPartOf":{"@id":"https:\/\/www.pm.pb.gov.br\/portal\/#website"},"datePublished":"2025-06-18T18:18:00+00:00","dateModified":"2025-06-18T18:18:01+00:00","breadcrumb":{"@id":"https:\/\/www.pm.pb.gov.br\/portal\/2025\/06\/18\/cao-labrador-fareja-e-encontra-armas-que-faccao-enterrou-em-comunidade-da-capital-da-paraiba\/#breadcrumb"},"inLanguage":"pt-BR","potentialAction":[{"@type":"ReadAction","target":["https:\/\/www.pm.pb.gov.br\/portal\/2025\/06\/18\/cao-labrador-fareja-e-encontra-armas-que-faccao-enterrou-em-comunidade-da-capital-da-paraiba\/"]}]},{"@type":"BreadcrumbList","@id":"https:\/\/www.pm.pb.gov.br\/portal\/2025\/06\/18\/cao-labrador-fareja-e-encontra-armas-que-faccao-enterrou-em-comunidade-da-capital-da-paraiba\/#breadcrumb","itemListElement":[{"@type":"ListItem","position":1,"name":"In\u00edcio","item":"https:\/\/www.pm.pb.gov.br\/portal\/"},{"@type":"ListItem","position":2,"name":"C\u00e3o labrador fareja e encontra armas que fac\u00e7\u00e3o enterrou em comunidade da capital da Para\u00edba"}]},{"@type":"WebSite","@id":"https:\/\/www.pm.pb.gov.br\/portal\/#website","url":"https:\/\/www.pm.pb.gov.br\/portal\/","name":"Pol\u00edcia Militar da Para\u00edba","description":"","publisher":{"@id":"https:\/\/www.pm.pb.gov.br\/portal\/#organization"},"potentialAction":[{"@type":"SearchAction","target":{"@type":"EntryPoint","urlTemplate":"https:\/\/www.pm.pb.gov.br\/portal\/?s={search_term_string}"},"query-input":"required name=search_term_string"}],"inLanguage":"pt-BR"},{"@type":"Organization","@id":"https:\/\/www.pm.pb.gov.br\/portal\/#organization","name":"Pol\u00edcia Militar da Para\u00edba","url":"https:\/\/www.pm.pb.gov.br\/portal\/","logo":{"@type":"ImageObject","inLanguage":"pt-BR","@id":"https:\/\/www.pm.pb.gov.br\/portal\/#\/schema\/logo\/image\/","url":"https:\/\/www.pm.pb.gov.br\/portal\/wp-content\/uploads\/2025\/03\/cropped-logo-site-mag2-1.png","contentUrl":"https:\/\/www.pm.pb.gov.br\/portal\/wp-content\/uploads\/2025\/03\/cropped-logo-site-mag2-1.png","width":320,"height":90,"caption":"Pol\u00edcia Militar da Para\u00edba"},"image":{"@id":"https:\/\/www.pm.pb.gov.br\/portal\/#\/schema\/logo\/image\/"}},{"@type":"Person","@id":"https:\/\/www.pm.pb.gov.br\/portal\/#\/schema\/person\/f84f56dcc78ce4357054da888b8247fd","name":"Tarcisio Oliveira","image":{"@type":"ImageObject","inLanguage":"pt-BR","@id":"https:\/\/www.pm.pb.gov.br\/portal\/#\/schema\/person\/image\/","url":"https:\/\/secure.gravatar.com\/avatar\/72917b630b69d31cd0297507f34bac97?s=96&d=mm&r=g","contentUrl":"https:\/\/secure.gravatar.com\/avatar\/72917b630b69d31cd0297507f34bac97?s=96&d=mm&r=g","caption":"Tarcisio Oliveira"},"url":"https:\/\/www.pm.pb.gov.br\/portal\/author\/tarcisio\/"}]}},"_links":{"self":[{"href":"https:\/\/www.pm.pb.gov.br\/portal\/wp-json\/wp\/v2\/posts\/927073"}],"collection":[{"href":"https:\/\/www.pm.pb.gov.br\/portal\/wp-json\/wp\/v2\/posts"}],"about":[{"href":"https:\/\/www.pm.pb.gov.br\/portal\/wp-json\/wp\/v2\/types\/post"}],"author":[{"embeddable":true,"href":"https:\/\/www.pm.pb.gov.br\/portal\/wp-json\/wp\/v2\/users\/12"}],"replies":[{"embeddable":true,"href":"https:\/\/www.pm.pb.gov.br\/portal\/wp-json\/wp\/v2\/comments?post=927073"}],"version-history":[{"count":1,"href":"https:\/\/www.pm.pb.gov.br\/portal\/wp-json\/wp\/v2\/posts\/927073\/revisions"}],"predecessor-version":[{"id":927074,"href":"https:\/\/www.pm.pb.gov.br\/portal\/wp-json\/wp\/v2\/posts\/927073\/revisions\/927074"}],"wp:featuredmedia":[{"embeddable":true,"href":"https:\/\/www.pm.pb.gov.br\/portal\/wp-json\/wp\/v2\/media\/927075"}],"wp:attachment":[{"href":"https:\/\/www.pm.pb.gov.br\/portal\/wp-json\/wp\/v2\/media?parent=927073"}],"wp:term":[{"taxonomy":"category","embeddable":true,"href":"https:\/\/www.pm.pb.gov.br\/portal\/wp-json\/wp\/v2\/categories?post=927073"},{"taxonomy":"post_tag","embeddable":true,"href":"https:\/\/www.pm.pb.gov.br\/portal\/wp-json\/wp\/v2\/tags?post=927073"}],"curies":[{"name":"wp","href":"https:\/\/api.w.org\/{rel}","templated":true}]}}