{"id":927054,"date":"2025-06-17T10:37:09","date_gmt":"2025-06-17T13:37:09","guid":{"rendered":"https:\/\/www.pm.pb.gov.br\/portal\/?p=927054"},"modified":"2025-06-17T10:37:12","modified_gmt":"2025-06-17T13:37:12","slug":"17-anos-de-prisao-policia-militar-prende-procurado-da-justica-por-homicidio-em-joao-pessoa","status":"publish","type":"post","link":"https:\/\/www.pm.pb.gov.br\/portal\/2025\/06\/17\/17-anos-de-prisao-policia-militar-prende-procurado-da-justica-por-homicidio-em-joao-pessoa\/","title":{"rendered":"17 anos de pris\u00e3o: Pol\u00edcia Militar prende procurado da justi\u00e7a por homic\u00eddio em Jo\u00e3o Pessoa"},"content":{"rendered":"Um homem de 41 anos, que estava sendo procurado pela justi\u00e7a para cumprir a condena\u00e7\u00e3o de 17 anos de pris\u00e3o por homic\u00eddio, foi localizado e preso pela For\u00e7a Regional, nessa segunda-feira (17), no bairro de Mangabeira, zona sul de Jo\u00e3o Pessoa. A pris\u00e3o aconteceu durante patrulhamento t\u00e1tico.<br \/><br \/>Com esse, j\u00e1 s\u00e3o 62 mandados de pris\u00e3o cumpridos pela For\u00e7a Regional contra procurados da justi\u00e7a, na regi\u00e3o metropolitana de Jo\u00e3o Pessoa, somente este ano. Os presos s\u00e3o apresentados nas delegacias e em seguida levados para os pres\u00eddios da Capital.<br \/><br \/>","protected":false},"excerpt":{"rendered":"<p>Um homem de 41 anos, que estava sendo procurado pela justi\u00e7a para cumprir a condena\u00e7\u00e3o de 17 anos de pris\u00e3o<\/p>\n","protected":false},"author":18,"featured_media":923526,"comment_status":"closed","ping_status":"closed","sticky":false,"template":"","format":"standard","meta":{"_exactmetrics_skip_tracking":false,"_exactmetrics_sitenote_active":false,"_exactmetrics_sitenote_note":"","_exactmetrics_sitenote_category":0,"footnotes":""},"categories":[4],"tags":[],"yoast_head":"<!-- This site is optimized with the Yoast SEO plugin v22.0 - https:\/\/yoast.com\/wordpress\/plugins\/seo\/ -->\n<title>17 anos de pris\u00e3o: Pol\u00edcia Militar prende procurado da justi\u00e7a por homic\u00eddio em Jo\u00e3o Pessoa - Pol\u00edcia Militar da Para\u00edba<\/title>\n<meta name=\"robots\" content=\"index, follow, max-snippet:-1, max-image-preview:large, max-video-preview:-1\" \/>\n<link rel=\"canonical\" href=\"https:\/\/www.pm.pb.gov.br\/portal\/2025\/06\/17\/17-anos-de-prisao-policia-militar-prende-procurado-da-justica-por-homicidio-em-joao-pessoa\/\" \/>\n<meta property=\"og:locale\" content=\"pt_BR\" \/>\n<meta property=\"og:type\" content=\"article\" \/>\n<meta property=\"og:title\" content=\"17 anos de pris\u00e3o: Pol\u00edcia Militar prende procurado da justi\u00e7a por homic\u00eddio em Jo\u00e3o Pessoa - Pol\u00edcia Militar da Para\u00edba\" \/>\n<meta property=\"og:description\" content=\"Um homem de 41 anos, que estava sendo procurado pela justi\u00e7a para cumprir a condena\u00e7\u00e3o de 17 anos de pris\u00e3o\" \/>\n<meta property=\"og:url\" content=\"https:\/\/www.pm.pb.gov.br\/portal\/2025\/06\/17\/17-anos-de-prisao-policia-militar-prende-procurado-da-justica-por-homicidio-em-joao-pessoa\/\" \/>\n<meta property=\"og:site_name\" content=\"Pol\u00edcia Militar da Para\u00edba\" \/>\n<meta property=\"article:published_time\" content=\"2025-06-17T13:37:09+00:00\" \/>\n<meta property=\"article:modified_time\" content=\"2025-06-17T13:37:12+00:00\" \/>\n<meta property=\"og:image\" content=\"http:\/\/www.pm.pb.gov.br\/portal\/wp-content\/uploads\/2024\/08\/forca_regional1.jpeg\" \/>\n\t<meta property=\"og:image:width\" content=\"800\" \/>\n\t<meta property=\"og:image:height\" content=\"445\" \/>\n\t<meta property=\"og:image:type\" content=\"image\/jpeg\" \/>\n<meta name=\"author\" content=\"Luiz Duarte\" \/>\n<meta name=\"twitter:card\" content=\"summary_large_image\" \/>\n<meta name=\"twitter:label1\" content=\"Escrito por\" \/>\n\t<meta name=\"twitter:data1\" content=\"Luiz Duarte\" \/>\n\t<meta name=\"twitter:label2\" content=\"Est. tempo de leitura\" \/>\n\t<meta name=\"twitter:data2\" content=\"1 minuto\" \/>\n<script type=\"application\/ld+json\" class=\"yoast-schema-graph\">{\"@context\":\"https:\/\/schema.org\",\"@graph\":[{\"@type\":\"Article\",\"@id\":\"https:\/\/www.pm.pb.gov.br\/portal\/2025\/06\/17\/17-anos-de-prisao-policia-militar-prende-procurado-da-justica-por-homicidio-em-joao-pessoa\/#article\",\"isPartOf\":{\"@id\":\"https:\/\/www.pm.pb.gov.br\/portal\/2025\/06\/17\/17-anos-de-prisao-policia-militar-prende-procurado-da-justica-por-homicidio-em-joao-pessoa\/\"},\"author\":{\"name\":\"Luiz Duarte\",\"@id\":\"https:\/\/www.pm.pb.gov.br\/portal\/#\/schema\/person\/89dd009e2523c97adf8def1d6cf90ca1\"},\"headline\":\"17 anos de pris\u00e3o: Pol\u00edcia Militar prende procurado da justi\u00e7a por homic\u00eddio em Jo\u00e3o Pessoa\",\"datePublished\":\"2025-06-17T13:37:09+00:00\",\"dateModified\":\"2025-06-17T13:37:12+00:00\",\"mainEntityOfPage\":{\"@id\":\"https:\/\/www.pm.pb.gov.br\/portal\/2025\/06\/17\/17-anos-de-prisao-policia-militar-prende-procurado-da-justica-por-homicidio-em-joao-pessoa\/\"},\"wordCount\":118,\"publisher\":{\"@id\":\"https:\/\/www.pm.pb.gov.br\/portal\/#organization\"},\"articleSection\":[\"A\u00e7\u00f5es Policiais\"],\"inLanguage\":\"pt-BR\"},{\"@type\":\"WebPage\",\"@id\":\"https:\/\/www.pm.pb.gov.br\/portal\/2025\/06\/17\/17-anos-de-prisao-policia-militar-prende-procurado-da-justica-por-homicidio-em-joao-pessoa\/\",\"url\":\"https:\/\/www.pm.pb.gov.br\/portal\/2025\/06\/17\/17-anos-de-prisao-policia-militar-prende-procurado-da-justica-por-homicidio-em-joao-pessoa\/\",\"name\":\"17 anos de pris\u00e3o: Pol\u00edcia Militar prende procurado da justi\u00e7a por homic\u00eddio em Jo\u00e3o Pessoa - Pol\u00edcia Militar da Para\u00edba\",\"isPartOf\":{\"@id\":\"https:\/\/www.pm.pb.gov.br\/portal\/#website\"},\"datePublished\":\"2025-06-17T13:37:09+00:00\",\"dateModified\":\"2025-06-17T13:37:12+00:00\",\"breadcrumb\":{\"@id\":\"https:\/\/www.pm.pb.gov.br\/portal\/2025\/06\/17\/17-anos-de-prisao-policia-militar-prende-procurado-da-justica-por-homicidio-em-joao-pessoa\/#breadcrumb\"},\"inLanguage\":\"pt-BR\",\"potentialAction\":[{\"@type\":\"ReadAction\",\"target\":[\"https:\/\/www.pm.pb.gov.br\/portal\/2025\/06\/17\/17-anos-de-prisao-policia-militar-prende-procurado-da-justica-por-homicidio-em-joao-pessoa\/\"]}]},{\"@type\":\"BreadcrumbList\",\"@id\":\"https:\/\/www.pm.pb.gov.br\/portal\/2025\/06\/17\/17-anos-de-prisao-policia-militar-prende-procurado-da-justica-por-homicidio-em-joao-pessoa\/#breadcrumb\",\"itemListElement\":[{\"@type\":\"ListItem\",\"position\":1,\"name\":\"In\u00edcio\",\"item\":\"https:\/\/www.pm.pb.gov.br\/portal\/\"},{\"@type\":\"ListItem\",\"position\":2,\"name\":\"17 anos de pris\u00e3o: Pol\u00edcia Militar prende procurado da justi\u00e7a por homic\u00eddio em Jo\u00e3o Pessoa\"}]},{\"@type\":\"WebSite\",\"@id\":\"https:\/\/www.pm.pb.gov.br\/portal\/#website\",\"url\":\"https:\/\/www.pm.pb.gov.br\/portal\/\",\"name\":\"Pol\u00edcia Militar da Para\u00edba\",\"description\":\"\",\"publisher\":{\"@id\":\"https:\/\/www.pm.pb.gov.br\/portal\/#organization\"},\"potentialAction\":[{\"@type\":\"SearchAction\",\"target\":{\"@type\":\"EntryPoint\",\"urlTemplate\":\"https:\/\/www.pm.pb.gov.br\/portal\/?s={search_term_string}\"},\"query-input\":\"required name=search_term_string\"}],\"inLanguage\":\"pt-BR\"},{\"@type\":\"Organization\",\"@id\":\"https:\/\/www.pm.pb.gov.br\/portal\/#organization\",\"name\":\"Pol\u00edcia Militar da Para\u00edba\",\"url\":\"https:\/\/www.pm.pb.gov.br\/portal\/\",\"logo\":{\"@type\":\"ImageObject\",\"inLanguage\":\"pt-BR\",\"@id\":\"https:\/\/www.pm.pb.gov.br\/portal\/#\/schema\/logo\/image\/\",\"url\":\"https:\/\/www.pm.pb.gov.br\/portal\/wp-content\/uploads\/2025\/03\/cropped-logo-site-mag2-1.png\",\"contentUrl\":\"https:\/\/www.pm.pb.gov.br\/portal\/wp-content\/uploads\/2025\/03\/cropped-logo-site-mag2-1.png\",\"width\":320,\"height\":90,\"caption\":\"Pol\u00edcia Militar da Para\u00edba\"},\"image\":{\"@id\":\"https:\/\/www.pm.pb.gov.br\/portal\/#\/schema\/logo\/image\/\"}},{\"@type\":\"Person\",\"@id\":\"https:\/\/www.pm.pb.gov.br\/portal\/#\/schema\/person\/89dd009e2523c97adf8def1d6cf90ca1\",\"name\":\"Luiz Duarte\",\"image\":{\"@type\":\"ImageObject\",\"inLanguage\":\"pt-BR\",\"@id\":\"https:\/\/www.pm.pb.gov.br\/portal\/#\/schema\/person\/image\/\",\"url\":\"https:\/\/secure.gravatar.com\/avatar\/ce5539b97246ef4d24dd039a3f64145b?s=96&d=mm&r=g\",\"contentUrl\":\"https:\/\/secure.gravatar.com\/avatar\/ce5539b97246ef4d24dd039a3f64145b?s=96&d=mm&r=g\",\"caption\":\"Luiz Duarte\"},\"url\":\"https:\/\/www.pm.pb.gov.br\/portal\/author\/luiz\/\"}]}<\/script>\n<!-- \/ Yoast SEO plugin. -->","yoast_head_json":{"title":"17 anos de pris\u00e3o: Pol\u00edcia Militar prende procurado da justi\u00e7a por homic\u00eddio em Jo\u00e3o Pessoa - Pol\u00edcia Militar da Para\u00edba","robots":{"index":"index","follow":"follow","max-snippet":"max-snippet:-1","max-image-preview":"max-image-preview:large","max-video-preview":"max-video-preview:-1"},"canonical":"https:\/\/www.pm.pb.gov.br\/portal\/2025\/06\/17\/17-anos-de-prisao-policia-militar-prende-procurado-da-justica-por-homicidio-em-joao-pessoa\/","og_locale":"pt_BR","og_type":"article","og_title":"17 anos de pris\u00e3o: Pol\u00edcia Militar prende procurado da justi\u00e7a por homic\u00eddio em Jo\u00e3o Pessoa - Pol\u00edcia Militar da Para\u00edba","og_description":"Um homem de 41 anos, que estava sendo procurado pela justi\u00e7a para cumprir a condena\u00e7\u00e3o de 17 anos de pris\u00e3o","og_url":"https:\/\/www.pm.pb.gov.br\/portal\/2025\/06\/17\/17-anos-de-prisao-policia-militar-prende-procurado-da-justica-por-homicidio-em-joao-pessoa\/","og_site_name":"Pol\u00edcia Militar da Para\u00edba","article_published_time":"2025-06-17T13:37:09+00:00","article_modified_time":"2025-06-17T13:37:12+00:00","og_image":[{"width":800,"height":445,"url":"http:\/\/www.pm.pb.gov.br\/portal\/wp-content\/uploads\/2024\/08\/forca_regional1.jpeg","type":"image\/jpeg"}],"author":"Luiz Duarte","twitter_card":"summary_large_image","twitter_misc":{"Escrito por":"Luiz Duarte","Est. tempo de leitura":"1 minuto"},"schema":{"@context":"https:\/\/schema.org","@graph":[{"@type":"Article","@id":"https:\/\/www.pm.pb.gov.br\/portal\/2025\/06\/17\/17-anos-de-prisao-policia-militar-prende-procurado-da-justica-por-homicidio-em-joao-pessoa\/#article","isPartOf":{"@id":"https:\/\/www.pm.pb.gov.br\/portal\/2025\/06\/17\/17-anos-de-prisao-policia-militar-prende-procurado-da-justica-por-homicidio-em-joao-pessoa\/"},"author":{"name":"Luiz Duarte","@id":"https:\/\/www.pm.pb.gov.br\/portal\/#\/schema\/person\/89dd009e2523c97adf8def1d6cf90ca1"},"headline":"17 anos de pris\u00e3o: Pol\u00edcia Militar prende procurado da justi\u00e7a por homic\u00eddio em Jo\u00e3o Pessoa","datePublished":"2025-06-17T13:37:09+00:00","dateModified":"2025-06-17T13:37:12+00:00","mainEntityOfPage":{"@id":"https:\/\/www.pm.pb.gov.br\/portal\/2025\/06\/17\/17-anos-de-prisao-policia-militar-prende-procurado-da-justica-por-homicidio-em-joao-pessoa\/"},"wordCount":118,"publisher":{"@id":"https:\/\/www.pm.pb.gov.br\/portal\/#organization"},"articleSection":["A\u00e7\u00f5es Policiais"],"inLanguage":"pt-BR"},{"@type":"WebPage","@id":"https:\/\/www.pm.pb.gov.br\/portal\/2025\/06\/17\/17-anos-de-prisao-policia-militar-prende-procurado-da-justica-por-homicidio-em-joao-pessoa\/","url":"https:\/\/www.pm.pb.gov.br\/portal\/2025\/06\/17\/17-anos-de-prisao-policia-militar-prende-procurado-da-justica-por-homicidio-em-joao-pessoa\/","name":"17 anos de pris\u00e3o: Pol\u00edcia Militar prende procurado da justi\u00e7a por homic\u00eddio em Jo\u00e3o Pessoa - Pol\u00edcia Militar da Para\u00edba","isPartOf":{"@id":"https:\/\/www.pm.pb.gov.br\/portal\/#website"},"datePublished":"2025-06-17T13:37:09+00:00","dateModified":"2025-06-17T13:37:12+00:00","breadcrumb":{"@id":"https:\/\/www.pm.pb.gov.br\/portal\/2025\/06\/17\/17-anos-de-prisao-policia-militar-prende-procurado-da-justica-por-homicidio-em-joao-pessoa\/#breadcrumb"},"inLanguage":"pt-BR","potentialAction":[{"@type":"ReadAction","target":["https:\/\/www.pm.pb.gov.br\/portal\/2025\/06\/17\/17-anos-de-prisao-policia-militar-prende-procurado-da-justica-por-homicidio-em-joao-pessoa\/"]}]},{"@type":"BreadcrumbList","@id":"https:\/\/www.pm.pb.gov.br\/portal\/2025\/06\/17\/17-anos-de-prisao-policia-militar-prende-procurado-da-justica-por-homicidio-em-joao-pessoa\/#breadcrumb","itemListElement":[{"@type":"ListItem","position":1,"name":"In\u00edcio","item":"https:\/\/www.pm.pb.gov.br\/portal\/"},{"@type":"ListItem","position":2,"name":"17 anos de pris\u00e3o: Pol\u00edcia Militar prende procurado da justi\u00e7a por homic\u00eddio em Jo\u00e3o Pessoa"}]},{"@type":"WebSite","@id":"https:\/\/www.pm.pb.gov.br\/portal\/#website","url":"https:\/\/www.pm.pb.gov.br\/portal\/","name":"Pol\u00edcia Militar da Para\u00edba","description":"","publisher":{"@id":"https:\/\/www.pm.pb.gov.br\/portal\/#organization"},"potentialAction":[{"@type":"SearchAction","target":{"@type":"EntryPoint","urlTemplate":"https:\/\/www.pm.pb.gov.br\/portal\/?s={search_term_string}"},"query-input":"required name=search_term_string"}],"inLanguage":"pt-BR"},{"@type":"Organization","@id":"https:\/\/www.pm.pb.gov.br\/portal\/#organization","name":"Pol\u00edcia Militar da Para\u00edba","url":"https:\/\/www.pm.pb.gov.br\/portal\/","logo":{"@type":"ImageObject","inLanguage":"pt-BR","@id":"https:\/\/www.pm.pb.gov.br\/portal\/#\/schema\/logo\/image\/","url":"https:\/\/www.pm.pb.gov.br\/portal\/wp-content\/uploads\/2025\/03\/cropped-logo-site-mag2-1.png","contentUrl":"https:\/\/www.pm.pb.gov.br\/portal\/wp-content\/uploads\/2025\/03\/cropped-logo-site-mag2-1.png","width":320,"height":90,"caption":"Pol\u00edcia Militar da Para\u00edba"},"image":{"@id":"https:\/\/www.pm.pb.gov.br\/portal\/#\/schema\/logo\/image\/"}},{"@type":"Person","@id":"https:\/\/www.pm.pb.gov.br\/portal\/#\/schema\/person\/89dd009e2523c97adf8def1d6cf90ca1","name":"Luiz Duarte","image":{"@type":"ImageObject","inLanguage":"pt-BR","@id":"https:\/\/www.pm.pb.gov.br\/portal\/#\/schema\/person\/image\/","url":"https:\/\/secure.gravatar.com\/avatar\/ce5539b97246ef4d24dd039a3f64145b?s=96&d=mm&r=g","contentUrl":"https:\/\/secure.gravatar.com\/avatar\/ce5539b97246ef4d24dd039a3f64145b?s=96&d=mm&r=g","caption":"Luiz Duarte"},"url":"https:\/\/www.pm.pb.gov.br\/portal\/author\/luiz\/"}]}},"_links":{"self":[{"href":"https:\/\/www.pm.pb.gov.br\/portal\/wp-json\/wp\/v2\/posts\/927054"}],"collection":[{"href":"https:\/\/www.pm.pb.gov.br\/portal\/wp-json\/wp\/v2\/posts"}],"about":[{"href":"https:\/\/www.pm.pb.gov.br\/portal\/wp-json\/wp\/v2\/types\/post"}],"author":[{"embeddable":true,"href":"https:\/\/www.pm.pb.gov.br\/portal\/wp-json\/wp\/v2\/users\/18"}],"replies":[{"embeddable":true,"href":"https:\/\/www.pm.pb.gov.br\/portal\/wp-json\/wp\/v2\/comments?post=927054"}],"version-history":[{"count":2,"href":"https:\/\/www.pm.pb.gov.br\/portal\/wp-json\/wp\/v2\/posts\/927054\/revisions"}],"predecessor-version":[{"id":927059,"href":"https:\/\/www.pm.pb.gov.br\/portal\/wp-json\/wp\/v2\/posts\/927054\/revisions\/927059"}],"wp:featuredmedia":[{"embeddable":true,"href":"https:\/\/www.pm.pb.gov.br\/portal\/wp-json\/wp\/v2\/media\/923526"}],"wp:attachment":[{"href":"https:\/\/www.pm.pb.gov.br\/portal\/wp-json\/wp\/v2\/media?parent=927054"}],"wp:term":[{"taxonomy":"category","embeddable":true,"href":"https:\/\/www.pm.pb.gov.br\/portal\/wp-json\/wp\/v2\/categories?post=927054"},{"taxonomy":"post_tag","embeddable":true,"href":"https:\/\/www.pm.pb.gov.br\/portal\/wp-json\/wp\/v2\/tags?post=927054"}],"curies":[{"name":"wp","href":"https:\/\/api.w.org\/{rel}","templated":true}]}}