{"id":927050,"date":"2025-06-17T09:36:39","date_gmt":"2025-06-17T12:36:39","guid":{"rendered":"https:\/\/www.pm.pb.gov.br\/portal\/?p=927050"},"modified":"2025-06-17T09:36:42","modified_gmt":"2025-06-17T12:36:42","slug":"mais-um-suspeito-e-preso-nas-acoes-de-combate-ao-trafico-de-drogas-na-zona-sul-da-capital","status":"publish","type":"post","link":"https:\/\/www.pm.pb.gov.br\/portal\/2025\/06\/17\/mais-um-suspeito-e-preso-nas-acoes-de-combate-ao-trafico-de-drogas-na-zona-sul-da-capital\/","title":{"rendered":"Mais um suspeito \u00e9 preso nas a\u00e7\u00f5es de combate ao tr\u00e1fico de drogas na zona sul da Capital"},"content":{"rendered":"A Pol\u00edcia Militar prendeu mais uma suspeito, nessa segunda-feira (16), nas a\u00e7\u00f5es de combate ao tr\u00e1fico de drogas, na zona sul de Jo\u00e3o Pessoa. Desta vez, policiais do 5\u00ba Batalh\u00e3o localizaram um acusado de traficar entorpecentes na comunidade B13, no bairro de Mangabeira.<br \/><br \/>Com ele, foram apreendidas 280 por\u00e7\u00f5es de maconha e um rev\u00f3lver calibre 38. O preso estaria usando um apartamento como base para as atividades do tr\u00e1fico. Ele foi apresentado na Cidade da Pol\u00edcia Civil, no Geisel.<br \/>","protected":false},"excerpt":{"rendered":"<p>A Pol\u00edcia Militar prendeu mais uma suspeito, nessa segunda-feira (16), nas a\u00e7\u00f5es de combate ao tr\u00e1fico de drogas, na zona<\/p>\n","protected":false},"author":18,"featured_media":927055,"comment_status":"closed","ping_status":"closed","sticky":false,"template":"","format":"standard","meta":{"_exactmetrics_skip_tracking":false,"_exactmetrics_sitenote_active":false,"_exactmetrics_sitenote_note":"","_exactmetrics_sitenote_category":0,"footnotes":""},"categories":[4],"tags":[],"yoast_head":"<!-- This site is optimized with the Yoast SEO plugin v22.0 - https:\/\/yoast.com\/wordpress\/plugins\/seo\/ -->\n<title>Mais um suspeito \u00e9 preso nas a\u00e7\u00f5es de combate ao tr\u00e1fico de drogas na zona sul da Capital - Pol\u00edcia Militar da Para\u00edba<\/title>\n<meta name=\"robots\" content=\"index, follow, max-snippet:-1, max-image-preview:large, max-video-preview:-1\" \/>\n<link rel=\"canonical\" href=\"https:\/\/www.pm.pb.gov.br\/portal\/2025\/06\/17\/mais-um-suspeito-e-preso-nas-acoes-de-combate-ao-trafico-de-drogas-na-zona-sul-da-capital\/\" \/>\n<meta property=\"og:locale\" content=\"pt_BR\" \/>\n<meta property=\"og:type\" content=\"article\" \/>\n<meta property=\"og:title\" content=\"Mais um suspeito \u00e9 preso nas a\u00e7\u00f5es de combate ao tr\u00e1fico de drogas na zona sul da Capital - Pol\u00edcia Militar da Para\u00edba\" \/>\n<meta property=\"og:description\" content=\"A Pol\u00edcia Militar prendeu mais uma suspeito, nessa segunda-feira (16), nas a\u00e7\u00f5es de combate ao tr\u00e1fico de drogas, na zona\" \/>\n<meta property=\"og:url\" content=\"https:\/\/www.pm.pb.gov.br\/portal\/2025\/06\/17\/mais-um-suspeito-e-preso-nas-acoes-de-combate-ao-trafico-de-drogas-na-zona-sul-da-capital\/\" \/>\n<meta property=\"og:site_name\" content=\"Pol\u00edcia Militar da Para\u00edba\" \/>\n<meta property=\"article:published_time\" content=\"2025-06-17T12:36:39+00:00\" \/>\n<meta property=\"article:modified_time\" content=\"2025-06-17T12:36:42+00:00\" \/>\n<meta property=\"og:image\" content=\"http:\/\/www.pm.pb.gov.br\/portal\/wp-content\/uploads\/2025\/06\/WhatsApp-Image-2025-06-17-at-7.53.44-AM.jpeg\" \/>\n\t<meta property=\"og:image:width\" content=\"1600\" \/>\n\t<meta property=\"og:image:height\" content=\"1204\" \/>\n\t<meta property=\"og:image:type\" content=\"image\/jpeg\" \/>\n<meta name=\"author\" content=\"Luiz Duarte\" \/>\n<meta name=\"twitter:card\" content=\"summary_large_image\" \/>\n<meta name=\"twitter:label1\" content=\"Escrito por\" \/>\n\t<meta name=\"twitter:data1\" content=\"Luiz Duarte\" \/>\n\t<meta name=\"twitter:label2\" content=\"Est. tempo de leitura\" \/>\n\t<meta name=\"twitter:data2\" content=\"1 minuto\" \/>\n<script type=\"application\/ld+json\" class=\"yoast-schema-graph\">{\"@context\":\"https:\/\/schema.org\",\"@graph\":[{\"@type\":\"Article\",\"@id\":\"https:\/\/www.pm.pb.gov.br\/portal\/2025\/06\/17\/mais-um-suspeito-e-preso-nas-acoes-de-combate-ao-trafico-de-drogas-na-zona-sul-da-capital\/#article\",\"isPartOf\":{\"@id\":\"https:\/\/www.pm.pb.gov.br\/portal\/2025\/06\/17\/mais-um-suspeito-e-preso-nas-acoes-de-combate-ao-trafico-de-drogas-na-zona-sul-da-capital\/\"},\"author\":{\"name\":\"Luiz Duarte\",\"@id\":\"https:\/\/www.pm.pb.gov.br\/portal\/#\/schema\/person\/89dd009e2523c97adf8def1d6cf90ca1\"},\"headline\":\"Mais um suspeito \u00e9 preso nas a\u00e7\u00f5es de combate ao tr\u00e1fico de drogas na zona sul da Capital\",\"datePublished\":\"2025-06-17T12:36:39+00:00\",\"dateModified\":\"2025-06-17T12:36:42+00:00\",\"mainEntityOfPage\":{\"@id\":\"https:\/\/www.pm.pb.gov.br\/portal\/2025\/06\/17\/mais-um-suspeito-e-preso-nas-acoes-de-combate-ao-trafico-de-drogas-na-zona-sul-da-capital\/\"},\"wordCount\":103,\"publisher\":{\"@id\":\"https:\/\/www.pm.pb.gov.br\/portal\/#organization\"},\"articleSection\":[\"A\u00e7\u00f5es Policiais\"],\"inLanguage\":\"pt-BR\"},{\"@type\":\"WebPage\",\"@id\":\"https:\/\/www.pm.pb.gov.br\/portal\/2025\/06\/17\/mais-um-suspeito-e-preso-nas-acoes-de-combate-ao-trafico-de-drogas-na-zona-sul-da-capital\/\",\"url\":\"https:\/\/www.pm.pb.gov.br\/portal\/2025\/06\/17\/mais-um-suspeito-e-preso-nas-acoes-de-combate-ao-trafico-de-drogas-na-zona-sul-da-capital\/\",\"name\":\"Mais um suspeito \u00e9 preso nas a\u00e7\u00f5es de combate ao tr\u00e1fico de drogas na zona sul da Capital - Pol\u00edcia Militar da Para\u00edba\",\"isPartOf\":{\"@id\":\"https:\/\/www.pm.pb.gov.br\/portal\/#website\"},\"datePublished\":\"2025-06-17T12:36:39+00:00\",\"dateModified\":\"2025-06-17T12:36:42+00:00\",\"breadcrumb\":{\"@id\":\"https:\/\/www.pm.pb.gov.br\/portal\/2025\/06\/17\/mais-um-suspeito-e-preso-nas-acoes-de-combate-ao-trafico-de-drogas-na-zona-sul-da-capital\/#breadcrumb\"},\"inLanguage\":\"pt-BR\",\"potentialAction\":[{\"@type\":\"ReadAction\",\"target\":[\"https:\/\/www.pm.pb.gov.br\/portal\/2025\/06\/17\/mais-um-suspeito-e-preso-nas-acoes-de-combate-ao-trafico-de-drogas-na-zona-sul-da-capital\/\"]}]},{\"@type\":\"BreadcrumbList\",\"@id\":\"https:\/\/www.pm.pb.gov.br\/portal\/2025\/06\/17\/mais-um-suspeito-e-preso-nas-acoes-de-combate-ao-trafico-de-drogas-na-zona-sul-da-capital\/#breadcrumb\",\"itemListElement\":[{\"@type\":\"ListItem\",\"position\":1,\"name\":\"In\u00edcio\",\"item\":\"https:\/\/www.pm.pb.gov.br\/portal\/\"},{\"@type\":\"ListItem\",\"position\":2,\"name\":\"Mais um suspeito \u00e9 preso nas a\u00e7\u00f5es de combate ao tr\u00e1fico de drogas na zona sul da Capital\"}]},{\"@type\":\"WebSite\",\"@id\":\"https:\/\/www.pm.pb.gov.br\/portal\/#website\",\"url\":\"https:\/\/www.pm.pb.gov.br\/portal\/\",\"name\":\"Pol\u00edcia Militar da Para\u00edba\",\"description\":\"\",\"publisher\":{\"@id\":\"https:\/\/www.pm.pb.gov.br\/portal\/#organization\"},\"potentialAction\":[{\"@type\":\"SearchAction\",\"target\":{\"@type\":\"EntryPoint\",\"urlTemplate\":\"https:\/\/www.pm.pb.gov.br\/portal\/?s={search_term_string}\"},\"query-input\":\"required name=search_term_string\"}],\"inLanguage\":\"pt-BR\"},{\"@type\":\"Organization\",\"@id\":\"https:\/\/www.pm.pb.gov.br\/portal\/#organization\",\"name\":\"Pol\u00edcia Militar da Para\u00edba\",\"url\":\"https:\/\/www.pm.pb.gov.br\/portal\/\",\"logo\":{\"@type\":\"ImageObject\",\"inLanguage\":\"pt-BR\",\"@id\":\"https:\/\/www.pm.pb.gov.br\/portal\/#\/schema\/logo\/image\/\",\"url\":\"https:\/\/www.pm.pb.gov.br\/portal\/wp-content\/uploads\/2025\/03\/cropped-logo-site-mag2-1.png\",\"contentUrl\":\"https:\/\/www.pm.pb.gov.br\/portal\/wp-content\/uploads\/2025\/03\/cropped-logo-site-mag2-1.png\",\"width\":320,\"height\":90,\"caption\":\"Pol\u00edcia Militar da Para\u00edba\"},\"image\":{\"@id\":\"https:\/\/www.pm.pb.gov.br\/portal\/#\/schema\/logo\/image\/\"}},{\"@type\":\"Person\",\"@id\":\"https:\/\/www.pm.pb.gov.br\/portal\/#\/schema\/person\/89dd009e2523c97adf8def1d6cf90ca1\",\"name\":\"Luiz Duarte\",\"image\":{\"@type\":\"ImageObject\",\"inLanguage\":\"pt-BR\",\"@id\":\"https:\/\/www.pm.pb.gov.br\/portal\/#\/schema\/person\/image\/\",\"url\":\"https:\/\/secure.gravatar.com\/avatar\/ce5539b97246ef4d24dd039a3f64145b?s=96&d=mm&r=g\",\"contentUrl\":\"https:\/\/secure.gravatar.com\/avatar\/ce5539b97246ef4d24dd039a3f64145b?s=96&d=mm&r=g\",\"caption\":\"Luiz Duarte\"},\"url\":\"https:\/\/www.pm.pb.gov.br\/portal\/author\/luiz\/\"}]}<\/script>\n<!-- \/ Yoast SEO plugin. -->","yoast_head_json":{"title":"Mais um suspeito \u00e9 preso nas a\u00e7\u00f5es de combate ao tr\u00e1fico de drogas na zona sul da Capital - Pol\u00edcia Militar da Para\u00edba","robots":{"index":"index","follow":"follow","max-snippet":"max-snippet:-1","max-image-preview":"max-image-preview:large","max-video-preview":"max-video-preview:-1"},"canonical":"https:\/\/www.pm.pb.gov.br\/portal\/2025\/06\/17\/mais-um-suspeito-e-preso-nas-acoes-de-combate-ao-trafico-de-drogas-na-zona-sul-da-capital\/","og_locale":"pt_BR","og_type":"article","og_title":"Mais um suspeito \u00e9 preso nas a\u00e7\u00f5es de combate ao tr\u00e1fico de drogas na zona sul da Capital - Pol\u00edcia Militar da Para\u00edba","og_description":"A Pol\u00edcia Militar prendeu mais uma suspeito, nessa segunda-feira (16), nas a\u00e7\u00f5es de combate ao tr\u00e1fico de drogas, na zona","og_url":"https:\/\/www.pm.pb.gov.br\/portal\/2025\/06\/17\/mais-um-suspeito-e-preso-nas-acoes-de-combate-ao-trafico-de-drogas-na-zona-sul-da-capital\/","og_site_name":"Pol\u00edcia Militar da Para\u00edba","article_published_time":"2025-06-17T12:36:39+00:00","article_modified_time":"2025-06-17T12:36:42+00:00","og_image":[{"width":1600,"height":1204,"url":"http:\/\/www.pm.pb.gov.br\/portal\/wp-content\/uploads\/2025\/06\/WhatsApp-Image-2025-06-17-at-7.53.44-AM.jpeg","type":"image\/jpeg"}],"author":"Luiz Duarte","twitter_card":"summary_large_image","twitter_misc":{"Escrito por":"Luiz Duarte","Est. tempo de leitura":"1 minuto"},"schema":{"@context":"https:\/\/schema.org","@graph":[{"@type":"Article","@id":"https:\/\/www.pm.pb.gov.br\/portal\/2025\/06\/17\/mais-um-suspeito-e-preso-nas-acoes-de-combate-ao-trafico-de-drogas-na-zona-sul-da-capital\/#article","isPartOf":{"@id":"https:\/\/www.pm.pb.gov.br\/portal\/2025\/06\/17\/mais-um-suspeito-e-preso-nas-acoes-de-combate-ao-trafico-de-drogas-na-zona-sul-da-capital\/"},"author":{"name":"Luiz Duarte","@id":"https:\/\/www.pm.pb.gov.br\/portal\/#\/schema\/person\/89dd009e2523c97adf8def1d6cf90ca1"},"headline":"Mais um suspeito \u00e9 preso nas a\u00e7\u00f5es de combate ao tr\u00e1fico de drogas na zona sul da Capital","datePublished":"2025-06-17T12:36:39+00:00","dateModified":"2025-06-17T12:36:42+00:00","mainEntityOfPage":{"@id":"https:\/\/www.pm.pb.gov.br\/portal\/2025\/06\/17\/mais-um-suspeito-e-preso-nas-acoes-de-combate-ao-trafico-de-drogas-na-zona-sul-da-capital\/"},"wordCount":103,"publisher":{"@id":"https:\/\/www.pm.pb.gov.br\/portal\/#organization"},"articleSection":["A\u00e7\u00f5es Policiais"],"inLanguage":"pt-BR"},{"@type":"WebPage","@id":"https:\/\/www.pm.pb.gov.br\/portal\/2025\/06\/17\/mais-um-suspeito-e-preso-nas-acoes-de-combate-ao-trafico-de-drogas-na-zona-sul-da-capital\/","url":"https:\/\/www.pm.pb.gov.br\/portal\/2025\/06\/17\/mais-um-suspeito-e-preso-nas-acoes-de-combate-ao-trafico-de-drogas-na-zona-sul-da-capital\/","name":"Mais um suspeito \u00e9 preso nas a\u00e7\u00f5es de combate ao tr\u00e1fico de drogas na zona sul da Capital - Pol\u00edcia Militar da Para\u00edba","isPartOf":{"@id":"https:\/\/www.pm.pb.gov.br\/portal\/#website"},"datePublished":"2025-06-17T12:36:39+00:00","dateModified":"2025-06-17T12:36:42+00:00","breadcrumb":{"@id":"https:\/\/www.pm.pb.gov.br\/portal\/2025\/06\/17\/mais-um-suspeito-e-preso-nas-acoes-de-combate-ao-trafico-de-drogas-na-zona-sul-da-capital\/#breadcrumb"},"inLanguage":"pt-BR","potentialAction":[{"@type":"ReadAction","target":["https:\/\/www.pm.pb.gov.br\/portal\/2025\/06\/17\/mais-um-suspeito-e-preso-nas-acoes-de-combate-ao-trafico-de-drogas-na-zona-sul-da-capital\/"]}]},{"@type":"BreadcrumbList","@id":"https:\/\/www.pm.pb.gov.br\/portal\/2025\/06\/17\/mais-um-suspeito-e-preso-nas-acoes-de-combate-ao-trafico-de-drogas-na-zona-sul-da-capital\/#breadcrumb","itemListElement":[{"@type":"ListItem","position":1,"name":"In\u00edcio","item":"https:\/\/www.pm.pb.gov.br\/portal\/"},{"@type":"ListItem","position":2,"name":"Mais um suspeito \u00e9 preso nas a\u00e7\u00f5es de combate ao tr\u00e1fico de drogas na zona sul da Capital"}]},{"@type":"WebSite","@id":"https:\/\/www.pm.pb.gov.br\/portal\/#website","url":"https:\/\/www.pm.pb.gov.br\/portal\/","name":"Pol\u00edcia Militar da Para\u00edba","description":"","publisher":{"@id":"https:\/\/www.pm.pb.gov.br\/portal\/#organization"},"potentialAction":[{"@type":"SearchAction","target":{"@type":"EntryPoint","urlTemplate":"https:\/\/www.pm.pb.gov.br\/portal\/?s={search_term_string}"},"query-input":"required name=search_term_string"}],"inLanguage":"pt-BR"},{"@type":"Organization","@id":"https:\/\/www.pm.pb.gov.br\/portal\/#organization","name":"Pol\u00edcia Militar da Para\u00edba","url":"https:\/\/www.pm.pb.gov.br\/portal\/","logo":{"@type":"ImageObject","inLanguage":"pt-BR","@id":"https:\/\/www.pm.pb.gov.br\/portal\/#\/schema\/logo\/image\/","url":"https:\/\/www.pm.pb.gov.br\/portal\/wp-content\/uploads\/2025\/03\/cropped-logo-site-mag2-1.png","contentUrl":"https:\/\/www.pm.pb.gov.br\/portal\/wp-content\/uploads\/2025\/03\/cropped-logo-site-mag2-1.png","width":320,"height":90,"caption":"Pol\u00edcia Militar da Para\u00edba"},"image":{"@id":"https:\/\/www.pm.pb.gov.br\/portal\/#\/schema\/logo\/image\/"}},{"@type":"Person","@id":"https:\/\/www.pm.pb.gov.br\/portal\/#\/schema\/person\/89dd009e2523c97adf8def1d6cf90ca1","name":"Luiz Duarte","image":{"@type":"ImageObject","inLanguage":"pt-BR","@id":"https:\/\/www.pm.pb.gov.br\/portal\/#\/schema\/person\/image\/","url":"https:\/\/secure.gravatar.com\/avatar\/ce5539b97246ef4d24dd039a3f64145b?s=96&d=mm&r=g","contentUrl":"https:\/\/secure.gravatar.com\/avatar\/ce5539b97246ef4d24dd039a3f64145b?s=96&d=mm&r=g","caption":"Luiz Duarte"},"url":"https:\/\/www.pm.pb.gov.br\/portal\/author\/luiz\/"}]}},"_links":{"self":[{"href":"https:\/\/www.pm.pb.gov.br\/portal\/wp-json\/wp\/v2\/posts\/927050"}],"collection":[{"href":"https:\/\/www.pm.pb.gov.br\/portal\/wp-json\/wp\/v2\/posts"}],"about":[{"href":"https:\/\/www.pm.pb.gov.br\/portal\/wp-json\/wp\/v2\/types\/post"}],"author":[{"embeddable":true,"href":"https:\/\/www.pm.pb.gov.br\/portal\/wp-json\/wp\/v2\/users\/18"}],"replies":[{"embeddable":true,"href":"https:\/\/www.pm.pb.gov.br\/portal\/wp-json\/wp\/v2\/comments?post=927050"}],"version-history":[{"count":2,"href":"https:\/\/www.pm.pb.gov.br\/portal\/wp-json\/wp\/v2\/posts\/927050\/revisions"}],"predecessor-version":[{"id":927056,"href":"https:\/\/www.pm.pb.gov.br\/portal\/wp-json\/wp\/v2\/posts\/927050\/revisions\/927056"}],"wp:featuredmedia":[{"embeddable":true,"href":"https:\/\/www.pm.pb.gov.br\/portal\/wp-json\/wp\/v2\/media\/927055"}],"wp:attachment":[{"href":"https:\/\/www.pm.pb.gov.br\/portal\/wp-json\/wp\/v2\/media?parent=927050"}],"wp:term":[{"taxonomy":"category","embeddable":true,"href":"https:\/\/www.pm.pb.gov.br\/portal\/wp-json\/wp\/v2\/categories?post=927050"},{"taxonomy":"post_tag","embeddable":true,"href":"https:\/\/www.pm.pb.gov.br\/portal\/wp-json\/wp\/v2\/tags?post=927050"}],"curies":[{"name":"wp","href":"https:\/\/api.w.org\/{rel}","templated":true}]}}