{"id":926950,"date":"2025-06-08T19:19:11","date_gmt":"2025-06-08T22:19:11","guid":{"rendered":"https:\/\/www.pm.pb.gov.br\/portal\/?p=926950"},"modified":"2025-06-08T19:19:13","modified_gmt":"2025-06-08T22:19:13","slug":"policia-militar-apreende-arma-de-fogo-municoes-e-prende-suspeito-na-cidade-de-nova-floresta","status":"publish","type":"post","link":"https:\/\/www.pm.pb.gov.br\/portal\/2025\/06\/08\/policia-militar-apreende-arma-de-fogo-municoes-e-prende-suspeito-na-cidade-de-nova-floresta\/","title":{"rendered":"Pol\u00edcia Militar apreende arma de fogo, muni\u00e7\u00f5es e prende suspeito na cidade de Nova Floresta"},"content":{"rendered":"\n<p>Na tarde deste domingo (08), policiais militares do 9\u00ba BPM, prenderam um suspeito por porte ilegal de arma na cidade de Nova Floresta-PB. No local onde foi realizada a pris\u00e3o foram encontradas arma, muni\u00e7\u00f5es e materiais utilizados para o tr\u00e1fico de drogas.<\/p>\n\n\n\n<p>A equipe policial foi informada por populares sobre a presen\u00e7a de indiv\u00edduos armados em uma resid\u00eancia em uma localidade conhecida pelo intenso tr\u00e1fico de drogas. Chegando ao local, os policiais constataram a presen\u00e7a de algumas pessoas na frente da resid\u00eancia, com som em volume elevado e ind\u00edcios de consumo de drogas.<\/p>\n\n\n\n<p>Na abordagem aos suspeitos, foi apreendido um rev\u00f3lver calibre 38, com 37 muni\u00e7\u00f5es intactas, uma balaclava e diversos papelotes utilizados para acondicionamento de coca\u00edna. Tamb\u00e9m foram encontradas 30 muni\u00e7\u00f5es, de calibre 12, escondidas em um dos c\u00f4modos da casa.<\/p>\n\n\n\n<p>Todos os participantes foram conduzidos \u00e0 Delegacia de Pol\u00edcia Civil na cidade de Picu\u00ed-PB, sendo um homem preso por porte ilegal de arma.<\/p>\n","protected":false},"excerpt":{"rendered":"<p>Na tarde deste domingo (08), policiais militares do 9\u00ba BPM, prenderam um suspeito por porte ilegal de arma na cidade<\/p>\n","protected":false},"author":5,"featured_media":926951,"comment_status":"closed","ping_status":"closed","sticky":false,"template":"","format":"standard","meta":{"_exactmetrics_skip_tracking":false,"_exactmetrics_sitenote_active":false,"_exactmetrics_sitenote_note":"","_exactmetrics_sitenote_category":0,"footnotes":""},"categories":[4],"tags":[],"yoast_head":"<!-- This site is optimized with the Yoast SEO plugin v22.0 - https:\/\/yoast.com\/wordpress\/plugins\/seo\/ -->\n<title>Pol\u00edcia Militar apreende arma de fogo, muni\u00e7\u00f5es e prende suspeito na cidade de Nova Floresta - Pol\u00edcia Militar da Para\u00edba<\/title>\n<meta name=\"robots\" content=\"index, follow, max-snippet:-1, max-image-preview:large, max-video-preview:-1\" \/>\n<link rel=\"canonical\" href=\"https:\/\/www.pm.pb.gov.br\/portal\/2025\/06\/08\/policia-militar-apreende-arma-de-fogo-municoes-e-prende-suspeito-na-cidade-de-nova-floresta\/\" \/>\n<meta property=\"og:locale\" content=\"pt_BR\" \/>\n<meta property=\"og:type\" content=\"article\" \/>\n<meta property=\"og:title\" content=\"Pol\u00edcia Militar apreende arma de fogo, muni\u00e7\u00f5es e prende suspeito na cidade de Nova Floresta - Pol\u00edcia Militar da Para\u00edba\" \/>\n<meta property=\"og:description\" content=\"Na tarde deste domingo (08), policiais militares do 9\u00ba BPM, prenderam um suspeito por porte ilegal de arma na cidade\" \/>\n<meta property=\"og:url\" content=\"https:\/\/www.pm.pb.gov.br\/portal\/2025\/06\/08\/policia-militar-apreende-arma-de-fogo-municoes-e-prende-suspeito-na-cidade-de-nova-floresta\/\" \/>\n<meta property=\"og:site_name\" content=\"Pol\u00edcia Militar da Para\u00edba\" \/>\n<meta property=\"article:published_time\" content=\"2025-06-08T22:19:11+00:00\" \/>\n<meta property=\"article:modified_time\" content=\"2025-06-08T22:19:13+00:00\" \/>\n<meta property=\"og:image\" content=\"http:\/\/www.pm.pb.gov.br\/portal\/wp-content\/uploads\/2025\/06\/materiais-1024x570.png\" \/>\n\t<meta property=\"og:image:width\" content=\"1024\" \/>\n\t<meta property=\"og:image:height\" content=\"570\" \/>\n\t<meta property=\"og:image:type\" content=\"image\/png\" \/>\n<meta name=\"author\" content=\"Assessoria de Imprensa da PMPB\" \/>\n<meta name=\"twitter:card\" content=\"summary_large_image\" \/>\n<meta name=\"twitter:label1\" content=\"Escrito por\" \/>\n\t<meta name=\"twitter:data1\" content=\"Assessoria de Imprensa da PMPB\" \/>\n\t<meta name=\"twitter:label2\" content=\"Est. tempo de leitura\" \/>\n\t<meta name=\"twitter:data2\" content=\"2 minutos\" \/>\n<script type=\"application\/ld+json\" class=\"yoast-schema-graph\">{\"@context\":\"https:\/\/schema.org\",\"@graph\":[{\"@type\":\"Article\",\"@id\":\"https:\/\/www.pm.pb.gov.br\/portal\/2025\/06\/08\/policia-militar-apreende-arma-de-fogo-municoes-e-prende-suspeito-na-cidade-de-nova-floresta\/#article\",\"isPartOf\":{\"@id\":\"https:\/\/www.pm.pb.gov.br\/portal\/2025\/06\/08\/policia-militar-apreende-arma-de-fogo-municoes-e-prende-suspeito-na-cidade-de-nova-floresta\/\"},\"author\":{\"name\":\"Assessoria de Imprensa da PMPB\",\"@id\":\"https:\/\/www.pm.pb.gov.br\/portal\/#\/schema\/person\/e8454f46651c3ecf0e1ba3c1666d9947\"},\"headline\":\"Pol\u00edcia Militar apreende arma de fogo, muni\u00e7\u00f5es e prende suspeito na cidade de Nova Floresta\",\"datePublished\":\"2025-06-08T22:19:11+00:00\",\"dateModified\":\"2025-06-08T22:19:13+00:00\",\"mainEntityOfPage\":{\"@id\":\"https:\/\/www.pm.pb.gov.br\/portal\/2025\/06\/08\/policia-militar-apreende-arma-de-fogo-municoes-e-prende-suspeito-na-cidade-de-nova-floresta\/\"},\"wordCount\":183,\"publisher\":{\"@id\":\"https:\/\/www.pm.pb.gov.br\/portal\/#organization\"},\"articleSection\":[\"A\u00e7\u00f5es Policiais\"],\"inLanguage\":\"pt-BR\"},{\"@type\":\"WebPage\",\"@id\":\"https:\/\/www.pm.pb.gov.br\/portal\/2025\/06\/08\/policia-militar-apreende-arma-de-fogo-municoes-e-prende-suspeito-na-cidade-de-nova-floresta\/\",\"url\":\"https:\/\/www.pm.pb.gov.br\/portal\/2025\/06\/08\/policia-militar-apreende-arma-de-fogo-municoes-e-prende-suspeito-na-cidade-de-nova-floresta\/\",\"name\":\"Pol\u00edcia Militar apreende arma de fogo, muni\u00e7\u00f5es e prende suspeito na cidade de Nova Floresta - Pol\u00edcia Militar da Para\u00edba\",\"isPartOf\":{\"@id\":\"https:\/\/www.pm.pb.gov.br\/portal\/#website\"},\"datePublished\":\"2025-06-08T22:19:11+00:00\",\"dateModified\":\"2025-06-08T22:19:13+00:00\",\"breadcrumb\":{\"@id\":\"https:\/\/www.pm.pb.gov.br\/portal\/2025\/06\/08\/policia-militar-apreende-arma-de-fogo-municoes-e-prende-suspeito-na-cidade-de-nova-floresta\/#breadcrumb\"},\"inLanguage\":\"pt-BR\",\"potentialAction\":[{\"@type\":\"ReadAction\",\"target\":[\"https:\/\/www.pm.pb.gov.br\/portal\/2025\/06\/08\/policia-militar-apreende-arma-de-fogo-municoes-e-prende-suspeito-na-cidade-de-nova-floresta\/\"]}]},{\"@type\":\"BreadcrumbList\",\"@id\":\"https:\/\/www.pm.pb.gov.br\/portal\/2025\/06\/08\/policia-militar-apreende-arma-de-fogo-municoes-e-prende-suspeito-na-cidade-de-nova-floresta\/#breadcrumb\",\"itemListElement\":[{\"@type\":\"ListItem\",\"position\":1,\"name\":\"In\u00edcio\",\"item\":\"https:\/\/www.pm.pb.gov.br\/portal\/\"},{\"@type\":\"ListItem\",\"position\":2,\"name\":\"Pol\u00edcia Militar apreende arma de fogo, muni\u00e7\u00f5es e prende suspeito na cidade de Nova Floresta\"}]},{\"@type\":\"WebSite\",\"@id\":\"https:\/\/www.pm.pb.gov.br\/portal\/#website\",\"url\":\"https:\/\/www.pm.pb.gov.br\/portal\/\",\"name\":\"Pol\u00edcia Militar da Para\u00edba\",\"description\":\"\",\"publisher\":{\"@id\":\"https:\/\/www.pm.pb.gov.br\/portal\/#organization\"},\"potentialAction\":[{\"@type\":\"SearchAction\",\"target\":{\"@type\":\"EntryPoint\",\"urlTemplate\":\"https:\/\/www.pm.pb.gov.br\/portal\/?s={search_term_string}\"},\"query-input\":\"required name=search_term_string\"}],\"inLanguage\":\"pt-BR\"},{\"@type\":\"Organization\",\"@id\":\"https:\/\/www.pm.pb.gov.br\/portal\/#organization\",\"name\":\"Pol\u00edcia Militar da Para\u00edba\",\"url\":\"https:\/\/www.pm.pb.gov.br\/portal\/\",\"logo\":{\"@type\":\"ImageObject\",\"inLanguage\":\"pt-BR\",\"@id\":\"https:\/\/www.pm.pb.gov.br\/portal\/#\/schema\/logo\/image\/\",\"url\":\"https:\/\/www.pm.pb.gov.br\/portal\/wp-content\/uploads\/2025\/03\/cropped-logo-site-mag2-1.png\",\"contentUrl\":\"https:\/\/www.pm.pb.gov.br\/portal\/wp-content\/uploads\/2025\/03\/cropped-logo-site-mag2-1.png\",\"width\":320,\"height\":90,\"caption\":\"Pol\u00edcia Militar da Para\u00edba\"},\"image\":{\"@id\":\"https:\/\/www.pm.pb.gov.br\/portal\/#\/schema\/logo\/image\/\"}},{\"@type\":\"Person\",\"@id\":\"https:\/\/www.pm.pb.gov.br\/portal\/#\/schema\/person\/e8454f46651c3ecf0e1ba3c1666d9947\",\"name\":\"Assessoria de Imprensa da PMPB\",\"image\":{\"@type\":\"ImageObject\",\"inLanguage\":\"pt-BR\",\"@id\":\"https:\/\/www.pm.pb.gov.br\/portal\/#\/schema\/person\/image\/\",\"url\":\"https:\/\/secure.gravatar.com\/avatar\/2efe197438265d1e90bd98c4c8e1acf8?s=96&d=mm&r=g\",\"contentUrl\":\"https:\/\/secure.gravatar.com\/avatar\/2efe197438265d1e90bd98c4c8e1acf8?s=96&d=mm&r=g\",\"caption\":\"Assessoria de Imprensa da PMPB\"},\"url\":\"https:\/\/www.pm.pb.gov.br\/portal\/author\/assessoria\/\"}]}<\/script>\n<!-- \/ Yoast SEO plugin. -->","yoast_head_json":{"title":"Pol\u00edcia Militar apreende arma de fogo, muni\u00e7\u00f5es e prende suspeito na cidade de Nova Floresta - Pol\u00edcia Militar da Para\u00edba","robots":{"index":"index","follow":"follow","max-snippet":"max-snippet:-1","max-image-preview":"max-image-preview:large","max-video-preview":"max-video-preview:-1"},"canonical":"https:\/\/www.pm.pb.gov.br\/portal\/2025\/06\/08\/policia-militar-apreende-arma-de-fogo-municoes-e-prende-suspeito-na-cidade-de-nova-floresta\/","og_locale":"pt_BR","og_type":"article","og_title":"Pol\u00edcia Militar apreende arma de fogo, muni\u00e7\u00f5es e prende suspeito na cidade de Nova Floresta - Pol\u00edcia Militar da Para\u00edba","og_description":"Na tarde deste domingo (08), policiais militares do 9\u00ba BPM, prenderam um suspeito por porte ilegal de arma na cidade","og_url":"https:\/\/www.pm.pb.gov.br\/portal\/2025\/06\/08\/policia-militar-apreende-arma-de-fogo-municoes-e-prende-suspeito-na-cidade-de-nova-floresta\/","og_site_name":"Pol\u00edcia Militar da Para\u00edba","article_published_time":"2025-06-08T22:19:11+00:00","article_modified_time":"2025-06-08T22:19:13+00:00","og_image":[{"width":1024,"height":570,"url":"http:\/\/www.pm.pb.gov.br\/portal\/wp-content\/uploads\/2025\/06\/materiais-1024x570.png","type":"image\/png"}],"author":"Assessoria de Imprensa da PMPB","twitter_card":"summary_large_image","twitter_misc":{"Escrito por":"Assessoria de Imprensa da PMPB","Est. tempo de leitura":"2 minutos"},"schema":{"@context":"https:\/\/schema.org","@graph":[{"@type":"Article","@id":"https:\/\/www.pm.pb.gov.br\/portal\/2025\/06\/08\/policia-militar-apreende-arma-de-fogo-municoes-e-prende-suspeito-na-cidade-de-nova-floresta\/#article","isPartOf":{"@id":"https:\/\/www.pm.pb.gov.br\/portal\/2025\/06\/08\/policia-militar-apreende-arma-de-fogo-municoes-e-prende-suspeito-na-cidade-de-nova-floresta\/"},"author":{"name":"Assessoria de Imprensa da PMPB","@id":"https:\/\/www.pm.pb.gov.br\/portal\/#\/schema\/person\/e8454f46651c3ecf0e1ba3c1666d9947"},"headline":"Pol\u00edcia Militar apreende arma de fogo, muni\u00e7\u00f5es e prende suspeito na cidade de Nova Floresta","datePublished":"2025-06-08T22:19:11+00:00","dateModified":"2025-06-08T22:19:13+00:00","mainEntityOfPage":{"@id":"https:\/\/www.pm.pb.gov.br\/portal\/2025\/06\/08\/policia-militar-apreende-arma-de-fogo-municoes-e-prende-suspeito-na-cidade-de-nova-floresta\/"},"wordCount":183,"publisher":{"@id":"https:\/\/www.pm.pb.gov.br\/portal\/#organization"},"articleSection":["A\u00e7\u00f5es Policiais"],"inLanguage":"pt-BR"},{"@type":"WebPage","@id":"https:\/\/www.pm.pb.gov.br\/portal\/2025\/06\/08\/policia-militar-apreende-arma-de-fogo-municoes-e-prende-suspeito-na-cidade-de-nova-floresta\/","url":"https:\/\/www.pm.pb.gov.br\/portal\/2025\/06\/08\/policia-militar-apreende-arma-de-fogo-municoes-e-prende-suspeito-na-cidade-de-nova-floresta\/","name":"Pol\u00edcia Militar apreende arma de fogo, muni\u00e7\u00f5es e prende suspeito na cidade de Nova Floresta - Pol\u00edcia Militar da Para\u00edba","isPartOf":{"@id":"https:\/\/www.pm.pb.gov.br\/portal\/#website"},"datePublished":"2025-06-08T22:19:11+00:00","dateModified":"2025-06-08T22:19:13+00:00","breadcrumb":{"@id":"https:\/\/www.pm.pb.gov.br\/portal\/2025\/06\/08\/policia-militar-apreende-arma-de-fogo-municoes-e-prende-suspeito-na-cidade-de-nova-floresta\/#breadcrumb"},"inLanguage":"pt-BR","potentialAction":[{"@type":"ReadAction","target":["https:\/\/www.pm.pb.gov.br\/portal\/2025\/06\/08\/policia-militar-apreende-arma-de-fogo-municoes-e-prende-suspeito-na-cidade-de-nova-floresta\/"]}]},{"@type":"BreadcrumbList","@id":"https:\/\/www.pm.pb.gov.br\/portal\/2025\/06\/08\/policia-militar-apreende-arma-de-fogo-municoes-e-prende-suspeito-na-cidade-de-nova-floresta\/#breadcrumb","itemListElement":[{"@type":"ListItem","position":1,"name":"In\u00edcio","item":"https:\/\/www.pm.pb.gov.br\/portal\/"},{"@type":"ListItem","position":2,"name":"Pol\u00edcia Militar apreende arma de fogo, muni\u00e7\u00f5es e prende suspeito na cidade de Nova Floresta"}]},{"@type":"WebSite","@id":"https:\/\/www.pm.pb.gov.br\/portal\/#website","url":"https:\/\/www.pm.pb.gov.br\/portal\/","name":"Pol\u00edcia Militar da Para\u00edba","description":"","publisher":{"@id":"https:\/\/www.pm.pb.gov.br\/portal\/#organization"},"potentialAction":[{"@type":"SearchAction","target":{"@type":"EntryPoint","urlTemplate":"https:\/\/www.pm.pb.gov.br\/portal\/?s={search_term_string}"},"query-input":"required name=search_term_string"}],"inLanguage":"pt-BR"},{"@type":"Organization","@id":"https:\/\/www.pm.pb.gov.br\/portal\/#organization","name":"Pol\u00edcia Militar da Para\u00edba","url":"https:\/\/www.pm.pb.gov.br\/portal\/","logo":{"@type":"ImageObject","inLanguage":"pt-BR","@id":"https:\/\/www.pm.pb.gov.br\/portal\/#\/schema\/logo\/image\/","url":"https:\/\/www.pm.pb.gov.br\/portal\/wp-content\/uploads\/2025\/03\/cropped-logo-site-mag2-1.png","contentUrl":"https:\/\/www.pm.pb.gov.br\/portal\/wp-content\/uploads\/2025\/03\/cropped-logo-site-mag2-1.png","width":320,"height":90,"caption":"Pol\u00edcia Militar da Para\u00edba"},"image":{"@id":"https:\/\/www.pm.pb.gov.br\/portal\/#\/schema\/logo\/image\/"}},{"@type":"Person","@id":"https:\/\/www.pm.pb.gov.br\/portal\/#\/schema\/person\/e8454f46651c3ecf0e1ba3c1666d9947","name":"Assessoria de Imprensa da PMPB","image":{"@type":"ImageObject","inLanguage":"pt-BR","@id":"https:\/\/www.pm.pb.gov.br\/portal\/#\/schema\/person\/image\/","url":"https:\/\/secure.gravatar.com\/avatar\/2efe197438265d1e90bd98c4c8e1acf8?s=96&d=mm&r=g","contentUrl":"https:\/\/secure.gravatar.com\/avatar\/2efe197438265d1e90bd98c4c8e1acf8?s=96&d=mm&r=g","caption":"Assessoria de Imprensa da PMPB"},"url":"https:\/\/www.pm.pb.gov.br\/portal\/author\/assessoria\/"}]}},"_links":{"self":[{"href":"https:\/\/www.pm.pb.gov.br\/portal\/wp-json\/wp\/v2\/posts\/926950"}],"collection":[{"href":"https:\/\/www.pm.pb.gov.br\/portal\/wp-json\/wp\/v2\/posts"}],"about":[{"href":"https:\/\/www.pm.pb.gov.br\/portal\/wp-json\/wp\/v2\/types\/post"}],"author":[{"embeddable":true,"href":"https:\/\/www.pm.pb.gov.br\/portal\/wp-json\/wp\/v2\/users\/5"}],"replies":[{"embeddable":true,"href":"https:\/\/www.pm.pb.gov.br\/portal\/wp-json\/wp\/v2\/comments?post=926950"}],"version-history":[{"count":1,"href":"https:\/\/www.pm.pb.gov.br\/portal\/wp-json\/wp\/v2\/posts\/926950\/revisions"}],"predecessor-version":[{"id":926952,"href":"https:\/\/www.pm.pb.gov.br\/portal\/wp-json\/wp\/v2\/posts\/926950\/revisions\/926952"}],"wp:featuredmedia":[{"embeddable":true,"href":"https:\/\/www.pm.pb.gov.br\/portal\/wp-json\/wp\/v2\/media\/926951"}],"wp:attachment":[{"href":"https:\/\/www.pm.pb.gov.br\/portal\/wp-json\/wp\/v2\/media?parent=926950"}],"wp:term":[{"taxonomy":"category","embeddable":true,"href":"https:\/\/www.pm.pb.gov.br\/portal\/wp-json\/wp\/v2\/categories?post=926950"},{"taxonomy":"post_tag","embeddable":true,"href":"https:\/\/www.pm.pb.gov.br\/portal\/wp-json\/wp\/v2\/tags?post=926950"}],"curies":[{"name":"wp","href":"https:\/\/api.w.org\/{rel}","templated":true}]}}