{"id":926923,"date":"2025-06-07T10:48:22","date_gmt":"2025-06-07T13:48:22","guid":{"rendered":"https:\/\/www.pm.pb.gov.br\/portal\/?p=926923"},"modified":"2025-06-07T10:48:23","modified_gmt":"2025-06-07T13:48:23","slug":"policia-militar-apreende-drogas-e-municoes-no-municipio-de-marcacao","status":"publish","type":"post","link":"https:\/\/www.pm.pb.gov.br\/portal\/2025\/06\/07\/policia-militar-apreende-drogas-e-municoes-no-municipio-de-marcacao\/","title":{"rendered":"Pol\u00edcia Militar apreende drogas e muni\u00e7\u00f5es no munic\u00edpio de Marca\u00e7\u00e3o"},"content":{"rendered":"\n<p>Na noite da sexta-feira (06), policiais militares da 2\u00aa CIPM realizaram uma opera\u00e7\u00e3o que resultou na apreens\u00e3o de drogas e muni\u00e7\u00f5es, pr\u00f3ximo \u00e0 aldeia Tramataia. A aldeia ind\u00edgena est\u00e1 localizada no munic\u00edpio de Marca\u00e7\u00e3o-PB.<\/p>\n\n\n\n<p>A a\u00e7\u00e3o foi conduzida pelas equipes da For\u00e7a T\u00e1tica da 2\u00aa CIPM que, durante policiamento na \u00e1rea ind\u00edgena, identificaram dois indiv\u00edduos suspeitos. Os suspeitos ao perceberem a presen\u00e7a das viaturas fugiram em dire\u00e7\u00e3o \u00e0 mata, abandonando os materiais que carregavam. No local, foram encontradas grandes por\u00e7\u00f5es de maconha, 32 trouxinhas do mesmo material, al\u00e9m de seis muni\u00e7\u00f5es intactas. Tamb\u00e9m foram apreendidos materiais utilizados para o acondicionamento dos entorpecentes.<\/p>\n\n\n\n<p>Todo o material foi encaminhado \u00e0 Delegacia de Pol\u00edcia Civil de Mamanguape e as equipes continuar\u00e3o nas buscas aos envolvidos.<\/p>\n","protected":false},"excerpt":{"rendered":"<p>Na noite da sexta-feira (06), policiais militares da 2\u00aa CIPM realizaram uma opera\u00e7\u00e3o que resultou na apreens\u00e3o de drogas e<\/p>\n","protected":false},"author":5,"featured_media":926924,"comment_status":"closed","ping_status":"closed","sticky":false,"template":"","format":"standard","meta":{"_exactmetrics_skip_tracking":false,"_exactmetrics_sitenote_active":false,"_exactmetrics_sitenote_note":"","_exactmetrics_sitenote_category":0,"footnotes":""},"categories":[4],"tags":[],"yoast_head":"<!-- This site is optimized with the Yoast SEO plugin v22.0 - https:\/\/yoast.com\/wordpress\/plugins\/seo\/ -->\n<title>Pol\u00edcia Militar apreende drogas e muni\u00e7\u00f5es no munic\u00edpio de Marca\u00e7\u00e3o - Pol\u00edcia Militar da Para\u00edba<\/title>\n<meta name=\"robots\" content=\"index, follow, max-snippet:-1, max-image-preview:large, max-video-preview:-1\" \/>\n<link rel=\"canonical\" href=\"https:\/\/www.pm.pb.gov.br\/portal\/2025\/06\/07\/policia-militar-apreende-drogas-e-municoes-no-municipio-de-marcacao\/\" \/>\n<meta property=\"og:locale\" content=\"pt_BR\" \/>\n<meta property=\"og:type\" content=\"article\" \/>\n<meta property=\"og:title\" content=\"Pol\u00edcia Militar apreende drogas e muni\u00e7\u00f5es no munic\u00edpio de Marca\u00e7\u00e3o - Pol\u00edcia Militar da Para\u00edba\" \/>\n<meta property=\"og:description\" content=\"Na noite da sexta-feira (06), policiais militares da 2\u00aa CIPM realizaram uma opera\u00e7\u00e3o que resultou na apreens\u00e3o de drogas e\" \/>\n<meta property=\"og:url\" content=\"https:\/\/www.pm.pb.gov.br\/portal\/2025\/06\/07\/policia-militar-apreende-drogas-e-municoes-no-municipio-de-marcacao\/\" \/>\n<meta property=\"og:site_name\" content=\"Pol\u00edcia Militar da Para\u00edba\" \/>\n<meta property=\"article:published_time\" content=\"2025-06-07T13:48:22+00:00\" \/>\n<meta property=\"article:modified_time\" content=\"2025-06-07T13:48:23+00:00\" \/>\n<meta property=\"og:image\" content=\"http:\/\/www.pm.pb.gov.br\/portal\/wp-content\/uploads\/2025\/06\/material-apreendido.jpeg\" \/>\n\t<meta property=\"og:image:width\" content=\"1280\" \/>\n\t<meta property=\"og:image:height\" content=\"712\" \/>\n\t<meta property=\"og:image:type\" content=\"image\/jpeg\" \/>\n<meta name=\"author\" content=\"Assessoria de Imprensa da PMPB\" \/>\n<meta name=\"twitter:card\" content=\"summary_large_image\" \/>\n<meta name=\"twitter:label1\" content=\"Escrito por\" \/>\n\t<meta name=\"twitter:data1\" content=\"Assessoria de Imprensa da PMPB\" \/>\n\t<meta name=\"twitter:label2\" content=\"Est. tempo de leitura\" \/>\n\t<meta name=\"twitter:data2\" content=\"1 minuto\" \/>\n<script type=\"application\/ld+json\" class=\"yoast-schema-graph\">{\"@context\":\"https:\/\/schema.org\",\"@graph\":[{\"@type\":\"Article\",\"@id\":\"https:\/\/www.pm.pb.gov.br\/portal\/2025\/06\/07\/policia-militar-apreende-drogas-e-municoes-no-municipio-de-marcacao\/#article\",\"isPartOf\":{\"@id\":\"https:\/\/www.pm.pb.gov.br\/portal\/2025\/06\/07\/policia-militar-apreende-drogas-e-municoes-no-municipio-de-marcacao\/\"},\"author\":{\"name\":\"Assessoria de Imprensa da PMPB\",\"@id\":\"https:\/\/www.pm.pb.gov.br\/portal\/#\/schema\/person\/e8454f46651c3ecf0e1ba3c1666d9947\"},\"headline\":\"Pol\u00edcia Militar apreende drogas e muni\u00e7\u00f5es no munic\u00edpio de Marca\u00e7\u00e3o\",\"datePublished\":\"2025-06-07T13:48:22+00:00\",\"dateModified\":\"2025-06-07T13:48:23+00:00\",\"mainEntityOfPage\":{\"@id\":\"https:\/\/www.pm.pb.gov.br\/portal\/2025\/06\/07\/policia-militar-apreende-drogas-e-municoes-no-municipio-de-marcacao\/\"},\"wordCount\":149,\"publisher\":{\"@id\":\"https:\/\/www.pm.pb.gov.br\/portal\/#organization\"},\"articleSection\":[\"A\u00e7\u00f5es Policiais\"],\"inLanguage\":\"pt-BR\"},{\"@type\":\"WebPage\",\"@id\":\"https:\/\/www.pm.pb.gov.br\/portal\/2025\/06\/07\/policia-militar-apreende-drogas-e-municoes-no-municipio-de-marcacao\/\",\"url\":\"https:\/\/www.pm.pb.gov.br\/portal\/2025\/06\/07\/policia-militar-apreende-drogas-e-municoes-no-municipio-de-marcacao\/\",\"name\":\"Pol\u00edcia Militar apreende drogas e muni\u00e7\u00f5es no munic\u00edpio de Marca\u00e7\u00e3o - Pol\u00edcia Militar da Para\u00edba\",\"isPartOf\":{\"@id\":\"https:\/\/www.pm.pb.gov.br\/portal\/#website\"},\"datePublished\":\"2025-06-07T13:48:22+00:00\",\"dateModified\":\"2025-06-07T13:48:23+00:00\",\"breadcrumb\":{\"@id\":\"https:\/\/www.pm.pb.gov.br\/portal\/2025\/06\/07\/policia-militar-apreende-drogas-e-municoes-no-municipio-de-marcacao\/#breadcrumb\"},\"inLanguage\":\"pt-BR\",\"potentialAction\":[{\"@type\":\"ReadAction\",\"target\":[\"https:\/\/www.pm.pb.gov.br\/portal\/2025\/06\/07\/policia-militar-apreende-drogas-e-municoes-no-municipio-de-marcacao\/\"]}]},{\"@type\":\"BreadcrumbList\",\"@id\":\"https:\/\/www.pm.pb.gov.br\/portal\/2025\/06\/07\/policia-militar-apreende-drogas-e-municoes-no-municipio-de-marcacao\/#breadcrumb\",\"itemListElement\":[{\"@type\":\"ListItem\",\"position\":1,\"name\":\"In\u00edcio\",\"item\":\"https:\/\/www.pm.pb.gov.br\/portal\/\"},{\"@type\":\"ListItem\",\"position\":2,\"name\":\"Pol\u00edcia Militar apreende drogas e muni\u00e7\u00f5es no munic\u00edpio de Marca\u00e7\u00e3o\"}]},{\"@type\":\"WebSite\",\"@id\":\"https:\/\/www.pm.pb.gov.br\/portal\/#website\",\"url\":\"https:\/\/www.pm.pb.gov.br\/portal\/\",\"name\":\"Pol\u00edcia Militar da Para\u00edba\",\"description\":\"\",\"publisher\":{\"@id\":\"https:\/\/www.pm.pb.gov.br\/portal\/#organization\"},\"potentialAction\":[{\"@type\":\"SearchAction\",\"target\":{\"@type\":\"EntryPoint\",\"urlTemplate\":\"https:\/\/www.pm.pb.gov.br\/portal\/?s={search_term_string}\"},\"query-input\":\"required name=search_term_string\"}],\"inLanguage\":\"pt-BR\"},{\"@type\":\"Organization\",\"@id\":\"https:\/\/www.pm.pb.gov.br\/portal\/#organization\",\"name\":\"Pol\u00edcia Militar da Para\u00edba\",\"url\":\"https:\/\/www.pm.pb.gov.br\/portal\/\",\"logo\":{\"@type\":\"ImageObject\",\"inLanguage\":\"pt-BR\",\"@id\":\"https:\/\/www.pm.pb.gov.br\/portal\/#\/schema\/logo\/image\/\",\"url\":\"https:\/\/www.pm.pb.gov.br\/portal\/wp-content\/uploads\/2025\/03\/cropped-logo-site-mag2-1.png\",\"contentUrl\":\"https:\/\/www.pm.pb.gov.br\/portal\/wp-content\/uploads\/2025\/03\/cropped-logo-site-mag2-1.png\",\"width\":320,\"height\":90,\"caption\":\"Pol\u00edcia Militar da Para\u00edba\"},\"image\":{\"@id\":\"https:\/\/www.pm.pb.gov.br\/portal\/#\/schema\/logo\/image\/\"}},{\"@type\":\"Person\",\"@id\":\"https:\/\/www.pm.pb.gov.br\/portal\/#\/schema\/person\/e8454f46651c3ecf0e1ba3c1666d9947\",\"name\":\"Assessoria de Imprensa da PMPB\",\"image\":{\"@type\":\"ImageObject\",\"inLanguage\":\"pt-BR\",\"@id\":\"https:\/\/www.pm.pb.gov.br\/portal\/#\/schema\/person\/image\/\",\"url\":\"https:\/\/secure.gravatar.com\/avatar\/2efe197438265d1e90bd98c4c8e1acf8?s=96&d=mm&r=g\",\"contentUrl\":\"https:\/\/secure.gravatar.com\/avatar\/2efe197438265d1e90bd98c4c8e1acf8?s=96&d=mm&r=g\",\"caption\":\"Assessoria de Imprensa da PMPB\"},\"url\":\"https:\/\/www.pm.pb.gov.br\/portal\/author\/assessoria\/\"}]}<\/script>\n<!-- \/ Yoast SEO plugin. -->","yoast_head_json":{"title":"Pol\u00edcia Militar apreende drogas e muni\u00e7\u00f5es no munic\u00edpio de Marca\u00e7\u00e3o - Pol\u00edcia Militar da Para\u00edba","robots":{"index":"index","follow":"follow","max-snippet":"max-snippet:-1","max-image-preview":"max-image-preview:large","max-video-preview":"max-video-preview:-1"},"canonical":"https:\/\/www.pm.pb.gov.br\/portal\/2025\/06\/07\/policia-militar-apreende-drogas-e-municoes-no-municipio-de-marcacao\/","og_locale":"pt_BR","og_type":"article","og_title":"Pol\u00edcia Militar apreende drogas e muni\u00e7\u00f5es no munic\u00edpio de Marca\u00e7\u00e3o - Pol\u00edcia Militar da Para\u00edba","og_description":"Na noite da sexta-feira (06), policiais militares da 2\u00aa CIPM realizaram uma opera\u00e7\u00e3o que resultou na apreens\u00e3o de drogas e","og_url":"https:\/\/www.pm.pb.gov.br\/portal\/2025\/06\/07\/policia-militar-apreende-drogas-e-municoes-no-municipio-de-marcacao\/","og_site_name":"Pol\u00edcia Militar da Para\u00edba","article_published_time":"2025-06-07T13:48:22+00:00","article_modified_time":"2025-06-07T13:48:23+00:00","og_image":[{"width":1280,"height":712,"url":"http:\/\/www.pm.pb.gov.br\/portal\/wp-content\/uploads\/2025\/06\/material-apreendido.jpeg","type":"image\/jpeg"}],"author":"Assessoria de Imprensa da PMPB","twitter_card":"summary_large_image","twitter_misc":{"Escrito por":"Assessoria de Imprensa da PMPB","Est. tempo de leitura":"1 minuto"},"schema":{"@context":"https:\/\/schema.org","@graph":[{"@type":"Article","@id":"https:\/\/www.pm.pb.gov.br\/portal\/2025\/06\/07\/policia-militar-apreende-drogas-e-municoes-no-municipio-de-marcacao\/#article","isPartOf":{"@id":"https:\/\/www.pm.pb.gov.br\/portal\/2025\/06\/07\/policia-militar-apreende-drogas-e-municoes-no-municipio-de-marcacao\/"},"author":{"name":"Assessoria de Imprensa da PMPB","@id":"https:\/\/www.pm.pb.gov.br\/portal\/#\/schema\/person\/e8454f46651c3ecf0e1ba3c1666d9947"},"headline":"Pol\u00edcia Militar apreende drogas e muni\u00e7\u00f5es no munic\u00edpio de Marca\u00e7\u00e3o","datePublished":"2025-06-07T13:48:22+00:00","dateModified":"2025-06-07T13:48:23+00:00","mainEntityOfPage":{"@id":"https:\/\/www.pm.pb.gov.br\/portal\/2025\/06\/07\/policia-militar-apreende-drogas-e-municoes-no-municipio-de-marcacao\/"},"wordCount":149,"publisher":{"@id":"https:\/\/www.pm.pb.gov.br\/portal\/#organization"},"articleSection":["A\u00e7\u00f5es Policiais"],"inLanguage":"pt-BR"},{"@type":"WebPage","@id":"https:\/\/www.pm.pb.gov.br\/portal\/2025\/06\/07\/policia-militar-apreende-drogas-e-municoes-no-municipio-de-marcacao\/","url":"https:\/\/www.pm.pb.gov.br\/portal\/2025\/06\/07\/policia-militar-apreende-drogas-e-municoes-no-municipio-de-marcacao\/","name":"Pol\u00edcia Militar apreende drogas e muni\u00e7\u00f5es no munic\u00edpio de Marca\u00e7\u00e3o - Pol\u00edcia Militar da Para\u00edba","isPartOf":{"@id":"https:\/\/www.pm.pb.gov.br\/portal\/#website"},"datePublished":"2025-06-07T13:48:22+00:00","dateModified":"2025-06-07T13:48:23+00:00","breadcrumb":{"@id":"https:\/\/www.pm.pb.gov.br\/portal\/2025\/06\/07\/policia-militar-apreende-drogas-e-municoes-no-municipio-de-marcacao\/#breadcrumb"},"inLanguage":"pt-BR","potentialAction":[{"@type":"ReadAction","target":["https:\/\/www.pm.pb.gov.br\/portal\/2025\/06\/07\/policia-militar-apreende-drogas-e-municoes-no-municipio-de-marcacao\/"]}]},{"@type":"BreadcrumbList","@id":"https:\/\/www.pm.pb.gov.br\/portal\/2025\/06\/07\/policia-militar-apreende-drogas-e-municoes-no-municipio-de-marcacao\/#breadcrumb","itemListElement":[{"@type":"ListItem","position":1,"name":"In\u00edcio","item":"https:\/\/www.pm.pb.gov.br\/portal\/"},{"@type":"ListItem","position":2,"name":"Pol\u00edcia Militar apreende drogas e muni\u00e7\u00f5es no munic\u00edpio de Marca\u00e7\u00e3o"}]},{"@type":"WebSite","@id":"https:\/\/www.pm.pb.gov.br\/portal\/#website","url":"https:\/\/www.pm.pb.gov.br\/portal\/","name":"Pol\u00edcia Militar da Para\u00edba","description":"","publisher":{"@id":"https:\/\/www.pm.pb.gov.br\/portal\/#organization"},"potentialAction":[{"@type":"SearchAction","target":{"@type":"EntryPoint","urlTemplate":"https:\/\/www.pm.pb.gov.br\/portal\/?s={search_term_string}"},"query-input":"required name=search_term_string"}],"inLanguage":"pt-BR"},{"@type":"Organization","@id":"https:\/\/www.pm.pb.gov.br\/portal\/#organization","name":"Pol\u00edcia Militar da Para\u00edba","url":"https:\/\/www.pm.pb.gov.br\/portal\/","logo":{"@type":"ImageObject","inLanguage":"pt-BR","@id":"https:\/\/www.pm.pb.gov.br\/portal\/#\/schema\/logo\/image\/","url":"https:\/\/www.pm.pb.gov.br\/portal\/wp-content\/uploads\/2025\/03\/cropped-logo-site-mag2-1.png","contentUrl":"https:\/\/www.pm.pb.gov.br\/portal\/wp-content\/uploads\/2025\/03\/cropped-logo-site-mag2-1.png","width":320,"height":90,"caption":"Pol\u00edcia Militar da Para\u00edba"},"image":{"@id":"https:\/\/www.pm.pb.gov.br\/portal\/#\/schema\/logo\/image\/"}},{"@type":"Person","@id":"https:\/\/www.pm.pb.gov.br\/portal\/#\/schema\/person\/e8454f46651c3ecf0e1ba3c1666d9947","name":"Assessoria de Imprensa da PMPB","image":{"@type":"ImageObject","inLanguage":"pt-BR","@id":"https:\/\/www.pm.pb.gov.br\/portal\/#\/schema\/person\/image\/","url":"https:\/\/secure.gravatar.com\/avatar\/2efe197438265d1e90bd98c4c8e1acf8?s=96&d=mm&r=g","contentUrl":"https:\/\/secure.gravatar.com\/avatar\/2efe197438265d1e90bd98c4c8e1acf8?s=96&d=mm&r=g","caption":"Assessoria de Imprensa da PMPB"},"url":"https:\/\/www.pm.pb.gov.br\/portal\/author\/assessoria\/"}]}},"_links":{"self":[{"href":"https:\/\/www.pm.pb.gov.br\/portal\/wp-json\/wp\/v2\/posts\/926923"}],"collection":[{"href":"https:\/\/www.pm.pb.gov.br\/portal\/wp-json\/wp\/v2\/posts"}],"about":[{"href":"https:\/\/www.pm.pb.gov.br\/portal\/wp-json\/wp\/v2\/types\/post"}],"author":[{"embeddable":true,"href":"https:\/\/www.pm.pb.gov.br\/portal\/wp-json\/wp\/v2\/users\/5"}],"replies":[{"embeddable":true,"href":"https:\/\/www.pm.pb.gov.br\/portal\/wp-json\/wp\/v2\/comments?post=926923"}],"version-history":[{"count":1,"href":"https:\/\/www.pm.pb.gov.br\/portal\/wp-json\/wp\/v2\/posts\/926923\/revisions"}],"predecessor-version":[{"id":926925,"href":"https:\/\/www.pm.pb.gov.br\/portal\/wp-json\/wp\/v2\/posts\/926923\/revisions\/926925"}],"wp:featuredmedia":[{"embeddable":true,"href":"https:\/\/www.pm.pb.gov.br\/portal\/wp-json\/wp\/v2\/media\/926924"}],"wp:attachment":[{"href":"https:\/\/www.pm.pb.gov.br\/portal\/wp-json\/wp\/v2\/media?parent=926923"}],"wp:term":[{"taxonomy":"category","embeddable":true,"href":"https:\/\/www.pm.pb.gov.br\/portal\/wp-json\/wp\/v2\/categories?post=926923"},{"taxonomy":"post_tag","embeddable":true,"href":"https:\/\/www.pm.pb.gov.br\/portal\/wp-json\/wp\/v2\/tags?post=926923"}],"curies":[{"name":"wp","href":"https:\/\/api.w.org\/{rel}","templated":true}]}}