{"id":926908,"date":"2025-06-05T08:14:00","date_gmt":"2025-06-05T11:14:00","guid":{"rendered":"https:\/\/www.pm.pb.gov.br\/portal\/?p=926908"},"modified":"2025-06-05T11:20:03","modified_gmt":"2025-06-05T14:20:03","slug":"policia-militar-apreende-arma-municoes-e-drogas-e-prende-suspeito-de-trafico-apos-denuncia-em-jp","status":"publish","type":"post","link":"https:\/\/www.pm.pb.gov.br\/portal\/2025\/06\/05\/policia-militar-apreende-arma-municoes-e-drogas-e-prende-suspeito-de-trafico-apos-denuncia-em-jp\/","title":{"rendered":"Pol\u00edcia Militar apreende arma, muni\u00e7\u00f5es e drogas e prende suspeito de tr\u00e1fico ap\u00f3s den\u00fancia em JP"},"content":{"rendered":"\n<p>Uma den\u00fancia an\u00f4nima resultou na apreens\u00e3o de uma pistola, 134 muni\u00e7\u00f5es, 5 carregadores, dinheiro e mais de 40 por\u00e7\u00f5es de drogas, no conjunto Gerv\u00e1sio Maia, no bairro de Gramame, em Jo\u00e3o Pessoa (foto acima). No local, as equipes da For\u00e7a T\u00e1tica do 5\u00ba Batalh\u00e3o prenderam um suspeito em flagrante.<\/p>\n<p>A den\u00fancia recebida pela PM foi de que estavam sendo realizadas atividades do tr\u00e1fico e que homens estariam armados no local. Ap\u00f3s a pris\u00e3o do acusado, foram feitas buscas na regi\u00e3o e as a\u00e7\u00f5es policiais no local ir\u00e3o continuar.<\/p>\n<p>O preso foi apresentado com o material na Cidade da Pol\u00edcia Civil, no Geisel.<\/p>\n<p>\u00a0<\/p>\n\n\n\n\n","protected":false},"excerpt":{"rendered":"<p>Uma den\u00fancia an\u00f4nima resultou na apreens\u00e3o de uma pistola, 134 muni\u00e7\u00f5es, 5 carregadores, dinheiro e mais de 40 por\u00e7\u00f5es de<\/p>\n","protected":false},"author":12,"featured_media":926909,"comment_status":"closed","ping_status":"closed","sticky":false,"template":"","format":"standard","meta":{"_exactmetrics_skip_tracking":false,"_exactmetrics_sitenote_active":false,"_exactmetrics_sitenote_note":"","_exactmetrics_sitenote_category":0,"footnotes":""},"categories":[4],"tags":[],"yoast_head":"<!-- This site is optimized with the Yoast SEO plugin v22.0 - https:\/\/yoast.com\/wordpress\/plugins\/seo\/ -->\n<title>Pol\u00edcia Militar apreende arma, muni\u00e7\u00f5es e drogas e prende suspeito de tr\u00e1fico ap\u00f3s den\u00fancia em JP - Pol\u00edcia Militar da Para\u00edba<\/title>\n<meta name=\"robots\" content=\"index, follow, max-snippet:-1, max-image-preview:large, max-video-preview:-1\" \/>\n<link rel=\"canonical\" href=\"https:\/\/www.pm.pb.gov.br\/portal\/2025\/06\/05\/policia-militar-apreende-arma-municoes-e-drogas-e-prende-suspeito-de-trafico-apos-denuncia-em-jp\/\" \/>\n<meta property=\"og:locale\" content=\"pt_BR\" \/>\n<meta property=\"og:type\" content=\"article\" \/>\n<meta property=\"og:title\" content=\"Pol\u00edcia Militar apreende arma, muni\u00e7\u00f5es e drogas e prende suspeito de tr\u00e1fico ap\u00f3s den\u00fancia em JP - Pol\u00edcia Militar da Para\u00edba\" \/>\n<meta property=\"og:description\" content=\"Uma den\u00fancia an\u00f4nima resultou na apreens\u00e3o de uma pistola, 134 muni\u00e7\u00f5es, 5 carregadores, dinheiro e mais de 40 por\u00e7\u00f5es de\" \/>\n<meta property=\"og:url\" content=\"https:\/\/www.pm.pb.gov.br\/portal\/2025\/06\/05\/policia-militar-apreende-arma-municoes-e-drogas-e-prende-suspeito-de-trafico-apos-denuncia-em-jp\/\" \/>\n<meta property=\"og:site_name\" content=\"Pol\u00edcia Militar da Para\u00edba\" \/>\n<meta property=\"article:published_time\" content=\"2025-06-05T11:14:00+00:00\" \/>\n<meta property=\"article:modified_time\" content=\"2025-06-05T14:20:03+00:00\" \/>\n<meta property=\"og:image\" content=\"http:\/\/www.pm.pb.gov.br\/portal\/wp-content\/uploads\/2025\/06\/municoes.jpeg\" \/>\n\t<meta property=\"og:image:width\" content=\"1280\" \/>\n\t<meta property=\"og:image:height\" content=\"720\" \/>\n\t<meta property=\"og:image:type\" content=\"image\/jpeg\" \/>\n<meta name=\"author\" content=\"Tarcisio Oliveira\" \/>\n<meta name=\"twitter:card\" content=\"summary_large_image\" \/>\n<meta name=\"twitter:label1\" content=\"Escrito por\" \/>\n\t<meta name=\"twitter:data1\" content=\"Tarcisio Oliveira\" \/>\n\t<meta name=\"twitter:label2\" content=\"Est. tempo de leitura\" \/>\n\t<meta name=\"twitter:data2\" content=\"1 minuto\" \/>\n<script type=\"application\/ld+json\" class=\"yoast-schema-graph\">{\"@context\":\"https:\/\/schema.org\",\"@graph\":[{\"@type\":\"Article\",\"@id\":\"https:\/\/www.pm.pb.gov.br\/portal\/2025\/06\/05\/policia-militar-apreende-arma-municoes-e-drogas-e-prende-suspeito-de-trafico-apos-denuncia-em-jp\/#article\",\"isPartOf\":{\"@id\":\"https:\/\/www.pm.pb.gov.br\/portal\/2025\/06\/05\/policia-militar-apreende-arma-municoes-e-drogas-e-prende-suspeito-de-trafico-apos-denuncia-em-jp\/\"},\"author\":{\"name\":\"Tarcisio Oliveira\",\"@id\":\"https:\/\/www.pm.pb.gov.br\/portal\/#\/schema\/person\/f84f56dcc78ce4357054da888b8247fd\"},\"headline\":\"Pol\u00edcia Militar apreende arma, muni\u00e7\u00f5es e drogas e prende suspeito de tr\u00e1fico ap\u00f3s den\u00fancia em JP\",\"datePublished\":\"2025-06-05T11:14:00+00:00\",\"dateModified\":\"2025-06-05T14:20:03+00:00\",\"mainEntityOfPage\":{\"@id\":\"https:\/\/www.pm.pb.gov.br\/portal\/2025\/06\/05\/policia-militar-apreende-arma-municoes-e-drogas-e-prende-suspeito-de-trafico-apos-denuncia-em-jp\/\"},\"wordCount\":137,\"publisher\":{\"@id\":\"https:\/\/www.pm.pb.gov.br\/portal\/#organization\"},\"articleSection\":[\"A\u00e7\u00f5es Policiais\"],\"inLanguage\":\"pt-BR\"},{\"@type\":\"WebPage\",\"@id\":\"https:\/\/www.pm.pb.gov.br\/portal\/2025\/06\/05\/policia-militar-apreende-arma-municoes-e-drogas-e-prende-suspeito-de-trafico-apos-denuncia-em-jp\/\",\"url\":\"https:\/\/www.pm.pb.gov.br\/portal\/2025\/06\/05\/policia-militar-apreende-arma-municoes-e-drogas-e-prende-suspeito-de-trafico-apos-denuncia-em-jp\/\",\"name\":\"Pol\u00edcia Militar apreende arma, muni\u00e7\u00f5es e drogas e prende suspeito de tr\u00e1fico ap\u00f3s den\u00fancia em JP - Pol\u00edcia Militar da Para\u00edba\",\"isPartOf\":{\"@id\":\"https:\/\/www.pm.pb.gov.br\/portal\/#website\"},\"datePublished\":\"2025-06-05T11:14:00+00:00\",\"dateModified\":\"2025-06-05T14:20:03+00:00\",\"breadcrumb\":{\"@id\":\"https:\/\/www.pm.pb.gov.br\/portal\/2025\/06\/05\/policia-militar-apreende-arma-municoes-e-drogas-e-prende-suspeito-de-trafico-apos-denuncia-em-jp\/#breadcrumb\"},\"inLanguage\":\"pt-BR\",\"potentialAction\":[{\"@type\":\"ReadAction\",\"target\":[\"https:\/\/www.pm.pb.gov.br\/portal\/2025\/06\/05\/policia-militar-apreende-arma-municoes-e-drogas-e-prende-suspeito-de-trafico-apos-denuncia-em-jp\/\"]}]},{\"@type\":\"BreadcrumbList\",\"@id\":\"https:\/\/www.pm.pb.gov.br\/portal\/2025\/06\/05\/policia-militar-apreende-arma-municoes-e-drogas-e-prende-suspeito-de-trafico-apos-denuncia-em-jp\/#breadcrumb\",\"itemListElement\":[{\"@type\":\"ListItem\",\"position\":1,\"name\":\"In\u00edcio\",\"item\":\"https:\/\/www.pm.pb.gov.br\/portal\/\"},{\"@type\":\"ListItem\",\"position\":2,\"name\":\"Pol\u00edcia Militar apreende arma, muni\u00e7\u00f5es e drogas e prende suspeito de tr\u00e1fico ap\u00f3s den\u00fancia em JP\"}]},{\"@type\":\"WebSite\",\"@id\":\"https:\/\/www.pm.pb.gov.br\/portal\/#website\",\"url\":\"https:\/\/www.pm.pb.gov.br\/portal\/\",\"name\":\"Pol\u00edcia Militar da Para\u00edba\",\"description\":\"\",\"publisher\":{\"@id\":\"https:\/\/www.pm.pb.gov.br\/portal\/#organization\"},\"potentialAction\":[{\"@type\":\"SearchAction\",\"target\":{\"@type\":\"EntryPoint\",\"urlTemplate\":\"https:\/\/www.pm.pb.gov.br\/portal\/?s={search_term_string}\"},\"query-input\":\"required name=search_term_string\"}],\"inLanguage\":\"pt-BR\"},{\"@type\":\"Organization\",\"@id\":\"https:\/\/www.pm.pb.gov.br\/portal\/#organization\",\"name\":\"Pol\u00edcia Militar da Para\u00edba\",\"url\":\"https:\/\/www.pm.pb.gov.br\/portal\/\",\"logo\":{\"@type\":\"ImageObject\",\"inLanguage\":\"pt-BR\",\"@id\":\"https:\/\/www.pm.pb.gov.br\/portal\/#\/schema\/logo\/image\/\",\"url\":\"https:\/\/www.pm.pb.gov.br\/portal\/wp-content\/uploads\/2025\/03\/cropped-logo-site-mag2-1.png\",\"contentUrl\":\"https:\/\/www.pm.pb.gov.br\/portal\/wp-content\/uploads\/2025\/03\/cropped-logo-site-mag2-1.png\",\"width\":320,\"height\":90,\"caption\":\"Pol\u00edcia Militar da Para\u00edba\"},\"image\":{\"@id\":\"https:\/\/www.pm.pb.gov.br\/portal\/#\/schema\/logo\/image\/\"}},{\"@type\":\"Person\",\"@id\":\"https:\/\/www.pm.pb.gov.br\/portal\/#\/schema\/person\/f84f56dcc78ce4357054da888b8247fd\",\"name\":\"Tarcisio Oliveira\",\"image\":{\"@type\":\"ImageObject\",\"inLanguage\":\"pt-BR\",\"@id\":\"https:\/\/www.pm.pb.gov.br\/portal\/#\/schema\/person\/image\/\",\"url\":\"https:\/\/secure.gravatar.com\/avatar\/72917b630b69d31cd0297507f34bac97?s=96&d=mm&r=g\",\"contentUrl\":\"https:\/\/secure.gravatar.com\/avatar\/72917b630b69d31cd0297507f34bac97?s=96&d=mm&r=g\",\"caption\":\"Tarcisio Oliveira\"},\"url\":\"https:\/\/www.pm.pb.gov.br\/portal\/author\/tarcisio\/\"}]}<\/script>\n<!-- \/ Yoast SEO plugin. -->","yoast_head_json":{"title":"Pol\u00edcia Militar apreende arma, muni\u00e7\u00f5es e drogas e prende suspeito de tr\u00e1fico ap\u00f3s den\u00fancia em JP - Pol\u00edcia Militar da Para\u00edba","robots":{"index":"index","follow":"follow","max-snippet":"max-snippet:-1","max-image-preview":"max-image-preview:large","max-video-preview":"max-video-preview:-1"},"canonical":"https:\/\/www.pm.pb.gov.br\/portal\/2025\/06\/05\/policia-militar-apreende-arma-municoes-e-drogas-e-prende-suspeito-de-trafico-apos-denuncia-em-jp\/","og_locale":"pt_BR","og_type":"article","og_title":"Pol\u00edcia Militar apreende arma, muni\u00e7\u00f5es e drogas e prende suspeito de tr\u00e1fico ap\u00f3s den\u00fancia em JP - Pol\u00edcia Militar da Para\u00edba","og_description":"Uma den\u00fancia an\u00f4nima resultou na apreens\u00e3o de uma pistola, 134 muni\u00e7\u00f5es, 5 carregadores, dinheiro e mais de 40 por\u00e7\u00f5es de","og_url":"https:\/\/www.pm.pb.gov.br\/portal\/2025\/06\/05\/policia-militar-apreende-arma-municoes-e-drogas-e-prende-suspeito-de-trafico-apos-denuncia-em-jp\/","og_site_name":"Pol\u00edcia Militar da Para\u00edba","article_published_time":"2025-06-05T11:14:00+00:00","article_modified_time":"2025-06-05T14:20:03+00:00","og_image":[{"width":1280,"height":720,"url":"http:\/\/www.pm.pb.gov.br\/portal\/wp-content\/uploads\/2025\/06\/municoes.jpeg","type":"image\/jpeg"}],"author":"Tarcisio Oliveira","twitter_card":"summary_large_image","twitter_misc":{"Escrito por":"Tarcisio Oliveira","Est. tempo de leitura":"1 minuto"},"schema":{"@context":"https:\/\/schema.org","@graph":[{"@type":"Article","@id":"https:\/\/www.pm.pb.gov.br\/portal\/2025\/06\/05\/policia-militar-apreende-arma-municoes-e-drogas-e-prende-suspeito-de-trafico-apos-denuncia-em-jp\/#article","isPartOf":{"@id":"https:\/\/www.pm.pb.gov.br\/portal\/2025\/06\/05\/policia-militar-apreende-arma-municoes-e-drogas-e-prende-suspeito-de-trafico-apos-denuncia-em-jp\/"},"author":{"name":"Tarcisio Oliveira","@id":"https:\/\/www.pm.pb.gov.br\/portal\/#\/schema\/person\/f84f56dcc78ce4357054da888b8247fd"},"headline":"Pol\u00edcia Militar apreende arma, muni\u00e7\u00f5es e drogas e prende suspeito de tr\u00e1fico ap\u00f3s den\u00fancia em JP","datePublished":"2025-06-05T11:14:00+00:00","dateModified":"2025-06-05T14:20:03+00:00","mainEntityOfPage":{"@id":"https:\/\/www.pm.pb.gov.br\/portal\/2025\/06\/05\/policia-militar-apreende-arma-municoes-e-drogas-e-prende-suspeito-de-trafico-apos-denuncia-em-jp\/"},"wordCount":137,"publisher":{"@id":"https:\/\/www.pm.pb.gov.br\/portal\/#organization"},"articleSection":["A\u00e7\u00f5es Policiais"],"inLanguage":"pt-BR"},{"@type":"WebPage","@id":"https:\/\/www.pm.pb.gov.br\/portal\/2025\/06\/05\/policia-militar-apreende-arma-municoes-e-drogas-e-prende-suspeito-de-trafico-apos-denuncia-em-jp\/","url":"https:\/\/www.pm.pb.gov.br\/portal\/2025\/06\/05\/policia-militar-apreende-arma-municoes-e-drogas-e-prende-suspeito-de-trafico-apos-denuncia-em-jp\/","name":"Pol\u00edcia Militar apreende arma, muni\u00e7\u00f5es e drogas e prende suspeito de tr\u00e1fico ap\u00f3s den\u00fancia em JP - Pol\u00edcia Militar da Para\u00edba","isPartOf":{"@id":"https:\/\/www.pm.pb.gov.br\/portal\/#website"},"datePublished":"2025-06-05T11:14:00+00:00","dateModified":"2025-06-05T14:20:03+00:00","breadcrumb":{"@id":"https:\/\/www.pm.pb.gov.br\/portal\/2025\/06\/05\/policia-militar-apreende-arma-municoes-e-drogas-e-prende-suspeito-de-trafico-apos-denuncia-em-jp\/#breadcrumb"},"inLanguage":"pt-BR","potentialAction":[{"@type":"ReadAction","target":["https:\/\/www.pm.pb.gov.br\/portal\/2025\/06\/05\/policia-militar-apreende-arma-municoes-e-drogas-e-prende-suspeito-de-trafico-apos-denuncia-em-jp\/"]}]},{"@type":"BreadcrumbList","@id":"https:\/\/www.pm.pb.gov.br\/portal\/2025\/06\/05\/policia-militar-apreende-arma-municoes-e-drogas-e-prende-suspeito-de-trafico-apos-denuncia-em-jp\/#breadcrumb","itemListElement":[{"@type":"ListItem","position":1,"name":"In\u00edcio","item":"https:\/\/www.pm.pb.gov.br\/portal\/"},{"@type":"ListItem","position":2,"name":"Pol\u00edcia Militar apreende arma, muni\u00e7\u00f5es e drogas e prende suspeito de tr\u00e1fico ap\u00f3s den\u00fancia em JP"}]},{"@type":"WebSite","@id":"https:\/\/www.pm.pb.gov.br\/portal\/#website","url":"https:\/\/www.pm.pb.gov.br\/portal\/","name":"Pol\u00edcia Militar da Para\u00edba","description":"","publisher":{"@id":"https:\/\/www.pm.pb.gov.br\/portal\/#organization"},"potentialAction":[{"@type":"SearchAction","target":{"@type":"EntryPoint","urlTemplate":"https:\/\/www.pm.pb.gov.br\/portal\/?s={search_term_string}"},"query-input":"required name=search_term_string"}],"inLanguage":"pt-BR"},{"@type":"Organization","@id":"https:\/\/www.pm.pb.gov.br\/portal\/#organization","name":"Pol\u00edcia Militar da Para\u00edba","url":"https:\/\/www.pm.pb.gov.br\/portal\/","logo":{"@type":"ImageObject","inLanguage":"pt-BR","@id":"https:\/\/www.pm.pb.gov.br\/portal\/#\/schema\/logo\/image\/","url":"https:\/\/www.pm.pb.gov.br\/portal\/wp-content\/uploads\/2025\/03\/cropped-logo-site-mag2-1.png","contentUrl":"https:\/\/www.pm.pb.gov.br\/portal\/wp-content\/uploads\/2025\/03\/cropped-logo-site-mag2-1.png","width":320,"height":90,"caption":"Pol\u00edcia Militar da Para\u00edba"},"image":{"@id":"https:\/\/www.pm.pb.gov.br\/portal\/#\/schema\/logo\/image\/"}},{"@type":"Person","@id":"https:\/\/www.pm.pb.gov.br\/portal\/#\/schema\/person\/f84f56dcc78ce4357054da888b8247fd","name":"Tarcisio Oliveira","image":{"@type":"ImageObject","inLanguage":"pt-BR","@id":"https:\/\/www.pm.pb.gov.br\/portal\/#\/schema\/person\/image\/","url":"https:\/\/secure.gravatar.com\/avatar\/72917b630b69d31cd0297507f34bac97?s=96&d=mm&r=g","contentUrl":"https:\/\/secure.gravatar.com\/avatar\/72917b630b69d31cd0297507f34bac97?s=96&d=mm&r=g","caption":"Tarcisio Oliveira"},"url":"https:\/\/www.pm.pb.gov.br\/portal\/author\/tarcisio\/"}]}},"_links":{"self":[{"href":"https:\/\/www.pm.pb.gov.br\/portal\/wp-json\/wp\/v2\/posts\/926908"}],"collection":[{"href":"https:\/\/www.pm.pb.gov.br\/portal\/wp-json\/wp\/v2\/posts"}],"about":[{"href":"https:\/\/www.pm.pb.gov.br\/portal\/wp-json\/wp\/v2\/types\/post"}],"author":[{"embeddable":true,"href":"https:\/\/www.pm.pb.gov.br\/portal\/wp-json\/wp\/v2\/users\/12"}],"replies":[{"embeddable":true,"href":"https:\/\/www.pm.pb.gov.br\/portal\/wp-json\/wp\/v2\/comments?post=926908"}],"version-history":[{"count":1,"href":"https:\/\/www.pm.pb.gov.br\/portal\/wp-json\/wp\/v2\/posts\/926908\/revisions"}],"predecessor-version":[{"id":926910,"href":"https:\/\/www.pm.pb.gov.br\/portal\/wp-json\/wp\/v2\/posts\/926908\/revisions\/926910"}],"wp:featuredmedia":[{"embeddable":true,"href":"https:\/\/www.pm.pb.gov.br\/portal\/wp-json\/wp\/v2\/media\/926909"}],"wp:attachment":[{"href":"https:\/\/www.pm.pb.gov.br\/portal\/wp-json\/wp\/v2\/media?parent=926908"}],"wp:term":[{"taxonomy":"category","embeddable":true,"href":"https:\/\/www.pm.pb.gov.br\/portal\/wp-json\/wp\/v2\/categories?post=926908"},{"taxonomy":"post_tag","embeddable":true,"href":"https:\/\/www.pm.pb.gov.br\/portal\/wp-json\/wp\/v2\/tags?post=926908"}],"curies":[{"name":"wp","href":"https:\/\/api.w.org\/{rel}","templated":true}]}}