{"id":926653,"date":"2025-05-10T12:44:33","date_gmt":"2025-05-10T15:44:33","guid":{"rendered":"https:\/\/www.pm.pb.gov.br\/portal\/?p=926653"},"modified":"2025-05-10T12:44:36","modified_gmt":"2025-05-10T15:44:36","slug":"policia-militar-frustra-fuga-de-acusados-que-atacaram-comunidade-na-zona-sul-de-jp","status":"publish","type":"post","link":"https:\/\/www.pm.pb.gov.br\/portal\/2025\/05\/10\/policia-militar-frustra-fuga-de-acusados-que-atacaram-comunidade-na-zona-sul-de-jp\/","title":{"rendered":"Pol\u00edcia Militar frustra fuga de acusados que atacaram comunidade na zona sul de JP"},"content":{"rendered":"\n<p>A Pol\u00edcia Militar prendeu dois homens acusados de cometerem um ataque no Colinas do Sul, em Jo\u00e3o Pessoa, na noite da \u00faltima sexta-feira (9). A a\u00e7\u00e3o da PM frustrou a fuga dos suspeitos e ainda conseguiu apreender a arma de fogo usada pelos acusados.<\/p>\n<p>De acordo com a For\u00e7a Regional, a dupla estava em uma motocicleta e chegou a atirar mais de 10 vezes contra um suposto grupo criminoso rival. Entre os acusados presos, um deles j\u00e1 tinha passagem pela pol\u00edcia pelo crime de porte ilegal de arma de fogo.<\/p>\n<p>Os suspeitos estavam com uma pistola de calibre 9 mil\u00edmetros, muni\u00e7\u00f5es e carregadores (fotos). A ocorr\u00eancia foi encaminhada para a delegacia para devida autua\u00e7\u00e3o, e onde a participa\u00e7\u00e3o dos acusados em outros crimes na regi\u00e3o ser\u00e1 investigada.<\/p>\n<p><img loading=\"lazy\" decoding=\"async\" class=\"size-medium wp-image-926655 aligncenter\" src=\"http:\/\/www.pm.pb.gov.br\/portal\/wp-content\/uploads\/2025\/05\/site1-640x445.jpeg\" alt=\"\" width=\"640\" height=\"445\" srcset=\"https:\/\/www.pm.pb.gov.br\/portal\/wp-content\/uploads\/2025\/05\/site1-640x445.jpeg 640w, https:\/\/www.pm.pb.gov.br\/portal\/wp-content\/uploads\/2025\/05\/site1-819x570.jpeg 819w, https:\/\/www.pm.pb.gov.br\/portal\/wp-content\/uploads\/2025\/05\/site1-768x534.jpeg 768w, https:\/\/www.pm.pb.gov.br\/portal\/wp-content\/uploads\/2025\/05\/site1-392x272.jpeg 392w, https:\/\/www.pm.pb.gov.br\/portal\/wp-content\/uploads\/2025\/05\/site1-130x90.jpeg 130w, https:\/\/www.pm.pb.gov.br\/portal\/wp-content\/uploads\/2025\/05\/site1.jpeg 1200w\" sizes=\"(max-width: 640px) 100vw, 640px\" \/><\/p>\n\n\n","protected":false},"excerpt":{"rendered":"<p>A Pol\u00edcia Militar prendeu dois homens acusados de cometerem um ataque no Colinas do Sul, em Jo\u00e3o Pessoa, na noite<\/p>\n","protected":false},"author":12,"featured_media":926654,"comment_status":"closed","ping_status":"closed","sticky":false,"template":"","format":"standard","meta":{"_exactmetrics_skip_tracking":false,"_exactmetrics_sitenote_active":false,"_exactmetrics_sitenote_note":"","_exactmetrics_sitenote_category":0,"footnotes":""},"categories":[4],"tags":[],"yoast_head":"<!-- This site is optimized with the Yoast SEO plugin v22.0 - https:\/\/yoast.com\/wordpress\/plugins\/seo\/ -->\n<title>Pol\u00edcia Militar frustra fuga de acusados que atacaram comunidade na zona sul de JP - Pol\u00edcia Militar da Para\u00edba<\/title>\n<meta name=\"description\" content=\"Um dos presos j\u00e1 tinha passagem pela pol\u00edcia pelo crime de porte ilegal de arma de fogo.\" \/>\n<meta name=\"robots\" content=\"index, follow, max-snippet:-1, max-image-preview:large, max-video-preview:-1\" \/>\n<link rel=\"canonical\" href=\"https:\/\/www.pm.pb.gov.br\/portal\/2025\/05\/10\/policia-militar-frustra-fuga-de-acusados-que-atacaram-comunidade-na-zona-sul-de-jp\/\" \/>\n<meta property=\"og:locale\" content=\"pt_BR\" \/>\n<meta property=\"og:type\" content=\"article\" \/>\n<meta property=\"og:title\" content=\"Pol\u00edcia Militar frustra fuga de acusados que atacaram comunidade na zona sul de JP - Pol\u00edcia Militar da Para\u00edba\" \/>\n<meta property=\"og:description\" content=\"Um dos presos j\u00e1 tinha passagem pela pol\u00edcia pelo crime de porte ilegal de arma de fogo.\" \/>\n<meta property=\"og:url\" content=\"https:\/\/www.pm.pb.gov.br\/portal\/2025\/05\/10\/policia-militar-frustra-fuga-de-acusados-que-atacaram-comunidade-na-zona-sul-de-jp\/\" \/>\n<meta property=\"og:site_name\" content=\"Pol\u00edcia Militar da Para\u00edba\" \/>\n<meta property=\"article:published_time\" content=\"2025-05-10T15:44:33+00:00\" \/>\n<meta property=\"article:modified_time\" content=\"2025-05-10T15:44:36+00:00\" \/>\n<meta property=\"og:image\" content=\"http:\/\/www.pm.pb.gov.br\/portal\/wp-content\/uploads\/2025\/05\/WhatsApp-Image-2025-05-10-at-11.07.16.jpeg\" \/>\n\t<meta property=\"og:image:width\" content=\"800\" \/>\n\t<meta property=\"og:image:height\" content=\"445\" \/>\n\t<meta property=\"og:image:type\" content=\"image\/jpeg\" \/>\n<meta name=\"author\" content=\"Tarcisio Oliveira\" \/>\n<meta name=\"twitter:card\" content=\"summary_large_image\" \/>\n<meta name=\"twitter:label1\" content=\"Escrito por\" \/>\n\t<meta name=\"twitter:data1\" content=\"Tarcisio Oliveira\" \/>\n\t<meta name=\"twitter:label2\" content=\"Est. tempo de leitura\" \/>\n\t<meta name=\"twitter:data2\" content=\"2 minutos\" \/>\n<script type=\"application\/ld+json\" class=\"yoast-schema-graph\">{\"@context\":\"https:\/\/schema.org\",\"@graph\":[{\"@type\":\"Article\",\"@id\":\"https:\/\/www.pm.pb.gov.br\/portal\/2025\/05\/10\/policia-militar-frustra-fuga-de-acusados-que-atacaram-comunidade-na-zona-sul-de-jp\/#article\",\"isPartOf\":{\"@id\":\"https:\/\/www.pm.pb.gov.br\/portal\/2025\/05\/10\/policia-militar-frustra-fuga-de-acusados-que-atacaram-comunidade-na-zona-sul-de-jp\/\"},\"author\":{\"name\":\"Tarcisio Oliveira\",\"@id\":\"https:\/\/www.pm.pb.gov.br\/portal\/#\/schema\/person\/f84f56dcc78ce4357054da888b8247fd\"},\"headline\":\"Pol\u00edcia Militar frustra fuga de acusados que atacaram comunidade na zona sul de JP\",\"datePublished\":\"2025-05-10T15:44:33+00:00\",\"dateModified\":\"2025-05-10T15:44:36+00:00\",\"mainEntityOfPage\":{\"@id\":\"https:\/\/www.pm.pb.gov.br\/portal\/2025\/05\/10\/policia-militar-frustra-fuga-de-acusados-que-atacaram-comunidade-na-zona-sul-de-jp\/\"},\"wordCount\":150,\"publisher\":{\"@id\":\"https:\/\/www.pm.pb.gov.br\/portal\/#organization\"},\"articleSection\":[\"A\u00e7\u00f5es Policiais\"],\"inLanguage\":\"pt-BR\"},{\"@type\":\"WebPage\",\"@id\":\"https:\/\/www.pm.pb.gov.br\/portal\/2025\/05\/10\/policia-militar-frustra-fuga-de-acusados-que-atacaram-comunidade-na-zona-sul-de-jp\/\",\"url\":\"https:\/\/www.pm.pb.gov.br\/portal\/2025\/05\/10\/policia-militar-frustra-fuga-de-acusados-que-atacaram-comunidade-na-zona-sul-de-jp\/\",\"name\":\"Pol\u00edcia Militar frustra fuga de acusados que atacaram comunidade na zona sul de JP - Pol\u00edcia Militar da Para\u00edba\",\"isPartOf\":{\"@id\":\"https:\/\/www.pm.pb.gov.br\/portal\/#website\"},\"datePublished\":\"2025-05-10T15:44:33+00:00\",\"dateModified\":\"2025-05-10T15:44:36+00:00\",\"description\":\"Um dos presos j\u00e1 tinha passagem pela pol\u00edcia pelo crime de porte ilegal de arma de fogo.\",\"breadcrumb\":{\"@id\":\"https:\/\/www.pm.pb.gov.br\/portal\/2025\/05\/10\/policia-militar-frustra-fuga-de-acusados-que-atacaram-comunidade-na-zona-sul-de-jp\/#breadcrumb\"},\"inLanguage\":\"pt-BR\",\"potentialAction\":[{\"@type\":\"ReadAction\",\"target\":[\"https:\/\/www.pm.pb.gov.br\/portal\/2025\/05\/10\/policia-militar-frustra-fuga-de-acusados-que-atacaram-comunidade-na-zona-sul-de-jp\/\"]}]},{\"@type\":\"BreadcrumbList\",\"@id\":\"https:\/\/www.pm.pb.gov.br\/portal\/2025\/05\/10\/policia-militar-frustra-fuga-de-acusados-que-atacaram-comunidade-na-zona-sul-de-jp\/#breadcrumb\",\"itemListElement\":[{\"@type\":\"ListItem\",\"position\":1,\"name\":\"In\u00edcio\",\"item\":\"https:\/\/www.pm.pb.gov.br\/portal\/\"},{\"@type\":\"ListItem\",\"position\":2,\"name\":\"Pol\u00edcia Militar frustra fuga de acusados que atacaram comunidade na zona sul de JP\"}]},{\"@type\":\"WebSite\",\"@id\":\"https:\/\/www.pm.pb.gov.br\/portal\/#website\",\"url\":\"https:\/\/www.pm.pb.gov.br\/portal\/\",\"name\":\"Pol\u00edcia Militar da Para\u00edba\",\"description\":\"\",\"publisher\":{\"@id\":\"https:\/\/www.pm.pb.gov.br\/portal\/#organization\"},\"potentialAction\":[{\"@type\":\"SearchAction\",\"target\":{\"@type\":\"EntryPoint\",\"urlTemplate\":\"https:\/\/www.pm.pb.gov.br\/portal\/?s={search_term_string}\"},\"query-input\":\"required name=search_term_string\"}],\"inLanguage\":\"pt-BR\"},{\"@type\":\"Organization\",\"@id\":\"https:\/\/www.pm.pb.gov.br\/portal\/#organization\",\"name\":\"Pol\u00edcia Militar da Para\u00edba\",\"url\":\"https:\/\/www.pm.pb.gov.br\/portal\/\",\"logo\":{\"@type\":\"ImageObject\",\"inLanguage\":\"pt-BR\",\"@id\":\"https:\/\/www.pm.pb.gov.br\/portal\/#\/schema\/logo\/image\/\",\"url\":\"https:\/\/www.pm.pb.gov.br\/portal\/wp-content\/uploads\/2025\/03\/cropped-logo-site-mag2-1.png\",\"contentUrl\":\"https:\/\/www.pm.pb.gov.br\/portal\/wp-content\/uploads\/2025\/03\/cropped-logo-site-mag2-1.png\",\"width\":320,\"height\":90,\"caption\":\"Pol\u00edcia Militar da Para\u00edba\"},\"image\":{\"@id\":\"https:\/\/www.pm.pb.gov.br\/portal\/#\/schema\/logo\/image\/\"}},{\"@type\":\"Person\",\"@id\":\"https:\/\/www.pm.pb.gov.br\/portal\/#\/schema\/person\/f84f56dcc78ce4357054da888b8247fd\",\"name\":\"Tarcisio Oliveira\",\"image\":{\"@type\":\"ImageObject\",\"inLanguage\":\"pt-BR\",\"@id\":\"https:\/\/www.pm.pb.gov.br\/portal\/#\/schema\/person\/image\/\",\"url\":\"https:\/\/secure.gravatar.com\/avatar\/72917b630b69d31cd0297507f34bac97?s=96&d=mm&r=g\",\"contentUrl\":\"https:\/\/secure.gravatar.com\/avatar\/72917b630b69d31cd0297507f34bac97?s=96&d=mm&r=g\",\"caption\":\"Tarcisio Oliveira\"},\"url\":\"https:\/\/www.pm.pb.gov.br\/portal\/author\/tarcisio\/\"}]}<\/script>\n<!-- \/ Yoast SEO plugin. -->","yoast_head_json":{"title":"Pol\u00edcia Militar frustra fuga de acusados que atacaram comunidade na zona sul de JP - Pol\u00edcia Militar da Para\u00edba","description":"Um dos presos j\u00e1 tinha passagem pela pol\u00edcia pelo crime de porte ilegal de arma de fogo.","robots":{"index":"index","follow":"follow","max-snippet":"max-snippet:-1","max-image-preview":"max-image-preview:large","max-video-preview":"max-video-preview:-1"},"canonical":"https:\/\/www.pm.pb.gov.br\/portal\/2025\/05\/10\/policia-militar-frustra-fuga-de-acusados-que-atacaram-comunidade-na-zona-sul-de-jp\/","og_locale":"pt_BR","og_type":"article","og_title":"Pol\u00edcia Militar frustra fuga de acusados que atacaram comunidade na zona sul de JP - Pol\u00edcia Militar da Para\u00edba","og_description":"Um dos presos j\u00e1 tinha passagem pela pol\u00edcia pelo crime de porte ilegal de arma de fogo.","og_url":"https:\/\/www.pm.pb.gov.br\/portal\/2025\/05\/10\/policia-militar-frustra-fuga-de-acusados-que-atacaram-comunidade-na-zona-sul-de-jp\/","og_site_name":"Pol\u00edcia Militar da Para\u00edba","article_published_time":"2025-05-10T15:44:33+00:00","article_modified_time":"2025-05-10T15:44:36+00:00","og_image":[{"width":800,"height":445,"url":"http:\/\/www.pm.pb.gov.br\/portal\/wp-content\/uploads\/2025\/05\/WhatsApp-Image-2025-05-10-at-11.07.16.jpeg","type":"image\/jpeg"}],"author":"Tarcisio Oliveira","twitter_card":"summary_large_image","twitter_misc":{"Escrito por":"Tarcisio Oliveira","Est. tempo de leitura":"2 minutos"},"schema":{"@context":"https:\/\/schema.org","@graph":[{"@type":"Article","@id":"https:\/\/www.pm.pb.gov.br\/portal\/2025\/05\/10\/policia-militar-frustra-fuga-de-acusados-que-atacaram-comunidade-na-zona-sul-de-jp\/#article","isPartOf":{"@id":"https:\/\/www.pm.pb.gov.br\/portal\/2025\/05\/10\/policia-militar-frustra-fuga-de-acusados-que-atacaram-comunidade-na-zona-sul-de-jp\/"},"author":{"name":"Tarcisio Oliveira","@id":"https:\/\/www.pm.pb.gov.br\/portal\/#\/schema\/person\/f84f56dcc78ce4357054da888b8247fd"},"headline":"Pol\u00edcia Militar frustra fuga de acusados que atacaram comunidade na zona sul de JP","datePublished":"2025-05-10T15:44:33+00:00","dateModified":"2025-05-10T15:44:36+00:00","mainEntityOfPage":{"@id":"https:\/\/www.pm.pb.gov.br\/portal\/2025\/05\/10\/policia-militar-frustra-fuga-de-acusados-que-atacaram-comunidade-na-zona-sul-de-jp\/"},"wordCount":150,"publisher":{"@id":"https:\/\/www.pm.pb.gov.br\/portal\/#organization"},"articleSection":["A\u00e7\u00f5es Policiais"],"inLanguage":"pt-BR"},{"@type":"WebPage","@id":"https:\/\/www.pm.pb.gov.br\/portal\/2025\/05\/10\/policia-militar-frustra-fuga-de-acusados-que-atacaram-comunidade-na-zona-sul-de-jp\/","url":"https:\/\/www.pm.pb.gov.br\/portal\/2025\/05\/10\/policia-militar-frustra-fuga-de-acusados-que-atacaram-comunidade-na-zona-sul-de-jp\/","name":"Pol\u00edcia Militar frustra fuga de acusados que atacaram comunidade na zona sul de JP - Pol\u00edcia Militar da Para\u00edba","isPartOf":{"@id":"https:\/\/www.pm.pb.gov.br\/portal\/#website"},"datePublished":"2025-05-10T15:44:33+00:00","dateModified":"2025-05-10T15:44:36+00:00","description":"Um dos presos j\u00e1 tinha passagem pela pol\u00edcia pelo crime de porte ilegal de arma de fogo.","breadcrumb":{"@id":"https:\/\/www.pm.pb.gov.br\/portal\/2025\/05\/10\/policia-militar-frustra-fuga-de-acusados-que-atacaram-comunidade-na-zona-sul-de-jp\/#breadcrumb"},"inLanguage":"pt-BR","potentialAction":[{"@type":"ReadAction","target":["https:\/\/www.pm.pb.gov.br\/portal\/2025\/05\/10\/policia-militar-frustra-fuga-de-acusados-que-atacaram-comunidade-na-zona-sul-de-jp\/"]}]},{"@type":"BreadcrumbList","@id":"https:\/\/www.pm.pb.gov.br\/portal\/2025\/05\/10\/policia-militar-frustra-fuga-de-acusados-que-atacaram-comunidade-na-zona-sul-de-jp\/#breadcrumb","itemListElement":[{"@type":"ListItem","position":1,"name":"In\u00edcio","item":"https:\/\/www.pm.pb.gov.br\/portal\/"},{"@type":"ListItem","position":2,"name":"Pol\u00edcia Militar frustra fuga de acusados que atacaram comunidade na zona sul de JP"}]},{"@type":"WebSite","@id":"https:\/\/www.pm.pb.gov.br\/portal\/#website","url":"https:\/\/www.pm.pb.gov.br\/portal\/","name":"Pol\u00edcia Militar da Para\u00edba","description":"","publisher":{"@id":"https:\/\/www.pm.pb.gov.br\/portal\/#organization"},"potentialAction":[{"@type":"SearchAction","target":{"@type":"EntryPoint","urlTemplate":"https:\/\/www.pm.pb.gov.br\/portal\/?s={search_term_string}"},"query-input":"required name=search_term_string"}],"inLanguage":"pt-BR"},{"@type":"Organization","@id":"https:\/\/www.pm.pb.gov.br\/portal\/#organization","name":"Pol\u00edcia Militar da Para\u00edba","url":"https:\/\/www.pm.pb.gov.br\/portal\/","logo":{"@type":"ImageObject","inLanguage":"pt-BR","@id":"https:\/\/www.pm.pb.gov.br\/portal\/#\/schema\/logo\/image\/","url":"https:\/\/www.pm.pb.gov.br\/portal\/wp-content\/uploads\/2025\/03\/cropped-logo-site-mag2-1.png","contentUrl":"https:\/\/www.pm.pb.gov.br\/portal\/wp-content\/uploads\/2025\/03\/cropped-logo-site-mag2-1.png","width":320,"height":90,"caption":"Pol\u00edcia Militar da Para\u00edba"},"image":{"@id":"https:\/\/www.pm.pb.gov.br\/portal\/#\/schema\/logo\/image\/"}},{"@type":"Person","@id":"https:\/\/www.pm.pb.gov.br\/portal\/#\/schema\/person\/f84f56dcc78ce4357054da888b8247fd","name":"Tarcisio Oliveira","image":{"@type":"ImageObject","inLanguage":"pt-BR","@id":"https:\/\/www.pm.pb.gov.br\/portal\/#\/schema\/person\/image\/","url":"https:\/\/secure.gravatar.com\/avatar\/72917b630b69d31cd0297507f34bac97?s=96&d=mm&r=g","contentUrl":"https:\/\/secure.gravatar.com\/avatar\/72917b630b69d31cd0297507f34bac97?s=96&d=mm&r=g","caption":"Tarcisio Oliveira"},"url":"https:\/\/www.pm.pb.gov.br\/portal\/author\/tarcisio\/"}]}},"_links":{"self":[{"href":"https:\/\/www.pm.pb.gov.br\/portal\/wp-json\/wp\/v2\/posts\/926653"}],"collection":[{"href":"https:\/\/www.pm.pb.gov.br\/portal\/wp-json\/wp\/v2\/posts"}],"about":[{"href":"https:\/\/www.pm.pb.gov.br\/portal\/wp-json\/wp\/v2\/types\/post"}],"author":[{"embeddable":true,"href":"https:\/\/www.pm.pb.gov.br\/portal\/wp-json\/wp\/v2\/users\/12"}],"replies":[{"embeddable":true,"href":"https:\/\/www.pm.pb.gov.br\/portal\/wp-json\/wp\/v2\/comments?post=926653"}],"version-history":[{"count":1,"href":"https:\/\/www.pm.pb.gov.br\/portal\/wp-json\/wp\/v2\/posts\/926653\/revisions"}],"predecessor-version":[{"id":926656,"href":"https:\/\/www.pm.pb.gov.br\/portal\/wp-json\/wp\/v2\/posts\/926653\/revisions\/926656"}],"wp:featuredmedia":[{"embeddable":true,"href":"https:\/\/www.pm.pb.gov.br\/portal\/wp-json\/wp\/v2\/media\/926654"}],"wp:attachment":[{"href":"https:\/\/www.pm.pb.gov.br\/portal\/wp-json\/wp\/v2\/media?parent=926653"}],"wp:term":[{"taxonomy":"category","embeddable":true,"href":"https:\/\/www.pm.pb.gov.br\/portal\/wp-json\/wp\/v2\/categories?post=926653"},{"taxonomy":"post_tag","embeddable":true,"href":"https:\/\/www.pm.pb.gov.br\/portal\/wp-json\/wp\/v2\/tags?post=926653"}],"curies":[{"name":"wp","href":"https:\/\/api.w.org\/{rel}","templated":true}]}}