{"id":926606,"date":"2025-05-07T05:13:50","date_gmt":"2025-05-07T08:13:50","guid":{"rendered":"https:\/\/www.pm.pb.gov.br\/portal\/?p=926606"},"modified":"2025-05-07T05:13:52","modified_gmt":"2025-05-07T08:13:52","slug":"policia-militar-prende-acusado-de-trafico-de-drogas-e-crime-ambiental-na-cidade-de-sousa","status":"publish","type":"post","link":"https:\/\/www.pm.pb.gov.br\/portal\/2025\/05\/07\/policia-militar-prende-acusado-de-trafico-de-drogas-e-crime-ambiental-na-cidade-de-sousa\/","title":{"rendered":"Pol\u00edcia Militar prende acusado de tr\u00e1fico de drogas e crime ambiental na cidade de Sousa"},"content":{"rendered":"Policiais do 3\u00b0 Esquadr\u00e3o do Regimento de Opera\u00e7\u00f5es T\u00e1ticas com Apoio de Motocicletas prenderam um homem com maconha, coca\u00edna, dinheiro, balan\u00e7as de precis\u00e3o e material para embalar entorpecentes, nessa ter\u00e7a-feira (6), em uma incurs\u00e3o realizada no bairro Alto do Capanema, na cidade de Sousa, no sert\u00e3o da Para\u00edba. No local onde ele foi preso, foram encontradas cinco gaiolas com p\u00e1ssaros silvestres.<br \/><br \/>As equipes policiais se depararam com o suspeito em um beco de dif\u00edcil acesso. Na abordagem, foram encontradas as drogas e depois as gaiolas. Ele recebeu voz de pris\u00e3o por tr\u00e1fico e crime ambiental. A ocorr\u00eancia foi levada para a Delegacia de Pol\u00edcia, em Sousa.<br \/>","protected":false},"excerpt":{"rendered":"<p>Policiais do 3\u00b0 Esquadr\u00e3o do Regimento de Opera\u00e7\u00f5es T\u00e1ticas com Apoio de Motocicletas prenderam um homem com maconha, coca\u00edna, dinheiro,<\/p>\n","protected":false},"author":18,"featured_media":926613,"comment_status":"closed","ping_status":"closed","sticky":false,"template":"","format":"standard","meta":{"_exactmetrics_skip_tracking":false,"_exactmetrics_sitenote_active":false,"_exactmetrics_sitenote_note":"","_exactmetrics_sitenote_category":0,"footnotes":""},"categories":[4],"tags":[],"yoast_head":"<!-- This site is optimized with the Yoast SEO plugin v22.0 - https:\/\/yoast.com\/wordpress\/plugins\/seo\/ -->\n<title>Pol\u00edcia Militar prende acusado de tr\u00e1fico de drogas e crime ambiental na cidade de Sousa - Pol\u00edcia Militar da Para\u00edba<\/title>\n<meta name=\"robots\" content=\"index, follow, max-snippet:-1, max-image-preview:large, max-video-preview:-1\" \/>\n<link rel=\"canonical\" href=\"https:\/\/www.pm.pb.gov.br\/portal\/2025\/05\/07\/policia-militar-prende-acusado-de-trafico-de-drogas-e-crime-ambiental-na-cidade-de-sousa\/\" \/>\n<meta property=\"og:locale\" content=\"pt_BR\" \/>\n<meta property=\"og:type\" content=\"article\" \/>\n<meta property=\"og:title\" content=\"Pol\u00edcia Militar prende acusado de tr\u00e1fico de drogas e crime ambiental na cidade de Sousa - Pol\u00edcia Militar da Para\u00edba\" \/>\n<meta property=\"og:description\" content=\"Policiais do 3\u00b0 Esquadr\u00e3o do Regimento de Opera\u00e7\u00f5es T\u00e1ticas com Apoio de Motocicletas prenderam um homem com maconha, coca\u00edna, dinheiro,\" \/>\n<meta property=\"og:url\" content=\"https:\/\/www.pm.pb.gov.br\/portal\/2025\/05\/07\/policia-militar-prende-acusado-de-trafico-de-drogas-e-crime-ambiental-na-cidade-de-sousa\/\" \/>\n<meta property=\"og:site_name\" content=\"Pol\u00edcia Militar da Para\u00edba\" \/>\n<meta property=\"article:published_time\" content=\"2025-05-07T08:13:50+00:00\" \/>\n<meta property=\"article:modified_time\" content=\"2025-05-07T08:13:52+00:00\" \/>\n<meta property=\"og:image\" content=\"http:\/\/www.pm.pb.gov.br\/portal\/wp-content\/uploads\/2025\/05\/WhatsApp-Image-2025-05-06-at-7.29.03-PM.jpeg\" \/>\n\t<meta property=\"og:image:width\" content=\"1599\" \/>\n\t<meta property=\"og:image:height\" content=\"899\" \/>\n\t<meta property=\"og:image:type\" content=\"image\/jpeg\" \/>\n<meta name=\"author\" content=\"Luiz Duarte\" \/>\n<meta name=\"twitter:card\" content=\"summary_large_image\" \/>\n<meta name=\"twitter:label1\" content=\"Escrito por\" \/>\n\t<meta name=\"twitter:data1\" content=\"Luiz Duarte\" \/>\n\t<meta name=\"twitter:label2\" content=\"Est. tempo de leitura\" \/>\n\t<meta name=\"twitter:data2\" content=\"1 minuto\" \/>\n<script type=\"application\/ld+json\" class=\"yoast-schema-graph\">{\"@context\":\"https:\/\/schema.org\",\"@graph\":[{\"@type\":\"Article\",\"@id\":\"https:\/\/www.pm.pb.gov.br\/portal\/2025\/05\/07\/policia-militar-prende-acusado-de-trafico-de-drogas-e-crime-ambiental-na-cidade-de-sousa\/#article\",\"isPartOf\":{\"@id\":\"https:\/\/www.pm.pb.gov.br\/portal\/2025\/05\/07\/policia-militar-prende-acusado-de-trafico-de-drogas-e-crime-ambiental-na-cidade-de-sousa\/\"},\"author\":{\"name\":\"Luiz Duarte\",\"@id\":\"https:\/\/www.pm.pb.gov.br\/portal\/#\/schema\/person\/89dd009e2523c97adf8def1d6cf90ca1\"},\"headline\":\"Pol\u00edcia Militar prende acusado de tr\u00e1fico de drogas e crime ambiental na cidade de Sousa\",\"datePublished\":\"2025-05-07T08:13:50+00:00\",\"dateModified\":\"2025-05-07T08:13:52+00:00\",\"mainEntityOfPage\":{\"@id\":\"https:\/\/www.pm.pb.gov.br\/portal\/2025\/05\/07\/policia-militar-prende-acusado-de-trafico-de-drogas-e-crime-ambiental-na-cidade-de-sousa\/\"},\"wordCount\":137,\"publisher\":{\"@id\":\"https:\/\/www.pm.pb.gov.br\/portal\/#organization\"},\"articleSection\":[\"A\u00e7\u00f5es Policiais\"],\"inLanguage\":\"pt-BR\"},{\"@type\":\"WebPage\",\"@id\":\"https:\/\/www.pm.pb.gov.br\/portal\/2025\/05\/07\/policia-militar-prende-acusado-de-trafico-de-drogas-e-crime-ambiental-na-cidade-de-sousa\/\",\"url\":\"https:\/\/www.pm.pb.gov.br\/portal\/2025\/05\/07\/policia-militar-prende-acusado-de-trafico-de-drogas-e-crime-ambiental-na-cidade-de-sousa\/\",\"name\":\"Pol\u00edcia Militar prende acusado de tr\u00e1fico de drogas e crime ambiental na cidade de Sousa - Pol\u00edcia Militar da Para\u00edba\",\"isPartOf\":{\"@id\":\"https:\/\/www.pm.pb.gov.br\/portal\/#website\"},\"datePublished\":\"2025-05-07T08:13:50+00:00\",\"dateModified\":\"2025-05-07T08:13:52+00:00\",\"breadcrumb\":{\"@id\":\"https:\/\/www.pm.pb.gov.br\/portal\/2025\/05\/07\/policia-militar-prende-acusado-de-trafico-de-drogas-e-crime-ambiental-na-cidade-de-sousa\/#breadcrumb\"},\"inLanguage\":\"pt-BR\",\"potentialAction\":[{\"@type\":\"ReadAction\",\"target\":[\"https:\/\/www.pm.pb.gov.br\/portal\/2025\/05\/07\/policia-militar-prende-acusado-de-trafico-de-drogas-e-crime-ambiental-na-cidade-de-sousa\/\"]}]},{\"@type\":\"BreadcrumbList\",\"@id\":\"https:\/\/www.pm.pb.gov.br\/portal\/2025\/05\/07\/policia-militar-prende-acusado-de-trafico-de-drogas-e-crime-ambiental-na-cidade-de-sousa\/#breadcrumb\",\"itemListElement\":[{\"@type\":\"ListItem\",\"position\":1,\"name\":\"In\u00edcio\",\"item\":\"https:\/\/www.pm.pb.gov.br\/portal\/\"},{\"@type\":\"ListItem\",\"position\":2,\"name\":\"Pol\u00edcia Militar prende acusado de tr\u00e1fico de drogas e crime ambiental na cidade de Sousa\"}]},{\"@type\":\"WebSite\",\"@id\":\"https:\/\/www.pm.pb.gov.br\/portal\/#website\",\"url\":\"https:\/\/www.pm.pb.gov.br\/portal\/\",\"name\":\"Pol\u00edcia Militar da Para\u00edba\",\"description\":\"\",\"publisher\":{\"@id\":\"https:\/\/www.pm.pb.gov.br\/portal\/#organization\"},\"potentialAction\":[{\"@type\":\"SearchAction\",\"target\":{\"@type\":\"EntryPoint\",\"urlTemplate\":\"https:\/\/www.pm.pb.gov.br\/portal\/?s={search_term_string}\"},\"query-input\":\"required name=search_term_string\"}],\"inLanguage\":\"pt-BR\"},{\"@type\":\"Organization\",\"@id\":\"https:\/\/www.pm.pb.gov.br\/portal\/#organization\",\"name\":\"Pol\u00edcia Militar da Para\u00edba\",\"url\":\"https:\/\/www.pm.pb.gov.br\/portal\/\",\"logo\":{\"@type\":\"ImageObject\",\"inLanguage\":\"pt-BR\",\"@id\":\"https:\/\/www.pm.pb.gov.br\/portal\/#\/schema\/logo\/image\/\",\"url\":\"https:\/\/www.pm.pb.gov.br\/portal\/wp-content\/uploads\/2025\/03\/cropped-logo-site-mag2-1.png\",\"contentUrl\":\"https:\/\/www.pm.pb.gov.br\/portal\/wp-content\/uploads\/2025\/03\/cropped-logo-site-mag2-1.png\",\"width\":320,\"height\":90,\"caption\":\"Pol\u00edcia Militar da Para\u00edba\"},\"image\":{\"@id\":\"https:\/\/www.pm.pb.gov.br\/portal\/#\/schema\/logo\/image\/\"}},{\"@type\":\"Person\",\"@id\":\"https:\/\/www.pm.pb.gov.br\/portal\/#\/schema\/person\/89dd009e2523c97adf8def1d6cf90ca1\",\"name\":\"Luiz Duarte\",\"image\":{\"@type\":\"ImageObject\",\"inLanguage\":\"pt-BR\",\"@id\":\"https:\/\/www.pm.pb.gov.br\/portal\/#\/schema\/person\/image\/\",\"url\":\"https:\/\/secure.gravatar.com\/avatar\/ce5539b97246ef4d24dd039a3f64145b?s=96&d=mm&r=g\",\"contentUrl\":\"https:\/\/secure.gravatar.com\/avatar\/ce5539b97246ef4d24dd039a3f64145b?s=96&d=mm&r=g\",\"caption\":\"Luiz Duarte\"},\"url\":\"https:\/\/www.pm.pb.gov.br\/portal\/author\/luiz\/\"}]}<\/script>\n<!-- \/ Yoast SEO plugin. -->","yoast_head_json":{"title":"Pol\u00edcia Militar prende acusado de tr\u00e1fico de drogas e crime ambiental na cidade de Sousa - Pol\u00edcia Militar da Para\u00edba","robots":{"index":"index","follow":"follow","max-snippet":"max-snippet:-1","max-image-preview":"max-image-preview:large","max-video-preview":"max-video-preview:-1"},"canonical":"https:\/\/www.pm.pb.gov.br\/portal\/2025\/05\/07\/policia-militar-prende-acusado-de-trafico-de-drogas-e-crime-ambiental-na-cidade-de-sousa\/","og_locale":"pt_BR","og_type":"article","og_title":"Pol\u00edcia Militar prende acusado de tr\u00e1fico de drogas e crime ambiental na cidade de Sousa - Pol\u00edcia Militar da Para\u00edba","og_description":"Policiais do 3\u00b0 Esquadr\u00e3o do Regimento de Opera\u00e7\u00f5es T\u00e1ticas com Apoio de Motocicletas prenderam um homem com maconha, coca\u00edna, dinheiro,","og_url":"https:\/\/www.pm.pb.gov.br\/portal\/2025\/05\/07\/policia-militar-prende-acusado-de-trafico-de-drogas-e-crime-ambiental-na-cidade-de-sousa\/","og_site_name":"Pol\u00edcia Militar da Para\u00edba","article_published_time":"2025-05-07T08:13:50+00:00","article_modified_time":"2025-05-07T08:13:52+00:00","og_image":[{"width":1599,"height":899,"url":"http:\/\/www.pm.pb.gov.br\/portal\/wp-content\/uploads\/2025\/05\/WhatsApp-Image-2025-05-06-at-7.29.03-PM.jpeg","type":"image\/jpeg"}],"author":"Luiz Duarte","twitter_card":"summary_large_image","twitter_misc":{"Escrito por":"Luiz Duarte","Est. tempo de leitura":"1 minuto"},"schema":{"@context":"https:\/\/schema.org","@graph":[{"@type":"Article","@id":"https:\/\/www.pm.pb.gov.br\/portal\/2025\/05\/07\/policia-militar-prende-acusado-de-trafico-de-drogas-e-crime-ambiental-na-cidade-de-sousa\/#article","isPartOf":{"@id":"https:\/\/www.pm.pb.gov.br\/portal\/2025\/05\/07\/policia-militar-prende-acusado-de-trafico-de-drogas-e-crime-ambiental-na-cidade-de-sousa\/"},"author":{"name":"Luiz Duarte","@id":"https:\/\/www.pm.pb.gov.br\/portal\/#\/schema\/person\/89dd009e2523c97adf8def1d6cf90ca1"},"headline":"Pol\u00edcia Militar prende acusado de tr\u00e1fico de drogas e crime ambiental na cidade de Sousa","datePublished":"2025-05-07T08:13:50+00:00","dateModified":"2025-05-07T08:13:52+00:00","mainEntityOfPage":{"@id":"https:\/\/www.pm.pb.gov.br\/portal\/2025\/05\/07\/policia-militar-prende-acusado-de-trafico-de-drogas-e-crime-ambiental-na-cidade-de-sousa\/"},"wordCount":137,"publisher":{"@id":"https:\/\/www.pm.pb.gov.br\/portal\/#organization"},"articleSection":["A\u00e7\u00f5es Policiais"],"inLanguage":"pt-BR"},{"@type":"WebPage","@id":"https:\/\/www.pm.pb.gov.br\/portal\/2025\/05\/07\/policia-militar-prende-acusado-de-trafico-de-drogas-e-crime-ambiental-na-cidade-de-sousa\/","url":"https:\/\/www.pm.pb.gov.br\/portal\/2025\/05\/07\/policia-militar-prende-acusado-de-trafico-de-drogas-e-crime-ambiental-na-cidade-de-sousa\/","name":"Pol\u00edcia Militar prende acusado de tr\u00e1fico de drogas e crime ambiental na cidade de Sousa - Pol\u00edcia Militar da Para\u00edba","isPartOf":{"@id":"https:\/\/www.pm.pb.gov.br\/portal\/#website"},"datePublished":"2025-05-07T08:13:50+00:00","dateModified":"2025-05-07T08:13:52+00:00","breadcrumb":{"@id":"https:\/\/www.pm.pb.gov.br\/portal\/2025\/05\/07\/policia-militar-prende-acusado-de-trafico-de-drogas-e-crime-ambiental-na-cidade-de-sousa\/#breadcrumb"},"inLanguage":"pt-BR","potentialAction":[{"@type":"ReadAction","target":["https:\/\/www.pm.pb.gov.br\/portal\/2025\/05\/07\/policia-militar-prende-acusado-de-trafico-de-drogas-e-crime-ambiental-na-cidade-de-sousa\/"]}]},{"@type":"BreadcrumbList","@id":"https:\/\/www.pm.pb.gov.br\/portal\/2025\/05\/07\/policia-militar-prende-acusado-de-trafico-de-drogas-e-crime-ambiental-na-cidade-de-sousa\/#breadcrumb","itemListElement":[{"@type":"ListItem","position":1,"name":"In\u00edcio","item":"https:\/\/www.pm.pb.gov.br\/portal\/"},{"@type":"ListItem","position":2,"name":"Pol\u00edcia Militar prende acusado de tr\u00e1fico de drogas e crime ambiental na cidade de Sousa"}]},{"@type":"WebSite","@id":"https:\/\/www.pm.pb.gov.br\/portal\/#website","url":"https:\/\/www.pm.pb.gov.br\/portal\/","name":"Pol\u00edcia Militar da Para\u00edba","description":"","publisher":{"@id":"https:\/\/www.pm.pb.gov.br\/portal\/#organization"},"potentialAction":[{"@type":"SearchAction","target":{"@type":"EntryPoint","urlTemplate":"https:\/\/www.pm.pb.gov.br\/portal\/?s={search_term_string}"},"query-input":"required name=search_term_string"}],"inLanguage":"pt-BR"},{"@type":"Organization","@id":"https:\/\/www.pm.pb.gov.br\/portal\/#organization","name":"Pol\u00edcia Militar da Para\u00edba","url":"https:\/\/www.pm.pb.gov.br\/portal\/","logo":{"@type":"ImageObject","inLanguage":"pt-BR","@id":"https:\/\/www.pm.pb.gov.br\/portal\/#\/schema\/logo\/image\/","url":"https:\/\/www.pm.pb.gov.br\/portal\/wp-content\/uploads\/2025\/03\/cropped-logo-site-mag2-1.png","contentUrl":"https:\/\/www.pm.pb.gov.br\/portal\/wp-content\/uploads\/2025\/03\/cropped-logo-site-mag2-1.png","width":320,"height":90,"caption":"Pol\u00edcia Militar da Para\u00edba"},"image":{"@id":"https:\/\/www.pm.pb.gov.br\/portal\/#\/schema\/logo\/image\/"}},{"@type":"Person","@id":"https:\/\/www.pm.pb.gov.br\/portal\/#\/schema\/person\/89dd009e2523c97adf8def1d6cf90ca1","name":"Luiz Duarte","image":{"@type":"ImageObject","inLanguage":"pt-BR","@id":"https:\/\/www.pm.pb.gov.br\/portal\/#\/schema\/person\/image\/","url":"https:\/\/secure.gravatar.com\/avatar\/ce5539b97246ef4d24dd039a3f64145b?s=96&d=mm&r=g","contentUrl":"https:\/\/secure.gravatar.com\/avatar\/ce5539b97246ef4d24dd039a3f64145b?s=96&d=mm&r=g","caption":"Luiz Duarte"},"url":"https:\/\/www.pm.pb.gov.br\/portal\/author\/luiz\/"}]}},"_links":{"self":[{"href":"https:\/\/www.pm.pb.gov.br\/portal\/wp-json\/wp\/v2\/posts\/926606"}],"collection":[{"href":"https:\/\/www.pm.pb.gov.br\/portal\/wp-json\/wp\/v2\/posts"}],"about":[{"href":"https:\/\/www.pm.pb.gov.br\/portal\/wp-json\/wp\/v2\/types\/post"}],"author":[{"embeddable":true,"href":"https:\/\/www.pm.pb.gov.br\/portal\/wp-json\/wp\/v2\/users\/18"}],"replies":[{"embeddable":true,"href":"https:\/\/www.pm.pb.gov.br\/portal\/wp-json\/wp\/v2\/comments?post=926606"}],"version-history":[{"count":2,"href":"https:\/\/www.pm.pb.gov.br\/portal\/wp-json\/wp\/v2\/posts\/926606\/revisions"}],"predecessor-version":[{"id":926614,"href":"https:\/\/www.pm.pb.gov.br\/portal\/wp-json\/wp\/v2\/posts\/926606\/revisions\/926614"}],"wp:featuredmedia":[{"embeddable":true,"href":"https:\/\/www.pm.pb.gov.br\/portal\/wp-json\/wp\/v2\/media\/926613"}],"wp:attachment":[{"href":"https:\/\/www.pm.pb.gov.br\/portal\/wp-json\/wp\/v2\/media?parent=926606"}],"wp:term":[{"taxonomy":"category","embeddable":true,"href":"https:\/\/www.pm.pb.gov.br\/portal\/wp-json\/wp\/v2\/categories?post=926606"},{"taxonomy":"post_tag","embeddable":true,"href":"https:\/\/www.pm.pb.gov.br\/portal\/wp-json\/wp\/v2\/tags?post=926606"}],"curies":[{"name":"wp","href":"https:\/\/api.w.org\/{rel}","templated":true}]}}