{"id":926568,"date":"2025-05-03T19:22:59","date_gmt":"2025-05-03T22:22:59","guid":{"rendered":"https:\/\/www.pm.pb.gov.br\/portal\/?p=926568"},"modified":"2025-05-03T19:23:01","modified_gmt":"2025-05-03T22:23:01","slug":"policia-militar-prende-quadrilha-que-saiu-do-rn-para-furtar-celulares-em-festas-da-paraiba","status":"publish","type":"post","link":"https:\/\/www.pm.pb.gov.br\/portal\/2025\/05\/03\/policia-militar-prende-quadrilha-que-saiu-do-rn-para-furtar-celulares-em-festas-da-paraiba\/","title":{"rendered":"Pol\u00edcia Militar prende quadrilha que saiu do RN para furtar celulares em festas da Para\u00edba"},"content":{"rendered":"\n<p>A Pol\u00edcia Militar prendeu, na madrugada deste s\u00e1bado (3), uma quadrilha que saiu do Rio Grande do Norte para furtar celulares no Forr\u00f3 Fogo \u2013 evento p\u00fablico que acontece neste fim de semana, na cidade paraibana de Pedras de Fogo. Com o grupo, formado por cinco suspeitos, foram recuperados 16 aparelhos furtados.<\/p>\n<p>A quadrilha foi interceptada pela equipe da 1\u00aa Companhia de Policiamento Rodovi\u00e1rio Estadual (1\u00aa CPRV) do BPTran, na PB-030, na cidade de Cruz do Esp\u00edrito Santo. Os criminosos estavam em um carro que tinha sido alugado exclusivamente para este crime. A abordagem aconteceu depois que eles estavam voltando da festa.<\/p>\n<p>Os aparelhos recuperados s\u00e3o: sete celulares da marca Samsung, cinco da marca Xoimi, dois da marca Motorola, um da marca LG um da marca iPhone (foto abaixo). Tudo foi levado para a 6\u00aa Delegacia Distrital, em Santa Rita, onde as v\u00edtimas devem comparecer.<\/p>\n<p><img loading=\"lazy\" decoding=\"async\" class=\" wp-image-926569 aligncenter\" src=\"http:\/\/www.pm.pb.gov.br\/portal\/wp-content\/uploads\/2025\/05\/WhatsApp-Image-2025-05-03-at-19.20.03-791x445.jpeg\" alt=\"\" width=\"661\" height=\"372\" srcset=\"https:\/\/www.pm.pb.gov.br\/portal\/wp-content\/uploads\/2025\/05\/WhatsApp-Image-2025-05-03-at-19.20.03-791x445.jpeg 791w, https:\/\/www.pm.pb.gov.br\/portal\/wp-content\/uploads\/2025\/05\/WhatsApp-Image-2025-05-03-at-19.20.03-1013x570.jpeg 1013w, https:\/\/www.pm.pb.gov.br\/portal\/wp-content\/uploads\/2025\/05\/WhatsApp-Image-2025-05-03-at-19.20.03-768x432.jpeg 768w, https:\/\/www.pm.pb.gov.br\/portal\/wp-content\/uploads\/2025\/05\/WhatsApp-Image-2025-05-03-at-19.20.03.jpeg 1280w\" sizes=\"(max-width: 661px) 100vw, 661px\" \/><\/p>\n<p><strong>Envolvimento em outros crimes \u2013<\/strong> Os acusados devem ser investigados pela participa\u00e7\u00e3o em outros crimes cometidos em eventos p\u00fablicos e privados na Para\u00edba, atrav\u00e9s de imagens de c\u00e2meras e outros meios de prova. \u00c9 importante que v\u00edtimas de furtos de celulares registrem a ocorr\u00eancia.<\/p>\n\n\n","protected":false},"excerpt":{"rendered":"<p>A Pol\u00edcia Militar prendeu, na madrugada deste s\u00e1bado (3), uma quadrilha que saiu do Rio Grande do Norte para furtar<\/p>\n","protected":false},"author":18,"featured_media":925847,"comment_status":"closed","ping_status":"closed","sticky":false,"template":"","format":"standard","meta":{"_exactmetrics_skip_tracking":false,"_exactmetrics_sitenote_active":false,"_exactmetrics_sitenote_note":"","_exactmetrics_sitenote_category":0,"footnotes":""},"categories":[4],"tags":[],"yoast_head":"<!-- This site is optimized with the Yoast SEO plugin v22.0 - https:\/\/yoast.com\/wordpress\/plugins\/seo\/ -->\n<title>Pol\u00edcia Militar prende quadrilha que saiu do RN para furtar celulares em festas da Para\u00edba - Pol\u00edcia Militar da Para\u00edba<\/title>\n<meta name=\"robots\" content=\"index, follow, max-snippet:-1, max-image-preview:large, max-video-preview:-1\" \/>\n<link rel=\"canonical\" href=\"https:\/\/www.pm.pb.gov.br\/portal\/2025\/05\/03\/policia-militar-prende-quadrilha-que-saiu-do-rn-para-furtar-celulares-em-festas-da-paraiba\/\" \/>\n<meta property=\"og:locale\" content=\"pt_BR\" \/>\n<meta property=\"og:type\" content=\"article\" \/>\n<meta property=\"og:title\" content=\"Pol\u00edcia Militar prende quadrilha que saiu do RN para furtar celulares em festas da Para\u00edba - Pol\u00edcia Militar da Para\u00edba\" \/>\n<meta property=\"og:description\" content=\"A Pol\u00edcia Militar prendeu, na madrugada deste s\u00e1bado (3), uma quadrilha que saiu do Rio Grande do Norte para furtar\" \/>\n<meta property=\"og:url\" content=\"https:\/\/www.pm.pb.gov.br\/portal\/2025\/05\/03\/policia-militar-prende-quadrilha-que-saiu-do-rn-para-furtar-celulares-em-festas-da-paraiba\/\" \/>\n<meta property=\"og:site_name\" content=\"Pol\u00edcia Militar da Para\u00edba\" \/>\n<meta property=\"article:published_time\" content=\"2025-05-03T22:22:59+00:00\" \/>\n<meta property=\"article:modified_time\" content=\"2025-05-03T22:23:01+00:00\" \/>\n<meta property=\"og:image\" content=\"http:\/\/www.pm.pb.gov.br\/portal\/wp-content\/uploads\/2025\/02\/Imagem-ilustrativa.jpg\" \/>\n\t<meta property=\"og:image:width\" content=\"600\" \/>\n\t<meta property=\"og:image:height\" content=\"334\" \/>\n\t<meta property=\"og:image:type\" content=\"image\/jpeg\" \/>\n<meta name=\"author\" content=\"Luiz Duarte\" \/>\n<meta name=\"twitter:card\" content=\"summary_large_image\" \/>\n<meta name=\"twitter:label1\" content=\"Escrito por\" \/>\n\t<meta name=\"twitter:data1\" content=\"Luiz Duarte\" \/>\n\t<meta name=\"twitter:label2\" content=\"Est. tempo de leitura\" \/>\n\t<meta name=\"twitter:data2\" content=\"2 minutos\" \/>\n<script type=\"application\/ld+json\" class=\"yoast-schema-graph\">{\"@context\":\"https:\/\/schema.org\",\"@graph\":[{\"@type\":\"Article\",\"@id\":\"https:\/\/www.pm.pb.gov.br\/portal\/2025\/05\/03\/policia-militar-prende-quadrilha-que-saiu-do-rn-para-furtar-celulares-em-festas-da-paraiba\/#article\",\"isPartOf\":{\"@id\":\"https:\/\/www.pm.pb.gov.br\/portal\/2025\/05\/03\/policia-militar-prende-quadrilha-que-saiu-do-rn-para-furtar-celulares-em-festas-da-paraiba\/\"},\"author\":{\"name\":\"Luiz Duarte\",\"@id\":\"https:\/\/www.pm.pb.gov.br\/portal\/#\/schema\/person\/89dd009e2523c97adf8def1d6cf90ca1\"},\"headline\":\"Pol\u00edcia Militar prende quadrilha que saiu do RN para furtar celulares em festas da Para\u00edba\",\"datePublished\":\"2025-05-03T22:22:59+00:00\",\"dateModified\":\"2025-05-03T22:23:01+00:00\",\"mainEntityOfPage\":{\"@id\":\"https:\/\/www.pm.pb.gov.br\/portal\/2025\/05\/03\/policia-militar-prende-quadrilha-que-saiu-do-rn-para-furtar-celulares-em-festas-da-paraiba\/\"},\"wordCount\":212,\"publisher\":{\"@id\":\"https:\/\/www.pm.pb.gov.br\/portal\/#organization\"},\"articleSection\":[\"A\u00e7\u00f5es Policiais\"],\"inLanguage\":\"pt-BR\"},{\"@type\":\"WebPage\",\"@id\":\"https:\/\/www.pm.pb.gov.br\/portal\/2025\/05\/03\/policia-militar-prende-quadrilha-que-saiu-do-rn-para-furtar-celulares-em-festas-da-paraiba\/\",\"url\":\"https:\/\/www.pm.pb.gov.br\/portal\/2025\/05\/03\/policia-militar-prende-quadrilha-que-saiu-do-rn-para-furtar-celulares-em-festas-da-paraiba\/\",\"name\":\"Pol\u00edcia Militar prende quadrilha que saiu do RN para furtar celulares em festas da Para\u00edba - Pol\u00edcia Militar da Para\u00edba\",\"isPartOf\":{\"@id\":\"https:\/\/www.pm.pb.gov.br\/portal\/#website\"},\"datePublished\":\"2025-05-03T22:22:59+00:00\",\"dateModified\":\"2025-05-03T22:23:01+00:00\",\"breadcrumb\":{\"@id\":\"https:\/\/www.pm.pb.gov.br\/portal\/2025\/05\/03\/policia-militar-prende-quadrilha-que-saiu-do-rn-para-furtar-celulares-em-festas-da-paraiba\/#breadcrumb\"},\"inLanguage\":\"pt-BR\",\"potentialAction\":[{\"@type\":\"ReadAction\",\"target\":[\"https:\/\/www.pm.pb.gov.br\/portal\/2025\/05\/03\/policia-militar-prende-quadrilha-que-saiu-do-rn-para-furtar-celulares-em-festas-da-paraiba\/\"]}]},{\"@type\":\"BreadcrumbList\",\"@id\":\"https:\/\/www.pm.pb.gov.br\/portal\/2025\/05\/03\/policia-militar-prende-quadrilha-que-saiu-do-rn-para-furtar-celulares-em-festas-da-paraiba\/#breadcrumb\",\"itemListElement\":[{\"@type\":\"ListItem\",\"position\":1,\"name\":\"In\u00edcio\",\"item\":\"https:\/\/www.pm.pb.gov.br\/portal\/\"},{\"@type\":\"ListItem\",\"position\":2,\"name\":\"Pol\u00edcia Militar prende quadrilha que saiu do RN para furtar celulares em festas da Para\u00edba\"}]},{\"@type\":\"WebSite\",\"@id\":\"https:\/\/www.pm.pb.gov.br\/portal\/#website\",\"url\":\"https:\/\/www.pm.pb.gov.br\/portal\/\",\"name\":\"Pol\u00edcia Militar da Para\u00edba\",\"description\":\"\",\"publisher\":{\"@id\":\"https:\/\/www.pm.pb.gov.br\/portal\/#organization\"},\"potentialAction\":[{\"@type\":\"SearchAction\",\"target\":{\"@type\":\"EntryPoint\",\"urlTemplate\":\"https:\/\/www.pm.pb.gov.br\/portal\/?s={search_term_string}\"},\"query-input\":\"required name=search_term_string\"}],\"inLanguage\":\"pt-BR\"},{\"@type\":\"Organization\",\"@id\":\"https:\/\/www.pm.pb.gov.br\/portal\/#organization\",\"name\":\"Pol\u00edcia Militar da Para\u00edba\",\"url\":\"https:\/\/www.pm.pb.gov.br\/portal\/\",\"logo\":{\"@type\":\"ImageObject\",\"inLanguage\":\"pt-BR\",\"@id\":\"https:\/\/www.pm.pb.gov.br\/portal\/#\/schema\/logo\/image\/\",\"url\":\"https:\/\/www.pm.pb.gov.br\/portal\/wp-content\/uploads\/2025\/03\/cropped-logo-site-mag2-1.png\",\"contentUrl\":\"https:\/\/www.pm.pb.gov.br\/portal\/wp-content\/uploads\/2025\/03\/cropped-logo-site-mag2-1.png\",\"width\":320,\"height\":90,\"caption\":\"Pol\u00edcia Militar da Para\u00edba\"},\"image\":{\"@id\":\"https:\/\/www.pm.pb.gov.br\/portal\/#\/schema\/logo\/image\/\"}},{\"@type\":\"Person\",\"@id\":\"https:\/\/www.pm.pb.gov.br\/portal\/#\/schema\/person\/89dd009e2523c97adf8def1d6cf90ca1\",\"name\":\"Luiz Duarte\",\"image\":{\"@type\":\"ImageObject\",\"inLanguage\":\"pt-BR\",\"@id\":\"https:\/\/www.pm.pb.gov.br\/portal\/#\/schema\/person\/image\/\",\"url\":\"https:\/\/secure.gravatar.com\/avatar\/ce5539b97246ef4d24dd039a3f64145b?s=96&d=mm&r=g\",\"contentUrl\":\"https:\/\/secure.gravatar.com\/avatar\/ce5539b97246ef4d24dd039a3f64145b?s=96&d=mm&r=g\",\"caption\":\"Luiz Duarte\"},\"url\":\"https:\/\/www.pm.pb.gov.br\/portal\/author\/luiz\/\"}]}<\/script>\n<!-- \/ Yoast SEO plugin. -->","yoast_head_json":{"title":"Pol\u00edcia Militar prende quadrilha que saiu do RN para furtar celulares em festas da Para\u00edba - Pol\u00edcia Militar da Para\u00edba","robots":{"index":"index","follow":"follow","max-snippet":"max-snippet:-1","max-image-preview":"max-image-preview:large","max-video-preview":"max-video-preview:-1"},"canonical":"https:\/\/www.pm.pb.gov.br\/portal\/2025\/05\/03\/policia-militar-prende-quadrilha-que-saiu-do-rn-para-furtar-celulares-em-festas-da-paraiba\/","og_locale":"pt_BR","og_type":"article","og_title":"Pol\u00edcia Militar prende quadrilha que saiu do RN para furtar celulares em festas da Para\u00edba - Pol\u00edcia Militar da Para\u00edba","og_description":"A Pol\u00edcia Militar prendeu, na madrugada deste s\u00e1bado (3), uma quadrilha que saiu do Rio Grande do Norte para furtar","og_url":"https:\/\/www.pm.pb.gov.br\/portal\/2025\/05\/03\/policia-militar-prende-quadrilha-que-saiu-do-rn-para-furtar-celulares-em-festas-da-paraiba\/","og_site_name":"Pol\u00edcia Militar da Para\u00edba","article_published_time":"2025-05-03T22:22:59+00:00","article_modified_time":"2025-05-03T22:23:01+00:00","og_image":[{"width":600,"height":334,"url":"http:\/\/www.pm.pb.gov.br\/portal\/wp-content\/uploads\/2025\/02\/Imagem-ilustrativa.jpg","type":"image\/jpeg"}],"author":"Luiz Duarte","twitter_card":"summary_large_image","twitter_misc":{"Escrito por":"Luiz Duarte","Est. tempo de leitura":"2 minutos"},"schema":{"@context":"https:\/\/schema.org","@graph":[{"@type":"Article","@id":"https:\/\/www.pm.pb.gov.br\/portal\/2025\/05\/03\/policia-militar-prende-quadrilha-que-saiu-do-rn-para-furtar-celulares-em-festas-da-paraiba\/#article","isPartOf":{"@id":"https:\/\/www.pm.pb.gov.br\/portal\/2025\/05\/03\/policia-militar-prende-quadrilha-que-saiu-do-rn-para-furtar-celulares-em-festas-da-paraiba\/"},"author":{"name":"Luiz Duarte","@id":"https:\/\/www.pm.pb.gov.br\/portal\/#\/schema\/person\/89dd009e2523c97adf8def1d6cf90ca1"},"headline":"Pol\u00edcia Militar prende quadrilha que saiu do RN para furtar celulares em festas da Para\u00edba","datePublished":"2025-05-03T22:22:59+00:00","dateModified":"2025-05-03T22:23:01+00:00","mainEntityOfPage":{"@id":"https:\/\/www.pm.pb.gov.br\/portal\/2025\/05\/03\/policia-militar-prende-quadrilha-que-saiu-do-rn-para-furtar-celulares-em-festas-da-paraiba\/"},"wordCount":212,"publisher":{"@id":"https:\/\/www.pm.pb.gov.br\/portal\/#organization"},"articleSection":["A\u00e7\u00f5es Policiais"],"inLanguage":"pt-BR"},{"@type":"WebPage","@id":"https:\/\/www.pm.pb.gov.br\/portal\/2025\/05\/03\/policia-militar-prende-quadrilha-que-saiu-do-rn-para-furtar-celulares-em-festas-da-paraiba\/","url":"https:\/\/www.pm.pb.gov.br\/portal\/2025\/05\/03\/policia-militar-prende-quadrilha-que-saiu-do-rn-para-furtar-celulares-em-festas-da-paraiba\/","name":"Pol\u00edcia Militar prende quadrilha que saiu do RN para furtar celulares em festas da Para\u00edba - Pol\u00edcia Militar da Para\u00edba","isPartOf":{"@id":"https:\/\/www.pm.pb.gov.br\/portal\/#website"},"datePublished":"2025-05-03T22:22:59+00:00","dateModified":"2025-05-03T22:23:01+00:00","breadcrumb":{"@id":"https:\/\/www.pm.pb.gov.br\/portal\/2025\/05\/03\/policia-militar-prende-quadrilha-que-saiu-do-rn-para-furtar-celulares-em-festas-da-paraiba\/#breadcrumb"},"inLanguage":"pt-BR","potentialAction":[{"@type":"ReadAction","target":["https:\/\/www.pm.pb.gov.br\/portal\/2025\/05\/03\/policia-militar-prende-quadrilha-que-saiu-do-rn-para-furtar-celulares-em-festas-da-paraiba\/"]}]},{"@type":"BreadcrumbList","@id":"https:\/\/www.pm.pb.gov.br\/portal\/2025\/05\/03\/policia-militar-prende-quadrilha-que-saiu-do-rn-para-furtar-celulares-em-festas-da-paraiba\/#breadcrumb","itemListElement":[{"@type":"ListItem","position":1,"name":"In\u00edcio","item":"https:\/\/www.pm.pb.gov.br\/portal\/"},{"@type":"ListItem","position":2,"name":"Pol\u00edcia Militar prende quadrilha que saiu do RN para furtar celulares em festas da Para\u00edba"}]},{"@type":"WebSite","@id":"https:\/\/www.pm.pb.gov.br\/portal\/#website","url":"https:\/\/www.pm.pb.gov.br\/portal\/","name":"Pol\u00edcia Militar da Para\u00edba","description":"","publisher":{"@id":"https:\/\/www.pm.pb.gov.br\/portal\/#organization"},"potentialAction":[{"@type":"SearchAction","target":{"@type":"EntryPoint","urlTemplate":"https:\/\/www.pm.pb.gov.br\/portal\/?s={search_term_string}"},"query-input":"required name=search_term_string"}],"inLanguage":"pt-BR"},{"@type":"Organization","@id":"https:\/\/www.pm.pb.gov.br\/portal\/#organization","name":"Pol\u00edcia Militar da Para\u00edba","url":"https:\/\/www.pm.pb.gov.br\/portal\/","logo":{"@type":"ImageObject","inLanguage":"pt-BR","@id":"https:\/\/www.pm.pb.gov.br\/portal\/#\/schema\/logo\/image\/","url":"https:\/\/www.pm.pb.gov.br\/portal\/wp-content\/uploads\/2025\/03\/cropped-logo-site-mag2-1.png","contentUrl":"https:\/\/www.pm.pb.gov.br\/portal\/wp-content\/uploads\/2025\/03\/cropped-logo-site-mag2-1.png","width":320,"height":90,"caption":"Pol\u00edcia Militar da Para\u00edba"},"image":{"@id":"https:\/\/www.pm.pb.gov.br\/portal\/#\/schema\/logo\/image\/"}},{"@type":"Person","@id":"https:\/\/www.pm.pb.gov.br\/portal\/#\/schema\/person\/89dd009e2523c97adf8def1d6cf90ca1","name":"Luiz Duarte","image":{"@type":"ImageObject","inLanguage":"pt-BR","@id":"https:\/\/www.pm.pb.gov.br\/portal\/#\/schema\/person\/image\/","url":"https:\/\/secure.gravatar.com\/avatar\/ce5539b97246ef4d24dd039a3f64145b?s=96&d=mm&r=g","contentUrl":"https:\/\/secure.gravatar.com\/avatar\/ce5539b97246ef4d24dd039a3f64145b?s=96&d=mm&r=g","caption":"Luiz Duarte"},"url":"https:\/\/www.pm.pb.gov.br\/portal\/author\/luiz\/"}]}},"_links":{"self":[{"href":"https:\/\/www.pm.pb.gov.br\/portal\/wp-json\/wp\/v2\/posts\/926568"}],"collection":[{"href":"https:\/\/www.pm.pb.gov.br\/portal\/wp-json\/wp\/v2\/posts"}],"about":[{"href":"https:\/\/www.pm.pb.gov.br\/portal\/wp-json\/wp\/v2\/types\/post"}],"author":[{"embeddable":true,"href":"https:\/\/www.pm.pb.gov.br\/portal\/wp-json\/wp\/v2\/users\/18"}],"replies":[{"embeddable":true,"href":"https:\/\/www.pm.pb.gov.br\/portal\/wp-json\/wp\/v2\/comments?post=926568"}],"version-history":[{"count":1,"href":"https:\/\/www.pm.pb.gov.br\/portal\/wp-json\/wp\/v2\/posts\/926568\/revisions"}],"predecessor-version":[{"id":926570,"href":"https:\/\/www.pm.pb.gov.br\/portal\/wp-json\/wp\/v2\/posts\/926568\/revisions\/926570"}],"wp:featuredmedia":[{"embeddable":true,"href":"https:\/\/www.pm.pb.gov.br\/portal\/wp-json\/wp\/v2\/media\/925847"}],"wp:attachment":[{"href":"https:\/\/www.pm.pb.gov.br\/portal\/wp-json\/wp\/v2\/media?parent=926568"}],"wp:term":[{"taxonomy":"category","embeddable":true,"href":"https:\/\/www.pm.pb.gov.br\/portal\/wp-json\/wp\/v2\/categories?post=926568"},{"taxonomy":"post_tag","embeddable":true,"href":"https:\/\/www.pm.pb.gov.br\/portal\/wp-json\/wp\/v2\/tags?post=926568"}],"curies":[{"name":"wp","href":"https:\/\/api.w.org\/{rel}","templated":true}]}}