{"id":926560,"date":"2025-05-02T14:12:18","date_gmt":"2025-05-02T17:12:18","guid":{"rendered":"https:\/\/www.pm.pb.gov.br\/portal\/?p=926560"},"modified":"2025-05-02T14:12:20","modified_gmt":"2025-05-02T17:12:20","slug":"governador-encaminha-para-a-assembleia-legislativa-projetos-de-que-tratam-da-lei-organica-e-promocoes-de-oficiais-da-policia-militar","status":"publish","type":"post","link":"https:\/\/www.pm.pb.gov.br\/portal\/2025\/05\/02\/governador-encaminha-para-a-assembleia-legislativa-projetos-de-que-tratam-da-lei-organica-e-promocoes-de-oficiais-da-policia-militar\/","title":{"rendered":"Governador encaminha para a Assembleia Legislativa projetos de que tratam da Lei Org\u00e2nica e promo\u00e7\u00f5es de oficiais da Pol\u00edcia Militar"},"content":{"rendered":"\n\n\n<p>O governador Jo\u00e3o Azev\u00eado encaminhou, nesta quarta-feira (30), para a Assembleia Legislativa da Para\u00edba (ALPB) os Projetos de Lei que disp\u00f5em sobre as promo\u00e7\u00f5es de oficiais e a Lei Org\u00e2nica da Pol\u00edcia Militar que visam atualizar a estrutura organizacional da corpora\u00e7\u00e3o. A iniciativa, que representa um marco legal para a institui\u00e7\u00e3o, ir\u00e1 garantir o refor\u00e7o do policiamento em diversas \u00e1reas e a presta\u00e7\u00e3o de servi\u00e7o cada vez mais eficiente \u00e0 popula\u00e7\u00e3o paraibana.\u00a0<\/p>\n<p>O texto do projeto referente \u00e0 Lei Org\u00e2nica da Pol\u00edcia Militar define os n\u00edveis organiza\u00e7\u00f5es da institui\u00e7\u00e3o, sendo o n\u00edvel estrat\u00e9gico constitu\u00eddo pelo Comando-Geral, Subcomando-Geral, Estado Maior Estrat\u00e9gico e o Alto Comando. J\u00e1 o n\u00edvel t\u00e1tico \u00e9 formado por Departamentos, \u00f3rg\u00e3os de dire\u00e7\u00e3o superior respons\u00e1veis pelos macrossistemas da corpora\u00e7\u00e3o; al\u00e9m do operacional, constitu\u00eddo pelos Batalh\u00f5es e Unidades de Apoio.\u00a0<\/p>\n<p>A Lei Org\u00e2nica tamb\u00e9m cria o Centro de Media\u00e7\u00e3o de Conflitos, que ir\u00e1 coordenar as opera\u00e7\u00f5es de reintegra\u00e7\u00e3o de posse; o Comando de Opera\u00e7\u00f5es Policiais Especiais, que ir\u00e1 atuar em situa\u00e7\u00f5es delicadas; e o Centro de Apoio T\u00e9cnico, respons\u00e1vel por a\u00e7\u00f5es cibern\u00e9ticas vinculadas \u00e0 Intelig\u00eancia e \u00e0 seguran\u00e7a cibern\u00e9tica da pr\u00f3pria corpora\u00e7\u00e3o.\u00a0<\/p>\n<p>A estrutura organizacional ainda prev\u00ea os novos Comandos de Opera\u00e7\u00f5es de Choque, Policiamentos Especializados e Regional IV; novos Batalh\u00f5es de Policiamento de Choque, For\u00e7a T\u00e1tica, Grupamento de Opera\u00e7\u00f5es A\u00e9reas e Companhia Independente de Policiamento com C\u00e3es; Diretorias de Intelig\u00eancia, Contraintelig\u00eancia e Tecnologia e Inova\u00e7\u00e3o; al\u00e9m de novas unidades de Apoio e novos Batalh\u00f5es de Policiamento de \u00e1reas.\u00a0<\/p>\n<p>J\u00e1 o Projeto de Lei que trata das promo\u00e7\u00f5es por merecimento e antiguidade dos oficiais da Pol\u00edcia Militar atualiza a Lei n\u00b0 3.908, de 14 de julho de 1977, que disp\u00f5es sobre os crit\u00e9rios para a ascens\u00e3o na carreira. Com o projeto enviado ao Poder Legislativo, fica definido o per\u00edodo m\u00ednimo de perman\u00eancia em cada grau hier\u00e1rquico, sendo 12 meses para aspirante a oficial; 48 meses para 2\u00b0 tenente; 48 meses para 1\u00b0 tenente; 48 meses para capit\u00e3o; 36 meses para major; e 36 meses para tenente-coronel. Al\u00e9m disso, os m\u00fasicos e oficiais da Administra\u00e7\u00e3o (QOE) poder\u00e3o ser promovidos a tenente-coronel, quando antes o \u00faltimo posto era de capit\u00e3o.<\/p>\n","protected":false},"excerpt":{"rendered":"<p>O governador Jo\u00e3o Azev\u00eado encaminhou, nesta quarta-feira (30), para a Assembleia Legislativa da Para\u00edba (ALPB) os Projetos de Lei que<\/p>\n","protected":false},"author":5,"featured_media":915844,"comment_status":"closed","ping_status":"closed","sticky":false,"template":"","format":"standard","meta":{"_exactmetrics_skip_tracking":false,"_exactmetrics_sitenote_active":false,"_exactmetrics_sitenote_note":"","_exactmetrics_sitenote_category":0,"footnotes":""},"categories":[29],"tags":[],"yoast_head":"<!-- This site is optimized with the Yoast SEO plugin v22.0 - https:\/\/yoast.com\/wordpress\/plugins\/seo\/ -->\n<title>Governador encaminha para a Assembleia Legislativa projetos de que tratam da Lei Org\u00e2nica e promo\u00e7\u00f5es de oficiais da Pol\u00edcia Militar - Pol\u00edcia Militar da Para\u00edba<\/title>\n<meta name=\"robots\" content=\"index, follow, max-snippet:-1, max-image-preview:large, max-video-preview:-1\" \/>\n<link rel=\"canonical\" href=\"https:\/\/www.pm.pb.gov.br\/portal\/2025\/05\/02\/governador-encaminha-para-a-assembleia-legislativa-projetos-de-que-tratam-da-lei-organica-e-promocoes-de-oficiais-da-policia-militar\/\" \/>\n<meta property=\"og:locale\" content=\"pt_BR\" \/>\n<meta property=\"og:type\" content=\"article\" \/>\n<meta property=\"og:title\" content=\"Governador encaminha para a Assembleia Legislativa projetos de que tratam da Lei Org\u00e2nica e promo\u00e7\u00f5es de oficiais da Pol\u00edcia Militar - Pol\u00edcia Militar da Para\u00edba\" \/>\n<meta property=\"og:description\" content=\"O governador Jo\u00e3o Azev\u00eado encaminhou, nesta quarta-feira (30), para a Assembleia Legislativa da Para\u00edba (ALPB) os Projetos de Lei que\" \/>\n<meta property=\"og:url\" content=\"https:\/\/www.pm.pb.gov.br\/portal\/2025\/05\/02\/governador-encaminha-para-a-assembleia-legislativa-projetos-de-que-tratam-da-lei-organica-e-promocoes-de-oficiais-da-policia-militar\/\" \/>\n<meta property=\"og:site_name\" content=\"Pol\u00edcia Militar da Para\u00edba\" \/>\n<meta property=\"article:published_time\" content=\"2025-05-02T17:12:18+00:00\" \/>\n<meta property=\"article:modified_time\" content=\"2025-05-02T17:12:20+00:00\" \/>\n<meta property=\"og:image\" content=\"http:\/\/www.pm.pb.gov.br\/portal\/wp-content\/uploads\/2023\/03\/qcg.jpeg\" \/>\n\t<meta property=\"og:image:width\" content=\"800\" \/>\n\t<meta property=\"og:image:height\" content=\"445\" \/>\n\t<meta property=\"og:image:type\" content=\"image\/jpeg\" \/>\n<meta name=\"author\" content=\"Assessoria de Imprensa da PMPB\" \/>\n<meta name=\"twitter:card\" content=\"summary_large_image\" \/>\n<meta name=\"twitter:label1\" content=\"Escrito por\" \/>\n\t<meta name=\"twitter:data1\" content=\"Assessoria de Imprensa da PMPB\" \/>\n\t<meta name=\"twitter:label2\" content=\"Est. tempo de leitura\" \/>\n\t<meta name=\"twitter:data2\" content=\"3 minutos\" \/>\n<script type=\"application\/ld+json\" class=\"yoast-schema-graph\">{\"@context\":\"https:\/\/schema.org\",\"@graph\":[{\"@type\":\"Article\",\"@id\":\"https:\/\/www.pm.pb.gov.br\/portal\/2025\/05\/02\/governador-encaminha-para-a-assembleia-legislativa-projetos-de-que-tratam-da-lei-organica-e-promocoes-de-oficiais-da-policia-militar\/#article\",\"isPartOf\":{\"@id\":\"https:\/\/www.pm.pb.gov.br\/portal\/2025\/05\/02\/governador-encaminha-para-a-assembleia-legislativa-projetos-de-que-tratam-da-lei-organica-e-promocoes-de-oficiais-da-policia-militar\/\"},\"author\":{\"name\":\"Assessoria de Imprensa da PMPB\",\"@id\":\"https:\/\/www.pm.pb.gov.br\/portal\/#\/schema\/person\/e8454f46651c3ecf0e1ba3c1666d9947\"},\"headline\":\"Governador encaminha para a Assembleia Legislativa projetos de que tratam da Lei Org\u00e2nica e promo\u00e7\u00f5es de oficiais da Pol\u00edcia Militar\",\"datePublished\":\"2025-05-02T17:12:18+00:00\",\"dateModified\":\"2025-05-02T17:12:20+00:00\",\"mainEntityOfPage\":{\"@id\":\"https:\/\/www.pm.pb.gov.br\/portal\/2025\/05\/02\/governador-encaminha-para-a-assembleia-legislativa-projetos-de-que-tratam-da-lei-organica-e-promocoes-de-oficiais-da-policia-militar\/\"},\"wordCount\":429,\"publisher\":{\"@id\":\"https:\/\/www.pm.pb.gov.br\/portal\/#organization\"},\"articleSection\":[\"Gest\u00e3o e planejamento\"],\"inLanguage\":\"pt-BR\"},{\"@type\":\"WebPage\",\"@id\":\"https:\/\/www.pm.pb.gov.br\/portal\/2025\/05\/02\/governador-encaminha-para-a-assembleia-legislativa-projetos-de-que-tratam-da-lei-organica-e-promocoes-de-oficiais-da-policia-militar\/\",\"url\":\"https:\/\/www.pm.pb.gov.br\/portal\/2025\/05\/02\/governador-encaminha-para-a-assembleia-legislativa-projetos-de-que-tratam-da-lei-organica-e-promocoes-de-oficiais-da-policia-militar\/\",\"name\":\"Governador encaminha para a Assembleia Legislativa projetos de que tratam da Lei Org\u00e2nica e promo\u00e7\u00f5es de oficiais da Pol\u00edcia Militar - Pol\u00edcia Militar da Para\u00edba\",\"isPartOf\":{\"@id\":\"https:\/\/www.pm.pb.gov.br\/portal\/#website\"},\"datePublished\":\"2025-05-02T17:12:18+00:00\",\"dateModified\":\"2025-05-02T17:12:20+00:00\",\"breadcrumb\":{\"@id\":\"https:\/\/www.pm.pb.gov.br\/portal\/2025\/05\/02\/governador-encaminha-para-a-assembleia-legislativa-projetos-de-que-tratam-da-lei-organica-e-promocoes-de-oficiais-da-policia-militar\/#breadcrumb\"},\"inLanguage\":\"pt-BR\",\"potentialAction\":[{\"@type\":\"ReadAction\",\"target\":[\"https:\/\/www.pm.pb.gov.br\/portal\/2025\/05\/02\/governador-encaminha-para-a-assembleia-legislativa-projetos-de-que-tratam-da-lei-organica-e-promocoes-de-oficiais-da-policia-militar\/\"]}]},{\"@type\":\"BreadcrumbList\",\"@id\":\"https:\/\/www.pm.pb.gov.br\/portal\/2025\/05\/02\/governador-encaminha-para-a-assembleia-legislativa-projetos-de-que-tratam-da-lei-organica-e-promocoes-de-oficiais-da-policia-militar\/#breadcrumb\",\"itemListElement\":[{\"@type\":\"ListItem\",\"position\":1,\"name\":\"In\u00edcio\",\"item\":\"https:\/\/www.pm.pb.gov.br\/portal\/\"},{\"@type\":\"ListItem\",\"position\":2,\"name\":\"Governador encaminha para a Assembleia Legislativa projetos de que tratam da Lei Org\u00e2nica e promo\u00e7\u00f5es de oficiais da Pol\u00edcia Militar\"}]},{\"@type\":\"WebSite\",\"@id\":\"https:\/\/www.pm.pb.gov.br\/portal\/#website\",\"url\":\"https:\/\/www.pm.pb.gov.br\/portal\/\",\"name\":\"Pol\u00edcia Militar da Para\u00edba\",\"description\":\"\",\"publisher\":{\"@id\":\"https:\/\/www.pm.pb.gov.br\/portal\/#organization\"},\"potentialAction\":[{\"@type\":\"SearchAction\",\"target\":{\"@type\":\"EntryPoint\",\"urlTemplate\":\"https:\/\/www.pm.pb.gov.br\/portal\/?s={search_term_string}\"},\"query-input\":\"required name=search_term_string\"}],\"inLanguage\":\"pt-BR\"},{\"@type\":\"Organization\",\"@id\":\"https:\/\/www.pm.pb.gov.br\/portal\/#organization\",\"name\":\"Pol\u00edcia Militar da Para\u00edba\",\"url\":\"https:\/\/www.pm.pb.gov.br\/portal\/\",\"logo\":{\"@type\":\"ImageObject\",\"inLanguage\":\"pt-BR\",\"@id\":\"https:\/\/www.pm.pb.gov.br\/portal\/#\/schema\/logo\/image\/\",\"url\":\"https:\/\/www.pm.pb.gov.br\/portal\/wp-content\/uploads\/2025\/03\/cropped-logo-site-mag2-1.png\",\"contentUrl\":\"https:\/\/www.pm.pb.gov.br\/portal\/wp-content\/uploads\/2025\/03\/cropped-logo-site-mag2-1.png\",\"width\":320,\"height\":90,\"caption\":\"Pol\u00edcia Militar da Para\u00edba\"},\"image\":{\"@id\":\"https:\/\/www.pm.pb.gov.br\/portal\/#\/schema\/logo\/image\/\"}},{\"@type\":\"Person\",\"@id\":\"https:\/\/www.pm.pb.gov.br\/portal\/#\/schema\/person\/e8454f46651c3ecf0e1ba3c1666d9947\",\"name\":\"Assessoria de Imprensa da PMPB\",\"image\":{\"@type\":\"ImageObject\",\"inLanguage\":\"pt-BR\",\"@id\":\"https:\/\/www.pm.pb.gov.br\/portal\/#\/schema\/person\/image\/\",\"url\":\"https:\/\/secure.gravatar.com\/avatar\/2efe197438265d1e90bd98c4c8e1acf8?s=96&d=mm&r=g\",\"contentUrl\":\"https:\/\/secure.gravatar.com\/avatar\/2efe197438265d1e90bd98c4c8e1acf8?s=96&d=mm&r=g\",\"caption\":\"Assessoria de Imprensa da PMPB\"},\"url\":\"https:\/\/www.pm.pb.gov.br\/portal\/author\/assessoria\/\"}]}<\/script>\n<!-- \/ Yoast SEO plugin. -->","yoast_head_json":{"title":"Governador encaminha para a Assembleia Legislativa projetos de que tratam da Lei Org\u00e2nica e promo\u00e7\u00f5es de oficiais da Pol\u00edcia Militar - Pol\u00edcia Militar da Para\u00edba","robots":{"index":"index","follow":"follow","max-snippet":"max-snippet:-1","max-image-preview":"max-image-preview:large","max-video-preview":"max-video-preview:-1"},"canonical":"https:\/\/www.pm.pb.gov.br\/portal\/2025\/05\/02\/governador-encaminha-para-a-assembleia-legislativa-projetos-de-que-tratam-da-lei-organica-e-promocoes-de-oficiais-da-policia-militar\/","og_locale":"pt_BR","og_type":"article","og_title":"Governador encaminha para a Assembleia Legislativa projetos de que tratam da Lei Org\u00e2nica e promo\u00e7\u00f5es de oficiais da Pol\u00edcia Militar - Pol\u00edcia Militar da Para\u00edba","og_description":"O governador Jo\u00e3o Azev\u00eado encaminhou, nesta quarta-feira (30), para a Assembleia Legislativa da Para\u00edba (ALPB) os Projetos de Lei que","og_url":"https:\/\/www.pm.pb.gov.br\/portal\/2025\/05\/02\/governador-encaminha-para-a-assembleia-legislativa-projetos-de-que-tratam-da-lei-organica-e-promocoes-de-oficiais-da-policia-militar\/","og_site_name":"Pol\u00edcia Militar da Para\u00edba","article_published_time":"2025-05-02T17:12:18+00:00","article_modified_time":"2025-05-02T17:12:20+00:00","og_image":[{"width":800,"height":445,"url":"http:\/\/www.pm.pb.gov.br\/portal\/wp-content\/uploads\/2023\/03\/qcg.jpeg","type":"image\/jpeg"}],"author":"Assessoria de Imprensa da PMPB","twitter_card":"summary_large_image","twitter_misc":{"Escrito por":"Assessoria de Imprensa da PMPB","Est. tempo de leitura":"3 minutos"},"schema":{"@context":"https:\/\/schema.org","@graph":[{"@type":"Article","@id":"https:\/\/www.pm.pb.gov.br\/portal\/2025\/05\/02\/governador-encaminha-para-a-assembleia-legislativa-projetos-de-que-tratam-da-lei-organica-e-promocoes-de-oficiais-da-policia-militar\/#article","isPartOf":{"@id":"https:\/\/www.pm.pb.gov.br\/portal\/2025\/05\/02\/governador-encaminha-para-a-assembleia-legislativa-projetos-de-que-tratam-da-lei-organica-e-promocoes-de-oficiais-da-policia-militar\/"},"author":{"name":"Assessoria de Imprensa da PMPB","@id":"https:\/\/www.pm.pb.gov.br\/portal\/#\/schema\/person\/e8454f46651c3ecf0e1ba3c1666d9947"},"headline":"Governador encaminha para a Assembleia Legislativa projetos de que tratam da Lei Org\u00e2nica e promo\u00e7\u00f5es de oficiais da Pol\u00edcia Militar","datePublished":"2025-05-02T17:12:18+00:00","dateModified":"2025-05-02T17:12:20+00:00","mainEntityOfPage":{"@id":"https:\/\/www.pm.pb.gov.br\/portal\/2025\/05\/02\/governador-encaminha-para-a-assembleia-legislativa-projetos-de-que-tratam-da-lei-organica-e-promocoes-de-oficiais-da-policia-militar\/"},"wordCount":429,"publisher":{"@id":"https:\/\/www.pm.pb.gov.br\/portal\/#organization"},"articleSection":["Gest\u00e3o e planejamento"],"inLanguage":"pt-BR"},{"@type":"WebPage","@id":"https:\/\/www.pm.pb.gov.br\/portal\/2025\/05\/02\/governador-encaminha-para-a-assembleia-legislativa-projetos-de-que-tratam-da-lei-organica-e-promocoes-de-oficiais-da-policia-militar\/","url":"https:\/\/www.pm.pb.gov.br\/portal\/2025\/05\/02\/governador-encaminha-para-a-assembleia-legislativa-projetos-de-que-tratam-da-lei-organica-e-promocoes-de-oficiais-da-policia-militar\/","name":"Governador encaminha para a Assembleia Legislativa projetos de que tratam da Lei Org\u00e2nica e promo\u00e7\u00f5es de oficiais da Pol\u00edcia Militar - Pol\u00edcia Militar da Para\u00edba","isPartOf":{"@id":"https:\/\/www.pm.pb.gov.br\/portal\/#website"},"datePublished":"2025-05-02T17:12:18+00:00","dateModified":"2025-05-02T17:12:20+00:00","breadcrumb":{"@id":"https:\/\/www.pm.pb.gov.br\/portal\/2025\/05\/02\/governador-encaminha-para-a-assembleia-legislativa-projetos-de-que-tratam-da-lei-organica-e-promocoes-de-oficiais-da-policia-militar\/#breadcrumb"},"inLanguage":"pt-BR","potentialAction":[{"@type":"ReadAction","target":["https:\/\/www.pm.pb.gov.br\/portal\/2025\/05\/02\/governador-encaminha-para-a-assembleia-legislativa-projetos-de-que-tratam-da-lei-organica-e-promocoes-de-oficiais-da-policia-militar\/"]}]},{"@type":"BreadcrumbList","@id":"https:\/\/www.pm.pb.gov.br\/portal\/2025\/05\/02\/governador-encaminha-para-a-assembleia-legislativa-projetos-de-que-tratam-da-lei-organica-e-promocoes-de-oficiais-da-policia-militar\/#breadcrumb","itemListElement":[{"@type":"ListItem","position":1,"name":"In\u00edcio","item":"https:\/\/www.pm.pb.gov.br\/portal\/"},{"@type":"ListItem","position":2,"name":"Governador encaminha para a Assembleia Legislativa projetos de que tratam da Lei Org\u00e2nica e promo\u00e7\u00f5es de oficiais da Pol\u00edcia Militar"}]},{"@type":"WebSite","@id":"https:\/\/www.pm.pb.gov.br\/portal\/#website","url":"https:\/\/www.pm.pb.gov.br\/portal\/","name":"Pol\u00edcia Militar da Para\u00edba","description":"","publisher":{"@id":"https:\/\/www.pm.pb.gov.br\/portal\/#organization"},"potentialAction":[{"@type":"SearchAction","target":{"@type":"EntryPoint","urlTemplate":"https:\/\/www.pm.pb.gov.br\/portal\/?s={search_term_string}"},"query-input":"required name=search_term_string"}],"inLanguage":"pt-BR"},{"@type":"Organization","@id":"https:\/\/www.pm.pb.gov.br\/portal\/#organization","name":"Pol\u00edcia Militar da Para\u00edba","url":"https:\/\/www.pm.pb.gov.br\/portal\/","logo":{"@type":"ImageObject","inLanguage":"pt-BR","@id":"https:\/\/www.pm.pb.gov.br\/portal\/#\/schema\/logo\/image\/","url":"https:\/\/www.pm.pb.gov.br\/portal\/wp-content\/uploads\/2025\/03\/cropped-logo-site-mag2-1.png","contentUrl":"https:\/\/www.pm.pb.gov.br\/portal\/wp-content\/uploads\/2025\/03\/cropped-logo-site-mag2-1.png","width":320,"height":90,"caption":"Pol\u00edcia Militar da Para\u00edba"},"image":{"@id":"https:\/\/www.pm.pb.gov.br\/portal\/#\/schema\/logo\/image\/"}},{"@type":"Person","@id":"https:\/\/www.pm.pb.gov.br\/portal\/#\/schema\/person\/e8454f46651c3ecf0e1ba3c1666d9947","name":"Assessoria de Imprensa da PMPB","image":{"@type":"ImageObject","inLanguage":"pt-BR","@id":"https:\/\/www.pm.pb.gov.br\/portal\/#\/schema\/person\/image\/","url":"https:\/\/secure.gravatar.com\/avatar\/2efe197438265d1e90bd98c4c8e1acf8?s=96&d=mm&r=g","contentUrl":"https:\/\/secure.gravatar.com\/avatar\/2efe197438265d1e90bd98c4c8e1acf8?s=96&d=mm&r=g","caption":"Assessoria de Imprensa da PMPB"},"url":"https:\/\/www.pm.pb.gov.br\/portal\/author\/assessoria\/"}]}},"_links":{"self":[{"href":"https:\/\/www.pm.pb.gov.br\/portal\/wp-json\/wp\/v2\/posts\/926560"}],"collection":[{"href":"https:\/\/www.pm.pb.gov.br\/portal\/wp-json\/wp\/v2\/posts"}],"about":[{"href":"https:\/\/www.pm.pb.gov.br\/portal\/wp-json\/wp\/v2\/types\/post"}],"author":[{"embeddable":true,"href":"https:\/\/www.pm.pb.gov.br\/portal\/wp-json\/wp\/v2\/users\/5"}],"replies":[{"embeddable":true,"href":"https:\/\/www.pm.pb.gov.br\/portal\/wp-json\/wp\/v2\/comments?post=926560"}],"version-history":[{"count":1,"href":"https:\/\/www.pm.pb.gov.br\/portal\/wp-json\/wp\/v2\/posts\/926560\/revisions"}],"predecessor-version":[{"id":926561,"href":"https:\/\/www.pm.pb.gov.br\/portal\/wp-json\/wp\/v2\/posts\/926560\/revisions\/926561"}],"wp:featuredmedia":[{"embeddable":true,"href":"https:\/\/www.pm.pb.gov.br\/portal\/wp-json\/wp\/v2\/media\/915844"}],"wp:attachment":[{"href":"https:\/\/www.pm.pb.gov.br\/portal\/wp-json\/wp\/v2\/media?parent=926560"}],"wp:term":[{"taxonomy":"category","embeddable":true,"href":"https:\/\/www.pm.pb.gov.br\/portal\/wp-json\/wp\/v2\/categories?post=926560"},{"taxonomy":"post_tag","embeddable":true,"href":"https:\/\/www.pm.pb.gov.br\/portal\/wp-json\/wp\/v2\/tags?post=926560"}],"curies":[{"name":"wp","href":"https:\/\/api.w.org\/{rel}","templated":true}]}}