{"id":926556,"date":"2025-05-02T10:17:28","date_gmt":"2025-05-02T13:17:28","guid":{"rendered":"https:\/\/www.pm.pb.gov.br\/portal\/?p=926556"},"modified":"2025-05-02T10:17:31","modified_gmt":"2025-05-02T13:17:31","slug":"operacao-trabalhador-policia-militar-captura-foragido-da-justica-do-rn-com-duas-armas-de-fogo-na-ilha-do-bispo-jp","status":"publish","type":"post","link":"https:\/\/www.pm.pb.gov.br\/portal\/2025\/05\/02\/operacao-trabalhador-policia-militar-captura-foragido-da-justica-do-rn-com-duas-armas-de-fogo-na-ilha-do-bispo-jp\/","title":{"rendered":"OPERA\u00c7\u00c3O TRABALHADOR: Pol\u00edcia Militar captura foragido da Justi\u00e7a do RN com duas armas de fogo na Ilha do Bispo (JP)"},"content":{"rendered":"\n<p><img loading=\"lazy\" decoding=\"async\" class=\" wp-image-926557 alignright\" src=\"http:\/\/www.pm.pb.gov.br\/portal\/wp-content\/uploads\/2025\/05\/WhatsApp-Image-2025-05-02-at-09.11.37-250x445.jpeg\" alt=\"\" width=\"301\" height=\"536\" srcset=\"https:\/\/www.pm.pb.gov.br\/portal\/wp-content\/uploads\/2025\/05\/WhatsApp-Image-2025-05-02-at-09.11.37-250x445.jpeg 250w, https:\/\/www.pm.pb.gov.br\/portal\/wp-content\/uploads\/2025\/05\/WhatsApp-Image-2025-05-02-at-09.11.37.jpeg 720w\" sizes=\"(max-width: 301px) 100vw, 301px\" \/>A Pol\u00edcia Militar apreendeu duas armas de fogo que estavam com um homem foragido da Justi\u00e7a do Rio Grande do Norte, na Ilha do Bispo, nesta \u00faltima quinta-feira (01), em Jo\u00e3o Pessoa (foto acima ilustrativa). O acusado estava com uma pistola e um rev\u00f3lver.<\/p>\n<p>De acordo com o 1\u00ba Batalh\u00e3o, o homem preso foi v\u00edtima de um ataque de um grupo criminoso, reagiu aos bandidos, e houve troca de tiros, sendo uma pessoa ferida fatalmente, e a outra encaminhada para o Hospital de Traumas da Capital. Durante as dilig\u00eancias da PM, a v\u00edtima do ataque foi localizada, estava com uma pistola e um rev\u00f3lver (foto ao lado), e apresentou um nome falso aos policiais.<\/p>\n<p>\u00a0<\/p>\n<p>Ainda segundo as guarni\u00e7\u00f5es, foi poss\u00edvel chegar ao verdadeiro nome do homem, que j\u00e1 tinha um mandado de pris\u00e3o expedido pela 2\u00aa Vara Regional de Execu\u00e7\u00e3o Penal do Rio Grande do Norte. A ocorr\u00eancia foi apresentada na Cidade da Pol\u00edcia Civil e o acusado segue \u00e0 disposi\u00e7\u00e3o da Justi\u00e7a.<\/p>\n<p>A a\u00e7\u00e3o da PM ocorreu no \u00e2mbito da Opera\u00e7\u00e3o Trabalhador, que intensifica as a\u00e7\u00f5es policiais neste feriad\u00e3o do dia 1\u00ba de Maio, at\u00e9 as \u00faltimas horas do domingo.<\/p>\n\n\n","protected":false},"excerpt":{"rendered":"<p>A Pol\u00edcia Militar apreendeu duas armas de fogo que estavam com um homem foragido da Justi\u00e7a do Rio Grande do<\/p>\n","protected":false},"author":12,"featured_media":916326,"comment_status":"closed","ping_status":"closed","sticky":false,"template":"","format":"standard","meta":{"_exactmetrics_skip_tracking":false,"_exactmetrics_sitenote_active":false,"_exactmetrics_sitenote_note":"","_exactmetrics_sitenote_category":0,"footnotes":""},"categories":[4],"tags":[],"yoast_head":"<!-- This site is optimized with the Yoast SEO plugin v22.0 - https:\/\/yoast.com\/wordpress\/plugins\/seo\/ -->\n<title>OPERA\u00c7\u00c3O TRABALHADOR: Pol\u00edcia Militar captura foragido da Justi\u00e7a do RN com duas armas de fogo na Ilha do Bispo (JP) - Pol\u00edcia Militar da Para\u00edba<\/title>\n<meta name=\"description\" content=\"A a\u00e7\u00e3o da PM ocorreu no \u00e2mbito da Opera\u00e7\u00e3o Trabalhador, que intensifica as a\u00e7\u00f5es policiais neste feriad\u00e3o do dia 1\u00ba de Maio.\" \/>\n<meta name=\"robots\" content=\"index, follow, max-snippet:-1, max-image-preview:large, max-video-preview:-1\" \/>\n<link rel=\"canonical\" href=\"https:\/\/www.pm.pb.gov.br\/portal\/2025\/05\/02\/operacao-trabalhador-policia-militar-captura-foragido-da-justica-do-rn-com-duas-armas-de-fogo-na-ilha-do-bispo-jp\/\" \/>\n<meta property=\"og:locale\" content=\"pt_BR\" \/>\n<meta property=\"og:type\" content=\"article\" \/>\n<meta property=\"og:title\" content=\"OPERA\u00c7\u00c3O TRABALHADOR: Pol\u00edcia Militar captura foragido da Justi\u00e7a do RN com duas armas de fogo na Ilha do Bispo (JP) - Pol\u00edcia Militar da Para\u00edba\" \/>\n<meta property=\"og:description\" content=\"A a\u00e7\u00e3o da PM ocorreu no \u00e2mbito da Opera\u00e7\u00e3o Trabalhador, que intensifica as a\u00e7\u00f5es policiais neste feriad\u00e3o do dia 1\u00ba de Maio.\" \/>\n<meta property=\"og:url\" content=\"https:\/\/www.pm.pb.gov.br\/portal\/2025\/05\/02\/operacao-trabalhador-policia-militar-captura-foragido-da-justica-do-rn-com-duas-armas-de-fogo-na-ilha-do-bispo-jp\/\" \/>\n<meta property=\"og:site_name\" content=\"Pol\u00edcia Militar da Para\u00edba\" \/>\n<meta property=\"article:published_time\" content=\"2025-05-02T13:17:28+00:00\" \/>\n<meta property=\"article:modified_time\" content=\"2025-05-02T13:17:31+00:00\" \/>\n<meta property=\"og:image\" content=\"http:\/\/www.pm.pb.gov.br\/portal\/wp-content\/uploads\/2023\/04\/1bpm.jpeg\" \/>\n\t<meta property=\"og:image:width\" content=\"1280\" \/>\n\t<meta property=\"og:image:height\" content=\"853\" \/>\n\t<meta property=\"og:image:type\" content=\"image\/jpeg\" \/>\n<meta name=\"author\" content=\"Tarcisio Oliveira\" \/>\n<meta name=\"twitter:card\" content=\"summary_large_image\" \/>\n<meta name=\"twitter:label1\" content=\"Escrito por\" \/>\n\t<meta name=\"twitter:data1\" content=\"Tarcisio Oliveira\" \/>\n\t<meta name=\"twitter:label2\" content=\"Est. tempo de leitura\" \/>\n\t<meta name=\"twitter:data2\" content=\"2 minutos\" \/>\n<script type=\"application\/ld+json\" class=\"yoast-schema-graph\">{\"@context\":\"https:\/\/schema.org\",\"@graph\":[{\"@type\":\"Article\",\"@id\":\"https:\/\/www.pm.pb.gov.br\/portal\/2025\/05\/02\/operacao-trabalhador-policia-militar-captura-foragido-da-justica-do-rn-com-duas-armas-de-fogo-na-ilha-do-bispo-jp\/#article\",\"isPartOf\":{\"@id\":\"https:\/\/www.pm.pb.gov.br\/portal\/2025\/05\/02\/operacao-trabalhador-policia-militar-captura-foragido-da-justica-do-rn-com-duas-armas-de-fogo-na-ilha-do-bispo-jp\/\"},\"author\":{\"name\":\"Tarcisio Oliveira\",\"@id\":\"https:\/\/www.pm.pb.gov.br\/portal\/#\/schema\/person\/f84f56dcc78ce4357054da888b8247fd\"},\"headline\":\"OPERA\u00c7\u00c3O TRABALHADOR: Pol\u00edcia Militar captura foragido da Justi\u00e7a do RN com duas armas de fogo na Ilha do Bispo (JP)\",\"datePublished\":\"2025-05-02T13:17:28+00:00\",\"dateModified\":\"2025-05-02T13:17:31+00:00\",\"mainEntityOfPage\":{\"@id\":\"https:\/\/www.pm.pb.gov.br\/portal\/2025\/05\/02\/operacao-trabalhador-policia-militar-captura-foragido-da-justica-do-rn-com-duas-armas-de-fogo-na-ilha-do-bispo-jp\/\"},\"wordCount\":230,\"publisher\":{\"@id\":\"https:\/\/www.pm.pb.gov.br\/portal\/#organization\"},\"articleSection\":[\"A\u00e7\u00f5es Policiais\"],\"inLanguage\":\"pt-BR\"},{\"@type\":\"WebPage\",\"@id\":\"https:\/\/www.pm.pb.gov.br\/portal\/2025\/05\/02\/operacao-trabalhador-policia-militar-captura-foragido-da-justica-do-rn-com-duas-armas-de-fogo-na-ilha-do-bispo-jp\/\",\"url\":\"https:\/\/www.pm.pb.gov.br\/portal\/2025\/05\/02\/operacao-trabalhador-policia-militar-captura-foragido-da-justica-do-rn-com-duas-armas-de-fogo-na-ilha-do-bispo-jp\/\",\"name\":\"OPERA\u00c7\u00c3O TRABALHADOR: Pol\u00edcia Militar captura foragido da Justi\u00e7a do RN com duas armas de fogo na Ilha do Bispo (JP) - Pol\u00edcia Militar da Para\u00edba\",\"isPartOf\":{\"@id\":\"https:\/\/www.pm.pb.gov.br\/portal\/#website\"},\"datePublished\":\"2025-05-02T13:17:28+00:00\",\"dateModified\":\"2025-05-02T13:17:31+00:00\",\"description\":\"A a\u00e7\u00e3o da PM ocorreu no \u00e2mbito da Opera\u00e7\u00e3o Trabalhador, que intensifica as a\u00e7\u00f5es policiais neste feriad\u00e3o do dia 1\u00ba de Maio.\",\"breadcrumb\":{\"@id\":\"https:\/\/www.pm.pb.gov.br\/portal\/2025\/05\/02\/operacao-trabalhador-policia-militar-captura-foragido-da-justica-do-rn-com-duas-armas-de-fogo-na-ilha-do-bispo-jp\/#breadcrumb\"},\"inLanguage\":\"pt-BR\",\"potentialAction\":[{\"@type\":\"ReadAction\",\"target\":[\"https:\/\/www.pm.pb.gov.br\/portal\/2025\/05\/02\/operacao-trabalhador-policia-militar-captura-foragido-da-justica-do-rn-com-duas-armas-de-fogo-na-ilha-do-bispo-jp\/\"]}]},{\"@type\":\"BreadcrumbList\",\"@id\":\"https:\/\/www.pm.pb.gov.br\/portal\/2025\/05\/02\/operacao-trabalhador-policia-militar-captura-foragido-da-justica-do-rn-com-duas-armas-de-fogo-na-ilha-do-bispo-jp\/#breadcrumb\",\"itemListElement\":[{\"@type\":\"ListItem\",\"position\":1,\"name\":\"In\u00edcio\",\"item\":\"https:\/\/www.pm.pb.gov.br\/portal\/\"},{\"@type\":\"ListItem\",\"position\":2,\"name\":\"OPERA\u00c7\u00c3O TRABALHADOR: Pol\u00edcia Militar captura foragido da Justi\u00e7a do RN com duas armas de fogo na Ilha do Bispo (JP)\"}]},{\"@type\":\"WebSite\",\"@id\":\"https:\/\/www.pm.pb.gov.br\/portal\/#website\",\"url\":\"https:\/\/www.pm.pb.gov.br\/portal\/\",\"name\":\"Pol\u00edcia Militar da Para\u00edba\",\"description\":\"\",\"publisher\":{\"@id\":\"https:\/\/www.pm.pb.gov.br\/portal\/#organization\"},\"potentialAction\":[{\"@type\":\"SearchAction\",\"target\":{\"@type\":\"EntryPoint\",\"urlTemplate\":\"https:\/\/www.pm.pb.gov.br\/portal\/?s={search_term_string}\"},\"query-input\":\"required name=search_term_string\"}],\"inLanguage\":\"pt-BR\"},{\"@type\":\"Organization\",\"@id\":\"https:\/\/www.pm.pb.gov.br\/portal\/#organization\",\"name\":\"Pol\u00edcia Militar da Para\u00edba\",\"url\":\"https:\/\/www.pm.pb.gov.br\/portal\/\",\"logo\":{\"@type\":\"ImageObject\",\"inLanguage\":\"pt-BR\",\"@id\":\"https:\/\/www.pm.pb.gov.br\/portal\/#\/schema\/logo\/image\/\",\"url\":\"https:\/\/www.pm.pb.gov.br\/portal\/wp-content\/uploads\/2025\/03\/cropped-logo-site-mag2-1.png\",\"contentUrl\":\"https:\/\/www.pm.pb.gov.br\/portal\/wp-content\/uploads\/2025\/03\/cropped-logo-site-mag2-1.png\",\"width\":320,\"height\":90,\"caption\":\"Pol\u00edcia Militar da Para\u00edba\"},\"image\":{\"@id\":\"https:\/\/www.pm.pb.gov.br\/portal\/#\/schema\/logo\/image\/\"}},{\"@type\":\"Person\",\"@id\":\"https:\/\/www.pm.pb.gov.br\/portal\/#\/schema\/person\/f84f56dcc78ce4357054da888b8247fd\",\"name\":\"Tarcisio Oliveira\",\"image\":{\"@type\":\"ImageObject\",\"inLanguage\":\"pt-BR\",\"@id\":\"https:\/\/www.pm.pb.gov.br\/portal\/#\/schema\/person\/image\/\",\"url\":\"https:\/\/secure.gravatar.com\/avatar\/72917b630b69d31cd0297507f34bac97?s=96&d=mm&r=g\",\"contentUrl\":\"https:\/\/secure.gravatar.com\/avatar\/72917b630b69d31cd0297507f34bac97?s=96&d=mm&r=g\",\"caption\":\"Tarcisio Oliveira\"},\"url\":\"https:\/\/www.pm.pb.gov.br\/portal\/author\/tarcisio\/\"}]}<\/script>\n<!-- \/ Yoast SEO plugin. -->","yoast_head_json":{"title":"OPERA\u00c7\u00c3O TRABALHADOR: Pol\u00edcia Militar captura foragido da Justi\u00e7a do RN com duas armas de fogo na Ilha do Bispo (JP) - Pol\u00edcia Militar da Para\u00edba","description":"A a\u00e7\u00e3o da PM ocorreu no \u00e2mbito da Opera\u00e7\u00e3o Trabalhador, que intensifica as a\u00e7\u00f5es policiais neste feriad\u00e3o do dia 1\u00ba de Maio.","robots":{"index":"index","follow":"follow","max-snippet":"max-snippet:-1","max-image-preview":"max-image-preview:large","max-video-preview":"max-video-preview:-1"},"canonical":"https:\/\/www.pm.pb.gov.br\/portal\/2025\/05\/02\/operacao-trabalhador-policia-militar-captura-foragido-da-justica-do-rn-com-duas-armas-de-fogo-na-ilha-do-bispo-jp\/","og_locale":"pt_BR","og_type":"article","og_title":"OPERA\u00c7\u00c3O TRABALHADOR: Pol\u00edcia Militar captura foragido da Justi\u00e7a do RN com duas armas de fogo na Ilha do Bispo (JP) - Pol\u00edcia Militar da Para\u00edba","og_description":"A a\u00e7\u00e3o da PM ocorreu no \u00e2mbito da Opera\u00e7\u00e3o Trabalhador, que intensifica as a\u00e7\u00f5es policiais neste feriad\u00e3o do dia 1\u00ba de Maio.","og_url":"https:\/\/www.pm.pb.gov.br\/portal\/2025\/05\/02\/operacao-trabalhador-policia-militar-captura-foragido-da-justica-do-rn-com-duas-armas-de-fogo-na-ilha-do-bispo-jp\/","og_site_name":"Pol\u00edcia Militar da Para\u00edba","article_published_time":"2025-05-02T13:17:28+00:00","article_modified_time":"2025-05-02T13:17:31+00:00","og_image":[{"width":1280,"height":853,"url":"http:\/\/www.pm.pb.gov.br\/portal\/wp-content\/uploads\/2023\/04\/1bpm.jpeg","type":"image\/jpeg"}],"author":"Tarcisio Oliveira","twitter_card":"summary_large_image","twitter_misc":{"Escrito por":"Tarcisio Oliveira","Est. tempo de leitura":"2 minutos"},"schema":{"@context":"https:\/\/schema.org","@graph":[{"@type":"Article","@id":"https:\/\/www.pm.pb.gov.br\/portal\/2025\/05\/02\/operacao-trabalhador-policia-militar-captura-foragido-da-justica-do-rn-com-duas-armas-de-fogo-na-ilha-do-bispo-jp\/#article","isPartOf":{"@id":"https:\/\/www.pm.pb.gov.br\/portal\/2025\/05\/02\/operacao-trabalhador-policia-militar-captura-foragido-da-justica-do-rn-com-duas-armas-de-fogo-na-ilha-do-bispo-jp\/"},"author":{"name":"Tarcisio Oliveira","@id":"https:\/\/www.pm.pb.gov.br\/portal\/#\/schema\/person\/f84f56dcc78ce4357054da888b8247fd"},"headline":"OPERA\u00c7\u00c3O TRABALHADOR: Pol\u00edcia Militar captura foragido da Justi\u00e7a do RN com duas armas de fogo na Ilha do Bispo (JP)","datePublished":"2025-05-02T13:17:28+00:00","dateModified":"2025-05-02T13:17:31+00:00","mainEntityOfPage":{"@id":"https:\/\/www.pm.pb.gov.br\/portal\/2025\/05\/02\/operacao-trabalhador-policia-militar-captura-foragido-da-justica-do-rn-com-duas-armas-de-fogo-na-ilha-do-bispo-jp\/"},"wordCount":230,"publisher":{"@id":"https:\/\/www.pm.pb.gov.br\/portal\/#organization"},"articleSection":["A\u00e7\u00f5es Policiais"],"inLanguage":"pt-BR"},{"@type":"WebPage","@id":"https:\/\/www.pm.pb.gov.br\/portal\/2025\/05\/02\/operacao-trabalhador-policia-militar-captura-foragido-da-justica-do-rn-com-duas-armas-de-fogo-na-ilha-do-bispo-jp\/","url":"https:\/\/www.pm.pb.gov.br\/portal\/2025\/05\/02\/operacao-trabalhador-policia-militar-captura-foragido-da-justica-do-rn-com-duas-armas-de-fogo-na-ilha-do-bispo-jp\/","name":"OPERA\u00c7\u00c3O TRABALHADOR: Pol\u00edcia Militar captura foragido da Justi\u00e7a do RN com duas armas de fogo na Ilha do Bispo (JP) - Pol\u00edcia Militar da Para\u00edba","isPartOf":{"@id":"https:\/\/www.pm.pb.gov.br\/portal\/#website"},"datePublished":"2025-05-02T13:17:28+00:00","dateModified":"2025-05-02T13:17:31+00:00","description":"A a\u00e7\u00e3o da PM ocorreu no \u00e2mbito da Opera\u00e7\u00e3o Trabalhador, que intensifica as a\u00e7\u00f5es policiais neste feriad\u00e3o do dia 1\u00ba de Maio.","breadcrumb":{"@id":"https:\/\/www.pm.pb.gov.br\/portal\/2025\/05\/02\/operacao-trabalhador-policia-militar-captura-foragido-da-justica-do-rn-com-duas-armas-de-fogo-na-ilha-do-bispo-jp\/#breadcrumb"},"inLanguage":"pt-BR","potentialAction":[{"@type":"ReadAction","target":["https:\/\/www.pm.pb.gov.br\/portal\/2025\/05\/02\/operacao-trabalhador-policia-militar-captura-foragido-da-justica-do-rn-com-duas-armas-de-fogo-na-ilha-do-bispo-jp\/"]}]},{"@type":"BreadcrumbList","@id":"https:\/\/www.pm.pb.gov.br\/portal\/2025\/05\/02\/operacao-trabalhador-policia-militar-captura-foragido-da-justica-do-rn-com-duas-armas-de-fogo-na-ilha-do-bispo-jp\/#breadcrumb","itemListElement":[{"@type":"ListItem","position":1,"name":"In\u00edcio","item":"https:\/\/www.pm.pb.gov.br\/portal\/"},{"@type":"ListItem","position":2,"name":"OPERA\u00c7\u00c3O TRABALHADOR: Pol\u00edcia Militar captura foragido da Justi\u00e7a do RN com duas armas de fogo na Ilha do Bispo (JP)"}]},{"@type":"WebSite","@id":"https:\/\/www.pm.pb.gov.br\/portal\/#website","url":"https:\/\/www.pm.pb.gov.br\/portal\/","name":"Pol\u00edcia Militar da Para\u00edba","description":"","publisher":{"@id":"https:\/\/www.pm.pb.gov.br\/portal\/#organization"},"potentialAction":[{"@type":"SearchAction","target":{"@type":"EntryPoint","urlTemplate":"https:\/\/www.pm.pb.gov.br\/portal\/?s={search_term_string}"},"query-input":"required name=search_term_string"}],"inLanguage":"pt-BR"},{"@type":"Organization","@id":"https:\/\/www.pm.pb.gov.br\/portal\/#organization","name":"Pol\u00edcia Militar da Para\u00edba","url":"https:\/\/www.pm.pb.gov.br\/portal\/","logo":{"@type":"ImageObject","inLanguage":"pt-BR","@id":"https:\/\/www.pm.pb.gov.br\/portal\/#\/schema\/logo\/image\/","url":"https:\/\/www.pm.pb.gov.br\/portal\/wp-content\/uploads\/2025\/03\/cropped-logo-site-mag2-1.png","contentUrl":"https:\/\/www.pm.pb.gov.br\/portal\/wp-content\/uploads\/2025\/03\/cropped-logo-site-mag2-1.png","width":320,"height":90,"caption":"Pol\u00edcia Militar da Para\u00edba"},"image":{"@id":"https:\/\/www.pm.pb.gov.br\/portal\/#\/schema\/logo\/image\/"}},{"@type":"Person","@id":"https:\/\/www.pm.pb.gov.br\/portal\/#\/schema\/person\/f84f56dcc78ce4357054da888b8247fd","name":"Tarcisio Oliveira","image":{"@type":"ImageObject","inLanguage":"pt-BR","@id":"https:\/\/www.pm.pb.gov.br\/portal\/#\/schema\/person\/image\/","url":"https:\/\/secure.gravatar.com\/avatar\/72917b630b69d31cd0297507f34bac97?s=96&d=mm&r=g","contentUrl":"https:\/\/secure.gravatar.com\/avatar\/72917b630b69d31cd0297507f34bac97?s=96&d=mm&r=g","caption":"Tarcisio Oliveira"},"url":"https:\/\/www.pm.pb.gov.br\/portal\/author\/tarcisio\/"}]}},"_links":{"self":[{"href":"https:\/\/www.pm.pb.gov.br\/portal\/wp-json\/wp\/v2\/posts\/926556"}],"collection":[{"href":"https:\/\/www.pm.pb.gov.br\/portal\/wp-json\/wp\/v2\/posts"}],"about":[{"href":"https:\/\/www.pm.pb.gov.br\/portal\/wp-json\/wp\/v2\/types\/post"}],"author":[{"embeddable":true,"href":"https:\/\/www.pm.pb.gov.br\/portal\/wp-json\/wp\/v2\/users\/12"}],"replies":[{"embeddable":true,"href":"https:\/\/www.pm.pb.gov.br\/portal\/wp-json\/wp\/v2\/comments?post=926556"}],"version-history":[{"count":1,"href":"https:\/\/www.pm.pb.gov.br\/portal\/wp-json\/wp\/v2\/posts\/926556\/revisions"}],"predecessor-version":[{"id":926558,"href":"https:\/\/www.pm.pb.gov.br\/portal\/wp-json\/wp\/v2\/posts\/926556\/revisions\/926558"}],"wp:featuredmedia":[{"embeddable":true,"href":"https:\/\/www.pm.pb.gov.br\/portal\/wp-json\/wp\/v2\/media\/916326"}],"wp:attachment":[{"href":"https:\/\/www.pm.pb.gov.br\/portal\/wp-json\/wp\/v2\/media?parent=926556"}],"wp:term":[{"taxonomy":"category","embeddable":true,"href":"https:\/\/www.pm.pb.gov.br\/portal\/wp-json\/wp\/v2\/categories?post=926556"},{"taxonomy":"post_tag","embeddable":true,"href":"https:\/\/www.pm.pb.gov.br\/portal\/wp-json\/wp\/v2\/tags?post=926556"}],"curies":[{"name":"wp","href":"https:\/\/api.w.org\/{rel}","templated":true}]}}