{"id":926533,"date":"2025-04-30T13:35:22","date_gmt":"2025-04-30T16:35:22","guid":{"rendered":"https:\/\/www.pm.pb.gov.br\/portal\/?p=926533"},"modified":"2025-04-30T13:35:25","modified_gmt":"2025-04-30T16:35:25","slug":"lista-vermelha-foragido-da-interpol-e-preso-pela-policia-militar-da-paraiba","status":"publish","type":"post","link":"https:\/\/www.pm.pb.gov.br\/portal\/2025\/04\/30\/lista-vermelha-foragido-da-interpol-e-preso-pela-policia-militar-da-paraiba\/","title":{"rendered":"LISTA VERMELHA: Foragido da Interpol \u00e9 preso pela Pol\u00edcia Militar da Para\u00edba"},"content":{"rendered":"\n<p>Um foragido que estava sendo procurado pela Interpol (Organiza\u00e7\u00e3o Internacional de Pol\u00edcia Criminal) foi preso, pela Pol\u00edcia Militar da Para\u00edba, no fim da manh\u00e3 desta quarta-feira (30). A pris\u00e3o aconteceu na cidade de Itabaiana, que fica a cerca de 70 quil\u00f4metros da capital Jo\u00e3o Pessoa.<\/p>\n<p>De acordo com o comando do 8\u00ba Batalh\u00e3o, o foragido preso estava na lista vermelha da Interpol, sendo procurado pelo crime de estupro de vulner\u00e1vel. \u201cEle \u00e9 proveniente do Piau\u00ed, cometeu os crimes em Roraima, mas fugiu para a Argentina, vindo em seguida para a Para\u00edba. O acusado tem 79 anos de idade e, de acordo com as informa\u00e7\u00f5es, ele cometeu os crimes contra a pr\u00f3pria neta\u201d, explicou o major Porf\u00edrio, comandante do 8\u00ba BPM.<\/p>\n<p>Ainda de acordo com o comandante, a PM chegou at\u00e9 o acusado ap\u00f3s um levantamento da Coordenadoria de Intelig\u00eancia da corpora\u00e7\u00e3o (COInt). Ele estava escondido em uma casa, sendo localizado e preso pela For\u00e7a T\u00e1tica. O foragido foi apresentado na delegacia da cidade, ficando \u00e0 disposi\u00e7\u00e3o da Justi\u00e7a.<\/p>\n<p><strong>Dados \u2013<\/strong> Neste ano, o trabalho da Pol\u00edcia Militar da Para\u00edba j\u00e1 cumpriu 830 mandados de pris\u00e3o contra foragidos da Justi\u00e7a, que estavam sendo procurados por diversos delitos, entre eles homic\u00eddio, tr\u00e1fico de drogas, roubo, furto, viol\u00eancia dom\u00e9stica, les\u00e3o corporal. S\u00f3 a PM cumpre, em m\u00e9dia, sete mandados por dia durante as a\u00e7\u00f5es de policiamento.<\/p>\n\n\n","protected":false},"excerpt":{"rendered":"<p>Um foragido que estava sendo procurado pela Interpol (Organiza\u00e7\u00e3o Internacional de Pol\u00edcia Criminal) foi preso, pela Pol\u00edcia Militar da Para\u00edba,<\/p>\n","protected":false},"author":12,"featured_media":926534,"comment_status":"closed","ping_status":"closed","sticky":false,"template":"","format":"standard","meta":{"_exactmetrics_skip_tracking":false,"_exactmetrics_sitenote_active":false,"_exactmetrics_sitenote_note":"","_exactmetrics_sitenote_category":0,"footnotes":""},"categories":[4],"tags":[],"yoast_head":"<!-- This site is optimized with the Yoast SEO plugin v22.0 - https:\/\/yoast.com\/wordpress\/plugins\/seo\/ -->\n<title>LISTA VERMELHA: Foragido da Interpol \u00e9 preso pela Pol\u00edcia Militar da Para\u00edba - Pol\u00edcia Militar da Para\u00edba<\/title>\n<meta name=\"description\" content=\"Neste ano, o trabalho da Pol\u00edcia Militar da Para\u00edba j\u00e1 cumpriu 830 mandados de pris\u00e3o contra foragidos da Justi\u00e7a.\" \/>\n<meta name=\"robots\" content=\"index, follow, max-snippet:-1, max-image-preview:large, max-video-preview:-1\" \/>\n<link rel=\"canonical\" href=\"https:\/\/www.pm.pb.gov.br\/portal\/2025\/04\/30\/lista-vermelha-foragido-da-interpol-e-preso-pela-policia-militar-da-paraiba\/\" \/>\n<meta property=\"og:locale\" content=\"pt_BR\" \/>\n<meta property=\"og:type\" content=\"article\" \/>\n<meta property=\"og:title\" content=\"LISTA VERMELHA: Foragido da Interpol \u00e9 preso pela Pol\u00edcia Militar da Para\u00edba - Pol\u00edcia Militar da Para\u00edba\" \/>\n<meta property=\"og:description\" content=\"Neste ano, o trabalho da Pol\u00edcia Militar da Para\u00edba j\u00e1 cumpriu 830 mandados de pris\u00e3o contra foragidos da Justi\u00e7a.\" \/>\n<meta property=\"og:url\" content=\"https:\/\/www.pm.pb.gov.br\/portal\/2025\/04\/30\/lista-vermelha-foragido-da-interpol-e-preso-pela-policia-militar-da-paraiba\/\" \/>\n<meta property=\"og:site_name\" content=\"Pol\u00edcia Militar da Para\u00edba\" \/>\n<meta property=\"article:published_time\" content=\"2025-04-30T16:35:22+00:00\" \/>\n<meta property=\"article:modified_time\" content=\"2025-04-30T16:35:25+00:00\" \/>\n<meta property=\"og:image\" content=\"http:\/\/www.pm.pb.gov.br\/portal\/wp-content\/uploads\/2025\/04\/8bpmilus.jpeg\" \/>\n\t<meta property=\"og:image:width\" content=\"776\" \/>\n\t<meta property=\"og:image:height\" content=\"537\" \/>\n\t<meta property=\"og:image:type\" content=\"image\/jpeg\" \/>\n<meta name=\"author\" content=\"Tarcisio Oliveira\" \/>\n<meta name=\"twitter:card\" content=\"summary_large_image\" \/>\n<meta name=\"twitter:label1\" content=\"Escrito por\" \/>\n\t<meta name=\"twitter:data1\" content=\"Tarcisio Oliveira\" \/>\n\t<meta name=\"twitter:label2\" content=\"Est. tempo de leitura\" \/>\n\t<meta name=\"twitter:data2\" content=\"2 minutos\" \/>\n<script type=\"application\/ld+json\" class=\"yoast-schema-graph\">{\"@context\":\"https:\/\/schema.org\",\"@graph\":[{\"@type\":\"Article\",\"@id\":\"https:\/\/www.pm.pb.gov.br\/portal\/2025\/04\/30\/lista-vermelha-foragido-da-interpol-e-preso-pela-policia-militar-da-paraiba\/#article\",\"isPartOf\":{\"@id\":\"https:\/\/www.pm.pb.gov.br\/portal\/2025\/04\/30\/lista-vermelha-foragido-da-interpol-e-preso-pela-policia-militar-da-paraiba\/\"},\"author\":{\"name\":\"Tarcisio Oliveira\",\"@id\":\"https:\/\/www.pm.pb.gov.br\/portal\/#\/schema\/person\/f84f56dcc78ce4357054da888b8247fd\"},\"headline\":\"LISTA VERMELHA: Foragido da Interpol \u00e9 preso pela Pol\u00edcia Militar da Para\u00edba\",\"datePublished\":\"2025-04-30T16:35:22+00:00\",\"dateModified\":\"2025-04-30T16:35:25+00:00\",\"mainEntityOfPage\":{\"@id\":\"https:\/\/www.pm.pb.gov.br\/portal\/2025\/04\/30\/lista-vermelha-foragido-da-interpol-e-preso-pela-policia-militar-da-paraiba\/\"},\"wordCount\":258,\"publisher\":{\"@id\":\"https:\/\/www.pm.pb.gov.br\/portal\/#organization\"},\"articleSection\":[\"A\u00e7\u00f5es Policiais\"],\"inLanguage\":\"pt-BR\"},{\"@type\":\"WebPage\",\"@id\":\"https:\/\/www.pm.pb.gov.br\/portal\/2025\/04\/30\/lista-vermelha-foragido-da-interpol-e-preso-pela-policia-militar-da-paraiba\/\",\"url\":\"https:\/\/www.pm.pb.gov.br\/portal\/2025\/04\/30\/lista-vermelha-foragido-da-interpol-e-preso-pela-policia-militar-da-paraiba\/\",\"name\":\"LISTA VERMELHA: Foragido da Interpol \u00e9 preso pela Pol\u00edcia Militar da Para\u00edba - Pol\u00edcia Militar da Para\u00edba\",\"isPartOf\":{\"@id\":\"https:\/\/www.pm.pb.gov.br\/portal\/#website\"},\"datePublished\":\"2025-04-30T16:35:22+00:00\",\"dateModified\":\"2025-04-30T16:35:25+00:00\",\"description\":\"Neste ano, o trabalho da Pol\u00edcia Militar da Para\u00edba j\u00e1 cumpriu 830 mandados de pris\u00e3o contra foragidos da Justi\u00e7a.\",\"breadcrumb\":{\"@id\":\"https:\/\/www.pm.pb.gov.br\/portal\/2025\/04\/30\/lista-vermelha-foragido-da-interpol-e-preso-pela-policia-militar-da-paraiba\/#breadcrumb\"},\"inLanguage\":\"pt-BR\",\"potentialAction\":[{\"@type\":\"ReadAction\",\"target\":[\"https:\/\/www.pm.pb.gov.br\/portal\/2025\/04\/30\/lista-vermelha-foragido-da-interpol-e-preso-pela-policia-militar-da-paraiba\/\"]}]},{\"@type\":\"BreadcrumbList\",\"@id\":\"https:\/\/www.pm.pb.gov.br\/portal\/2025\/04\/30\/lista-vermelha-foragido-da-interpol-e-preso-pela-policia-militar-da-paraiba\/#breadcrumb\",\"itemListElement\":[{\"@type\":\"ListItem\",\"position\":1,\"name\":\"In\u00edcio\",\"item\":\"https:\/\/www.pm.pb.gov.br\/portal\/\"},{\"@type\":\"ListItem\",\"position\":2,\"name\":\"LISTA VERMELHA: Foragido da Interpol \u00e9 preso pela Pol\u00edcia Militar da Para\u00edba\"}]},{\"@type\":\"WebSite\",\"@id\":\"https:\/\/www.pm.pb.gov.br\/portal\/#website\",\"url\":\"https:\/\/www.pm.pb.gov.br\/portal\/\",\"name\":\"Pol\u00edcia Militar da Para\u00edba\",\"description\":\"\",\"publisher\":{\"@id\":\"https:\/\/www.pm.pb.gov.br\/portal\/#organization\"},\"potentialAction\":[{\"@type\":\"SearchAction\",\"target\":{\"@type\":\"EntryPoint\",\"urlTemplate\":\"https:\/\/www.pm.pb.gov.br\/portal\/?s={search_term_string}\"},\"query-input\":\"required name=search_term_string\"}],\"inLanguage\":\"pt-BR\"},{\"@type\":\"Organization\",\"@id\":\"https:\/\/www.pm.pb.gov.br\/portal\/#organization\",\"name\":\"Pol\u00edcia Militar da Para\u00edba\",\"url\":\"https:\/\/www.pm.pb.gov.br\/portal\/\",\"logo\":{\"@type\":\"ImageObject\",\"inLanguage\":\"pt-BR\",\"@id\":\"https:\/\/www.pm.pb.gov.br\/portal\/#\/schema\/logo\/image\/\",\"url\":\"https:\/\/www.pm.pb.gov.br\/portal\/wp-content\/uploads\/2025\/03\/cropped-logo-site-mag2-1.png\",\"contentUrl\":\"https:\/\/www.pm.pb.gov.br\/portal\/wp-content\/uploads\/2025\/03\/cropped-logo-site-mag2-1.png\",\"width\":320,\"height\":90,\"caption\":\"Pol\u00edcia Militar da Para\u00edba\"},\"image\":{\"@id\":\"https:\/\/www.pm.pb.gov.br\/portal\/#\/schema\/logo\/image\/\"}},{\"@type\":\"Person\",\"@id\":\"https:\/\/www.pm.pb.gov.br\/portal\/#\/schema\/person\/f84f56dcc78ce4357054da888b8247fd\",\"name\":\"Tarcisio Oliveira\",\"image\":{\"@type\":\"ImageObject\",\"inLanguage\":\"pt-BR\",\"@id\":\"https:\/\/www.pm.pb.gov.br\/portal\/#\/schema\/person\/image\/\",\"url\":\"https:\/\/secure.gravatar.com\/avatar\/72917b630b69d31cd0297507f34bac97?s=96&d=mm&r=g\",\"contentUrl\":\"https:\/\/secure.gravatar.com\/avatar\/72917b630b69d31cd0297507f34bac97?s=96&d=mm&r=g\",\"caption\":\"Tarcisio Oliveira\"},\"url\":\"https:\/\/www.pm.pb.gov.br\/portal\/author\/tarcisio\/\"}]}<\/script>\n<!-- \/ Yoast SEO plugin. -->","yoast_head_json":{"title":"LISTA VERMELHA: Foragido da Interpol \u00e9 preso pela Pol\u00edcia Militar da Para\u00edba - Pol\u00edcia Militar da Para\u00edba","description":"Neste ano, o trabalho da Pol\u00edcia Militar da Para\u00edba j\u00e1 cumpriu 830 mandados de pris\u00e3o contra foragidos da Justi\u00e7a.","robots":{"index":"index","follow":"follow","max-snippet":"max-snippet:-1","max-image-preview":"max-image-preview:large","max-video-preview":"max-video-preview:-1"},"canonical":"https:\/\/www.pm.pb.gov.br\/portal\/2025\/04\/30\/lista-vermelha-foragido-da-interpol-e-preso-pela-policia-militar-da-paraiba\/","og_locale":"pt_BR","og_type":"article","og_title":"LISTA VERMELHA: Foragido da Interpol \u00e9 preso pela Pol\u00edcia Militar da Para\u00edba - Pol\u00edcia Militar da Para\u00edba","og_description":"Neste ano, o trabalho da Pol\u00edcia Militar da Para\u00edba j\u00e1 cumpriu 830 mandados de pris\u00e3o contra foragidos da Justi\u00e7a.","og_url":"https:\/\/www.pm.pb.gov.br\/portal\/2025\/04\/30\/lista-vermelha-foragido-da-interpol-e-preso-pela-policia-militar-da-paraiba\/","og_site_name":"Pol\u00edcia Militar da Para\u00edba","article_published_time":"2025-04-30T16:35:22+00:00","article_modified_time":"2025-04-30T16:35:25+00:00","og_image":[{"width":776,"height":537,"url":"http:\/\/www.pm.pb.gov.br\/portal\/wp-content\/uploads\/2025\/04\/8bpmilus.jpeg","type":"image\/jpeg"}],"author":"Tarcisio Oliveira","twitter_card":"summary_large_image","twitter_misc":{"Escrito por":"Tarcisio Oliveira","Est. tempo de leitura":"2 minutos"},"schema":{"@context":"https:\/\/schema.org","@graph":[{"@type":"Article","@id":"https:\/\/www.pm.pb.gov.br\/portal\/2025\/04\/30\/lista-vermelha-foragido-da-interpol-e-preso-pela-policia-militar-da-paraiba\/#article","isPartOf":{"@id":"https:\/\/www.pm.pb.gov.br\/portal\/2025\/04\/30\/lista-vermelha-foragido-da-interpol-e-preso-pela-policia-militar-da-paraiba\/"},"author":{"name":"Tarcisio Oliveira","@id":"https:\/\/www.pm.pb.gov.br\/portal\/#\/schema\/person\/f84f56dcc78ce4357054da888b8247fd"},"headline":"LISTA VERMELHA: Foragido da Interpol \u00e9 preso pela Pol\u00edcia Militar da Para\u00edba","datePublished":"2025-04-30T16:35:22+00:00","dateModified":"2025-04-30T16:35:25+00:00","mainEntityOfPage":{"@id":"https:\/\/www.pm.pb.gov.br\/portal\/2025\/04\/30\/lista-vermelha-foragido-da-interpol-e-preso-pela-policia-militar-da-paraiba\/"},"wordCount":258,"publisher":{"@id":"https:\/\/www.pm.pb.gov.br\/portal\/#organization"},"articleSection":["A\u00e7\u00f5es Policiais"],"inLanguage":"pt-BR"},{"@type":"WebPage","@id":"https:\/\/www.pm.pb.gov.br\/portal\/2025\/04\/30\/lista-vermelha-foragido-da-interpol-e-preso-pela-policia-militar-da-paraiba\/","url":"https:\/\/www.pm.pb.gov.br\/portal\/2025\/04\/30\/lista-vermelha-foragido-da-interpol-e-preso-pela-policia-militar-da-paraiba\/","name":"LISTA VERMELHA: Foragido da Interpol \u00e9 preso pela Pol\u00edcia Militar da Para\u00edba - Pol\u00edcia Militar da Para\u00edba","isPartOf":{"@id":"https:\/\/www.pm.pb.gov.br\/portal\/#website"},"datePublished":"2025-04-30T16:35:22+00:00","dateModified":"2025-04-30T16:35:25+00:00","description":"Neste ano, o trabalho da Pol\u00edcia Militar da Para\u00edba j\u00e1 cumpriu 830 mandados de pris\u00e3o contra foragidos da Justi\u00e7a.","breadcrumb":{"@id":"https:\/\/www.pm.pb.gov.br\/portal\/2025\/04\/30\/lista-vermelha-foragido-da-interpol-e-preso-pela-policia-militar-da-paraiba\/#breadcrumb"},"inLanguage":"pt-BR","potentialAction":[{"@type":"ReadAction","target":["https:\/\/www.pm.pb.gov.br\/portal\/2025\/04\/30\/lista-vermelha-foragido-da-interpol-e-preso-pela-policia-militar-da-paraiba\/"]}]},{"@type":"BreadcrumbList","@id":"https:\/\/www.pm.pb.gov.br\/portal\/2025\/04\/30\/lista-vermelha-foragido-da-interpol-e-preso-pela-policia-militar-da-paraiba\/#breadcrumb","itemListElement":[{"@type":"ListItem","position":1,"name":"In\u00edcio","item":"https:\/\/www.pm.pb.gov.br\/portal\/"},{"@type":"ListItem","position":2,"name":"LISTA VERMELHA: Foragido da Interpol \u00e9 preso pela Pol\u00edcia Militar da Para\u00edba"}]},{"@type":"WebSite","@id":"https:\/\/www.pm.pb.gov.br\/portal\/#website","url":"https:\/\/www.pm.pb.gov.br\/portal\/","name":"Pol\u00edcia Militar da Para\u00edba","description":"","publisher":{"@id":"https:\/\/www.pm.pb.gov.br\/portal\/#organization"},"potentialAction":[{"@type":"SearchAction","target":{"@type":"EntryPoint","urlTemplate":"https:\/\/www.pm.pb.gov.br\/portal\/?s={search_term_string}"},"query-input":"required name=search_term_string"}],"inLanguage":"pt-BR"},{"@type":"Organization","@id":"https:\/\/www.pm.pb.gov.br\/portal\/#organization","name":"Pol\u00edcia Militar da Para\u00edba","url":"https:\/\/www.pm.pb.gov.br\/portal\/","logo":{"@type":"ImageObject","inLanguage":"pt-BR","@id":"https:\/\/www.pm.pb.gov.br\/portal\/#\/schema\/logo\/image\/","url":"https:\/\/www.pm.pb.gov.br\/portal\/wp-content\/uploads\/2025\/03\/cropped-logo-site-mag2-1.png","contentUrl":"https:\/\/www.pm.pb.gov.br\/portal\/wp-content\/uploads\/2025\/03\/cropped-logo-site-mag2-1.png","width":320,"height":90,"caption":"Pol\u00edcia Militar da Para\u00edba"},"image":{"@id":"https:\/\/www.pm.pb.gov.br\/portal\/#\/schema\/logo\/image\/"}},{"@type":"Person","@id":"https:\/\/www.pm.pb.gov.br\/portal\/#\/schema\/person\/f84f56dcc78ce4357054da888b8247fd","name":"Tarcisio Oliveira","image":{"@type":"ImageObject","inLanguage":"pt-BR","@id":"https:\/\/www.pm.pb.gov.br\/portal\/#\/schema\/person\/image\/","url":"https:\/\/secure.gravatar.com\/avatar\/72917b630b69d31cd0297507f34bac97?s=96&d=mm&r=g","contentUrl":"https:\/\/secure.gravatar.com\/avatar\/72917b630b69d31cd0297507f34bac97?s=96&d=mm&r=g","caption":"Tarcisio Oliveira"},"url":"https:\/\/www.pm.pb.gov.br\/portal\/author\/tarcisio\/"}]}},"_links":{"self":[{"href":"https:\/\/www.pm.pb.gov.br\/portal\/wp-json\/wp\/v2\/posts\/926533"}],"collection":[{"href":"https:\/\/www.pm.pb.gov.br\/portal\/wp-json\/wp\/v2\/posts"}],"about":[{"href":"https:\/\/www.pm.pb.gov.br\/portal\/wp-json\/wp\/v2\/types\/post"}],"author":[{"embeddable":true,"href":"https:\/\/www.pm.pb.gov.br\/portal\/wp-json\/wp\/v2\/users\/12"}],"replies":[{"embeddable":true,"href":"https:\/\/www.pm.pb.gov.br\/portal\/wp-json\/wp\/v2\/comments?post=926533"}],"version-history":[{"count":1,"href":"https:\/\/www.pm.pb.gov.br\/portal\/wp-json\/wp\/v2\/posts\/926533\/revisions"}],"predecessor-version":[{"id":926535,"href":"https:\/\/www.pm.pb.gov.br\/portal\/wp-json\/wp\/v2\/posts\/926533\/revisions\/926535"}],"wp:featuredmedia":[{"embeddable":true,"href":"https:\/\/www.pm.pb.gov.br\/portal\/wp-json\/wp\/v2\/media\/926534"}],"wp:attachment":[{"href":"https:\/\/www.pm.pb.gov.br\/portal\/wp-json\/wp\/v2\/media?parent=926533"}],"wp:term":[{"taxonomy":"category","embeddable":true,"href":"https:\/\/www.pm.pb.gov.br\/portal\/wp-json\/wp\/v2\/categories?post=926533"},{"taxonomy":"post_tag","embeddable":true,"href":"https:\/\/www.pm.pb.gov.br\/portal\/wp-json\/wp\/v2\/tags?post=926533"}],"curies":[{"name":"wp","href":"https:\/\/api.w.org\/{rel}","templated":true}]}}