{"id":926530,"date":"2025-04-30T10:31:53","date_gmt":"2025-04-30T13:31:53","guid":{"rendered":"https:\/\/www.pm.pb.gov.br\/portal\/?p=926530"},"modified":"2025-04-30T10:31:56","modified_gmt":"2025-04-30T13:31:56","slug":"na-pb-treze-armas-de-fogo-ja-foram-apreendidas-pela-pm-nesta-semana","status":"publish","type":"post","link":"https:\/\/www.pm.pb.gov.br\/portal\/2025\/04\/30\/na-pb-treze-armas-de-fogo-ja-foram-apreendidas-pela-pm-nesta-semana\/","title":{"rendered":"NA PB: Treze armas de fogo j\u00e1 foram apreendidas pela PM nesta semana"},"content":{"rendered":"\n<p>Um dos principais instrumentos para o cometimento de delitos, treze armas de fogo que circulavam ilegalmente na Para\u00edba foram apreendidas somente esta semana pela Pol\u00edcia Militar. O levantamento faz refer\u00eancia as principais a\u00e7\u00f5es policiais da segunda-feira at\u00e9 a manh\u00e3 desta quarta-feira (30).<\/p>\n<p>Entre elas est\u00e3o pistolas (3), rev\u00f3lveres (5) e espingardas (5), usadas para assaltos, crimes contra a vida, tr\u00e1fico, porte e posse ilegal. A PM tamb\u00e9m apreendeu vasta quantidade de muni\u00e7\u00e3o, carregadores e outros materiais usados para o cometimento de delitos. Os armamentos estavam com criminosos abordados pela PM preventivamente, ou ap\u00f3s o cometimento de crimes, ou ainda durante opera\u00e7\u00f5es policiais. \u00a0<\/p>\n<p>A corpora\u00e7\u00e3o deve refor\u00e7ar as a\u00e7\u00f5es preventivas e de combate \u00e0 criminalidade nos pr\u00f3ximos dias com a chegada do feriad\u00e3o do Dia do Trabalho.<\/p>\n<p>(Na foto principal acima: espingarda e muni\u00e7\u00f5es apreendidas em Marca\u00e7\u00e3o, no litoral norte da PB)<\/p>\n<figure id=\"attachment_926519\" aria-describedby=\"caption-attachment-926519\" style=\"width: 593px\" class=\"wp-caption aligncenter\"><img loading=\"lazy\" decoding=\"async\" class=\"wp-image-926519 size-medium\" src=\"http:\/\/www.pm.pb.gov.br\/portal\/wp-content\/uploads\/2025\/04\/WhatsApp-Image-2025-04-28-at-4.16.49-PM-593x445.jpeg\" alt=\"\" width=\"593\" height=\"445\" srcset=\"https:\/\/www.pm.pb.gov.br\/portal\/wp-content\/uploads\/2025\/04\/WhatsApp-Image-2025-04-28-at-4.16.49-PM-593x445.jpeg 593w, https:\/\/www.pm.pb.gov.br\/portal\/wp-content\/uploads\/2025\/04\/WhatsApp-Image-2025-04-28-at-4.16.49-PM-760x570.jpeg 760w, https:\/\/www.pm.pb.gov.br\/portal\/wp-content\/uploads\/2025\/04\/WhatsApp-Image-2025-04-28-at-4.16.49-PM-768x576.jpeg 768w, https:\/\/www.pm.pb.gov.br\/portal\/wp-content\/uploads\/2025\/04\/WhatsApp-Image-2025-04-28-at-4.16.49-PM.jpeg 1280w\" sizes=\"(max-width: 593px) 100vw, 593px\" \/><figcaption id=\"caption-attachment-926519\" class=\"wp-caption-text\">Em JP, duas pistolas e muni\u00e7\u00f5es apreendidas com um &#8216;tornozelado&#8217; e seu comparsa, no bairro S\u00e3o Jos\u00e9, na segunda-feira.<\/figcaption><\/figure>\n<p>\u00a0<\/p>\n","protected":false},"excerpt":{"rendered":"<p>Um dos principais instrumentos para o cometimento de delitos, treze armas de fogo que circulavam ilegalmente na Para\u00edba foram apreendidas<\/p>\n","protected":false},"author":12,"featured_media":926531,"comment_status":"closed","ping_status":"closed","sticky":false,"template":"","format":"standard","meta":{"_exactmetrics_skip_tracking":false,"_exactmetrics_sitenote_active":false,"_exactmetrics_sitenote_note":"","_exactmetrics_sitenote_category":0,"footnotes":""},"categories":[4],"tags":[],"yoast_head":"<!-- This site is optimized with the Yoast SEO plugin v22.0 - https:\/\/yoast.com\/wordpress\/plugins\/seo\/ -->\n<title>NA PB: Treze armas de fogo j\u00e1 foram apreendidas pela PM nesta semana - Pol\u00edcia Militar da Para\u00edba<\/title>\n<meta name=\"description\" content=\"Entre elas est\u00e3o pistolas (3), rev\u00f3lveres (5) e espingardas (5), usadas para assaltos, crimes contra a vida, tr\u00e1fico, porte e posse ilegal.\" \/>\n<meta name=\"robots\" content=\"index, follow, max-snippet:-1, max-image-preview:large, max-video-preview:-1\" \/>\n<link rel=\"canonical\" href=\"https:\/\/www.pm.pb.gov.br\/portal\/2025\/04\/30\/na-pb-treze-armas-de-fogo-ja-foram-apreendidas-pela-pm-nesta-semana\/\" \/>\n<meta property=\"og:locale\" content=\"pt_BR\" \/>\n<meta property=\"og:type\" content=\"article\" \/>\n<meta property=\"og:title\" content=\"NA PB: Treze armas de fogo j\u00e1 foram apreendidas pela PM nesta semana - Pol\u00edcia Militar da Para\u00edba\" \/>\n<meta property=\"og:description\" content=\"Entre elas est\u00e3o pistolas (3), rev\u00f3lveres (5) e espingardas (5), usadas para assaltos, crimes contra a vida, tr\u00e1fico, porte e posse ilegal.\" \/>\n<meta property=\"og:url\" content=\"https:\/\/www.pm.pb.gov.br\/portal\/2025\/04\/30\/na-pb-treze-armas-de-fogo-ja-foram-apreendidas-pela-pm-nesta-semana\/\" \/>\n<meta property=\"og:site_name\" content=\"Pol\u00edcia Militar da Para\u00edba\" \/>\n<meta property=\"article:published_time\" content=\"2025-04-30T13:31:53+00:00\" \/>\n<meta property=\"article:modified_time\" content=\"2025-04-30T13:31:56+00:00\" \/>\n<meta property=\"og:image\" content=\"http:\/\/www.pm.pb.gov.br\/portal\/wp-content\/uploads\/2025\/04\/WhatsApp-Image-2025-04-28-at-17.45.01-1.jpeg\" \/>\n\t<meta property=\"og:image:width\" content=\"800\" \/>\n\t<meta property=\"og:image:height\" content=\"445\" \/>\n\t<meta property=\"og:image:type\" content=\"image\/jpeg\" \/>\n<meta name=\"author\" content=\"Tarcisio Oliveira\" \/>\n<meta name=\"twitter:card\" content=\"summary_large_image\" \/>\n<meta name=\"twitter:label1\" content=\"Escrito por\" \/>\n\t<meta name=\"twitter:data1\" content=\"Tarcisio Oliveira\" \/>\n\t<meta name=\"twitter:label2\" content=\"Est. tempo de leitura\" \/>\n\t<meta name=\"twitter:data2\" content=\"2 minutos\" \/>\n<script type=\"application\/ld+json\" class=\"yoast-schema-graph\">{\"@context\":\"https:\/\/schema.org\",\"@graph\":[{\"@type\":\"Article\",\"@id\":\"https:\/\/www.pm.pb.gov.br\/portal\/2025\/04\/30\/na-pb-treze-armas-de-fogo-ja-foram-apreendidas-pela-pm-nesta-semana\/#article\",\"isPartOf\":{\"@id\":\"https:\/\/www.pm.pb.gov.br\/portal\/2025\/04\/30\/na-pb-treze-armas-de-fogo-ja-foram-apreendidas-pela-pm-nesta-semana\/\"},\"author\":{\"name\":\"Tarcisio Oliveira\",\"@id\":\"https:\/\/www.pm.pb.gov.br\/portal\/#\/schema\/person\/f84f56dcc78ce4357054da888b8247fd\"},\"headline\":\"NA PB: Treze armas de fogo j\u00e1 foram apreendidas pela PM nesta semana\",\"datePublished\":\"2025-04-30T13:31:53+00:00\",\"dateModified\":\"2025-04-30T13:31:56+00:00\",\"mainEntityOfPage\":{\"@id\":\"https:\/\/www.pm.pb.gov.br\/portal\/2025\/04\/30\/na-pb-treze-armas-de-fogo-ja-foram-apreendidas-pela-pm-nesta-semana\/\"},\"wordCount\":195,\"publisher\":{\"@id\":\"https:\/\/www.pm.pb.gov.br\/portal\/#organization\"},\"articleSection\":[\"A\u00e7\u00f5es Policiais\"],\"inLanguage\":\"pt-BR\"},{\"@type\":\"WebPage\",\"@id\":\"https:\/\/www.pm.pb.gov.br\/portal\/2025\/04\/30\/na-pb-treze-armas-de-fogo-ja-foram-apreendidas-pela-pm-nesta-semana\/\",\"url\":\"https:\/\/www.pm.pb.gov.br\/portal\/2025\/04\/30\/na-pb-treze-armas-de-fogo-ja-foram-apreendidas-pela-pm-nesta-semana\/\",\"name\":\"NA PB: Treze armas de fogo j\u00e1 foram apreendidas pela PM nesta semana - Pol\u00edcia Militar da Para\u00edba\",\"isPartOf\":{\"@id\":\"https:\/\/www.pm.pb.gov.br\/portal\/#website\"},\"datePublished\":\"2025-04-30T13:31:53+00:00\",\"dateModified\":\"2025-04-30T13:31:56+00:00\",\"description\":\"Entre elas est\u00e3o pistolas (3), rev\u00f3lveres (5) e espingardas (5), usadas para assaltos, crimes contra a vida, tr\u00e1fico, porte e posse ilegal.\",\"breadcrumb\":{\"@id\":\"https:\/\/www.pm.pb.gov.br\/portal\/2025\/04\/30\/na-pb-treze-armas-de-fogo-ja-foram-apreendidas-pela-pm-nesta-semana\/#breadcrumb\"},\"inLanguage\":\"pt-BR\",\"potentialAction\":[{\"@type\":\"ReadAction\",\"target\":[\"https:\/\/www.pm.pb.gov.br\/portal\/2025\/04\/30\/na-pb-treze-armas-de-fogo-ja-foram-apreendidas-pela-pm-nesta-semana\/\"]}]},{\"@type\":\"BreadcrumbList\",\"@id\":\"https:\/\/www.pm.pb.gov.br\/portal\/2025\/04\/30\/na-pb-treze-armas-de-fogo-ja-foram-apreendidas-pela-pm-nesta-semana\/#breadcrumb\",\"itemListElement\":[{\"@type\":\"ListItem\",\"position\":1,\"name\":\"In\u00edcio\",\"item\":\"https:\/\/www.pm.pb.gov.br\/portal\/\"},{\"@type\":\"ListItem\",\"position\":2,\"name\":\"NA PB: Treze armas de fogo j\u00e1 foram apreendidas pela PM nesta semana\"}]},{\"@type\":\"WebSite\",\"@id\":\"https:\/\/www.pm.pb.gov.br\/portal\/#website\",\"url\":\"https:\/\/www.pm.pb.gov.br\/portal\/\",\"name\":\"Pol\u00edcia Militar da Para\u00edba\",\"description\":\"\",\"publisher\":{\"@id\":\"https:\/\/www.pm.pb.gov.br\/portal\/#organization\"},\"potentialAction\":[{\"@type\":\"SearchAction\",\"target\":{\"@type\":\"EntryPoint\",\"urlTemplate\":\"https:\/\/www.pm.pb.gov.br\/portal\/?s={search_term_string}\"},\"query-input\":\"required name=search_term_string\"}],\"inLanguage\":\"pt-BR\"},{\"@type\":\"Organization\",\"@id\":\"https:\/\/www.pm.pb.gov.br\/portal\/#organization\",\"name\":\"Pol\u00edcia Militar da Para\u00edba\",\"url\":\"https:\/\/www.pm.pb.gov.br\/portal\/\",\"logo\":{\"@type\":\"ImageObject\",\"inLanguage\":\"pt-BR\",\"@id\":\"https:\/\/www.pm.pb.gov.br\/portal\/#\/schema\/logo\/image\/\",\"url\":\"https:\/\/www.pm.pb.gov.br\/portal\/wp-content\/uploads\/2025\/03\/cropped-logo-site-mag2-1.png\",\"contentUrl\":\"https:\/\/www.pm.pb.gov.br\/portal\/wp-content\/uploads\/2025\/03\/cropped-logo-site-mag2-1.png\",\"width\":320,\"height\":90,\"caption\":\"Pol\u00edcia Militar da Para\u00edba\"},\"image\":{\"@id\":\"https:\/\/www.pm.pb.gov.br\/portal\/#\/schema\/logo\/image\/\"}},{\"@type\":\"Person\",\"@id\":\"https:\/\/www.pm.pb.gov.br\/portal\/#\/schema\/person\/f84f56dcc78ce4357054da888b8247fd\",\"name\":\"Tarcisio Oliveira\",\"image\":{\"@type\":\"ImageObject\",\"inLanguage\":\"pt-BR\",\"@id\":\"https:\/\/www.pm.pb.gov.br\/portal\/#\/schema\/person\/image\/\",\"url\":\"https:\/\/secure.gravatar.com\/avatar\/72917b630b69d31cd0297507f34bac97?s=96&d=mm&r=g\",\"contentUrl\":\"https:\/\/secure.gravatar.com\/avatar\/72917b630b69d31cd0297507f34bac97?s=96&d=mm&r=g\",\"caption\":\"Tarcisio Oliveira\"},\"url\":\"https:\/\/www.pm.pb.gov.br\/portal\/author\/tarcisio\/\"}]}<\/script>\n<!-- \/ Yoast SEO plugin. -->","yoast_head_json":{"title":"NA PB: Treze armas de fogo j\u00e1 foram apreendidas pela PM nesta semana - Pol\u00edcia Militar da Para\u00edba","description":"Entre elas est\u00e3o pistolas (3), rev\u00f3lveres (5) e espingardas (5), usadas para assaltos, crimes contra a vida, tr\u00e1fico, porte e posse ilegal.","robots":{"index":"index","follow":"follow","max-snippet":"max-snippet:-1","max-image-preview":"max-image-preview:large","max-video-preview":"max-video-preview:-1"},"canonical":"https:\/\/www.pm.pb.gov.br\/portal\/2025\/04\/30\/na-pb-treze-armas-de-fogo-ja-foram-apreendidas-pela-pm-nesta-semana\/","og_locale":"pt_BR","og_type":"article","og_title":"NA PB: Treze armas de fogo j\u00e1 foram apreendidas pela PM nesta semana - Pol\u00edcia Militar da Para\u00edba","og_description":"Entre elas est\u00e3o pistolas (3), rev\u00f3lveres (5) e espingardas (5), usadas para assaltos, crimes contra a vida, tr\u00e1fico, porte e posse ilegal.","og_url":"https:\/\/www.pm.pb.gov.br\/portal\/2025\/04\/30\/na-pb-treze-armas-de-fogo-ja-foram-apreendidas-pela-pm-nesta-semana\/","og_site_name":"Pol\u00edcia Militar da Para\u00edba","article_published_time":"2025-04-30T13:31:53+00:00","article_modified_time":"2025-04-30T13:31:56+00:00","og_image":[{"width":800,"height":445,"url":"http:\/\/www.pm.pb.gov.br\/portal\/wp-content\/uploads\/2025\/04\/WhatsApp-Image-2025-04-28-at-17.45.01-1.jpeg","type":"image\/jpeg"}],"author":"Tarcisio Oliveira","twitter_card":"summary_large_image","twitter_misc":{"Escrito por":"Tarcisio Oliveira","Est. tempo de leitura":"2 minutos"},"schema":{"@context":"https:\/\/schema.org","@graph":[{"@type":"Article","@id":"https:\/\/www.pm.pb.gov.br\/portal\/2025\/04\/30\/na-pb-treze-armas-de-fogo-ja-foram-apreendidas-pela-pm-nesta-semana\/#article","isPartOf":{"@id":"https:\/\/www.pm.pb.gov.br\/portal\/2025\/04\/30\/na-pb-treze-armas-de-fogo-ja-foram-apreendidas-pela-pm-nesta-semana\/"},"author":{"name":"Tarcisio Oliveira","@id":"https:\/\/www.pm.pb.gov.br\/portal\/#\/schema\/person\/f84f56dcc78ce4357054da888b8247fd"},"headline":"NA PB: Treze armas de fogo j\u00e1 foram apreendidas pela PM nesta semana","datePublished":"2025-04-30T13:31:53+00:00","dateModified":"2025-04-30T13:31:56+00:00","mainEntityOfPage":{"@id":"https:\/\/www.pm.pb.gov.br\/portal\/2025\/04\/30\/na-pb-treze-armas-de-fogo-ja-foram-apreendidas-pela-pm-nesta-semana\/"},"wordCount":195,"publisher":{"@id":"https:\/\/www.pm.pb.gov.br\/portal\/#organization"},"articleSection":["A\u00e7\u00f5es Policiais"],"inLanguage":"pt-BR"},{"@type":"WebPage","@id":"https:\/\/www.pm.pb.gov.br\/portal\/2025\/04\/30\/na-pb-treze-armas-de-fogo-ja-foram-apreendidas-pela-pm-nesta-semana\/","url":"https:\/\/www.pm.pb.gov.br\/portal\/2025\/04\/30\/na-pb-treze-armas-de-fogo-ja-foram-apreendidas-pela-pm-nesta-semana\/","name":"NA PB: Treze armas de fogo j\u00e1 foram apreendidas pela PM nesta semana - Pol\u00edcia Militar da Para\u00edba","isPartOf":{"@id":"https:\/\/www.pm.pb.gov.br\/portal\/#website"},"datePublished":"2025-04-30T13:31:53+00:00","dateModified":"2025-04-30T13:31:56+00:00","description":"Entre elas est\u00e3o pistolas (3), rev\u00f3lveres (5) e espingardas (5), usadas para assaltos, crimes contra a vida, tr\u00e1fico, porte e posse ilegal.","breadcrumb":{"@id":"https:\/\/www.pm.pb.gov.br\/portal\/2025\/04\/30\/na-pb-treze-armas-de-fogo-ja-foram-apreendidas-pela-pm-nesta-semana\/#breadcrumb"},"inLanguage":"pt-BR","potentialAction":[{"@type":"ReadAction","target":["https:\/\/www.pm.pb.gov.br\/portal\/2025\/04\/30\/na-pb-treze-armas-de-fogo-ja-foram-apreendidas-pela-pm-nesta-semana\/"]}]},{"@type":"BreadcrumbList","@id":"https:\/\/www.pm.pb.gov.br\/portal\/2025\/04\/30\/na-pb-treze-armas-de-fogo-ja-foram-apreendidas-pela-pm-nesta-semana\/#breadcrumb","itemListElement":[{"@type":"ListItem","position":1,"name":"In\u00edcio","item":"https:\/\/www.pm.pb.gov.br\/portal\/"},{"@type":"ListItem","position":2,"name":"NA PB: Treze armas de fogo j\u00e1 foram apreendidas pela PM nesta semana"}]},{"@type":"WebSite","@id":"https:\/\/www.pm.pb.gov.br\/portal\/#website","url":"https:\/\/www.pm.pb.gov.br\/portal\/","name":"Pol\u00edcia Militar da Para\u00edba","description":"","publisher":{"@id":"https:\/\/www.pm.pb.gov.br\/portal\/#organization"},"potentialAction":[{"@type":"SearchAction","target":{"@type":"EntryPoint","urlTemplate":"https:\/\/www.pm.pb.gov.br\/portal\/?s={search_term_string}"},"query-input":"required name=search_term_string"}],"inLanguage":"pt-BR"},{"@type":"Organization","@id":"https:\/\/www.pm.pb.gov.br\/portal\/#organization","name":"Pol\u00edcia Militar da Para\u00edba","url":"https:\/\/www.pm.pb.gov.br\/portal\/","logo":{"@type":"ImageObject","inLanguage":"pt-BR","@id":"https:\/\/www.pm.pb.gov.br\/portal\/#\/schema\/logo\/image\/","url":"https:\/\/www.pm.pb.gov.br\/portal\/wp-content\/uploads\/2025\/03\/cropped-logo-site-mag2-1.png","contentUrl":"https:\/\/www.pm.pb.gov.br\/portal\/wp-content\/uploads\/2025\/03\/cropped-logo-site-mag2-1.png","width":320,"height":90,"caption":"Pol\u00edcia Militar da Para\u00edba"},"image":{"@id":"https:\/\/www.pm.pb.gov.br\/portal\/#\/schema\/logo\/image\/"}},{"@type":"Person","@id":"https:\/\/www.pm.pb.gov.br\/portal\/#\/schema\/person\/f84f56dcc78ce4357054da888b8247fd","name":"Tarcisio Oliveira","image":{"@type":"ImageObject","inLanguage":"pt-BR","@id":"https:\/\/www.pm.pb.gov.br\/portal\/#\/schema\/person\/image\/","url":"https:\/\/secure.gravatar.com\/avatar\/72917b630b69d31cd0297507f34bac97?s=96&d=mm&r=g","contentUrl":"https:\/\/secure.gravatar.com\/avatar\/72917b630b69d31cd0297507f34bac97?s=96&d=mm&r=g","caption":"Tarcisio Oliveira"},"url":"https:\/\/www.pm.pb.gov.br\/portal\/author\/tarcisio\/"}]}},"_links":{"self":[{"href":"https:\/\/www.pm.pb.gov.br\/portal\/wp-json\/wp\/v2\/posts\/926530"}],"collection":[{"href":"https:\/\/www.pm.pb.gov.br\/portal\/wp-json\/wp\/v2\/posts"}],"about":[{"href":"https:\/\/www.pm.pb.gov.br\/portal\/wp-json\/wp\/v2\/types\/post"}],"author":[{"embeddable":true,"href":"https:\/\/www.pm.pb.gov.br\/portal\/wp-json\/wp\/v2\/users\/12"}],"replies":[{"embeddable":true,"href":"https:\/\/www.pm.pb.gov.br\/portal\/wp-json\/wp\/v2\/comments?post=926530"}],"version-history":[{"count":1,"href":"https:\/\/www.pm.pb.gov.br\/portal\/wp-json\/wp\/v2\/posts\/926530\/revisions"}],"predecessor-version":[{"id":926532,"href":"https:\/\/www.pm.pb.gov.br\/portal\/wp-json\/wp\/v2\/posts\/926530\/revisions\/926532"}],"wp:featuredmedia":[{"embeddable":true,"href":"https:\/\/www.pm.pb.gov.br\/portal\/wp-json\/wp\/v2\/media\/926531"}],"wp:attachment":[{"href":"https:\/\/www.pm.pb.gov.br\/portal\/wp-json\/wp\/v2\/media?parent=926530"}],"wp:term":[{"taxonomy":"category","embeddable":true,"href":"https:\/\/www.pm.pb.gov.br\/portal\/wp-json\/wp\/v2\/categories?post=926530"},{"taxonomy":"post_tag","embeddable":true,"href":"https:\/\/www.pm.pb.gov.br\/portal\/wp-json\/wp\/v2\/tags?post=926530"}],"curies":[{"name":"wp","href":"https:\/\/api.w.org\/{rel}","templated":true}]}}