{"id":926527,"date":"2025-05-01T08:33:22","date_gmt":"2025-05-01T11:33:22","guid":{"rendered":"https:\/\/www.pm.pb.gov.br\/portal\/?p=926527"},"modified":"2025-05-01T08:33:25","modified_gmt":"2025-05-01T11:33:25","slug":"na-capital-arma-e-drogas-sao-apreendidas-durante-incursao-no-bairro-dos-bancarios","status":"publish","type":"post","link":"https:\/\/www.pm.pb.gov.br\/portal\/2025\/05\/01\/na-capital-arma-e-drogas-sao-apreendidas-durante-incursao-no-bairro-dos-bancarios\/","title":{"rendered":"Na Capital: Arma e drogas s\u00e3o apreendidas durante incurs\u00e3o no bairro dos Banc\u00e1rios"},"content":{"rendered":"\n<p>A Pol\u00edcia Militar apreendeu uma espingarda, um simulacro, drogas e duas alian\u00e7as que possivelmente s\u00e3o roubadas, na noite dessa quarta-feira (30), durante incurs\u00e3o realizada na comunidade do Timb\u00f3, que fica no bairro dos Banc\u00e1rios, zona sul de Jo\u00e3o Pessoa. O material estava em uma casa abandonada, que ficava em um beco.<br><br>Os policias do Regimento de Opera\u00e7\u00f5es T\u00e1ticas com Apoio de Motocicletas (ROTAM) refor\u00e7avam as rondas na regi\u00e3o, como parte da Opera\u00e7\u00e3o Trabalho, quando perceberam que um suspeito fugiu em dire\u00e7\u00e3o ao beco. Na incurs\u00e3o policial, o material foi localizado e apreendido. O suspeito segue sendo procurado.<br><br>A ocorr\u00eancia foi registrada na Cidade da Pol\u00edcia Civil, no Geisel. <\/p>\n\n\n\n<p><img loading=\"lazy\" decoding=\"async\" width=\"1200\" height=\"1600\" class=\"wp-image-926539\" style=\"width: 800px;\" src=\"http:\/\/www.pm.pb.gov.br\/portal\/wp-content\/uploads\/2025\/05\/WhatsApp-Image-2025-05-01-at-12.16.31-AM-1.jpeg\" alt=\"\" srcset=\"https:\/\/www.pm.pb.gov.br\/portal\/wp-content\/uploads\/2025\/05\/WhatsApp-Image-2025-05-01-at-12.16.31-AM-1.jpeg 1200w, https:\/\/www.pm.pb.gov.br\/portal\/wp-content\/uploads\/2025\/05\/WhatsApp-Image-2025-05-01-at-12.16.31-AM-1-334x445.jpeg 334w, https:\/\/www.pm.pb.gov.br\/portal\/wp-content\/uploads\/2025\/05\/WhatsApp-Image-2025-05-01-at-12.16.31-AM-1-428x570.jpeg 428w, https:\/\/www.pm.pb.gov.br\/portal\/wp-content\/uploads\/2025\/05\/WhatsApp-Image-2025-05-01-at-12.16.31-AM-1-768x1024.jpeg 768w, https:\/\/www.pm.pb.gov.br\/portal\/wp-content\/uploads\/2025\/05\/WhatsApp-Image-2025-05-01-at-12.16.31-AM-1-1152x1536.jpeg 1152w\" sizes=\"(max-width: 1200px) 100vw, 1200px\" \/><br><\/p>\n","protected":false},"excerpt":{"rendered":"<p>A Pol\u00edcia Militar apreendeu uma espingarda, um simulacro, drogas e duas alian\u00e7as que possivelmente s\u00e3o roubadas, na noite dessa quarta-feira<\/p>\n","protected":false},"author":18,"featured_media":926538,"comment_status":"closed","ping_status":"closed","sticky":false,"template":"","format":"standard","meta":{"_exactmetrics_skip_tracking":false,"_exactmetrics_sitenote_active":false,"_exactmetrics_sitenote_note":"","_exactmetrics_sitenote_category":0,"footnotes":""},"categories":[4],"tags":[],"yoast_head":"<!-- This site is optimized with the Yoast SEO plugin v22.0 - https:\/\/yoast.com\/wordpress\/plugins\/seo\/ -->\n<title>Na Capital: Arma e drogas s\u00e3o apreendidas durante incurs\u00e3o no bairro dos Banc\u00e1rios - Pol\u00edcia Militar da Para\u00edba<\/title>\n<meta name=\"robots\" content=\"index, follow, max-snippet:-1, max-image-preview:large, max-video-preview:-1\" \/>\n<link rel=\"canonical\" href=\"https:\/\/www.pm.pb.gov.br\/portal\/2025\/05\/01\/na-capital-arma-e-drogas-sao-apreendidas-durante-incursao-no-bairro-dos-bancarios\/\" \/>\n<meta property=\"og:locale\" content=\"pt_BR\" \/>\n<meta property=\"og:type\" content=\"article\" \/>\n<meta property=\"og:title\" content=\"Na Capital: Arma e drogas s\u00e3o apreendidas durante incurs\u00e3o no bairro dos Banc\u00e1rios - Pol\u00edcia Militar da Para\u00edba\" \/>\n<meta property=\"og:description\" content=\"A Pol\u00edcia Militar apreendeu uma espingarda, um simulacro, drogas e duas alian\u00e7as que possivelmente s\u00e3o roubadas, na noite dessa quarta-feira\" \/>\n<meta property=\"og:url\" content=\"https:\/\/www.pm.pb.gov.br\/portal\/2025\/05\/01\/na-capital-arma-e-drogas-sao-apreendidas-durante-incursao-no-bairro-dos-bancarios\/\" \/>\n<meta property=\"og:site_name\" content=\"Pol\u00edcia Militar da Para\u00edba\" \/>\n<meta property=\"article:published_time\" content=\"2025-05-01T11:33:22+00:00\" \/>\n<meta property=\"article:modified_time\" content=\"2025-05-01T11:33:25+00:00\" \/>\n<meta property=\"og:image\" content=\"http:\/\/www.pm.pb.gov.br\/portal\/wp-content\/uploads\/2025\/05\/WhatsApp-Image-2025-05-01-at-12.16.31-AM.jpeg\" \/>\n\t<meta property=\"og:image:width\" content=\"1200\" \/>\n\t<meta property=\"og:image:height\" content=\"1600\" \/>\n\t<meta property=\"og:image:type\" content=\"image\/jpeg\" \/>\n<meta name=\"author\" content=\"Luiz Duarte\" \/>\n<meta name=\"twitter:card\" content=\"summary_large_image\" \/>\n<meta name=\"twitter:label1\" content=\"Escrito por\" \/>\n\t<meta name=\"twitter:data1\" content=\"Luiz Duarte\" \/>\n\t<meta name=\"twitter:label2\" content=\"Est. tempo de leitura\" \/>\n\t<meta name=\"twitter:data2\" content=\"1 minuto\" \/>\n<script type=\"application\/ld+json\" class=\"yoast-schema-graph\">{\"@context\":\"https:\/\/schema.org\",\"@graph\":[{\"@type\":\"Article\",\"@id\":\"https:\/\/www.pm.pb.gov.br\/portal\/2025\/05\/01\/na-capital-arma-e-drogas-sao-apreendidas-durante-incursao-no-bairro-dos-bancarios\/#article\",\"isPartOf\":{\"@id\":\"https:\/\/www.pm.pb.gov.br\/portal\/2025\/05\/01\/na-capital-arma-e-drogas-sao-apreendidas-durante-incursao-no-bairro-dos-bancarios\/\"},\"author\":{\"name\":\"Luiz Duarte\",\"@id\":\"https:\/\/www.pm.pb.gov.br\/portal\/#\/schema\/person\/89dd009e2523c97adf8def1d6cf90ca1\"},\"headline\":\"Na Capital: Arma e drogas s\u00e3o apreendidas durante incurs\u00e3o no bairro dos Banc\u00e1rios\",\"datePublished\":\"2025-05-01T11:33:22+00:00\",\"dateModified\":\"2025-05-01T11:33:25+00:00\",\"mainEntityOfPage\":{\"@id\":\"https:\/\/www.pm.pb.gov.br\/portal\/2025\/05\/01\/na-capital-arma-e-drogas-sao-apreendidas-durante-incursao-no-bairro-dos-bancarios\/\"},\"wordCount\":138,\"publisher\":{\"@id\":\"https:\/\/www.pm.pb.gov.br\/portal\/#organization\"},\"articleSection\":[\"A\u00e7\u00f5es Policiais\"],\"inLanguage\":\"pt-BR\"},{\"@type\":\"WebPage\",\"@id\":\"https:\/\/www.pm.pb.gov.br\/portal\/2025\/05\/01\/na-capital-arma-e-drogas-sao-apreendidas-durante-incursao-no-bairro-dos-bancarios\/\",\"url\":\"https:\/\/www.pm.pb.gov.br\/portal\/2025\/05\/01\/na-capital-arma-e-drogas-sao-apreendidas-durante-incursao-no-bairro-dos-bancarios\/\",\"name\":\"Na Capital: Arma e drogas s\u00e3o apreendidas durante incurs\u00e3o no bairro dos Banc\u00e1rios - Pol\u00edcia Militar da Para\u00edba\",\"isPartOf\":{\"@id\":\"https:\/\/www.pm.pb.gov.br\/portal\/#website\"},\"datePublished\":\"2025-05-01T11:33:22+00:00\",\"dateModified\":\"2025-05-01T11:33:25+00:00\",\"breadcrumb\":{\"@id\":\"https:\/\/www.pm.pb.gov.br\/portal\/2025\/05\/01\/na-capital-arma-e-drogas-sao-apreendidas-durante-incursao-no-bairro-dos-bancarios\/#breadcrumb\"},\"inLanguage\":\"pt-BR\",\"potentialAction\":[{\"@type\":\"ReadAction\",\"target\":[\"https:\/\/www.pm.pb.gov.br\/portal\/2025\/05\/01\/na-capital-arma-e-drogas-sao-apreendidas-durante-incursao-no-bairro-dos-bancarios\/\"]}]},{\"@type\":\"BreadcrumbList\",\"@id\":\"https:\/\/www.pm.pb.gov.br\/portal\/2025\/05\/01\/na-capital-arma-e-drogas-sao-apreendidas-durante-incursao-no-bairro-dos-bancarios\/#breadcrumb\",\"itemListElement\":[{\"@type\":\"ListItem\",\"position\":1,\"name\":\"In\u00edcio\",\"item\":\"https:\/\/www.pm.pb.gov.br\/portal\/\"},{\"@type\":\"ListItem\",\"position\":2,\"name\":\"Na Capital: Arma e drogas s\u00e3o apreendidas durante incurs\u00e3o no bairro dos Banc\u00e1rios\"}]},{\"@type\":\"WebSite\",\"@id\":\"https:\/\/www.pm.pb.gov.br\/portal\/#website\",\"url\":\"https:\/\/www.pm.pb.gov.br\/portal\/\",\"name\":\"Pol\u00edcia Militar da Para\u00edba\",\"description\":\"\",\"publisher\":{\"@id\":\"https:\/\/www.pm.pb.gov.br\/portal\/#organization\"},\"potentialAction\":[{\"@type\":\"SearchAction\",\"target\":{\"@type\":\"EntryPoint\",\"urlTemplate\":\"https:\/\/www.pm.pb.gov.br\/portal\/?s={search_term_string}\"},\"query-input\":\"required name=search_term_string\"}],\"inLanguage\":\"pt-BR\"},{\"@type\":\"Organization\",\"@id\":\"https:\/\/www.pm.pb.gov.br\/portal\/#organization\",\"name\":\"Pol\u00edcia Militar da Para\u00edba\",\"url\":\"https:\/\/www.pm.pb.gov.br\/portal\/\",\"logo\":{\"@type\":\"ImageObject\",\"inLanguage\":\"pt-BR\",\"@id\":\"https:\/\/www.pm.pb.gov.br\/portal\/#\/schema\/logo\/image\/\",\"url\":\"https:\/\/www.pm.pb.gov.br\/portal\/wp-content\/uploads\/2025\/03\/cropped-logo-site-mag2-1.png\",\"contentUrl\":\"https:\/\/www.pm.pb.gov.br\/portal\/wp-content\/uploads\/2025\/03\/cropped-logo-site-mag2-1.png\",\"width\":320,\"height\":90,\"caption\":\"Pol\u00edcia Militar da Para\u00edba\"},\"image\":{\"@id\":\"https:\/\/www.pm.pb.gov.br\/portal\/#\/schema\/logo\/image\/\"}},{\"@type\":\"Person\",\"@id\":\"https:\/\/www.pm.pb.gov.br\/portal\/#\/schema\/person\/89dd009e2523c97adf8def1d6cf90ca1\",\"name\":\"Luiz Duarte\",\"image\":{\"@type\":\"ImageObject\",\"inLanguage\":\"pt-BR\",\"@id\":\"https:\/\/www.pm.pb.gov.br\/portal\/#\/schema\/person\/image\/\",\"url\":\"https:\/\/secure.gravatar.com\/avatar\/ce5539b97246ef4d24dd039a3f64145b?s=96&d=mm&r=g\",\"contentUrl\":\"https:\/\/secure.gravatar.com\/avatar\/ce5539b97246ef4d24dd039a3f64145b?s=96&d=mm&r=g\",\"caption\":\"Luiz Duarte\"},\"url\":\"https:\/\/www.pm.pb.gov.br\/portal\/author\/luiz\/\"}]}<\/script>\n<!-- \/ Yoast SEO plugin. -->","yoast_head_json":{"title":"Na Capital: Arma e drogas s\u00e3o apreendidas durante incurs\u00e3o no bairro dos Banc\u00e1rios - Pol\u00edcia Militar da Para\u00edba","robots":{"index":"index","follow":"follow","max-snippet":"max-snippet:-1","max-image-preview":"max-image-preview:large","max-video-preview":"max-video-preview:-1"},"canonical":"https:\/\/www.pm.pb.gov.br\/portal\/2025\/05\/01\/na-capital-arma-e-drogas-sao-apreendidas-durante-incursao-no-bairro-dos-bancarios\/","og_locale":"pt_BR","og_type":"article","og_title":"Na Capital: Arma e drogas s\u00e3o apreendidas durante incurs\u00e3o no bairro dos Banc\u00e1rios - Pol\u00edcia Militar da Para\u00edba","og_description":"A Pol\u00edcia Militar apreendeu uma espingarda, um simulacro, drogas e duas alian\u00e7as que possivelmente s\u00e3o roubadas, na noite dessa quarta-feira","og_url":"https:\/\/www.pm.pb.gov.br\/portal\/2025\/05\/01\/na-capital-arma-e-drogas-sao-apreendidas-durante-incursao-no-bairro-dos-bancarios\/","og_site_name":"Pol\u00edcia Militar da Para\u00edba","article_published_time":"2025-05-01T11:33:22+00:00","article_modified_time":"2025-05-01T11:33:25+00:00","og_image":[{"width":1200,"height":1600,"url":"http:\/\/www.pm.pb.gov.br\/portal\/wp-content\/uploads\/2025\/05\/WhatsApp-Image-2025-05-01-at-12.16.31-AM.jpeg","type":"image\/jpeg"}],"author":"Luiz Duarte","twitter_card":"summary_large_image","twitter_misc":{"Escrito por":"Luiz Duarte","Est. tempo de leitura":"1 minuto"},"schema":{"@context":"https:\/\/schema.org","@graph":[{"@type":"Article","@id":"https:\/\/www.pm.pb.gov.br\/portal\/2025\/05\/01\/na-capital-arma-e-drogas-sao-apreendidas-durante-incursao-no-bairro-dos-bancarios\/#article","isPartOf":{"@id":"https:\/\/www.pm.pb.gov.br\/portal\/2025\/05\/01\/na-capital-arma-e-drogas-sao-apreendidas-durante-incursao-no-bairro-dos-bancarios\/"},"author":{"name":"Luiz Duarte","@id":"https:\/\/www.pm.pb.gov.br\/portal\/#\/schema\/person\/89dd009e2523c97adf8def1d6cf90ca1"},"headline":"Na Capital: Arma e drogas s\u00e3o apreendidas durante incurs\u00e3o no bairro dos Banc\u00e1rios","datePublished":"2025-05-01T11:33:22+00:00","dateModified":"2025-05-01T11:33:25+00:00","mainEntityOfPage":{"@id":"https:\/\/www.pm.pb.gov.br\/portal\/2025\/05\/01\/na-capital-arma-e-drogas-sao-apreendidas-durante-incursao-no-bairro-dos-bancarios\/"},"wordCount":138,"publisher":{"@id":"https:\/\/www.pm.pb.gov.br\/portal\/#organization"},"articleSection":["A\u00e7\u00f5es Policiais"],"inLanguage":"pt-BR"},{"@type":"WebPage","@id":"https:\/\/www.pm.pb.gov.br\/portal\/2025\/05\/01\/na-capital-arma-e-drogas-sao-apreendidas-durante-incursao-no-bairro-dos-bancarios\/","url":"https:\/\/www.pm.pb.gov.br\/portal\/2025\/05\/01\/na-capital-arma-e-drogas-sao-apreendidas-durante-incursao-no-bairro-dos-bancarios\/","name":"Na Capital: Arma e drogas s\u00e3o apreendidas durante incurs\u00e3o no bairro dos Banc\u00e1rios - Pol\u00edcia Militar da Para\u00edba","isPartOf":{"@id":"https:\/\/www.pm.pb.gov.br\/portal\/#website"},"datePublished":"2025-05-01T11:33:22+00:00","dateModified":"2025-05-01T11:33:25+00:00","breadcrumb":{"@id":"https:\/\/www.pm.pb.gov.br\/portal\/2025\/05\/01\/na-capital-arma-e-drogas-sao-apreendidas-durante-incursao-no-bairro-dos-bancarios\/#breadcrumb"},"inLanguage":"pt-BR","potentialAction":[{"@type":"ReadAction","target":["https:\/\/www.pm.pb.gov.br\/portal\/2025\/05\/01\/na-capital-arma-e-drogas-sao-apreendidas-durante-incursao-no-bairro-dos-bancarios\/"]}]},{"@type":"BreadcrumbList","@id":"https:\/\/www.pm.pb.gov.br\/portal\/2025\/05\/01\/na-capital-arma-e-drogas-sao-apreendidas-durante-incursao-no-bairro-dos-bancarios\/#breadcrumb","itemListElement":[{"@type":"ListItem","position":1,"name":"In\u00edcio","item":"https:\/\/www.pm.pb.gov.br\/portal\/"},{"@type":"ListItem","position":2,"name":"Na Capital: Arma e drogas s\u00e3o apreendidas durante incurs\u00e3o no bairro dos Banc\u00e1rios"}]},{"@type":"WebSite","@id":"https:\/\/www.pm.pb.gov.br\/portal\/#website","url":"https:\/\/www.pm.pb.gov.br\/portal\/","name":"Pol\u00edcia Militar da Para\u00edba","description":"","publisher":{"@id":"https:\/\/www.pm.pb.gov.br\/portal\/#organization"},"potentialAction":[{"@type":"SearchAction","target":{"@type":"EntryPoint","urlTemplate":"https:\/\/www.pm.pb.gov.br\/portal\/?s={search_term_string}"},"query-input":"required name=search_term_string"}],"inLanguage":"pt-BR"},{"@type":"Organization","@id":"https:\/\/www.pm.pb.gov.br\/portal\/#organization","name":"Pol\u00edcia Militar da Para\u00edba","url":"https:\/\/www.pm.pb.gov.br\/portal\/","logo":{"@type":"ImageObject","inLanguage":"pt-BR","@id":"https:\/\/www.pm.pb.gov.br\/portal\/#\/schema\/logo\/image\/","url":"https:\/\/www.pm.pb.gov.br\/portal\/wp-content\/uploads\/2025\/03\/cropped-logo-site-mag2-1.png","contentUrl":"https:\/\/www.pm.pb.gov.br\/portal\/wp-content\/uploads\/2025\/03\/cropped-logo-site-mag2-1.png","width":320,"height":90,"caption":"Pol\u00edcia Militar da Para\u00edba"},"image":{"@id":"https:\/\/www.pm.pb.gov.br\/portal\/#\/schema\/logo\/image\/"}},{"@type":"Person","@id":"https:\/\/www.pm.pb.gov.br\/portal\/#\/schema\/person\/89dd009e2523c97adf8def1d6cf90ca1","name":"Luiz Duarte","image":{"@type":"ImageObject","inLanguage":"pt-BR","@id":"https:\/\/www.pm.pb.gov.br\/portal\/#\/schema\/person\/image\/","url":"https:\/\/secure.gravatar.com\/avatar\/ce5539b97246ef4d24dd039a3f64145b?s=96&d=mm&r=g","contentUrl":"https:\/\/secure.gravatar.com\/avatar\/ce5539b97246ef4d24dd039a3f64145b?s=96&d=mm&r=g","caption":"Luiz Duarte"},"url":"https:\/\/www.pm.pb.gov.br\/portal\/author\/luiz\/"}]}},"_links":{"self":[{"href":"https:\/\/www.pm.pb.gov.br\/portal\/wp-json\/wp\/v2\/posts\/926527"}],"collection":[{"href":"https:\/\/www.pm.pb.gov.br\/portal\/wp-json\/wp\/v2\/posts"}],"about":[{"href":"https:\/\/www.pm.pb.gov.br\/portal\/wp-json\/wp\/v2\/types\/post"}],"author":[{"embeddable":true,"href":"https:\/\/www.pm.pb.gov.br\/portal\/wp-json\/wp\/v2\/users\/18"}],"replies":[{"embeddable":true,"href":"https:\/\/www.pm.pb.gov.br\/portal\/wp-json\/wp\/v2\/comments?post=926527"}],"version-history":[{"count":3,"href":"https:\/\/www.pm.pb.gov.br\/portal\/wp-json\/wp\/v2\/posts\/926527\/revisions"}],"predecessor-version":[{"id":926541,"href":"https:\/\/www.pm.pb.gov.br\/portal\/wp-json\/wp\/v2\/posts\/926527\/revisions\/926541"}],"wp:featuredmedia":[{"embeddable":true,"href":"https:\/\/www.pm.pb.gov.br\/portal\/wp-json\/wp\/v2\/media\/926538"}],"wp:attachment":[{"href":"https:\/\/www.pm.pb.gov.br\/portal\/wp-json\/wp\/v2\/media?parent=926527"}],"wp:term":[{"taxonomy":"category","embeddable":true,"href":"https:\/\/www.pm.pb.gov.br\/portal\/wp-json\/wp\/v2\/categories?post=926527"},{"taxonomy":"post_tag","embeddable":true,"href":"https:\/\/www.pm.pb.gov.br\/portal\/wp-json\/wp\/v2\/tags?post=926527"}],"curies":[{"name":"wp","href":"https:\/\/api.w.org\/{rel}","templated":true}]}}