{"id":926363,"date":"2025-04-14T11:17:07","date_gmt":"2025-04-14T14:17:07","guid":{"rendered":"https:\/\/www.pm.pb.gov.br\/portal\/?p=926363"},"modified":"2025-04-14T11:17:11","modified_gmt":"2025-04-14T14:17:11","slug":"procurado-da-justica-por-roubo-e-preso-com-duas-armas-de-fogo-em-operacao-na-cidade-de-bayeux","status":"publish","type":"post","link":"https:\/\/www.pm.pb.gov.br\/portal\/2025\/04\/14\/procurado-da-justica-por-roubo-e-preso-com-duas-armas-de-fogo-em-operacao-na-cidade-de-bayeux\/","title":{"rendered":"Procurado da justi\u00e7a por roubo \u00e9 preso com duas armas de fogo em opera\u00e7\u00e3o na cidade de Bayeux"},"content":{"rendered":"\n<p>Um homem que estava sendo procurado pela justi\u00e7a para cumprir uma pena de mais de 16 anos de pris\u00e3o por roubo foi localizado, na noite desse domingo (13), durante uma Opera\u00e7\u00e3o da Pol\u00edcia Militar na cidade de Bayeux. Com o acusado, foram apreendidas duas armas de fogo, por\u00e7\u00f5es de coca\u00edna, material para embalar drogas e duas c\u00e2meras de vigil\u00e2ncia.<\/p>\n<p>A pris\u00e3o foi realizada pelos policiais da For\u00e7a T\u00e1tica da 4\u00aa Companhia Independente da PM (4\u00aa CIPM), que realizavam a Opera\u00e7\u00e3o Paradigma para refor\u00e7ar a seguran\u00e7a no bairro do Sesi. Ao entrarem na rua Santa Teresa, as equipes da PM perceberam quando o acusado tentou fugir para dentro de uma vila e renderam o suspeito. Ele estava com uma pistola e drogas. Na casa onde ele tentou entrar para fugir, foi localizado um rev\u00f3lver, bem como c\u00e2meras de vigil\u00e2ncia. Ap\u00f3s ser identificado, os policiais constataram que ele estava com um mandado pris\u00e3o em aberto, expedido pela Vara de Execu\u00e7\u00e3o Penal de Jo\u00e3o Pessoa.<\/p>\n<p>O caso foi levado para a 6\u00aa Delegacia Distrital, em Santa Rita.<\/p>\n\n\n","protected":false},"excerpt":{"rendered":"<p>Um homem que estava sendo procurado pela justi\u00e7a para cumprir uma pena de mais de 16 anos de pris\u00e3o por<\/p>\n","protected":false},"author":5,"featured_media":926364,"comment_status":"closed","ping_status":"closed","sticky":false,"template":"","format":"standard","meta":{"_exactmetrics_skip_tracking":false,"_exactmetrics_sitenote_active":false,"_exactmetrics_sitenote_note":"","_exactmetrics_sitenote_category":0,"footnotes":""},"categories":[4],"tags":[],"yoast_head":"<!-- This site is optimized with the Yoast SEO plugin v22.0 - https:\/\/yoast.com\/wordpress\/plugins\/seo\/ -->\n<title>Procurado da justi\u00e7a por roubo \u00e9 preso com duas armas de fogo em opera\u00e7\u00e3o na cidade de Bayeux - Pol\u00edcia Militar da Para\u00edba<\/title>\n<meta name=\"robots\" content=\"index, follow, max-snippet:-1, max-image-preview:large, max-video-preview:-1\" \/>\n<link rel=\"canonical\" href=\"https:\/\/www.pm.pb.gov.br\/portal\/2025\/04\/14\/procurado-da-justica-por-roubo-e-preso-com-duas-armas-de-fogo-em-operacao-na-cidade-de-bayeux\/\" \/>\n<meta property=\"og:locale\" content=\"pt_BR\" \/>\n<meta property=\"og:type\" content=\"article\" \/>\n<meta property=\"og:title\" content=\"Procurado da justi\u00e7a por roubo \u00e9 preso com duas armas de fogo em opera\u00e7\u00e3o na cidade de Bayeux - Pol\u00edcia Militar da Para\u00edba\" \/>\n<meta property=\"og:description\" content=\"Um homem que estava sendo procurado pela justi\u00e7a para cumprir uma pena de mais de 16 anos de pris\u00e3o por\" \/>\n<meta property=\"og:url\" content=\"https:\/\/www.pm.pb.gov.br\/portal\/2025\/04\/14\/procurado-da-justica-por-roubo-e-preso-com-duas-armas-de-fogo-em-operacao-na-cidade-de-bayeux\/\" \/>\n<meta property=\"og:site_name\" content=\"Pol\u00edcia Militar da Para\u00edba\" \/>\n<meta property=\"article:published_time\" content=\"2025-04-14T14:17:07+00:00\" \/>\n<meta property=\"article:modified_time\" content=\"2025-04-14T14:17:11+00:00\" \/>\n<meta property=\"og:image\" content=\"http:\/\/www.pm.pb.gov.br\/portal\/wp-content\/uploads\/2025\/04\/byx.jpeg\" \/>\n\t<meta property=\"og:image:width\" content=\"960\" \/>\n\t<meta property=\"og:image:height\" content=\"712\" \/>\n\t<meta property=\"og:image:type\" content=\"image\/jpeg\" \/>\n<meta name=\"author\" content=\"Assessoria de Imprensa da PMPB\" \/>\n<meta name=\"twitter:card\" content=\"summary_large_image\" \/>\n<meta name=\"twitter:label1\" content=\"Escrito por\" \/>\n\t<meta name=\"twitter:data1\" content=\"Assessoria de Imprensa da PMPB\" \/>\n\t<meta name=\"twitter:label2\" content=\"Est. tempo de leitura\" \/>\n\t<meta name=\"twitter:data2\" content=\"2 minutos\" \/>\n<script type=\"application\/ld+json\" class=\"yoast-schema-graph\">{\"@context\":\"https:\/\/schema.org\",\"@graph\":[{\"@type\":\"Article\",\"@id\":\"https:\/\/www.pm.pb.gov.br\/portal\/2025\/04\/14\/procurado-da-justica-por-roubo-e-preso-com-duas-armas-de-fogo-em-operacao-na-cidade-de-bayeux\/#article\",\"isPartOf\":{\"@id\":\"https:\/\/www.pm.pb.gov.br\/portal\/2025\/04\/14\/procurado-da-justica-por-roubo-e-preso-com-duas-armas-de-fogo-em-operacao-na-cidade-de-bayeux\/\"},\"author\":{\"name\":\"Assessoria de Imprensa da PMPB\",\"@id\":\"https:\/\/www.pm.pb.gov.br\/portal\/#\/schema\/person\/e8454f46651c3ecf0e1ba3c1666d9947\"},\"headline\":\"Procurado da justi\u00e7a por roubo \u00e9 preso com duas armas de fogo em opera\u00e7\u00e3o na cidade de Bayeux\",\"datePublished\":\"2025-04-14T14:17:07+00:00\",\"dateModified\":\"2025-04-14T14:17:11+00:00\",\"mainEntityOfPage\":{\"@id\":\"https:\/\/www.pm.pb.gov.br\/portal\/2025\/04\/14\/procurado-da-justica-por-roubo-e-preso-com-duas-armas-de-fogo-em-operacao-na-cidade-de-bayeux\/\"},\"wordCount\":209,\"publisher\":{\"@id\":\"https:\/\/www.pm.pb.gov.br\/portal\/#organization\"},\"articleSection\":[\"A\u00e7\u00f5es Policiais\"],\"inLanguage\":\"pt-BR\"},{\"@type\":\"WebPage\",\"@id\":\"https:\/\/www.pm.pb.gov.br\/portal\/2025\/04\/14\/procurado-da-justica-por-roubo-e-preso-com-duas-armas-de-fogo-em-operacao-na-cidade-de-bayeux\/\",\"url\":\"https:\/\/www.pm.pb.gov.br\/portal\/2025\/04\/14\/procurado-da-justica-por-roubo-e-preso-com-duas-armas-de-fogo-em-operacao-na-cidade-de-bayeux\/\",\"name\":\"Procurado da justi\u00e7a por roubo \u00e9 preso com duas armas de fogo em opera\u00e7\u00e3o na cidade de Bayeux - Pol\u00edcia Militar da Para\u00edba\",\"isPartOf\":{\"@id\":\"https:\/\/www.pm.pb.gov.br\/portal\/#website\"},\"datePublished\":\"2025-04-14T14:17:07+00:00\",\"dateModified\":\"2025-04-14T14:17:11+00:00\",\"breadcrumb\":{\"@id\":\"https:\/\/www.pm.pb.gov.br\/portal\/2025\/04\/14\/procurado-da-justica-por-roubo-e-preso-com-duas-armas-de-fogo-em-operacao-na-cidade-de-bayeux\/#breadcrumb\"},\"inLanguage\":\"pt-BR\",\"potentialAction\":[{\"@type\":\"ReadAction\",\"target\":[\"https:\/\/www.pm.pb.gov.br\/portal\/2025\/04\/14\/procurado-da-justica-por-roubo-e-preso-com-duas-armas-de-fogo-em-operacao-na-cidade-de-bayeux\/\"]}]},{\"@type\":\"BreadcrumbList\",\"@id\":\"https:\/\/www.pm.pb.gov.br\/portal\/2025\/04\/14\/procurado-da-justica-por-roubo-e-preso-com-duas-armas-de-fogo-em-operacao-na-cidade-de-bayeux\/#breadcrumb\",\"itemListElement\":[{\"@type\":\"ListItem\",\"position\":1,\"name\":\"In\u00edcio\",\"item\":\"https:\/\/www.pm.pb.gov.br\/portal\/\"},{\"@type\":\"ListItem\",\"position\":2,\"name\":\"Procurado da justi\u00e7a por roubo \u00e9 preso com duas armas de fogo em opera\u00e7\u00e3o na cidade de Bayeux\"}]},{\"@type\":\"WebSite\",\"@id\":\"https:\/\/www.pm.pb.gov.br\/portal\/#website\",\"url\":\"https:\/\/www.pm.pb.gov.br\/portal\/\",\"name\":\"Pol\u00edcia Militar da Para\u00edba\",\"description\":\"\",\"publisher\":{\"@id\":\"https:\/\/www.pm.pb.gov.br\/portal\/#organization\"},\"potentialAction\":[{\"@type\":\"SearchAction\",\"target\":{\"@type\":\"EntryPoint\",\"urlTemplate\":\"https:\/\/www.pm.pb.gov.br\/portal\/?s={search_term_string}\"},\"query-input\":\"required name=search_term_string\"}],\"inLanguage\":\"pt-BR\"},{\"@type\":\"Organization\",\"@id\":\"https:\/\/www.pm.pb.gov.br\/portal\/#organization\",\"name\":\"Pol\u00edcia Militar da Para\u00edba\",\"url\":\"https:\/\/www.pm.pb.gov.br\/portal\/\",\"logo\":{\"@type\":\"ImageObject\",\"inLanguage\":\"pt-BR\",\"@id\":\"https:\/\/www.pm.pb.gov.br\/portal\/#\/schema\/logo\/image\/\",\"url\":\"https:\/\/www.pm.pb.gov.br\/portal\/wp-content\/uploads\/2025\/03\/cropped-logo-site-mag2-1.png\",\"contentUrl\":\"https:\/\/www.pm.pb.gov.br\/portal\/wp-content\/uploads\/2025\/03\/cropped-logo-site-mag2-1.png\",\"width\":320,\"height\":90,\"caption\":\"Pol\u00edcia Militar da Para\u00edba\"},\"image\":{\"@id\":\"https:\/\/www.pm.pb.gov.br\/portal\/#\/schema\/logo\/image\/\"}},{\"@type\":\"Person\",\"@id\":\"https:\/\/www.pm.pb.gov.br\/portal\/#\/schema\/person\/e8454f46651c3ecf0e1ba3c1666d9947\",\"name\":\"Assessoria de Imprensa da PMPB\",\"image\":{\"@type\":\"ImageObject\",\"inLanguage\":\"pt-BR\",\"@id\":\"https:\/\/www.pm.pb.gov.br\/portal\/#\/schema\/person\/image\/\",\"url\":\"https:\/\/secure.gravatar.com\/avatar\/2efe197438265d1e90bd98c4c8e1acf8?s=96&d=mm&r=g\",\"contentUrl\":\"https:\/\/secure.gravatar.com\/avatar\/2efe197438265d1e90bd98c4c8e1acf8?s=96&d=mm&r=g\",\"caption\":\"Assessoria de Imprensa da PMPB\"},\"url\":\"https:\/\/www.pm.pb.gov.br\/portal\/author\/assessoria\/\"}]}<\/script>\n<!-- \/ Yoast SEO plugin. -->","yoast_head_json":{"title":"Procurado da justi\u00e7a por roubo \u00e9 preso com duas armas de fogo em opera\u00e7\u00e3o na cidade de Bayeux - Pol\u00edcia Militar da Para\u00edba","robots":{"index":"index","follow":"follow","max-snippet":"max-snippet:-1","max-image-preview":"max-image-preview:large","max-video-preview":"max-video-preview:-1"},"canonical":"https:\/\/www.pm.pb.gov.br\/portal\/2025\/04\/14\/procurado-da-justica-por-roubo-e-preso-com-duas-armas-de-fogo-em-operacao-na-cidade-de-bayeux\/","og_locale":"pt_BR","og_type":"article","og_title":"Procurado da justi\u00e7a por roubo \u00e9 preso com duas armas de fogo em opera\u00e7\u00e3o na cidade de Bayeux - Pol\u00edcia Militar da Para\u00edba","og_description":"Um homem que estava sendo procurado pela justi\u00e7a para cumprir uma pena de mais de 16 anos de pris\u00e3o por","og_url":"https:\/\/www.pm.pb.gov.br\/portal\/2025\/04\/14\/procurado-da-justica-por-roubo-e-preso-com-duas-armas-de-fogo-em-operacao-na-cidade-de-bayeux\/","og_site_name":"Pol\u00edcia Militar da Para\u00edba","article_published_time":"2025-04-14T14:17:07+00:00","article_modified_time":"2025-04-14T14:17:11+00:00","og_image":[{"width":960,"height":712,"url":"http:\/\/www.pm.pb.gov.br\/portal\/wp-content\/uploads\/2025\/04\/byx.jpeg","type":"image\/jpeg"}],"author":"Assessoria de Imprensa da PMPB","twitter_card":"summary_large_image","twitter_misc":{"Escrito por":"Assessoria de Imprensa da PMPB","Est. tempo de leitura":"2 minutos"},"schema":{"@context":"https:\/\/schema.org","@graph":[{"@type":"Article","@id":"https:\/\/www.pm.pb.gov.br\/portal\/2025\/04\/14\/procurado-da-justica-por-roubo-e-preso-com-duas-armas-de-fogo-em-operacao-na-cidade-de-bayeux\/#article","isPartOf":{"@id":"https:\/\/www.pm.pb.gov.br\/portal\/2025\/04\/14\/procurado-da-justica-por-roubo-e-preso-com-duas-armas-de-fogo-em-operacao-na-cidade-de-bayeux\/"},"author":{"name":"Assessoria de Imprensa da PMPB","@id":"https:\/\/www.pm.pb.gov.br\/portal\/#\/schema\/person\/e8454f46651c3ecf0e1ba3c1666d9947"},"headline":"Procurado da justi\u00e7a por roubo \u00e9 preso com duas armas de fogo em opera\u00e7\u00e3o na cidade de Bayeux","datePublished":"2025-04-14T14:17:07+00:00","dateModified":"2025-04-14T14:17:11+00:00","mainEntityOfPage":{"@id":"https:\/\/www.pm.pb.gov.br\/portal\/2025\/04\/14\/procurado-da-justica-por-roubo-e-preso-com-duas-armas-de-fogo-em-operacao-na-cidade-de-bayeux\/"},"wordCount":209,"publisher":{"@id":"https:\/\/www.pm.pb.gov.br\/portal\/#organization"},"articleSection":["A\u00e7\u00f5es Policiais"],"inLanguage":"pt-BR"},{"@type":"WebPage","@id":"https:\/\/www.pm.pb.gov.br\/portal\/2025\/04\/14\/procurado-da-justica-por-roubo-e-preso-com-duas-armas-de-fogo-em-operacao-na-cidade-de-bayeux\/","url":"https:\/\/www.pm.pb.gov.br\/portal\/2025\/04\/14\/procurado-da-justica-por-roubo-e-preso-com-duas-armas-de-fogo-em-operacao-na-cidade-de-bayeux\/","name":"Procurado da justi\u00e7a por roubo \u00e9 preso com duas armas de fogo em opera\u00e7\u00e3o na cidade de Bayeux - Pol\u00edcia Militar da Para\u00edba","isPartOf":{"@id":"https:\/\/www.pm.pb.gov.br\/portal\/#website"},"datePublished":"2025-04-14T14:17:07+00:00","dateModified":"2025-04-14T14:17:11+00:00","breadcrumb":{"@id":"https:\/\/www.pm.pb.gov.br\/portal\/2025\/04\/14\/procurado-da-justica-por-roubo-e-preso-com-duas-armas-de-fogo-em-operacao-na-cidade-de-bayeux\/#breadcrumb"},"inLanguage":"pt-BR","potentialAction":[{"@type":"ReadAction","target":["https:\/\/www.pm.pb.gov.br\/portal\/2025\/04\/14\/procurado-da-justica-por-roubo-e-preso-com-duas-armas-de-fogo-em-operacao-na-cidade-de-bayeux\/"]}]},{"@type":"BreadcrumbList","@id":"https:\/\/www.pm.pb.gov.br\/portal\/2025\/04\/14\/procurado-da-justica-por-roubo-e-preso-com-duas-armas-de-fogo-em-operacao-na-cidade-de-bayeux\/#breadcrumb","itemListElement":[{"@type":"ListItem","position":1,"name":"In\u00edcio","item":"https:\/\/www.pm.pb.gov.br\/portal\/"},{"@type":"ListItem","position":2,"name":"Procurado da justi\u00e7a por roubo \u00e9 preso com duas armas de fogo em opera\u00e7\u00e3o na cidade de Bayeux"}]},{"@type":"WebSite","@id":"https:\/\/www.pm.pb.gov.br\/portal\/#website","url":"https:\/\/www.pm.pb.gov.br\/portal\/","name":"Pol\u00edcia Militar da Para\u00edba","description":"","publisher":{"@id":"https:\/\/www.pm.pb.gov.br\/portal\/#organization"},"potentialAction":[{"@type":"SearchAction","target":{"@type":"EntryPoint","urlTemplate":"https:\/\/www.pm.pb.gov.br\/portal\/?s={search_term_string}"},"query-input":"required name=search_term_string"}],"inLanguage":"pt-BR"},{"@type":"Organization","@id":"https:\/\/www.pm.pb.gov.br\/portal\/#organization","name":"Pol\u00edcia Militar da Para\u00edba","url":"https:\/\/www.pm.pb.gov.br\/portal\/","logo":{"@type":"ImageObject","inLanguage":"pt-BR","@id":"https:\/\/www.pm.pb.gov.br\/portal\/#\/schema\/logo\/image\/","url":"https:\/\/www.pm.pb.gov.br\/portal\/wp-content\/uploads\/2025\/03\/cropped-logo-site-mag2-1.png","contentUrl":"https:\/\/www.pm.pb.gov.br\/portal\/wp-content\/uploads\/2025\/03\/cropped-logo-site-mag2-1.png","width":320,"height":90,"caption":"Pol\u00edcia Militar da Para\u00edba"},"image":{"@id":"https:\/\/www.pm.pb.gov.br\/portal\/#\/schema\/logo\/image\/"}},{"@type":"Person","@id":"https:\/\/www.pm.pb.gov.br\/portal\/#\/schema\/person\/e8454f46651c3ecf0e1ba3c1666d9947","name":"Assessoria de Imprensa da PMPB","image":{"@type":"ImageObject","inLanguage":"pt-BR","@id":"https:\/\/www.pm.pb.gov.br\/portal\/#\/schema\/person\/image\/","url":"https:\/\/secure.gravatar.com\/avatar\/2efe197438265d1e90bd98c4c8e1acf8?s=96&d=mm&r=g","contentUrl":"https:\/\/secure.gravatar.com\/avatar\/2efe197438265d1e90bd98c4c8e1acf8?s=96&d=mm&r=g","caption":"Assessoria de Imprensa da PMPB"},"url":"https:\/\/www.pm.pb.gov.br\/portal\/author\/assessoria\/"}]}},"_links":{"self":[{"href":"https:\/\/www.pm.pb.gov.br\/portal\/wp-json\/wp\/v2\/posts\/926363"}],"collection":[{"href":"https:\/\/www.pm.pb.gov.br\/portal\/wp-json\/wp\/v2\/posts"}],"about":[{"href":"https:\/\/www.pm.pb.gov.br\/portal\/wp-json\/wp\/v2\/types\/post"}],"author":[{"embeddable":true,"href":"https:\/\/www.pm.pb.gov.br\/portal\/wp-json\/wp\/v2\/users\/5"}],"replies":[{"embeddable":true,"href":"https:\/\/www.pm.pb.gov.br\/portal\/wp-json\/wp\/v2\/comments?post=926363"}],"version-history":[{"count":1,"href":"https:\/\/www.pm.pb.gov.br\/portal\/wp-json\/wp\/v2\/posts\/926363\/revisions"}],"predecessor-version":[{"id":926365,"href":"https:\/\/www.pm.pb.gov.br\/portal\/wp-json\/wp\/v2\/posts\/926363\/revisions\/926365"}],"wp:featuredmedia":[{"embeddable":true,"href":"https:\/\/www.pm.pb.gov.br\/portal\/wp-json\/wp\/v2\/media\/926364"}],"wp:attachment":[{"href":"https:\/\/www.pm.pb.gov.br\/portal\/wp-json\/wp\/v2\/media?parent=926363"}],"wp:term":[{"taxonomy":"category","embeddable":true,"href":"https:\/\/www.pm.pb.gov.br\/portal\/wp-json\/wp\/v2\/categories?post=926363"},{"taxonomy":"post_tag","embeddable":true,"href":"https:\/\/www.pm.pb.gov.br\/portal\/wp-json\/wp\/v2\/tags?post=926363"}],"curies":[{"name":"wp","href":"https:\/\/api.w.org\/{rel}","templated":true}]}}