{"id":926346,"date":"2025-04-13T18:01:40","date_gmt":"2025-04-13T21:01:40","guid":{"rendered":"https:\/\/www.pm.pb.gov.br\/portal\/?p=926346"},"modified":"2025-04-13T18:08:58","modified_gmt":"2025-04-13T21:08:58","slug":"policia-militar-encontra-local-para-onde-eram-levados-veiculos-roubados-na-grande-joao-pessoa","status":"publish","type":"post","link":"https:\/\/www.pm.pb.gov.br\/portal\/2025\/04\/13\/policia-militar-encontra-local-para-onde-eram-levados-veiculos-roubados-na-grande-joao-pessoa\/","title":{"rendered":"Pol\u00edcia Militar encontra local para onde eram levados ve\u00edculos roubados na grande Jo\u00e3o Pessoa"},"content":{"rendered":"\n<p>Uma opera\u00e7\u00e3o realizada neste fim de semana, no bairro do Renascer, em Cabedelo, descobriu que o local era o destino de v\u00e1rios ve\u00edculos que vinham sendo roubados na grande Jo\u00e3o Pessoa. No bairro, policiais da 6\u00aa Companhia Independente da PM (6\u00aa CIPM) localizaram, neste domingo (13), placas de ve\u00edculos, uma moto com registro de roubo e encontraram enterrada a carca\u00e7a de um carro semelhante ao que foi roubado por um grupo criminoso, no fim de semana passado, na BR 230. O ve\u00edculo tinha sido queimado. Uma arma tamb\u00e9m foi apreendida.<br><br>Equipes da PM tiveram que usar uma retroescavadeira para desenterrar a carca\u00e7a do ve\u00edculo. A opera\u00e7\u00e3o no bairro come\u00e7ou no s\u00e1bado (12), quando arma e drogas foram apreendidas nas buscas realizadas pelo Batalh\u00e3o de Policiamento de Tr\u00e2nsito (BPTran). <br><br>O material apreendido nesse fim de semana foi levado para a Cidade da Pol\u00edcia Civil, no Geisel, em Jo\u00e3o Pessoa.<\/p>\n\n\n\n<p><img loading=\"lazy\" decoding=\"async\" width=\"1250\" height=\"1600\" class=\"wp-image-926358\" style=\"width: 800px;\" src=\"http:\/\/www.pm.pb.gov.br\/portal\/wp-content\/uploads\/2025\/04\/WhatsApp-Image-2025-04-13-at-4.48.30-PM.jpeg\" alt=\"\" srcset=\"https:\/\/www.pm.pb.gov.br\/portal\/wp-content\/uploads\/2025\/04\/WhatsApp-Image-2025-04-13-at-4.48.30-PM.jpeg 1250w, https:\/\/www.pm.pb.gov.br\/portal\/wp-content\/uploads\/2025\/04\/WhatsApp-Image-2025-04-13-at-4.48.30-PM-348x445.jpeg 348w, https:\/\/www.pm.pb.gov.br\/portal\/wp-content\/uploads\/2025\/04\/WhatsApp-Image-2025-04-13-at-4.48.30-PM-445x570.jpeg 445w, https:\/\/www.pm.pb.gov.br\/portal\/wp-content\/uploads\/2025\/04\/WhatsApp-Image-2025-04-13-at-4.48.30-PM-768x983.jpeg 768w, https:\/\/www.pm.pb.gov.br\/portal\/wp-content\/uploads\/2025\/04\/WhatsApp-Image-2025-04-13-at-4.48.30-PM-1200x1536.jpeg 1200w\" sizes=\"(max-width: 1250px) 100vw, 1250px\" \/><\/p>\n","protected":false},"excerpt":{"rendered":"<p>Uma opera\u00e7\u00e3o realizada neste fim de semana, no bairro do Renascer, em Cabedelo, descobriu que o local era o destino<\/p>\n","protected":false},"author":18,"featured_media":926357,"comment_status":"closed","ping_status":"closed","sticky":false,"template":"","format":"standard","meta":{"_exactmetrics_skip_tracking":false,"_exactmetrics_sitenote_active":false,"_exactmetrics_sitenote_note":"","_exactmetrics_sitenote_category":0,"footnotes":""},"categories":[4],"tags":[],"yoast_head":"<!-- This site is optimized with the Yoast SEO plugin v22.0 - https:\/\/yoast.com\/wordpress\/plugins\/seo\/ -->\n<title>Pol\u00edcia Militar encontra local para onde eram levados ve\u00edculos roubados na grande Jo\u00e3o Pessoa - Pol\u00edcia Militar da Para\u00edba<\/title>\n<meta name=\"robots\" content=\"index, follow, max-snippet:-1, max-image-preview:large, max-video-preview:-1\" \/>\n<link rel=\"canonical\" href=\"https:\/\/www.pm.pb.gov.br\/portal\/2025\/04\/13\/policia-militar-encontra-local-para-onde-eram-levados-veiculos-roubados-na-grande-joao-pessoa\/\" \/>\n<meta property=\"og:locale\" content=\"pt_BR\" \/>\n<meta property=\"og:type\" content=\"article\" \/>\n<meta property=\"og:title\" content=\"Pol\u00edcia Militar encontra local para onde eram levados ve\u00edculos roubados na grande Jo\u00e3o Pessoa - Pol\u00edcia Militar da Para\u00edba\" \/>\n<meta property=\"og:description\" content=\"Uma opera\u00e7\u00e3o realizada neste fim de semana, no bairro do Renascer, em Cabedelo, descobriu que o local era o destino\" \/>\n<meta property=\"og:url\" content=\"https:\/\/www.pm.pb.gov.br\/portal\/2025\/04\/13\/policia-militar-encontra-local-para-onde-eram-levados-veiculos-roubados-na-grande-joao-pessoa\/\" \/>\n<meta property=\"og:site_name\" content=\"Pol\u00edcia Militar da Para\u00edba\" \/>\n<meta property=\"article:published_time\" content=\"2025-04-13T21:01:40+00:00\" \/>\n<meta property=\"article:modified_time\" content=\"2025-04-13T21:08:58+00:00\" \/>\n<meta property=\"og:image\" content=\"http:\/\/www.pm.pb.gov.br\/portal\/wp-content\/uploads\/2025\/04\/WhatsApp-Image-2025-04-13-at-3.49.09-PM-1.jpeg\" \/>\n\t<meta property=\"og:image:width\" content=\"1600\" \/>\n\t<meta property=\"og:image:height\" content=\"900\" \/>\n\t<meta property=\"og:image:type\" content=\"image\/jpeg\" \/>\n<meta name=\"author\" content=\"Luiz Duarte\" \/>\n<meta name=\"twitter:card\" content=\"summary_large_image\" \/>\n<meta name=\"twitter:label1\" content=\"Escrito por\" \/>\n\t<meta name=\"twitter:data1\" content=\"Luiz Duarte\" \/>\n\t<meta name=\"twitter:label2\" content=\"Est. tempo de leitura\" \/>\n\t<meta name=\"twitter:data2\" content=\"2 minutos\" \/>\n<script type=\"application\/ld+json\" class=\"yoast-schema-graph\">{\"@context\":\"https:\/\/schema.org\",\"@graph\":[{\"@type\":\"Article\",\"@id\":\"https:\/\/www.pm.pb.gov.br\/portal\/2025\/04\/13\/policia-militar-encontra-local-para-onde-eram-levados-veiculos-roubados-na-grande-joao-pessoa\/#article\",\"isPartOf\":{\"@id\":\"https:\/\/www.pm.pb.gov.br\/portal\/2025\/04\/13\/policia-militar-encontra-local-para-onde-eram-levados-veiculos-roubados-na-grande-joao-pessoa\/\"},\"author\":{\"name\":\"Luiz Duarte\",\"@id\":\"https:\/\/www.pm.pb.gov.br\/portal\/#\/schema\/person\/89dd009e2523c97adf8def1d6cf90ca1\"},\"headline\":\"Pol\u00edcia Militar encontra local para onde eram levados ve\u00edculos roubados na grande Jo\u00e3o Pessoa\",\"datePublished\":\"2025-04-13T21:01:40+00:00\",\"dateModified\":\"2025-04-13T21:08:58+00:00\",\"mainEntityOfPage\":{\"@id\":\"https:\/\/www.pm.pb.gov.br\/portal\/2025\/04\/13\/policia-militar-encontra-local-para-onde-eram-levados-veiculos-roubados-na-grande-joao-pessoa\/\"},\"wordCount\":177,\"publisher\":{\"@id\":\"https:\/\/www.pm.pb.gov.br\/portal\/#organization\"},\"articleSection\":[\"A\u00e7\u00f5es Policiais\"],\"inLanguage\":\"pt-BR\"},{\"@type\":\"WebPage\",\"@id\":\"https:\/\/www.pm.pb.gov.br\/portal\/2025\/04\/13\/policia-militar-encontra-local-para-onde-eram-levados-veiculos-roubados-na-grande-joao-pessoa\/\",\"url\":\"https:\/\/www.pm.pb.gov.br\/portal\/2025\/04\/13\/policia-militar-encontra-local-para-onde-eram-levados-veiculos-roubados-na-grande-joao-pessoa\/\",\"name\":\"Pol\u00edcia Militar encontra local para onde eram levados ve\u00edculos roubados na grande Jo\u00e3o Pessoa - Pol\u00edcia Militar da Para\u00edba\",\"isPartOf\":{\"@id\":\"https:\/\/www.pm.pb.gov.br\/portal\/#website\"},\"datePublished\":\"2025-04-13T21:01:40+00:00\",\"dateModified\":\"2025-04-13T21:08:58+00:00\",\"breadcrumb\":{\"@id\":\"https:\/\/www.pm.pb.gov.br\/portal\/2025\/04\/13\/policia-militar-encontra-local-para-onde-eram-levados-veiculos-roubados-na-grande-joao-pessoa\/#breadcrumb\"},\"inLanguage\":\"pt-BR\",\"potentialAction\":[{\"@type\":\"ReadAction\",\"target\":[\"https:\/\/www.pm.pb.gov.br\/portal\/2025\/04\/13\/policia-militar-encontra-local-para-onde-eram-levados-veiculos-roubados-na-grande-joao-pessoa\/\"]}]},{\"@type\":\"BreadcrumbList\",\"@id\":\"https:\/\/www.pm.pb.gov.br\/portal\/2025\/04\/13\/policia-militar-encontra-local-para-onde-eram-levados-veiculos-roubados-na-grande-joao-pessoa\/#breadcrumb\",\"itemListElement\":[{\"@type\":\"ListItem\",\"position\":1,\"name\":\"In\u00edcio\",\"item\":\"https:\/\/www.pm.pb.gov.br\/portal\/\"},{\"@type\":\"ListItem\",\"position\":2,\"name\":\"Pol\u00edcia Militar encontra local para onde eram levados ve\u00edculos roubados na grande Jo\u00e3o Pessoa\"}]},{\"@type\":\"WebSite\",\"@id\":\"https:\/\/www.pm.pb.gov.br\/portal\/#website\",\"url\":\"https:\/\/www.pm.pb.gov.br\/portal\/\",\"name\":\"Pol\u00edcia Militar da Para\u00edba\",\"description\":\"\",\"publisher\":{\"@id\":\"https:\/\/www.pm.pb.gov.br\/portal\/#organization\"},\"potentialAction\":[{\"@type\":\"SearchAction\",\"target\":{\"@type\":\"EntryPoint\",\"urlTemplate\":\"https:\/\/www.pm.pb.gov.br\/portal\/?s={search_term_string}\"},\"query-input\":\"required name=search_term_string\"}],\"inLanguage\":\"pt-BR\"},{\"@type\":\"Organization\",\"@id\":\"https:\/\/www.pm.pb.gov.br\/portal\/#organization\",\"name\":\"Pol\u00edcia Militar da Para\u00edba\",\"url\":\"https:\/\/www.pm.pb.gov.br\/portal\/\",\"logo\":{\"@type\":\"ImageObject\",\"inLanguage\":\"pt-BR\",\"@id\":\"https:\/\/www.pm.pb.gov.br\/portal\/#\/schema\/logo\/image\/\",\"url\":\"https:\/\/www.pm.pb.gov.br\/portal\/wp-content\/uploads\/2025\/03\/cropped-logo-site-mag2-1.png\",\"contentUrl\":\"https:\/\/www.pm.pb.gov.br\/portal\/wp-content\/uploads\/2025\/03\/cropped-logo-site-mag2-1.png\",\"width\":320,\"height\":90,\"caption\":\"Pol\u00edcia Militar da Para\u00edba\"},\"image\":{\"@id\":\"https:\/\/www.pm.pb.gov.br\/portal\/#\/schema\/logo\/image\/\"}},{\"@type\":\"Person\",\"@id\":\"https:\/\/www.pm.pb.gov.br\/portal\/#\/schema\/person\/89dd009e2523c97adf8def1d6cf90ca1\",\"name\":\"Luiz Duarte\",\"image\":{\"@type\":\"ImageObject\",\"inLanguage\":\"pt-BR\",\"@id\":\"https:\/\/www.pm.pb.gov.br\/portal\/#\/schema\/person\/image\/\",\"url\":\"https:\/\/secure.gravatar.com\/avatar\/ce5539b97246ef4d24dd039a3f64145b?s=96&d=mm&r=g\",\"contentUrl\":\"https:\/\/secure.gravatar.com\/avatar\/ce5539b97246ef4d24dd039a3f64145b?s=96&d=mm&r=g\",\"caption\":\"Luiz Duarte\"},\"url\":\"https:\/\/www.pm.pb.gov.br\/portal\/author\/luiz\/\"}]}<\/script>\n<!-- \/ Yoast SEO plugin. -->","yoast_head_json":{"title":"Pol\u00edcia Militar encontra local para onde eram levados ve\u00edculos roubados na grande Jo\u00e3o Pessoa - Pol\u00edcia Militar da Para\u00edba","robots":{"index":"index","follow":"follow","max-snippet":"max-snippet:-1","max-image-preview":"max-image-preview:large","max-video-preview":"max-video-preview:-1"},"canonical":"https:\/\/www.pm.pb.gov.br\/portal\/2025\/04\/13\/policia-militar-encontra-local-para-onde-eram-levados-veiculos-roubados-na-grande-joao-pessoa\/","og_locale":"pt_BR","og_type":"article","og_title":"Pol\u00edcia Militar encontra local para onde eram levados ve\u00edculos roubados na grande Jo\u00e3o Pessoa - Pol\u00edcia Militar da Para\u00edba","og_description":"Uma opera\u00e7\u00e3o realizada neste fim de semana, no bairro do Renascer, em Cabedelo, descobriu que o local era o destino","og_url":"https:\/\/www.pm.pb.gov.br\/portal\/2025\/04\/13\/policia-militar-encontra-local-para-onde-eram-levados-veiculos-roubados-na-grande-joao-pessoa\/","og_site_name":"Pol\u00edcia Militar da Para\u00edba","article_published_time":"2025-04-13T21:01:40+00:00","article_modified_time":"2025-04-13T21:08:58+00:00","og_image":[{"width":1600,"height":900,"url":"http:\/\/www.pm.pb.gov.br\/portal\/wp-content\/uploads\/2025\/04\/WhatsApp-Image-2025-04-13-at-3.49.09-PM-1.jpeg","type":"image\/jpeg"}],"author":"Luiz Duarte","twitter_card":"summary_large_image","twitter_misc":{"Escrito por":"Luiz Duarte","Est. tempo de leitura":"2 minutos"},"schema":{"@context":"https:\/\/schema.org","@graph":[{"@type":"Article","@id":"https:\/\/www.pm.pb.gov.br\/portal\/2025\/04\/13\/policia-militar-encontra-local-para-onde-eram-levados-veiculos-roubados-na-grande-joao-pessoa\/#article","isPartOf":{"@id":"https:\/\/www.pm.pb.gov.br\/portal\/2025\/04\/13\/policia-militar-encontra-local-para-onde-eram-levados-veiculos-roubados-na-grande-joao-pessoa\/"},"author":{"name":"Luiz Duarte","@id":"https:\/\/www.pm.pb.gov.br\/portal\/#\/schema\/person\/89dd009e2523c97adf8def1d6cf90ca1"},"headline":"Pol\u00edcia Militar encontra local para onde eram levados ve\u00edculos roubados na grande Jo\u00e3o Pessoa","datePublished":"2025-04-13T21:01:40+00:00","dateModified":"2025-04-13T21:08:58+00:00","mainEntityOfPage":{"@id":"https:\/\/www.pm.pb.gov.br\/portal\/2025\/04\/13\/policia-militar-encontra-local-para-onde-eram-levados-veiculos-roubados-na-grande-joao-pessoa\/"},"wordCount":177,"publisher":{"@id":"https:\/\/www.pm.pb.gov.br\/portal\/#organization"},"articleSection":["A\u00e7\u00f5es Policiais"],"inLanguage":"pt-BR"},{"@type":"WebPage","@id":"https:\/\/www.pm.pb.gov.br\/portal\/2025\/04\/13\/policia-militar-encontra-local-para-onde-eram-levados-veiculos-roubados-na-grande-joao-pessoa\/","url":"https:\/\/www.pm.pb.gov.br\/portal\/2025\/04\/13\/policia-militar-encontra-local-para-onde-eram-levados-veiculos-roubados-na-grande-joao-pessoa\/","name":"Pol\u00edcia Militar encontra local para onde eram levados ve\u00edculos roubados na grande Jo\u00e3o Pessoa - Pol\u00edcia Militar da Para\u00edba","isPartOf":{"@id":"https:\/\/www.pm.pb.gov.br\/portal\/#website"},"datePublished":"2025-04-13T21:01:40+00:00","dateModified":"2025-04-13T21:08:58+00:00","breadcrumb":{"@id":"https:\/\/www.pm.pb.gov.br\/portal\/2025\/04\/13\/policia-militar-encontra-local-para-onde-eram-levados-veiculos-roubados-na-grande-joao-pessoa\/#breadcrumb"},"inLanguage":"pt-BR","potentialAction":[{"@type":"ReadAction","target":["https:\/\/www.pm.pb.gov.br\/portal\/2025\/04\/13\/policia-militar-encontra-local-para-onde-eram-levados-veiculos-roubados-na-grande-joao-pessoa\/"]}]},{"@type":"BreadcrumbList","@id":"https:\/\/www.pm.pb.gov.br\/portal\/2025\/04\/13\/policia-militar-encontra-local-para-onde-eram-levados-veiculos-roubados-na-grande-joao-pessoa\/#breadcrumb","itemListElement":[{"@type":"ListItem","position":1,"name":"In\u00edcio","item":"https:\/\/www.pm.pb.gov.br\/portal\/"},{"@type":"ListItem","position":2,"name":"Pol\u00edcia Militar encontra local para onde eram levados ve\u00edculos roubados na grande Jo\u00e3o Pessoa"}]},{"@type":"WebSite","@id":"https:\/\/www.pm.pb.gov.br\/portal\/#website","url":"https:\/\/www.pm.pb.gov.br\/portal\/","name":"Pol\u00edcia Militar da Para\u00edba","description":"","publisher":{"@id":"https:\/\/www.pm.pb.gov.br\/portal\/#organization"},"potentialAction":[{"@type":"SearchAction","target":{"@type":"EntryPoint","urlTemplate":"https:\/\/www.pm.pb.gov.br\/portal\/?s={search_term_string}"},"query-input":"required name=search_term_string"}],"inLanguage":"pt-BR"},{"@type":"Organization","@id":"https:\/\/www.pm.pb.gov.br\/portal\/#organization","name":"Pol\u00edcia Militar da Para\u00edba","url":"https:\/\/www.pm.pb.gov.br\/portal\/","logo":{"@type":"ImageObject","inLanguage":"pt-BR","@id":"https:\/\/www.pm.pb.gov.br\/portal\/#\/schema\/logo\/image\/","url":"https:\/\/www.pm.pb.gov.br\/portal\/wp-content\/uploads\/2025\/03\/cropped-logo-site-mag2-1.png","contentUrl":"https:\/\/www.pm.pb.gov.br\/portal\/wp-content\/uploads\/2025\/03\/cropped-logo-site-mag2-1.png","width":320,"height":90,"caption":"Pol\u00edcia Militar da Para\u00edba"},"image":{"@id":"https:\/\/www.pm.pb.gov.br\/portal\/#\/schema\/logo\/image\/"}},{"@type":"Person","@id":"https:\/\/www.pm.pb.gov.br\/portal\/#\/schema\/person\/89dd009e2523c97adf8def1d6cf90ca1","name":"Luiz Duarte","image":{"@type":"ImageObject","inLanguage":"pt-BR","@id":"https:\/\/www.pm.pb.gov.br\/portal\/#\/schema\/person\/image\/","url":"https:\/\/secure.gravatar.com\/avatar\/ce5539b97246ef4d24dd039a3f64145b?s=96&d=mm&r=g","contentUrl":"https:\/\/secure.gravatar.com\/avatar\/ce5539b97246ef4d24dd039a3f64145b?s=96&d=mm&r=g","caption":"Luiz Duarte"},"url":"https:\/\/www.pm.pb.gov.br\/portal\/author\/luiz\/"}]}},"_links":{"self":[{"href":"https:\/\/www.pm.pb.gov.br\/portal\/wp-json\/wp\/v2\/posts\/926346"}],"collection":[{"href":"https:\/\/www.pm.pb.gov.br\/portal\/wp-json\/wp\/v2\/posts"}],"about":[{"href":"https:\/\/www.pm.pb.gov.br\/portal\/wp-json\/wp\/v2\/types\/post"}],"author":[{"embeddable":true,"href":"https:\/\/www.pm.pb.gov.br\/portal\/wp-json\/wp\/v2\/users\/18"}],"replies":[{"embeddable":true,"href":"https:\/\/www.pm.pb.gov.br\/portal\/wp-json\/wp\/v2\/comments?post=926346"}],"version-history":[{"count":4,"href":"https:\/\/www.pm.pb.gov.br\/portal\/wp-json\/wp\/v2\/posts\/926346\/revisions"}],"predecessor-version":[{"id":926362,"href":"https:\/\/www.pm.pb.gov.br\/portal\/wp-json\/wp\/v2\/posts\/926346\/revisions\/926362"}],"wp:featuredmedia":[{"embeddable":true,"href":"https:\/\/www.pm.pb.gov.br\/portal\/wp-json\/wp\/v2\/media\/926357"}],"wp:attachment":[{"href":"https:\/\/www.pm.pb.gov.br\/portal\/wp-json\/wp\/v2\/media?parent=926346"}],"wp:term":[{"taxonomy":"category","embeddable":true,"href":"https:\/\/www.pm.pb.gov.br\/portal\/wp-json\/wp\/v2\/categories?post=926346"},{"taxonomy":"post_tag","embeddable":true,"href":"https:\/\/www.pm.pb.gov.br\/portal\/wp-json\/wp\/v2\/tags?post=926346"}],"curies":[{"name":"wp","href":"https:\/\/api.w.org\/{rel}","templated":true}]}}