{"id":926201,"date":"2025-03-24T22:21:53","date_gmt":"2025-03-25T01:21:53","guid":{"rendered":"https:\/\/www.pm.pb.gov.br\/portal\/?p=926201"},"modified":"2025-03-24T22:22:51","modified_gmt":"2025-03-25T01:22:51","slug":"operacao-do-mjsp-na-paraiba-operacao-renoe-nordeste-para-combate-ao-trafico-de-drogas","status":"publish","type":"post","link":"https:\/\/www.pm.pb.gov.br\/portal\/2025\/03\/24\/operacao-do-mjsp-na-paraiba-operacao-renoe-nordeste-para-combate-ao-trafico-de-drogas\/","title":{"rendered":"OPERA\u00c7\u00c3O DO MJSP NA PARA\u00cdBA: Opera\u00e7\u00e3o RENOE NORDESTE para combate ao tr\u00e1fico de drogas"},"content":{"rendered":"\n<p><span style=\"font-size: revert; color: initial;\">Na manh\u00e3 desta segunda-feira (24) no Quartel do Comando Geral , a Pol\u00edcia Militar atrav\u00e9s do Comando de Opera\u00e7\u00f5es Especiais Policiais (COpEsP) no \u00e2mbito da Rede Nacional de Opera\u00e7\u00f5es Ostensivas Especializadas (RENOE) da SENASP do Minist\u00e9rio da Justi\u00e7a e Seguran\u00e7a P\u00fablica, apresentou o resultado da Opera\u00e7\u00e3o RENOE NORDESTE na Para\u00edba. Tal opera\u00e7\u00e3o foi realizada entre os dias 18 e 24 deste m\u00eas, tendo como principal objetivo o enfrentamento ao crime organizado e tr\u00e1fico de drogas, sendo desenvolvidas v\u00e1rias a\u00e7\u00f5es qualificadas e executadas com apoio e suporte do Sistema de Intelig\u00eancia da PMPB pelas Unidades Especiais GATE e GEOsAC, resultando em 15 infratores presos pelos crimes de tr\u00e1fico de drogas, roubo qualificado e homic\u00eddio, al\u00e9m da apreens\u00e3o de armas, motocicleta, muni\u00e7\u00f5es, explosivos, drogas, dinheiro e aparelhos celulares.<\/span><\/p>\n<p><img loading=\"lazy\" decoding=\"async\" class=\"alignnone size-medium wp-image-926206\" src=\"http:\/\/www.pm.pb.gov.br\/portal\/wp-content\/uploads\/2025\/03\/20250324_222013-398x445.jpg\" alt=\"\" width=\"398\" height=\"445\" srcset=\"https:\/\/www.pm.pb.gov.br\/portal\/wp-content\/uploads\/2025\/03\/20250324_222013-398x445.jpg 398w, https:\/\/www.pm.pb.gov.br\/portal\/wp-content\/uploads\/2025\/03\/20250324_222013-510x570.jpg 510w, https:\/\/www.pm.pb.gov.br\/portal\/wp-content\/uploads\/2025\/03\/20250324_222013-768x858.jpg 768w, https:\/\/www.pm.pb.gov.br\/portal\/wp-content\/uploads\/2025\/03\/20250324_222013-1375x1536.jpg 1375w, https:\/\/www.pm.pb.gov.br\/portal\/wp-content\/uploads\/2025\/03\/20250324_222013.jpg 1816w\" sizes=\"(max-width: 398px) 100vw, 398px\" \/><\/p>\n<p><img loading=\"lazy\" decoding=\"async\" class=\"alignnone size-medium wp-image-926207\" src=\"http:\/\/www.pm.pb.gov.br\/portal\/wp-content\/uploads\/2025\/03\/IMG-20250324-WA0028-296x445.jpg\" alt=\"\" width=\"296\" height=\"445\" srcset=\"https:\/\/www.pm.pb.gov.br\/portal\/wp-content\/uploads\/2025\/03\/IMG-20250324-WA0028-296x445.jpg 296w, https:\/\/www.pm.pb.gov.br\/portal\/wp-content\/uploads\/2025\/03\/IMG-20250324-WA0028-380x570.jpg 380w, https:\/\/www.pm.pb.gov.br\/portal\/wp-content\/uploads\/2025\/03\/IMG-20250324-WA0028-768x1153.jpg 768w, https:\/\/www.pm.pb.gov.br\/portal\/wp-content\/uploads\/2025\/03\/IMG-20250324-WA0028-1023x1536.jpg 1023w, https:\/\/www.pm.pb.gov.br\/portal\/wp-content\/uploads\/2025\/03\/IMG-20250324-WA0028.jpg 1066w\" sizes=\"(max-width: 296px) 100vw, 296px\" \/><\/p>\n<p>Durante os dias da Opera\u00e7\u00e3o RENOE NORDESTE a Policia Militar empregou v\u00e1rios sistemas e meios de emprego policial das Opera\u00e7\u00f5es Especiais tipo: viaturas para transporte de tropa, equipamentos e viatura t\u00e9cnica do Esquadr\u00e3o Anti Bombas, quadriciclos, embarca\u00e7\u00e3o fluvial e drones de alta resolu\u00e7\u00e3o. As a\u00e7\u00f5es tamb\u00e9m contaram com apoio pontual de outras estruturas da corpora\u00e7\u00e3o e se deram em v\u00e1rias cidades, principalmente em munic\u00edpios que fazem divisas com os estados de Pernambuco, Cear\u00e1 e Rio Grande do Norte.<\/p>\n<p>\u00a0<\/p>\n<p><img loading=\"lazy\" decoding=\"async\" class=\"alignnone size-medium wp-image-926208\" src=\"http:\/\/www.pm.pb.gov.br\/portal\/wp-content\/uploads\/2025\/03\/IMG-20250324-WA0029-334x445.jpg\" alt=\"\" width=\"334\" height=\"445\" srcset=\"https:\/\/www.pm.pb.gov.br\/portal\/wp-content\/uploads\/2025\/03\/IMG-20250324-WA0029-334x445.jpg 334w, https:\/\/www.pm.pb.gov.br\/portal\/wp-content\/uploads\/2025\/03\/IMG-20250324-WA0029-428x570.jpg 428w, https:\/\/www.pm.pb.gov.br\/portal\/wp-content\/uploads\/2025\/03\/IMG-20250324-WA0029-768x1024.jpg 768w, https:\/\/www.pm.pb.gov.br\/portal\/wp-content\/uploads\/2025\/03\/IMG-20250324-WA0029.jpg 960w\" sizes=\"(max-width: 334px) 100vw, 334px\" \/><\/p>\n\n\n","protected":false},"excerpt":{"rendered":"<p>Na manh\u00e3 desta segunda-feira (24) no Quartel do Comando Geral , a Pol\u00edcia Militar atrav\u00e9s do Comando de Opera\u00e7\u00f5es Especiais<\/p>\n","protected":false},"author":5,"featured_media":926204,"comment_status":"closed","ping_status":"closed","sticky":false,"template":"","format":"standard","meta":{"_exactmetrics_skip_tracking":false,"_exactmetrics_sitenote_active":false,"_exactmetrics_sitenote_note":"","_exactmetrics_sitenote_category":0,"footnotes":""},"categories":[4],"tags":[],"yoast_head":"<!-- This site is optimized with the Yoast SEO plugin v22.0 - https:\/\/yoast.com\/wordpress\/plugins\/seo\/ -->\n<title>OPERA\u00c7\u00c3O DO MJSP NA PARA\u00cdBA: Opera\u00e7\u00e3o RENOE NORDESTE para combate ao tr\u00e1fico de drogas - Pol\u00edcia Militar da Para\u00edba<\/title>\n<meta name=\"robots\" content=\"index, follow, max-snippet:-1, max-image-preview:large, max-video-preview:-1\" \/>\n<link rel=\"canonical\" href=\"https:\/\/www.pm.pb.gov.br\/portal\/2025\/03\/24\/operacao-do-mjsp-na-paraiba-operacao-renoe-nordeste-para-combate-ao-trafico-de-drogas\/\" \/>\n<meta property=\"og:locale\" content=\"pt_BR\" \/>\n<meta property=\"og:type\" content=\"article\" \/>\n<meta property=\"og:title\" content=\"OPERA\u00c7\u00c3O DO MJSP NA PARA\u00cdBA: Opera\u00e7\u00e3o RENOE NORDESTE para combate ao tr\u00e1fico de drogas - Pol\u00edcia Militar da Para\u00edba\" \/>\n<meta property=\"og:description\" content=\"Na manh\u00e3 desta segunda-feira (24) no Quartel do Comando Geral , a Pol\u00edcia Militar atrav\u00e9s do Comando de Opera\u00e7\u00f5es Especiais\" \/>\n<meta property=\"og:url\" content=\"https:\/\/www.pm.pb.gov.br\/portal\/2025\/03\/24\/operacao-do-mjsp-na-paraiba-operacao-renoe-nordeste-para-combate-ao-trafico-de-drogas\/\" \/>\n<meta property=\"og:site_name\" content=\"Pol\u00edcia Militar da Para\u00edba\" \/>\n<meta property=\"article:published_time\" content=\"2025-03-25T01:21:53+00:00\" \/>\n<meta property=\"article:modified_time\" content=\"2025-03-25T01:22:51+00:00\" \/>\n<meta property=\"og:image\" content=\"http:\/\/www.pm.pb.gov.br\/portal\/wp-content\/uploads\/2025\/03\/IMG-20250324-WA0032.jpg\" \/>\n\t<meta property=\"og:image:width\" content=\"1600\" \/>\n\t<meta property=\"og:image:height\" content=\"1200\" \/>\n\t<meta property=\"og:image:type\" content=\"image\/jpeg\" \/>\n<meta name=\"author\" content=\"Assessoria de Imprensa da PMPB\" \/>\n<meta name=\"twitter:card\" content=\"summary_large_image\" \/>\n<meta name=\"twitter:label1\" content=\"Escrito por\" \/>\n\t<meta name=\"twitter:data1\" content=\"Assessoria de Imprensa da PMPB\" \/>\n\t<meta name=\"twitter:label2\" content=\"Est. tempo de leitura\" \/>\n\t<meta name=\"twitter:data2\" content=\"2 minutos\" \/>\n<script type=\"application\/ld+json\" class=\"yoast-schema-graph\">{\"@context\":\"https:\/\/schema.org\",\"@graph\":[{\"@type\":\"Article\",\"@id\":\"https:\/\/www.pm.pb.gov.br\/portal\/2025\/03\/24\/operacao-do-mjsp-na-paraiba-operacao-renoe-nordeste-para-combate-ao-trafico-de-drogas\/#article\",\"isPartOf\":{\"@id\":\"https:\/\/www.pm.pb.gov.br\/portal\/2025\/03\/24\/operacao-do-mjsp-na-paraiba-operacao-renoe-nordeste-para-combate-ao-trafico-de-drogas\/\"},\"author\":{\"name\":\"Assessoria de Imprensa da PMPB\",\"@id\":\"https:\/\/www.pm.pb.gov.br\/portal\/#\/schema\/person\/e8454f46651c3ecf0e1ba3c1666d9947\"},\"headline\":\"OPERA\u00c7\u00c3O DO MJSP NA PARA\u00cdBA: Opera\u00e7\u00e3o RENOE NORDESTE para combate ao tr\u00e1fico de drogas\",\"datePublished\":\"2025-03-25T01:21:53+00:00\",\"dateModified\":\"2025-03-25T01:22:51+00:00\",\"mainEntityOfPage\":{\"@id\":\"https:\/\/www.pm.pb.gov.br\/portal\/2025\/03\/24\/operacao-do-mjsp-na-paraiba-operacao-renoe-nordeste-para-combate-ao-trafico-de-drogas\/\"},\"wordCount\":250,\"publisher\":{\"@id\":\"https:\/\/www.pm.pb.gov.br\/portal\/#organization\"},\"articleSection\":[\"A\u00e7\u00f5es Policiais\"],\"inLanguage\":\"pt-BR\"},{\"@type\":\"WebPage\",\"@id\":\"https:\/\/www.pm.pb.gov.br\/portal\/2025\/03\/24\/operacao-do-mjsp-na-paraiba-operacao-renoe-nordeste-para-combate-ao-trafico-de-drogas\/\",\"url\":\"https:\/\/www.pm.pb.gov.br\/portal\/2025\/03\/24\/operacao-do-mjsp-na-paraiba-operacao-renoe-nordeste-para-combate-ao-trafico-de-drogas\/\",\"name\":\"OPERA\u00c7\u00c3O DO MJSP NA PARA\u00cdBA: Opera\u00e7\u00e3o RENOE NORDESTE para combate ao tr\u00e1fico de drogas - Pol\u00edcia Militar da Para\u00edba\",\"isPartOf\":{\"@id\":\"https:\/\/www.pm.pb.gov.br\/portal\/#website\"},\"datePublished\":\"2025-03-25T01:21:53+00:00\",\"dateModified\":\"2025-03-25T01:22:51+00:00\",\"breadcrumb\":{\"@id\":\"https:\/\/www.pm.pb.gov.br\/portal\/2025\/03\/24\/operacao-do-mjsp-na-paraiba-operacao-renoe-nordeste-para-combate-ao-trafico-de-drogas\/#breadcrumb\"},\"inLanguage\":\"pt-BR\",\"potentialAction\":[{\"@type\":\"ReadAction\",\"target\":[\"https:\/\/www.pm.pb.gov.br\/portal\/2025\/03\/24\/operacao-do-mjsp-na-paraiba-operacao-renoe-nordeste-para-combate-ao-trafico-de-drogas\/\"]}]},{\"@type\":\"BreadcrumbList\",\"@id\":\"https:\/\/www.pm.pb.gov.br\/portal\/2025\/03\/24\/operacao-do-mjsp-na-paraiba-operacao-renoe-nordeste-para-combate-ao-trafico-de-drogas\/#breadcrumb\",\"itemListElement\":[{\"@type\":\"ListItem\",\"position\":1,\"name\":\"In\u00edcio\",\"item\":\"https:\/\/www.pm.pb.gov.br\/portal\/\"},{\"@type\":\"ListItem\",\"position\":2,\"name\":\"OPERA\u00c7\u00c3O DO MJSP NA PARA\u00cdBA: Opera\u00e7\u00e3o RENOE NORDESTE para combate ao tr\u00e1fico de drogas\"}]},{\"@type\":\"WebSite\",\"@id\":\"https:\/\/www.pm.pb.gov.br\/portal\/#website\",\"url\":\"https:\/\/www.pm.pb.gov.br\/portal\/\",\"name\":\"Pol\u00edcia Militar da Para\u00edba\",\"description\":\"\",\"publisher\":{\"@id\":\"https:\/\/www.pm.pb.gov.br\/portal\/#organization\"},\"potentialAction\":[{\"@type\":\"SearchAction\",\"target\":{\"@type\":\"EntryPoint\",\"urlTemplate\":\"https:\/\/www.pm.pb.gov.br\/portal\/?s={search_term_string}\"},\"query-input\":\"required name=search_term_string\"}],\"inLanguage\":\"pt-BR\"},{\"@type\":\"Organization\",\"@id\":\"https:\/\/www.pm.pb.gov.br\/portal\/#organization\",\"name\":\"Pol\u00edcia Militar da Para\u00edba\",\"url\":\"https:\/\/www.pm.pb.gov.br\/portal\/\",\"logo\":{\"@type\":\"ImageObject\",\"inLanguage\":\"pt-BR\",\"@id\":\"https:\/\/www.pm.pb.gov.br\/portal\/#\/schema\/logo\/image\/\",\"url\":\"https:\/\/www.pm.pb.gov.br\/portal\/wp-content\/uploads\/2025\/03\/cropped-logo-site-mag2-1.png\",\"contentUrl\":\"https:\/\/www.pm.pb.gov.br\/portal\/wp-content\/uploads\/2025\/03\/cropped-logo-site-mag2-1.png\",\"width\":320,\"height\":90,\"caption\":\"Pol\u00edcia Militar da Para\u00edba\"},\"image\":{\"@id\":\"https:\/\/www.pm.pb.gov.br\/portal\/#\/schema\/logo\/image\/\"}},{\"@type\":\"Person\",\"@id\":\"https:\/\/www.pm.pb.gov.br\/portal\/#\/schema\/person\/e8454f46651c3ecf0e1ba3c1666d9947\",\"name\":\"Assessoria de Imprensa da PMPB\",\"image\":{\"@type\":\"ImageObject\",\"inLanguage\":\"pt-BR\",\"@id\":\"https:\/\/www.pm.pb.gov.br\/portal\/#\/schema\/person\/image\/\",\"url\":\"https:\/\/secure.gravatar.com\/avatar\/2efe197438265d1e90bd98c4c8e1acf8?s=96&d=mm&r=g\",\"contentUrl\":\"https:\/\/secure.gravatar.com\/avatar\/2efe197438265d1e90bd98c4c8e1acf8?s=96&d=mm&r=g\",\"caption\":\"Assessoria de Imprensa da PMPB\"},\"url\":\"https:\/\/www.pm.pb.gov.br\/portal\/author\/assessoria\/\"}]}<\/script>\n<!-- \/ Yoast SEO plugin. -->","yoast_head_json":{"title":"OPERA\u00c7\u00c3O DO MJSP NA PARA\u00cdBA: Opera\u00e7\u00e3o RENOE NORDESTE para combate ao tr\u00e1fico de drogas - Pol\u00edcia Militar da Para\u00edba","robots":{"index":"index","follow":"follow","max-snippet":"max-snippet:-1","max-image-preview":"max-image-preview:large","max-video-preview":"max-video-preview:-1"},"canonical":"https:\/\/www.pm.pb.gov.br\/portal\/2025\/03\/24\/operacao-do-mjsp-na-paraiba-operacao-renoe-nordeste-para-combate-ao-trafico-de-drogas\/","og_locale":"pt_BR","og_type":"article","og_title":"OPERA\u00c7\u00c3O DO MJSP NA PARA\u00cdBA: Opera\u00e7\u00e3o RENOE NORDESTE para combate ao tr\u00e1fico de drogas - Pol\u00edcia Militar da Para\u00edba","og_description":"Na manh\u00e3 desta segunda-feira (24) no Quartel do Comando Geral , a Pol\u00edcia Militar atrav\u00e9s do Comando de Opera\u00e7\u00f5es Especiais","og_url":"https:\/\/www.pm.pb.gov.br\/portal\/2025\/03\/24\/operacao-do-mjsp-na-paraiba-operacao-renoe-nordeste-para-combate-ao-trafico-de-drogas\/","og_site_name":"Pol\u00edcia Militar da Para\u00edba","article_published_time":"2025-03-25T01:21:53+00:00","article_modified_time":"2025-03-25T01:22:51+00:00","og_image":[{"width":1600,"height":1200,"url":"http:\/\/www.pm.pb.gov.br\/portal\/wp-content\/uploads\/2025\/03\/IMG-20250324-WA0032.jpg","type":"image\/jpeg"}],"author":"Assessoria de Imprensa da PMPB","twitter_card":"summary_large_image","twitter_misc":{"Escrito por":"Assessoria de Imprensa da PMPB","Est. tempo de leitura":"2 minutos"},"schema":{"@context":"https:\/\/schema.org","@graph":[{"@type":"Article","@id":"https:\/\/www.pm.pb.gov.br\/portal\/2025\/03\/24\/operacao-do-mjsp-na-paraiba-operacao-renoe-nordeste-para-combate-ao-trafico-de-drogas\/#article","isPartOf":{"@id":"https:\/\/www.pm.pb.gov.br\/portal\/2025\/03\/24\/operacao-do-mjsp-na-paraiba-operacao-renoe-nordeste-para-combate-ao-trafico-de-drogas\/"},"author":{"name":"Assessoria de Imprensa da PMPB","@id":"https:\/\/www.pm.pb.gov.br\/portal\/#\/schema\/person\/e8454f46651c3ecf0e1ba3c1666d9947"},"headline":"OPERA\u00c7\u00c3O DO MJSP NA PARA\u00cdBA: Opera\u00e7\u00e3o RENOE NORDESTE para combate ao tr\u00e1fico de drogas","datePublished":"2025-03-25T01:21:53+00:00","dateModified":"2025-03-25T01:22:51+00:00","mainEntityOfPage":{"@id":"https:\/\/www.pm.pb.gov.br\/portal\/2025\/03\/24\/operacao-do-mjsp-na-paraiba-operacao-renoe-nordeste-para-combate-ao-trafico-de-drogas\/"},"wordCount":250,"publisher":{"@id":"https:\/\/www.pm.pb.gov.br\/portal\/#organization"},"articleSection":["A\u00e7\u00f5es Policiais"],"inLanguage":"pt-BR"},{"@type":"WebPage","@id":"https:\/\/www.pm.pb.gov.br\/portal\/2025\/03\/24\/operacao-do-mjsp-na-paraiba-operacao-renoe-nordeste-para-combate-ao-trafico-de-drogas\/","url":"https:\/\/www.pm.pb.gov.br\/portal\/2025\/03\/24\/operacao-do-mjsp-na-paraiba-operacao-renoe-nordeste-para-combate-ao-trafico-de-drogas\/","name":"OPERA\u00c7\u00c3O DO MJSP NA PARA\u00cdBA: Opera\u00e7\u00e3o RENOE NORDESTE para combate ao tr\u00e1fico de drogas - Pol\u00edcia Militar da Para\u00edba","isPartOf":{"@id":"https:\/\/www.pm.pb.gov.br\/portal\/#website"},"datePublished":"2025-03-25T01:21:53+00:00","dateModified":"2025-03-25T01:22:51+00:00","breadcrumb":{"@id":"https:\/\/www.pm.pb.gov.br\/portal\/2025\/03\/24\/operacao-do-mjsp-na-paraiba-operacao-renoe-nordeste-para-combate-ao-trafico-de-drogas\/#breadcrumb"},"inLanguage":"pt-BR","potentialAction":[{"@type":"ReadAction","target":["https:\/\/www.pm.pb.gov.br\/portal\/2025\/03\/24\/operacao-do-mjsp-na-paraiba-operacao-renoe-nordeste-para-combate-ao-trafico-de-drogas\/"]}]},{"@type":"BreadcrumbList","@id":"https:\/\/www.pm.pb.gov.br\/portal\/2025\/03\/24\/operacao-do-mjsp-na-paraiba-operacao-renoe-nordeste-para-combate-ao-trafico-de-drogas\/#breadcrumb","itemListElement":[{"@type":"ListItem","position":1,"name":"In\u00edcio","item":"https:\/\/www.pm.pb.gov.br\/portal\/"},{"@type":"ListItem","position":2,"name":"OPERA\u00c7\u00c3O DO MJSP NA PARA\u00cdBA: Opera\u00e7\u00e3o RENOE NORDESTE para combate ao tr\u00e1fico de drogas"}]},{"@type":"WebSite","@id":"https:\/\/www.pm.pb.gov.br\/portal\/#website","url":"https:\/\/www.pm.pb.gov.br\/portal\/","name":"Pol\u00edcia Militar da Para\u00edba","description":"","publisher":{"@id":"https:\/\/www.pm.pb.gov.br\/portal\/#organization"},"potentialAction":[{"@type":"SearchAction","target":{"@type":"EntryPoint","urlTemplate":"https:\/\/www.pm.pb.gov.br\/portal\/?s={search_term_string}"},"query-input":"required name=search_term_string"}],"inLanguage":"pt-BR"},{"@type":"Organization","@id":"https:\/\/www.pm.pb.gov.br\/portal\/#organization","name":"Pol\u00edcia Militar da Para\u00edba","url":"https:\/\/www.pm.pb.gov.br\/portal\/","logo":{"@type":"ImageObject","inLanguage":"pt-BR","@id":"https:\/\/www.pm.pb.gov.br\/portal\/#\/schema\/logo\/image\/","url":"https:\/\/www.pm.pb.gov.br\/portal\/wp-content\/uploads\/2025\/03\/cropped-logo-site-mag2-1.png","contentUrl":"https:\/\/www.pm.pb.gov.br\/portal\/wp-content\/uploads\/2025\/03\/cropped-logo-site-mag2-1.png","width":320,"height":90,"caption":"Pol\u00edcia Militar da Para\u00edba"},"image":{"@id":"https:\/\/www.pm.pb.gov.br\/portal\/#\/schema\/logo\/image\/"}},{"@type":"Person","@id":"https:\/\/www.pm.pb.gov.br\/portal\/#\/schema\/person\/e8454f46651c3ecf0e1ba3c1666d9947","name":"Assessoria de Imprensa da PMPB","image":{"@type":"ImageObject","inLanguage":"pt-BR","@id":"https:\/\/www.pm.pb.gov.br\/portal\/#\/schema\/person\/image\/","url":"https:\/\/secure.gravatar.com\/avatar\/2efe197438265d1e90bd98c4c8e1acf8?s=96&d=mm&r=g","contentUrl":"https:\/\/secure.gravatar.com\/avatar\/2efe197438265d1e90bd98c4c8e1acf8?s=96&d=mm&r=g","caption":"Assessoria de Imprensa da PMPB"},"url":"https:\/\/www.pm.pb.gov.br\/portal\/author\/assessoria\/"}]}},"_links":{"self":[{"href":"https:\/\/www.pm.pb.gov.br\/portal\/wp-json\/wp\/v2\/posts\/926201"}],"collection":[{"href":"https:\/\/www.pm.pb.gov.br\/portal\/wp-json\/wp\/v2\/posts"}],"about":[{"href":"https:\/\/www.pm.pb.gov.br\/portal\/wp-json\/wp\/v2\/types\/post"}],"author":[{"embeddable":true,"href":"https:\/\/www.pm.pb.gov.br\/portal\/wp-json\/wp\/v2\/users\/5"}],"replies":[{"embeddable":true,"href":"https:\/\/www.pm.pb.gov.br\/portal\/wp-json\/wp\/v2\/comments?post=926201"}],"version-history":[{"count":4,"href":"https:\/\/www.pm.pb.gov.br\/portal\/wp-json\/wp\/v2\/posts\/926201\/revisions"}],"predecessor-version":[{"id":926210,"href":"https:\/\/www.pm.pb.gov.br\/portal\/wp-json\/wp\/v2\/posts\/926201\/revisions\/926210"}],"wp:featuredmedia":[{"embeddable":true,"href":"https:\/\/www.pm.pb.gov.br\/portal\/wp-json\/wp\/v2\/media\/926204"}],"wp:attachment":[{"href":"https:\/\/www.pm.pb.gov.br\/portal\/wp-json\/wp\/v2\/media?parent=926201"}],"wp:term":[{"taxonomy":"category","embeddable":true,"href":"https:\/\/www.pm.pb.gov.br\/portal\/wp-json\/wp\/v2\/categories?post=926201"},{"taxonomy":"post_tag","embeddable":true,"href":"https:\/\/www.pm.pb.gov.br\/portal\/wp-json\/wp\/v2\/tags?post=926201"}],"curies":[{"name":"wp","href":"https:\/\/api.w.org\/{rel}","templated":true}]}}