{"id":926196,"date":"2025-03-24T11:56:33","date_gmt":"2025-03-24T14:56:33","guid":{"rendered":"https:\/\/www.pm.pb.gov.br\/portal\/?p=926196"},"modified":"2025-03-24T13:06:40","modified_gmt":"2025-03-24T16:06:40","slug":"paraiba-sedia-evento-internacional-sobre-cibercrime-e-inteligencia-artificial","status":"publish","type":"post","link":"https:\/\/www.pm.pb.gov.br\/portal\/2025\/03\/24\/paraiba-sedia-evento-internacional-sobre-cibercrime-e-inteligencia-artificial\/","title":{"rendered":"Para\u00edba sedia evento internacional sobre cibercrime e intelig\u00eancia artificial"},"content":{"rendered":"\n<p>A Para\u00edba ser\u00e1 destaque internacional nos pr\u00f3ximos dias 26, 27 e 28 de mar\u00e7o, sendo refer\u00eancia nos assuntos de inova\u00e7\u00e3o, tecnologia e seguran\u00e7a digital. O estado, atrav\u00e9s da Pol\u00edcia Militar, sedia a 12\u00aa Confer\u00eancia Internacional de Cibercrime, Seguran\u00e7a Digital e Intelig\u00eancia Artificial.<\/p>\n<p>A ocasi\u00e3o reunir\u00e1 professores, especialistas, estudiosos, gestores das For\u00e7as de Seguran\u00e7a, al\u00e9m de autoridades atuantes na tem\u00e1tica. Segundo a organiza\u00e7\u00e3o do evento, o objetivo da confer\u00eancia \u00e9 debater solu\u00e7\u00f5es, tend\u00eancias e desafios no combate ao cibercrime e na seguran\u00e7a digital, com \u00eanfase no impacto e no potencial da intelig\u00eancia artificial.<\/p>\n<p>A Pol\u00edcia Militar da Para\u00edba, \u00f3rg\u00e3o que sedia o evento, ter\u00e1 destaque mostrando as boas pr\u00e1ticas em compliance de tecnologia da informa\u00e7\u00e3o, gest\u00e3o, governan\u00e7a, intelig\u00eancia de neg\u00f3cios, entre outros. O pr\u00f3prio comandante-geral da PM, o coronel S\u00e9rgio Fonseca, far\u00e1 palestra na abertura do evento.<\/p>\n<p><strong>Palestrantes \u2013 <\/strong>Al\u00e9m de autoridades internacionais e de refer\u00eancia na \u00e1rea, palestram na ocasi\u00e3o o coronel da reserva remunerada, o professor doutor Arnaldo Sobrinho, que \u00e9 atualmente secret\u00e1rio-geral da International Law Association, e o tenente-coronel Lu\u00eds Carlos Pantale\u00e3o, coordenador de Tecnologia da Informa\u00e7\u00e3o da PMPB (EM\/8).<\/p>\n<p><strong>Agenda \u2013<\/strong>\u00a0A 12\u00aa Confer\u00eancia Internacional de Cibercrime, Seguran\u00e7a Digital e Intelig\u00eancia Artificial acontecer\u00e1 nos dias 26, 27 e 28 de mar\u00e7o, no Centro de Educa\u00e7\u00e3o da PMPB, no bairro de Mangabeira VII, em Jo\u00e3o Pessoa. A programa\u00e7\u00e3o completa e inscri\u00e7\u00e3o para a confer\u00eancia est\u00e1 dispon\u00edvel no link:\u00a0<a href=\"https:\/\/www.12iccds.com\/\">https:\/\/www.12iccds.com\/<\/a><\/p>\n<p><em>Atualizado \u00e0s 12h59.<\/em><\/p>\n","protected":false},"excerpt":{"rendered":"<p>A Para\u00edba ser\u00e1 destaque internacional nos pr\u00f3ximos dias 26, 27 e 28 de mar\u00e7o, sendo refer\u00eancia nos assuntos de inova\u00e7\u00e3o,<\/p>\n","protected":false},"author":5,"featured_media":926198,"comment_status":"closed","ping_status":"closed","sticky":false,"template":"","format":"standard","meta":{"_exactmetrics_skip_tracking":false,"_exactmetrics_sitenote_active":false,"_exactmetrics_sitenote_note":"","_exactmetrics_sitenote_category":0,"footnotes":""},"categories":[7,9],"tags":[],"yoast_head":"<!-- This site is optimized with the Yoast SEO plugin v22.0 - https:\/\/yoast.com\/wordpress\/plugins\/seo\/ -->\n<title>Para\u00edba sedia evento internacional sobre cibercrime e intelig\u00eancia artificial - Pol\u00edcia Militar da Para\u00edba<\/title>\n<meta name=\"description\" content=\"A PMPB ter\u00e1 destaque mostrando as boas pr\u00e1ticas em compliance de tecnologia da informa\u00e7\u00e3o, gest\u00e3o, governan\u00e7a, intelig\u00eancia de neg\u00f3cios, entre outros.\" \/>\n<meta name=\"robots\" content=\"index, follow, max-snippet:-1, max-image-preview:large, max-video-preview:-1\" \/>\n<link rel=\"canonical\" href=\"https:\/\/www.pm.pb.gov.br\/portal\/2025\/03\/24\/paraiba-sedia-evento-internacional-sobre-cibercrime-e-inteligencia-artificial\/\" \/>\n<meta property=\"og:locale\" content=\"pt_BR\" \/>\n<meta property=\"og:type\" content=\"article\" \/>\n<meta property=\"og:title\" content=\"Para\u00edba sedia evento internacional sobre cibercrime e intelig\u00eancia artificial - Pol\u00edcia Militar da Para\u00edba\" \/>\n<meta property=\"og:description\" content=\"A PMPB ter\u00e1 destaque mostrando as boas pr\u00e1ticas em compliance de tecnologia da informa\u00e7\u00e3o, gest\u00e3o, governan\u00e7a, intelig\u00eancia de neg\u00f3cios, entre outros.\" \/>\n<meta property=\"og:url\" content=\"https:\/\/www.pm.pb.gov.br\/portal\/2025\/03\/24\/paraiba-sedia-evento-internacional-sobre-cibercrime-e-inteligencia-artificial\/\" \/>\n<meta property=\"og:site_name\" content=\"Pol\u00edcia Militar da Para\u00edba\" \/>\n<meta property=\"article:published_time\" content=\"2025-03-24T14:56:33+00:00\" \/>\n<meta property=\"article:modified_time\" content=\"2025-03-24T16:06:40+00:00\" \/>\n<meta property=\"og:image\" content=\"http:\/\/www.pm.pb.gov.br\/portal\/wp-content\/uploads\/2025\/03\/WhatsApp-Image-2025-03-24-at-11.05.07.jpeg\" \/>\n\t<meta property=\"og:image:width\" content=\"1420\" \/>\n\t<meta property=\"og:image:height\" content=\"698\" \/>\n\t<meta property=\"og:image:type\" content=\"image\/jpeg\" \/>\n<meta name=\"author\" content=\"Assessoria de Imprensa da PMPB\" \/>\n<meta name=\"twitter:card\" content=\"summary_large_image\" \/>\n<meta name=\"twitter:label1\" content=\"Escrito por\" \/>\n\t<meta name=\"twitter:data1\" content=\"Assessoria de Imprensa da PMPB\" \/>\n\t<meta name=\"twitter:label2\" content=\"Est. tempo de leitura\" \/>\n\t<meta name=\"twitter:data2\" content=\"2 minutos\" \/>\n<script type=\"application\/ld+json\" class=\"yoast-schema-graph\">{\"@context\":\"https:\/\/schema.org\",\"@graph\":[{\"@type\":\"Article\",\"@id\":\"https:\/\/www.pm.pb.gov.br\/portal\/2025\/03\/24\/paraiba-sedia-evento-internacional-sobre-cibercrime-e-inteligencia-artificial\/#article\",\"isPartOf\":{\"@id\":\"https:\/\/www.pm.pb.gov.br\/portal\/2025\/03\/24\/paraiba-sedia-evento-internacional-sobre-cibercrime-e-inteligencia-artificial\/\"},\"author\":{\"name\":\"Assessoria de Imprensa da PMPB\",\"@id\":\"https:\/\/www.pm.pb.gov.br\/portal\/#\/schema\/person\/e8454f46651c3ecf0e1ba3c1666d9947\"},\"headline\":\"Para\u00edba sedia evento internacional sobre cibercrime e intelig\u00eancia artificial\",\"datePublished\":\"2025-03-24T14:56:33+00:00\",\"dateModified\":\"2025-03-24T16:06:40+00:00\",\"mainEntityOfPage\":{\"@id\":\"https:\/\/www.pm.pb.gov.br\/portal\/2025\/03\/24\/paraiba-sedia-evento-internacional-sobre-cibercrime-e-inteligencia-artificial\/\"},\"wordCount\":286,\"publisher\":{\"@id\":\"https:\/\/www.pm.pb.gov.br\/portal\/#organization\"},\"articleSection\":[\"Desenvolvimento e Tecnologia\",\"Eventos\"],\"inLanguage\":\"pt-BR\"},{\"@type\":\"WebPage\",\"@id\":\"https:\/\/www.pm.pb.gov.br\/portal\/2025\/03\/24\/paraiba-sedia-evento-internacional-sobre-cibercrime-e-inteligencia-artificial\/\",\"url\":\"https:\/\/www.pm.pb.gov.br\/portal\/2025\/03\/24\/paraiba-sedia-evento-internacional-sobre-cibercrime-e-inteligencia-artificial\/\",\"name\":\"Para\u00edba sedia evento internacional sobre cibercrime e intelig\u00eancia artificial - Pol\u00edcia Militar da Para\u00edba\",\"isPartOf\":{\"@id\":\"https:\/\/www.pm.pb.gov.br\/portal\/#website\"},\"datePublished\":\"2025-03-24T14:56:33+00:00\",\"dateModified\":\"2025-03-24T16:06:40+00:00\",\"description\":\"A PMPB ter\u00e1 destaque mostrando as boas pr\u00e1ticas em compliance de tecnologia da informa\u00e7\u00e3o, gest\u00e3o, governan\u00e7a, intelig\u00eancia de neg\u00f3cios, entre outros.\",\"breadcrumb\":{\"@id\":\"https:\/\/www.pm.pb.gov.br\/portal\/2025\/03\/24\/paraiba-sedia-evento-internacional-sobre-cibercrime-e-inteligencia-artificial\/#breadcrumb\"},\"inLanguage\":\"pt-BR\",\"potentialAction\":[{\"@type\":\"ReadAction\",\"target\":[\"https:\/\/www.pm.pb.gov.br\/portal\/2025\/03\/24\/paraiba-sedia-evento-internacional-sobre-cibercrime-e-inteligencia-artificial\/\"]}]},{\"@type\":\"BreadcrumbList\",\"@id\":\"https:\/\/www.pm.pb.gov.br\/portal\/2025\/03\/24\/paraiba-sedia-evento-internacional-sobre-cibercrime-e-inteligencia-artificial\/#breadcrumb\",\"itemListElement\":[{\"@type\":\"ListItem\",\"position\":1,\"name\":\"In\u00edcio\",\"item\":\"https:\/\/www.pm.pb.gov.br\/portal\/\"},{\"@type\":\"ListItem\",\"position\":2,\"name\":\"Para\u00edba sedia evento internacional sobre cibercrime e intelig\u00eancia artificial\"}]},{\"@type\":\"WebSite\",\"@id\":\"https:\/\/www.pm.pb.gov.br\/portal\/#website\",\"url\":\"https:\/\/www.pm.pb.gov.br\/portal\/\",\"name\":\"Pol\u00edcia Militar da Para\u00edba\",\"description\":\"\",\"publisher\":{\"@id\":\"https:\/\/www.pm.pb.gov.br\/portal\/#organization\"},\"potentialAction\":[{\"@type\":\"SearchAction\",\"target\":{\"@type\":\"EntryPoint\",\"urlTemplate\":\"https:\/\/www.pm.pb.gov.br\/portal\/?s={search_term_string}\"},\"query-input\":\"required name=search_term_string\"}],\"inLanguage\":\"pt-BR\"},{\"@type\":\"Organization\",\"@id\":\"https:\/\/www.pm.pb.gov.br\/portal\/#organization\",\"name\":\"Pol\u00edcia Militar da Para\u00edba\",\"url\":\"https:\/\/www.pm.pb.gov.br\/portal\/\",\"logo\":{\"@type\":\"ImageObject\",\"inLanguage\":\"pt-BR\",\"@id\":\"https:\/\/www.pm.pb.gov.br\/portal\/#\/schema\/logo\/image\/\",\"url\":\"https:\/\/www.pm.pb.gov.br\/portal\/wp-content\/uploads\/2025\/03\/cropped-logo-site-mag2-1.png\",\"contentUrl\":\"https:\/\/www.pm.pb.gov.br\/portal\/wp-content\/uploads\/2025\/03\/cropped-logo-site-mag2-1.png\",\"width\":320,\"height\":90,\"caption\":\"Pol\u00edcia Militar da Para\u00edba\"},\"image\":{\"@id\":\"https:\/\/www.pm.pb.gov.br\/portal\/#\/schema\/logo\/image\/\"}},{\"@type\":\"Person\",\"@id\":\"https:\/\/www.pm.pb.gov.br\/portal\/#\/schema\/person\/e8454f46651c3ecf0e1ba3c1666d9947\",\"name\":\"Assessoria de Imprensa da PMPB\",\"image\":{\"@type\":\"ImageObject\",\"inLanguage\":\"pt-BR\",\"@id\":\"https:\/\/www.pm.pb.gov.br\/portal\/#\/schema\/person\/image\/\",\"url\":\"https:\/\/secure.gravatar.com\/avatar\/2efe197438265d1e90bd98c4c8e1acf8?s=96&d=mm&r=g\",\"contentUrl\":\"https:\/\/secure.gravatar.com\/avatar\/2efe197438265d1e90bd98c4c8e1acf8?s=96&d=mm&r=g\",\"caption\":\"Assessoria de Imprensa da PMPB\"},\"url\":\"https:\/\/www.pm.pb.gov.br\/portal\/author\/assessoria\/\"}]}<\/script>\n<!-- \/ Yoast SEO plugin. -->","yoast_head_json":{"title":"Para\u00edba sedia evento internacional sobre cibercrime e intelig\u00eancia artificial - Pol\u00edcia Militar da Para\u00edba","description":"A PMPB ter\u00e1 destaque mostrando as boas pr\u00e1ticas em compliance de tecnologia da informa\u00e7\u00e3o, gest\u00e3o, governan\u00e7a, intelig\u00eancia de neg\u00f3cios, entre outros.","robots":{"index":"index","follow":"follow","max-snippet":"max-snippet:-1","max-image-preview":"max-image-preview:large","max-video-preview":"max-video-preview:-1"},"canonical":"https:\/\/www.pm.pb.gov.br\/portal\/2025\/03\/24\/paraiba-sedia-evento-internacional-sobre-cibercrime-e-inteligencia-artificial\/","og_locale":"pt_BR","og_type":"article","og_title":"Para\u00edba sedia evento internacional sobre cibercrime e intelig\u00eancia artificial - Pol\u00edcia Militar da Para\u00edba","og_description":"A PMPB ter\u00e1 destaque mostrando as boas pr\u00e1ticas em compliance de tecnologia da informa\u00e7\u00e3o, gest\u00e3o, governan\u00e7a, intelig\u00eancia de neg\u00f3cios, entre outros.","og_url":"https:\/\/www.pm.pb.gov.br\/portal\/2025\/03\/24\/paraiba-sedia-evento-internacional-sobre-cibercrime-e-inteligencia-artificial\/","og_site_name":"Pol\u00edcia Militar da Para\u00edba","article_published_time":"2025-03-24T14:56:33+00:00","article_modified_time":"2025-03-24T16:06:40+00:00","og_image":[{"width":1420,"height":698,"url":"http:\/\/www.pm.pb.gov.br\/portal\/wp-content\/uploads\/2025\/03\/WhatsApp-Image-2025-03-24-at-11.05.07.jpeg","type":"image\/jpeg"}],"author":"Assessoria de Imprensa da PMPB","twitter_card":"summary_large_image","twitter_misc":{"Escrito por":"Assessoria de Imprensa da PMPB","Est. tempo de leitura":"2 minutos"},"schema":{"@context":"https:\/\/schema.org","@graph":[{"@type":"Article","@id":"https:\/\/www.pm.pb.gov.br\/portal\/2025\/03\/24\/paraiba-sedia-evento-internacional-sobre-cibercrime-e-inteligencia-artificial\/#article","isPartOf":{"@id":"https:\/\/www.pm.pb.gov.br\/portal\/2025\/03\/24\/paraiba-sedia-evento-internacional-sobre-cibercrime-e-inteligencia-artificial\/"},"author":{"name":"Assessoria de Imprensa da PMPB","@id":"https:\/\/www.pm.pb.gov.br\/portal\/#\/schema\/person\/e8454f46651c3ecf0e1ba3c1666d9947"},"headline":"Para\u00edba sedia evento internacional sobre cibercrime e intelig\u00eancia artificial","datePublished":"2025-03-24T14:56:33+00:00","dateModified":"2025-03-24T16:06:40+00:00","mainEntityOfPage":{"@id":"https:\/\/www.pm.pb.gov.br\/portal\/2025\/03\/24\/paraiba-sedia-evento-internacional-sobre-cibercrime-e-inteligencia-artificial\/"},"wordCount":286,"publisher":{"@id":"https:\/\/www.pm.pb.gov.br\/portal\/#organization"},"articleSection":["Desenvolvimento e Tecnologia","Eventos"],"inLanguage":"pt-BR"},{"@type":"WebPage","@id":"https:\/\/www.pm.pb.gov.br\/portal\/2025\/03\/24\/paraiba-sedia-evento-internacional-sobre-cibercrime-e-inteligencia-artificial\/","url":"https:\/\/www.pm.pb.gov.br\/portal\/2025\/03\/24\/paraiba-sedia-evento-internacional-sobre-cibercrime-e-inteligencia-artificial\/","name":"Para\u00edba sedia evento internacional sobre cibercrime e intelig\u00eancia artificial - Pol\u00edcia Militar da Para\u00edba","isPartOf":{"@id":"https:\/\/www.pm.pb.gov.br\/portal\/#website"},"datePublished":"2025-03-24T14:56:33+00:00","dateModified":"2025-03-24T16:06:40+00:00","description":"A PMPB ter\u00e1 destaque mostrando as boas pr\u00e1ticas em compliance de tecnologia da informa\u00e7\u00e3o, gest\u00e3o, governan\u00e7a, intelig\u00eancia de neg\u00f3cios, entre outros.","breadcrumb":{"@id":"https:\/\/www.pm.pb.gov.br\/portal\/2025\/03\/24\/paraiba-sedia-evento-internacional-sobre-cibercrime-e-inteligencia-artificial\/#breadcrumb"},"inLanguage":"pt-BR","potentialAction":[{"@type":"ReadAction","target":["https:\/\/www.pm.pb.gov.br\/portal\/2025\/03\/24\/paraiba-sedia-evento-internacional-sobre-cibercrime-e-inteligencia-artificial\/"]}]},{"@type":"BreadcrumbList","@id":"https:\/\/www.pm.pb.gov.br\/portal\/2025\/03\/24\/paraiba-sedia-evento-internacional-sobre-cibercrime-e-inteligencia-artificial\/#breadcrumb","itemListElement":[{"@type":"ListItem","position":1,"name":"In\u00edcio","item":"https:\/\/www.pm.pb.gov.br\/portal\/"},{"@type":"ListItem","position":2,"name":"Para\u00edba sedia evento internacional sobre cibercrime e intelig\u00eancia artificial"}]},{"@type":"WebSite","@id":"https:\/\/www.pm.pb.gov.br\/portal\/#website","url":"https:\/\/www.pm.pb.gov.br\/portal\/","name":"Pol\u00edcia Militar da Para\u00edba","description":"","publisher":{"@id":"https:\/\/www.pm.pb.gov.br\/portal\/#organization"},"potentialAction":[{"@type":"SearchAction","target":{"@type":"EntryPoint","urlTemplate":"https:\/\/www.pm.pb.gov.br\/portal\/?s={search_term_string}"},"query-input":"required name=search_term_string"}],"inLanguage":"pt-BR"},{"@type":"Organization","@id":"https:\/\/www.pm.pb.gov.br\/portal\/#organization","name":"Pol\u00edcia Militar da Para\u00edba","url":"https:\/\/www.pm.pb.gov.br\/portal\/","logo":{"@type":"ImageObject","inLanguage":"pt-BR","@id":"https:\/\/www.pm.pb.gov.br\/portal\/#\/schema\/logo\/image\/","url":"https:\/\/www.pm.pb.gov.br\/portal\/wp-content\/uploads\/2025\/03\/cropped-logo-site-mag2-1.png","contentUrl":"https:\/\/www.pm.pb.gov.br\/portal\/wp-content\/uploads\/2025\/03\/cropped-logo-site-mag2-1.png","width":320,"height":90,"caption":"Pol\u00edcia Militar da Para\u00edba"},"image":{"@id":"https:\/\/www.pm.pb.gov.br\/portal\/#\/schema\/logo\/image\/"}},{"@type":"Person","@id":"https:\/\/www.pm.pb.gov.br\/portal\/#\/schema\/person\/e8454f46651c3ecf0e1ba3c1666d9947","name":"Assessoria de Imprensa da PMPB","image":{"@type":"ImageObject","inLanguage":"pt-BR","@id":"https:\/\/www.pm.pb.gov.br\/portal\/#\/schema\/person\/image\/","url":"https:\/\/secure.gravatar.com\/avatar\/2efe197438265d1e90bd98c4c8e1acf8?s=96&d=mm&r=g","contentUrl":"https:\/\/secure.gravatar.com\/avatar\/2efe197438265d1e90bd98c4c8e1acf8?s=96&d=mm&r=g","caption":"Assessoria de Imprensa da PMPB"},"url":"https:\/\/www.pm.pb.gov.br\/portal\/author\/assessoria\/"}]}},"_links":{"self":[{"href":"https:\/\/www.pm.pb.gov.br\/portal\/wp-json\/wp\/v2\/posts\/926196"}],"collection":[{"href":"https:\/\/www.pm.pb.gov.br\/portal\/wp-json\/wp\/v2\/posts"}],"about":[{"href":"https:\/\/www.pm.pb.gov.br\/portal\/wp-json\/wp\/v2\/types\/post"}],"author":[{"embeddable":true,"href":"https:\/\/www.pm.pb.gov.br\/portal\/wp-json\/wp\/v2\/users\/5"}],"replies":[{"embeddable":true,"href":"https:\/\/www.pm.pb.gov.br\/portal\/wp-json\/wp\/v2\/comments?post=926196"}],"version-history":[{"count":2,"href":"https:\/\/www.pm.pb.gov.br\/portal\/wp-json\/wp\/v2\/posts\/926196\/revisions"}],"predecessor-version":[{"id":926200,"href":"https:\/\/www.pm.pb.gov.br\/portal\/wp-json\/wp\/v2\/posts\/926196\/revisions\/926200"}],"wp:featuredmedia":[{"embeddable":true,"href":"https:\/\/www.pm.pb.gov.br\/portal\/wp-json\/wp\/v2\/media\/926198"}],"wp:attachment":[{"href":"https:\/\/www.pm.pb.gov.br\/portal\/wp-json\/wp\/v2\/media?parent=926196"}],"wp:term":[{"taxonomy":"category","embeddable":true,"href":"https:\/\/www.pm.pb.gov.br\/portal\/wp-json\/wp\/v2\/categories?post=926196"},{"taxonomy":"post_tag","embeddable":true,"href":"https:\/\/www.pm.pb.gov.br\/portal\/wp-json\/wp\/v2\/tags?post=926196"}],"curies":[{"name":"wp","href":"https:\/\/api.w.org\/{rel}","templated":true}]}}