{"id":926034,"date":"2025-03-11T15:28:51","date_gmt":"2025-03-11T18:28:51","guid":{"rendered":"https:\/\/www.pm.pb.gov.br\/portal\/?p=926034"},"modified":"2025-03-11T15:28:53","modified_gmt":"2025-03-11T18:28:53","slug":"prisao-qualificada-homicida-que-agiu-em-sao-paulo-e-preso-na-paraiba","status":"publish","type":"post","link":"https:\/\/www.pm.pb.gov.br\/portal\/2025\/03\/11\/prisao-qualificada-homicida-que-agiu-em-sao-paulo-e-preso-na-paraiba\/","title":{"rendered":"PRIS\u00c3O QUALIFICADA: Homicida que agiu em S\u00e3o Paulo \u00e9 preso na Para\u00edba"},"content":{"rendered":"\n<p>Na manh\u00e3 desta ter\u00e7a-feira em Campina Grande (11), a Pol\u00edcia Militar atrav\u00e9s do Comando de Opera\u00e7\u00f5es Especiais Policiais, no \u00e2mbito da Rede Nacional de Opera\u00e7\u00f5es Ostensivas Especializadas (RENOE) da SENASP &#8211; MJ realizou, por meio do GEOsAC, a captura de um homem de 49 anos de idade, foragido da Justi\u00e7a do Estado de S\u00e3o Paulo, com mandado de pris\u00e3o pelo crime de homic\u00eddio em Diadema. Ele \u00e9 considerado alvo de relev\u00e2ncia para a seguran\u00e7a p\u00fablica.<\/p>\n<p>Consta tamb\u00e9m contra o preso v\u00e1rios crimes em ju\u00edzo, como homic\u00eddio, roubo qualificado nas Comarcas de Diadema e S\u00e3o Bernardo do Campo, e de j\u00e1 haver cumprido medida restritiva de liberdade pelo crime de tr\u00e1fico de drogas.<\/p>\n","protected":false},"excerpt":{"rendered":"<p>Na manh\u00e3 desta ter\u00e7a-feira em Campina Grande (11), a Pol\u00edcia Militar atrav\u00e9s do Comando de Opera\u00e7\u00f5es Especiais Policiais, no \u00e2mbito<\/p>\n","protected":false},"author":5,"featured_media":926033,"comment_status":"closed","ping_status":"closed","sticky":false,"template":"","format":"standard","meta":{"_exactmetrics_skip_tracking":false,"_exactmetrics_sitenote_active":false,"_exactmetrics_sitenote_note":"","_exactmetrics_sitenote_category":0,"footnotes":""},"categories":[4],"tags":[],"yoast_head":"<!-- This site is optimized with the Yoast SEO plugin v22.0 - https:\/\/yoast.com\/wordpress\/plugins\/seo\/ -->\n<title>PRIS\u00c3O QUALIFICADA: Homicida que agiu em S\u00e3o Paulo \u00e9 preso na Para\u00edba - Pol\u00edcia Militar da Para\u00edba<\/title>\n<meta name=\"robots\" content=\"index, follow, max-snippet:-1, max-image-preview:large, max-video-preview:-1\" \/>\n<link rel=\"canonical\" href=\"https:\/\/www.pm.pb.gov.br\/portal\/2025\/03\/11\/prisao-qualificada-homicida-que-agiu-em-sao-paulo-e-preso-na-paraiba\/\" \/>\n<meta property=\"og:locale\" content=\"pt_BR\" \/>\n<meta property=\"og:type\" content=\"article\" \/>\n<meta property=\"og:title\" content=\"PRIS\u00c3O QUALIFICADA: Homicida que agiu em S\u00e3o Paulo \u00e9 preso na Para\u00edba - Pol\u00edcia Militar da Para\u00edba\" \/>\n<meta property=\"og:description\" content=\"Na manh\u00e3 desta ter\u00e7a-feira em Campina Grande (11), a Pol\u00edcia Militar atrav\u00e9s do Comando de Opera\u00e7\u00f5es Especiais Policiais, no \u00e2mbito\" \/>\n<meta property=\"og:url\" content=\"https:\/\/www.pm.pb.gov.br\/portal\/2025\/03\/11\/prisao-qualificada-homicida-que-agiu-em-sao-paulo-e-preso-na-paraiba\/\" \/>\n<meta property=\"og:site_name\" content=\"Pol\u00edcia Militar da Para\u00edba\" \/>\n<meta property=\"article:published_time\" content=\"2025-03-11T18:28:51+00:00\" \/>\n<meta property=\"article:modified_time\" content=\"2025-03-11T18:28:53+00:00\" \/>\n<meta property=\"og:image\" content=\"http:\/\/www.pm.pb.gov.br\/portal\/wp-content\/uploads\/2025\/03\/geosacilustrativa.jpeg\" \/>\n\t<meta property=\"og:image:width\" content=\"800\" \/>\n\t<meta property=\"og:image:height\" content=\"445\" \/>\n\t<meta property=\"og:image:type\" content=\"image\/jpeg\" \/>\n<meta name=\"author\" content=\"Assessoria de Imprensa da PMPB\" \/>\n<meta name=\"twitter:card\" content=\"summary_large_image\" \/>\n<meta name=\"twitter:label1\" content=\"Escrito por\" \/>\n\t<meta name=\"twitter:data1\" content=\"Assessoria de Imprensa da PMPB\" \/>\n\t<meta name=\"twitter:label2\" content=\"Est. tempo de leitura\" \/>\n\t<meta name=\"twitter:data2\" content=\"1 minuto\" \/>\n<script type=\"application\/ld+json\" class=\"yoast-schema-graph\">{\"@context\":\"https:\/\/schema.org\",\"@graph\":[{\"@type\":\"Article\",\"@id\":\"https:\/\/www.pm.pb.gov.br\/portal\/2025\/03\/11\/prisao-qualificada-homicida-que-agiu-em-sao-paulo-e-preso-na-paraiba\/#article\",\"isPartOf\":{\"@id\":\"https:\/\/www.pm.pb.gov.br\/portal\/2025\/03\/11\/prisao-qualificada-homicida-que-agiu-em-sao-paulo-e-preso-na-paraiba\/\"},\"author\":{\"name\":\"Assessoria de Imprensa da PMPB\",\"@id\":\"https:\/\/www.pm.pb.gov.br\/portal\/#\/schema\/person\/e8454f46651c3ecf0e1ba3c1666d9947\"},\"headline\":\"PRIS\u00c3O QUALIFICADA: Homicida que agiu em S\u00e3o Paulo \u00e9 preso na Para\u00edba\",\"datePublished\":\"2025-03-11T18:28:51+00:00\",\"dateModified\":\"2025-03-11T18:28:53+00:00\",\"mainEntityOfPage\":{\"@id\":\"https:\/\/www.pm.pb.gov.br\/portal\/2025\/03\/11\/prisao-qualificada-homicida-que-agiu-em-sao-paulo-e-preso-na-paraiba\/\"},\"wordCount\":141,\"publisher\":{\"@id\":\"https:\/\/www.pm.pb.gov.br\/portal\/#organization\"},\"articleSection\":[\"A\u00e7\u00f5es Policiais\"],\"inLanguage\":\"pt-BR\"},{\"@type\":\"WebPage\",\"@id\":\"https:\/\/www.pm.pb.gov.br\/portal\/2025\/03\/11\/prisao-qualificada-homicida-que-agiu-em-sao-paulo-e-preso-na-paraiba\/\",\"url\":\"https:\/\/www.pm.pb.gov.br\/portal\/2025\/03\/11\/prisao-qualificada-homicida-que-agiu-em-sao-paulo-e-preso-na-paraiba\/\",\"name\":\"PRIS\u00c3O QUALIFICADA: Homicida que agiu em S\u00e3o Paulo \u00e9 preso na Para\u00edba - Pol\u00edcia Militar da Para\u00edba\",\"isPartOf\":{\"@id\":\"https:\/\/www.pm.pb.gov.br\/portal\/#website\"},\"datePublished\":\"2025-03-11T18:28:51+00:00\",\"dateModified\":\"2025-03-11T18:28:53+00:00\",\"breadcrumb\":{\"@id\":\"https:\/\/www.pm.pb.gov.br\/portal\/2025\/03\/11\/prisao-qualificada-homicida-que-agiu-em-sao-paulo-e-preso-na-paraiba\/#breadcrumb\"},\"inLanguage\":\"pt-BR\",\"potentialAction\":[{\"@type\":\"ReadAction\",\"target\":[\"https:\/\/www.pm.pb.gov.br\/portal\/2025\/03\/11\/prisao-qualificada-homicida-que-agiu-em-sao-paulo-e-preso-na-paraiba\/\"]}]},{\"@type\":\"BreadcrumbList\",\"@id\":\"https:\/\/www.pm.pb.gov.br\/portal\/2025\/03\/11\/prisao-qualificada-homicida-que-agiu-em-sao-paulo-e-preso-na-paraiba\/#breadcrumb\",\"itemListElement\":[{\"@type\":\"ListItem\",\"position\":1,\"name\":\"In\u00edcio\",\"item\":\"https:\/\/www.pm.pb.gov.br\/portal\/\"},{\"@type\":\"ListItem\",\"position\":2,\"name\":\"PRIS\u00c3O QUALIFICADA: Homicida que agiu em S\u00e3o Paulo \u00e9 preso na Para\u00edba\"}]},{\"@type\":\"WebSite\",\"@id\":\"https:\/\/www.pm.pb.gov.br\/portal\/#website\",\"url\":\"https:\/\/www.pm.pb.gov.br\/portal\/\",\"name\":\"Pol\u00edcia Militar da Para\u00edba\",\"description\":\"\",\"publisher\":{\"@id\":\"https:\/\/www.pm.pb.gov.br\/portal\/#organization\"},\"potentialAction\":[{\"@type\":\"SearchAction\",\"target\":{\"@type\":\"EntryPoint\",\"urlTemplate\":\"https:\/\/www.pm.pb.gov.br\/portal\/?s={search_term_string}\"},\"query-input\":\"required name=search_term_string\"}],\"inLanguage\":\"pt-BR\"},{\"@type\":\"Organization\",\"@id\":\"https:\/\/www.pm.pb.gov.br\/portal\/#organization\",\"name\":\"Pol\u00edcia Militar da Para\u00edba\",\"url\":\"https:\/\/www.pm.pb.gov.br\/portal\/\",\"logo\":{\"@type\":\"ImageObject\",\"inLanguage\":\"pt-BR\",\"@id\":\"https:\/\/www.pm.pb.gov.br\/portal\/#\/schema\/logo\/image\/\",\"url\":\"https:\/\/www.pm.pb.gov.br\/portal\/wp-content\/uploads\/2025\/03\/cropped-logo-site-mag2-1.png\",\"contentUrl\":\"https:\/\/www.pm.pb.gov.br\/portal\/wp-content\/uploads\/2025\/03\/cropped-logo-site-mag2-1.png\",\"width\":320,\"height\":90,\"caption\":\"Pol\u00edcia Militar da Para\u00edba\"},\"image\":{\"@id\":\"https:\/\/www.pm.pb.gov.br\/portal\/#\/schema\/logo\/image\/\"}},{\"@type\":\"Person\",\"@id\":\"https:\/\/www.pm.pb.gov.br\/portal\/#\/schema\/person\/e8454f46651c3ecf0e1ba3c1666d9947\",\"name\":\"Assessoria de Imprensa da PMPB\",\"image\":{\"@type\":\"ImageObject\",\"inLanguage\":\"pt-BR\",\"@id\":\"https:\/\/www.pm.pb.gov.br\/portal\/#\/schema\/person\/image\/\",\"url\":\"https:\/\/secure.gravatar.com\/avatar\/2efe197438265d1e90bd98c4c8e1acf8?s=96&d=mm&r=g\",\"contentUrl\":\"https:\/\/secure.gravatar.com\/avatar\/2efe197438265d1e90bd98c4c8e1acf8?s=96&d=mm&r=g\",\"caption\":\"Assessoria de Imprensa da PMPB\"},\"url\":\"https:\/\/www.pm.pb.gov.br\/portal\/author\/assessoria\/\"}]}<\/script>\n<!-- \/ Yoast SEO plugin. -->","yoast_head_json":{"title":"PRIS\u00c3O QUALIFICADA: Homicida que agiu em S\u00e3o Paulo \u00e9 preso na Para\u00edba - Pol\u00edcia Militar da Para\u00edba","robots":{"index":"index","follow":"follow","max-snippet":"max-snippet:-1","max-image-preview":"max-image-preview:large","max-video-preview":"max-video-preview:-1"},"canonical":"https:\/\/www.pm.pb.gov.br\/portal\/2025\/03\/11\/prisao-qualificada-homicida-que-agiu-em-sao-paulo-e-preso-na-paraiba\/","og_locale":"pt_BR","og_type":"article","og_title":"PRIS\u00c3O QUALIFICADA: Homicida que agiu em S\u00e3o Paulo \u00e9 preso na Para\u00edba - Pol\u00edcia Militar da Para\u00edba","og_description":"Na manh\u00e3 desta ter\u00e7a-feira em Campina Grande (11), a Pol\u00edcia Militar atrav\u00e9s do Comando de Opera\u00e7\u00f5es Especiais Policiais, no \u00e2mbito","og_url":"https:\/\/www.pm.pb.gov.br\/portal\/2025\/03\/11\/prisao-qualificada-homicida-que-agiu-em-sao-paulo-e-preso-na-paraiba\/","og_site_name":"Pol\u00edcia Militar da Para\u00edba","article_published_time":"2025-03-11T18:28:51+00:00","article_modified_time":"2025-03-11T18:28:53+00:00","og_image":[{"width":800,"height":445,"url":"http:\/\/www.pm.pb.gov.br\/portal\/wp-content\/uploads\/2025\/03\/geosacilustrativa.jpeg","type":"image\/jpeg"}],"author":"Assessoria de Imprensa da PMPB","twitter_card":"summary_large_image","twitter_misc":{"Escrito por":"Assessoria de Imprensa da PMPB","Est. tempo de leitura":"1 minuto"},"schema":{"@context":"https:\/\/schema.org","@graph":[{"@type":"Article","@id":"https:\/\/www.pm.pb.gov.br\/portal\/2025\/03\/11\/prisao-qualificada-homicida-que-agiu-em-sao-paulo-e-preso-na-paraiba\/#article","isPartOf":{"@id":"https:\/\/www.pm.pb.gov.br\/portal\/2025\/03\/11\/prisao-qualificada-homicida-que-agiu-em-sao-paulo-e-preso-na-paraiba\/"},"author":{"name":"Assessoria de Imprensa da PMPB","@id":"https:\/\/www.pm.pb.gov.br\/portal\/#\/schema\/person\/e8454f46651c3ecf0e1ba3c1666d9947"},"headline":"PRIS\u00c3O QUALIFICADA: Homicida que agiu em S\u00e3o Paulo \u00e9 preso na Para\u00edba","datePublished":"2025-03-11T18:28:51+00:00","dateModified":"2025-03-11T18:28:53+00:00","mainEntityOfPage":{"@id":"https:\/\/www.pm.pb.gov.br\/portal\/2025\/03\/11\/prisao-qualificada-homicida-que-agiu-em-sao-paulo-e-preso-na-paraiba\/"},"wordCount":141,"publisher":{"@id":"https:\/\/www.pm.pb.gov.br\/portal\/#organization"},"articleSection":["A\u00e7\u00f5es Policiais"],"inLanguage":"pt-BR"},{"@type":"WebPage","@id":"https:\/\/www.pm.pb.gov.br\/portal\/2025\/03\/11\/prisao-qualificada-homicida-que-agiu-em-sao-paulo-e-preso-na-paraiba\/","url":"https:\/\/www.pm.pb.gov.br\/portal\/2025\/03\/11\/prisao-qualificada-homicida-que-agiu-em-sao-paulo-e-preso-na-paraiba\/","name":"PRIS\u00c3O QUALIFICADA: Homicida que agiu em S\u00e3o Paulo \u00e9 preso na Para\u00edba - Pol\u00edcia Militar da Para\u00edba","isPartOf":{"@id":"https:\/\/www.pm.pb.gov.br\/portal\/#website"},"datePublished":"2025-03-11T18:28:51+00:00","dateModified":"2025-03-11T18:28:53+00:00","breadcrumb":{"@id":"https:\/\/www.pm.pb.gov.br\/portal\/2025\/03\/11\/prisao-qualificada-homicida-que-agiu-em-sao-paulo-e-preso-na-paraiba\/#breadcrumb"},"inLanguage":"pt-BR","potentialAction":[{"@type":"ReadAction","target":["https:\/\/www.pm.pb.gov.br\/portal\/2025\/03\/11\/prisao-qualificada-homicida-que-agiu-em-sao-paulo-e-preso-na-paraiba\/"]}]},{"@type":"BreadcrumbList","@id":"https:\/\/www.pm.pb.gov.br\/portal\/2025\/03\/11\/prisao-qualificada-homicida-que-agiu-em-sao-paulo-e-preso-na-paraiba\/#breadcrumb","itemListElement":[{"@type":"ListItem","position":1,"name":"In\u00edcio","item":"https:\/\/www.pm.pb.gov.br\/portal\/"},{"@type":"ListItem","position":2,"name":"PRIS\u00c3O QUALIFICADA: Homicida que agiu em S\u00e3o Paulo \u00e9 preso na Para\u00edba"}]},{"@type":"WebSite","@id":"https:\/\/www.pm.pb.gov.br\/portal\/#website","url":"https:\/\/www.pm.pb.gov.br\/portal\/","name":"Pol\u00edcia Militar da Para\u00edba","description":"","publisher":{"@id":"https:\/\/www.pm.pb.gov.br\/portal\/#organization"},"potentialAction":[{"@type":"SearchAction","target":{"@type":"EntryPoint","urlTemplate":"https:\/\/www.pm.pb.gov.br\/portal\/?s={search_term_string}"},"query-input":"required name=search_term_string"}],"inLanguage":"pt-BR"},{"@type":"Organization","@id":"https:\/\/www.pm.pb.gov.br\/portal\/#organization","name":"Pol\u00edcia Militar da Para\u00edba","url":"https:\/\/www.pm.pb.gov.br\/portal\/","logo":{"@type":"ImageObject","inLanguage":"pt-BR","@id":"https:\/\/www.pm.pb.gov.br\/portal\/#\/schema\/logo\/image\/","url":"https:\/\/www.pm.pb.gov.br\/portal\/wp-content\/uploads\/2025\/03\/cropped-logo-site-mag2-1.png","contentUrl":"https:\/\/www.pm.pb.gov.br\/portal\/wp-content\/uploads\/2025\/03\/cropped-logo-site-mag2-1.png","width":320,"height":90,"caption":"Pol\u00edcia Militar da Para\u00edba"},"image":{"@id":"https:\/\/www.pm.pb.gov.br\/portal\/#\/schema\/logo\/image\/"}},{"@type":"Person","@id":"https:\/\/www.pm.pb.gov.br\/portal\/#\/schema\/person\/e8454f46651c3ecf0e1ba3c1666d9947","name":"Assessoria de Imprensa da PMPB","image":{"@type":"ImageObject","inLanguage":"pt-BR","@id":"https:\/\/www.pm.pb.gov.br\/portal\/#\/schema\/person\/image\/","url":"https:\/\/secure.gravatar.com\/avatar\/2efe197438265d1e90bd98c4c8e1acf8?s=96&d=mm&r=g","contentUrl":"https:\/\/secure.gravatar.com\/avatar\/2efe197438265d1e90bd98c4c8e1acf8?s=96&d=mm&r=g","caption":"Assessoria de Imprensa da PMPB"},"url":"https:\/\/www.pm.pb.gov.br\/portal\/author\/assessoria\/"}]}},"_links":{"self":[{"href":"https:\/\/www.pm.pb.gov.br\/portal\/wp-json\/wp\/v2\/posts\/926034"}],"collection":[{"href":"https:\/\/www.pm.pb.gov.br\/portal\/wp-json\/wp\/v2\/posts"}],"about":[{"href":"https:\/\/www.pm.pb.gov.br\/portal\/wp-json\/wp\/v2\/types\/post"}],"author":[{"embeddable":true,"href":"https:\/\/www.pm.pb.gov.br\/portal\/wp-json\/wp\/v2\/users\/5"}],"replies":[{"embeddable":true,"href":"https:\/\/www.pm.pb.gov.br\/portal\/wp-json\/wp\/v2\/comments?post=926034"}],"version-history":[{"count":1,"href":"https:\/\/www.pm.pb.gov.br\/portal\/wp-json\/wp\/v2\/posts\/926034\/revisions"}],"predecessor-version":[{"id":926035,"href":"https:\/\/www.pm.pb.gov.br\/portal\/wp-json\/wp\/v2\/posts\/926034\/revisions\/926035"}],"wp:featuredmedia":[{"embeddable":true,"href":"https:\/\/www.pm.pb.gov.br\/portal\/wp-json\/wp\/v2\/media\/926033"}],"wp:attachment":[{"href":"https:\/\/www.pm.pb.gov.br\/portal\/wp-json\/wp\/v2\/media?parent=926034"}],"wp:term":[{"taxonomy":"category","embeddable":true,"href":"https:\/\/www.pm.pb.gov.br\/portal\/wp-json\/wp\/v2\/categories?post=926034"},{"taxonomy":"post_tag","embeddable":true,"href":"https:\/\/www.pm.pb.gov.br\/portal\/wp-json\/wp\/v2\/tags?post=926034"}],"curies":[{"name":"wp","href":"https:\/\/api.w.org\/{rel}","templated":true}]}}