{"id":925942,"date":"2025-03-06T12:14:32","date_gmt":"2025-03-06T15:14:32","guid":{"rendered":"https:\/\/www.pm.pb.gov.br\/portal\/?p=925942"},"modified":"2025-03-06T12:14:35","modified_gmt":"2025-03-06T15:14:35","slug":"policia-militar-prende-dupla-acusada-de-assaltar-posto-de-combustivel","status":"publish","type":"post","link":"https:\/\/www.pm.pb.gov.br\/portal\/2025\/03\/06\/policia-militar-prende-dupla-acusada-de-assaltar-posto-de-combustivel\/","title":{"rendered":"Pol\u00edcia Militar prende dupla acusada de assaltar posto de combust\u00edvel"},"content":{"rendered":"\n<p>A Pol\u00edcia Militar frustrou dois assaltantes ap\u00f3s um roubo em um posto de combust\u00edvel, no bairro Esplanada, em Jo\u00e3o Pessoa. A pris\u00e3o aconteceu na madrugada desta quinta-feira (06), resultando ainda na apreens\u00e3o de uma arma de fogo (foto acima ilustrativa).<\/p>\n<p>A dupla de acusados tentou fugir mas foi flagrada pelos policiais da For\u00e7a T\u00e1tica do 5\u00ba Batalh\u00e3o. Entre os acusados, um deles j\u00e1 havia sido apreendido quando era adolescente por ato infracional an\u00e1logo ao porte de arma. A pris\u00e3o dos acusados aconteceu no bairro do Ernesto Geisel. A arma usada no crime, uma espingarda de fabrica\u00e7\u00e3o caseira, foi apreendida e o dinheiro foi recuperado (foto abaixo).<\/p>\n<p><img loading=\"lazy\" decoding=\"async\" class=\"size-medium wp-image-925943 aligncenter\" src=\"http:\/\/www.pm.pb.gov.br\/portal\/wp-content\/uploads\/2025\/03\/WhatsApp-Image-2025-03-06-at-09.36.13-593x445.jpeg\" alt=\"\" width=\"593\" height=\"445\" srcset=\"https:\/\/www.pm.pb.gov.br\/portal\/wp-content\/uploads\/2025\/03\/WhatsApp-Image-2025-03-06-at-09.36.13-593x445.jpeg 593w, https:\/\/www.pm.pb.gov.br\/portal\/wp-content\/uploads\/2025\/03\/WhatsApp-Image-2025-03-06-at-09.36.13-760x570.jpeg 760w, https:\/\/www.pm.pb.gov.br\/portal\/wp-content\/uploads\/2025\/03\/WhatsApp-Image-2025-03-06-at-09.36.13-768x576.jpeg 768w, https:\/\/www.pm.pb.gov.br\/portal\/wp-content\/uploads\/2025\/03\/WhatsApp-Image-2025-03-06-at-09.36.13.jpeg 1280w\" sizes=\"(max-width: 593px) 100vw, 593px\" \/><\/p>\n<p>Em fevereiro, 44 armas de fogo foram apreendidas na zona sul de Jo\u00e3o Pessoa, na \u00e1rea de atua\u00e7\u00e3o do 5\u00ba Batalh\u00e3o. As apreens\u00f5es frustraram novos delitos.<\/p>\n","protected":false},"excerpt":{"rendered":"<p>A Pol\u00edcia Militar frustrou dois assaltantes ap\u00f3s um roubo em um posto de combust\u00edvel, no bairro Esplanada, em Jo\u00e3o Pessoa.<\/p>\n","protected":false},"author":12,"featured_media":924211,"comment_status":"closed","ping_status":"closed","sticky":false,"template":"","format":"standard","meta":{"_exactmetrics_skip_tracking":false,"_exactmetrics_sitenote_active":false,"_exactmetrics_sitenote_note":"","_exactmetrics_sitenote_category":0,"footnotes":""},"categories":[4],"tags":[],"yoast_head":"<!-- This site is optimized with the Yoast SEO plugin v22.0 - https:\/\/yoast.com\/wordpress\/plugins\/seo\/ -->\n<title>Pol\u00edcia Militar prende dupla acusada de assaltar posto de combust\u00edvel - Pol\u00edcia Militar da Para\u00edba<\/title>\n<meta name=\"description\" content=\"Em fevereiro, 44 armas de fogo foram apreendidas na zona sul de Jo\u00e3o Pessoa; dupla foi presa no Ernesto Geisel.\" \/>\n<meta name=\"robots\" content=\"index, follow, max-snippet:-1, max-image-preview:large, max-video-preview:-1\" \/>\n<link rel=\"canonical\" href=\"https:\/\/www.pm.pb.gov.br\/portal\/2025\/03\/06\/policia-militar-prende-dupla-acusada-de-assaltar-posto-de-combustivel\/\" \/>\n<meta property=\"og:locale\" content=\"pt_BR\" \/>\n<meta property=\"og:type\" content=\"article\" \/>\n<meta property=\"og:title\" content=\"Pol\u00edcia Militar prende dupla acusada de assaltar posto de combust\u00edvel - Pol\u00edcia Militar da Para\u00edba\" \/>\n<meta property=\"og:description\" content=\"Em fevereiro, 44 armas de fogo foram apreendidas na zona sul de Jo\u00e3o Pessoa; dupla foi presa no Ernesto Geisel.\" \/>\n<meta property=\"og:url\" content=\"https:\/\/www.pm.pb.gov.br\/portal\/2025\/03\/06\/policia-militar-prende-dupla-acusada-de-assaltar-posto-de-combustivel\/\" \/>\n<meta property=\"og:site_name\" content=\"Pol\u00edcia Militar da Para\u00edba\" \/>\n<meta property=\"article:published_time\" content=\"2025-03-06T15:14:32+00:00\" \/>\n<meta property=\"article:modified_time\" content=\"2025-03-06T15:14:35+00:00\" \/>\n<meta property=\"og:image\" content=\"http:\/\/www.pm.pb.gov.br\/portal\/wp-content\/uploads\/2024\/09\/ft5bpm.jpeg\" \/>\n\t<meta property=\"og:image:width\" content=\"800\" \/>\n\t<meta property=\"og:image:height\" content=\"445\" \/>\n\t<meta property=\"og:image:type\" content=\"image\/jpeg\" \/>\n<meta name=\"author\" content=\"Tarcisio Oliveira\" \/>\n<meta name=\"twitter:card\" content=\"summary_large_image\" \/>\n<meta name=\"twitter:label1\" content=\"Escrito por\" \/>\n\t<meta name=\"twitter:data1\" content=\"Tarcisio Oliveira\" \/>\n\t<meta name=\"twitter:label2\" content=\"Est. tempo de leitura\" \/>\n\t<meta name=\"twitter:data2\" content=\"2 minutos\" \/>\n<script type=\"application\/ld+json\" class=\"yoast-schema-graph\">{\"@context\":\"https:\/\/schema.org\",\"@graph\":[{\"@type\":\"Article\",\"@id\":\"https:\/\/www.pm.pb.gov.br\/portal\/2025\/03\/06\/policia-militar-prende-dupla-acusada-de-assaltar-posto-de-combustivel\/#article\",\"isPartOf\":{\"@id\":\"https:\/\/www.pm.pb.gov.br\/portal\/2025\/03\/06\/policia-militar-prende-dupla-acusada-de-assaltar-posto-de-combustivel\/\"},\"author\":{\"name\":\"Tarcisio Oliveira\",\"@id\":\"https:\/\/www.pm.pb.gov.br\/portal\/#\/schema\/person\/f84f56dcc78ce4357054da888b8247fd\"},\"headline\":\"Pol\u00edcia Militar prende dupla acusada de assaltar posto de combust\u00edvel\",\"datePublished\":\"2025-03-06T15:14:32+00:00\",\"dateModified\":\"2025-03-06T15:14:35+00:00\",\"mainEntityOfPage\":{\"@id\":\"https:\/\/www.pm.pb.gov.br\/portal\/2025\/03\/06\/policia-militar-prende-dupla-acusada-de-assaltar-posto-de-combustivel\/\"},\"wordCount\":156,\"publisher\":{\"@id\":\"https:\/\/www.pm.pb.gov.br\/portal\/#organization\"},\"articleSection\":[\"A\u00e7\u00f5es Policiais\"],\"inLanguage\":\"pt-BR\"},{\"@type\":\"WebPage\",\"@id\":\"https:\/\/www.pm.pb.gov.br\/portal\/2025\/03\/06\/policia-militar-prende-dupla-acusada-de-assaltar-posto-de-combustivel\/\",\"url\":\"https:\/\/www.pm.pb.gov.br\/portal\/2025\/03\/06\/policia-militar-prende-dupla-acusada-de-assaltar-posto-de-combustivel\/\",\"name\":\"Pol\u00edcia Militar prende dupla acusada de assaltar posto de combust\u00edvel - Pol\u00edcia Militar da Para\u00edba\",\"isPartOf\":{\"@id\":\"https:\/\/www.pm.pb.gov.br\/portal\/#website\"},\"datePublished\":\"2025-03-06T15:14:32+00:00\",\"dateModified\":\"2025-03-06T15:14:35+00:00\",\"description\":\"Em fevereiro, 44 armas de fogo foram apreendidas na zona sul de Jo\u00e3o Pessoa; dupla foi presa no Ernesto Geisel.\",\"breadcrumb\":{\"@id\":\"https:\/\/www.pm.pb.gov.br\/portal\/2025\/03\/06\/policia-militar-prende-dupla-acusada-de-assaltar-posto-de-combustivel\/#breadcrumb\"},\"inLanguage\":\"pt-BR\",\"potentialAction\":[{\"@type\":\"ReadAction\",\"target\":[\"https:\/\/www.pm.pb.gov.br\/portal\/2025\/03\/06\/policia-militar-prende-dupla-acusada-de-assaltar-posto-de-combustivel\/\"]}]},{\"@type\":\"BreadcrumbList\",\"@id\":\"https:\/\/www.pm.pb.gov.br\/portal\/2025\/03\/06\/policia-militar-prende-dupla-acusada-de-assaltar-posto-de-combustivel\/#breadcrumb\",\"itemListElement\":[{\"@type\":\"ListItem\",\"position\":1,\"name\":\"In\u00edcio\",\"item\":\"https:\/\/www.pm.pb.gov.br\/portal\/\"},{\"@type\":\"ListItem\",\"position\":2,\"name\":\"Pol\u00edcia Militar prende dupla acusada de assaltar posto de combust\u00edvel\"}]},{\"@type\":\"WebSite\",\"@id\":\"https:\/\/www.pm.pb.gov.br\/portal\/#website\",\"url\":\"https:\/\/www.pm.pb.gov.br\/portal\/\",\"name\":\"Pol\u00edcia Militar da Para\u00edba\",\"description\":\"\",\"publisher\":{\"@id\":\"https:\/\/www.pm.pb.gov.br\/portal\/#organization\"},\"potentialAction\":[{\"@type\":\"SearchAction\",\"target\":{\"@type\":\"EntryPoint\",\"urlTemplate\":\"https:\/\/www.pm.pb.gov.br\/portal\/?s={search_term_string}\"},\"query-input\":\"required name=search_term_string\"}],\"inLanguage\":\"pt-BR\"},{\"@type\":\"Organization\",\"@id\":\"https:\/\/www.pm.pb.gov.br\/portal\/#organization\",\"name\":\"Pol\u00edcia Militar da Para\u00edba\",\"url\":\"https:\/\/www.pm.pb.gov.br\/portal\/\",\"logo\":{\"@type\":\"ImageObject\",\"inLanguage\":\"pt-BR\",\"@id\":\"https:\/\/www.pm.pb.gov.br\/portal\/#\/schema\/logo\/image\/\",\"url\":\"https:\/\/www.pm.pb.gov.br\/portal\/wp-content\/uploads\/2025\/03\/cropped-logo-site-mag2-1.png\",\"contentUrl\":\"https:\/\/www.pm.pb.gov.br\/portal\/wp-content\/uploads\/2025\/03\/cropped-logo-site-mag2-1.png\",\"width\":320,\"height\":90,\"caption\":\"Pol\u00edcia Militar da Para\u00edba\"},\"image\":{\"@id\":\"https:\/\/www.pm.pb.gov.br\/portal\/#\/schema\/logo\/image\/\"}},{\"@type\":\"Person\",\"@id\":\"https:\/\/www.pm.pb.gov.br\/portal\/#\/schema\/person\/f84f56dcc78ce4357054da888b8247fd\",\"name\":\"Tarcisio Oliveira\",\"image\":{\"@type\":\"ImageObject\",\"inLanguage\":\"pt-BR\",\"@id\":\"https:\/\/www.pm.pb.gov.br\/portal\/#\/schema\/person\/image\/\",\"url\":\"https:\/\/secure.gravatar.com\/avatar\/72917b630b69d31cd0297507f34bac97?s=96&d=mm&r=g\",\"contentUrl\":\"https:\/\/secure.gravatar.com\/avatar\/72917b630b69d31cd0297507f34bac97?s=96&d=mm&r=g\",\"caption\":\"Tarcisio Oliveira\"},\"url\":\"https:\/\/www.pm.pb.gov.br\/portal\/author\/tarcisio\/\"}]}<\/script>\n<!-- \/ Yoast SEO plugin. -->","yoast_head_json":{"title":"Pol\u00edcia Militar prende dupla acusada de assaltar posto de combust\u00edvel - Pol\u00edcia Militar da Para\u00edba","description":"Em fevereiro, 44 armas de fogo foram apreendidas na zona sul de Jo\u00e3o Pessoa; dupla foi presa no Ernesto Geisel.","robots":{"index":"index","follow":"follow","max-snippet":"max-snippet:-1","max-image-preview":"max-image-preview:large","max-video-preview":"max-video-preview:-1"},"canonical":"https:\/\/www.pm.pb.gov.br\/portal\/2025\/03\/06\/policia-militar-prende-dupla-acusada-de-assaltar-posto-de-combustivel\/","og_locale":"pt_BR","og_type":"article","og_title":"Pol\u00edcia Militar prende dupla acusada de assaltar posto de combust\u00edvel - Pol\u00edcia Militar da Para\u00edba","og_description":"Em fevereiro, 44 armas de fogo foram apreendidas na zona sul de Jo\u00e3o Pessoa; dupla foi presa no Ernesto Geisel.","og_url":"https:\/\/www.pm.pb.gov.br\/portal\/2025\/03\/06\/policia-militar-prende-dupla-acusada-de-assaltar-posto-de-combustivel\/","og_site_name":"Pol\u00edcia Militar da Para\u00edba","article_published_time":"2025-03-06T15:14:32+00:00","article_modified_time":"2025-03-06T15:14:35+00:00","og_image":[{"width":800,"height":445,"url":"http:\/\/www.pm.pb.gov.br\/portal\/wp-content\/uploads\/2024\/09\/ft5bpm.jpeg","type":"image\/jpeg"}],"author":"Tarcisio Oliveira","twitter_card":"summary_large_image","twitter_misc":{"Escrito por":"Tarcisio Oliveira","Est. tempo de leitura":"2 minutos"},"schema":{"@context":"https:\/\/schema.org","@graph":[{"@type":"Article","@id":"https:\/\/www.pm.pb.gov.br\/portal\/2025\/03\/06\/policia-militar-prende-dupla-acusada-de-assaltar-posto-de-combustivel\/#article","isPartOf":{"@id":"https:\/\/www.pm.pb.gov.br\/portal\/2025\/03\/06\/policia-militar-prende-dupla-acusada-de-assaltar-posto-de-combustivel\/"},"author":{"name":"Tarcisio Oliveira","@id":"https:\/\/www.pm.pb.gov.br\/portal\/#\/schema\/person\/f84f56dcc78ce4357054da888b8247fd"},"headline":"Pol\u00edcia Militar prende dupla acusada de assaltar posto de combust\u00edvel","datePublished":"2025-03-06T15:14:32+00:00","dateModified":"2025-03-06T15:14:35+00:00","mainEntityOfPage":{"@id":"https:\/\/www.pm.pb.gov.br\/portal\/2025\/03\/06\/policia-militar-prende-dupla-acusada-de-assaltar-posto-de-combustivel\/"},"wordCount":156,"publisher":{"@id":"https:\/\/www.pm.pb.gov.br\/portal\/#organization"},"articleSection":["A\u00e7\u00f5es Policiais"],"inLanguage":"pt-BR"},{"@type":"WebPage","@id":"https:\/\/www.pm.pb.gov.br\/portal\/2025\/03\/06\/policia-militar-prende-dupla-acusada-de-assaltar-posto-de-combustivel\/","url":"https:\/\/www.pm.pb.gov.br\/portal\/2025\/03\/06\/policia-militar-prende-dupla-acusada-de-assaltar-posto-de-combustivel\/","name":"Pol\u00edcia Militar prende dupla acusada de assaltar posto de combust\u00edvel - Pol\u00edcia Militar da Para\u00edba","isPartOf":{"@id":"https:\/\/www.pm.pb.gov.br\/portal\/#website"},"datePublished":"2025-03-06T15:14:32+00:00","dateModified":"2025-03-06T15:14:35+00:00","description":"Em fevereiro, 44 armas de fogo foram apreendidas na zona sul de Jo\u00e3o Pessoa; dupla foi presa no Ernesto Geisel.","breadcrumb":{"@id":"https:\/\/www.pm.pb.gov.br\/portal\/2025\/03\/06\/policia-militar-prende-dupla-acusada-de-assaltar-posto-de-combustivel\/#breadcrumb"},"inLanguage":"pt-BR","potentialAction":[{"@type":"ReadAction","target":["https:\/\/www.pm.pb.gov.br\/portal\/2025\/03\/06\/policia-militar-prende-dupla-acusada-de-assaltar-posto-de-combustivel\/"]}]},{"@type":"BreadcrumbList","@id":"https:\/\/www.pm.pb.gov.br\/portal\/2025\/03\/06\/policia-militar-prende-dupla-acusada-de-assaltar-posto-de-combustivel\/#breadcrumb","itemListElement":[{"@type":"ListItem","position":1,"name":"In\u00edcio","item":"https:\/\/www.pm.pb.gov.br\/portal\/"},{"@type":"ListItem","position":2,"name":"Pol\u00edcia Militar prende dupla acusada de assaltar posto de combust\u00edvel"}]},{"@type":"WebSite","@id":"https:\/\/www.pm.pb.gov.br\/portal\/#website","url":"https:\/\/www.pm.pb.gov.br\/portal\/","name":"Pol\u00edcia Militar da Para\u00edba","description":"","publisher":{"@id":"https:\/\/www.pm.pb.gov.br\/portal\/#organization"},"potentialAction":[{"@type":"SearchAction","target":{"@type":"EntryPoint","urlTemplate":"https:\/\/www.pm.pb.gov.br\/portal\/?s={search_term_string}"},"query-input":"required name=search_term_string"}],"inLanguage":"pt-BR"},{"@type":"Organization","@id":"https:\/\/www.pm.pb.gov.br\/portal\/#organization","name":"Pol\u00edcia Militar da Para\u00edba","url":"https:\/\/www.pm.pb.gov.br\/portal\/","logo":{"@type":"ImageObject","inLanguage":"pt-BR","@id":"https:\/\/www.pm.pb.gov.br\/portal\/#\/schema\/logo\/image\/","url":"https:\/\/www.pm.pb.gov.br\/portal\/wp-content\/uploads\/2025\/03\/cropped-logo-site-mag2-1.png","contentUrl":"https:\/\/www.pm.pb.gov.br\/portal\/wp-content\/uploads\/2025\/03\/cropped-logo-site-mag2-1.png","width":320,"height":90,"caption":"Pol\u00edcia Militar da Para\u00edba"},"image":{"@id":"https:\/\/www.pm.pb.gov.br\/portal\/#\/schema\/logo\/image\/"}},{"@type":"Person","@id":"https:\/\/www.pm.pb.gov.br\/portal\/#\/schema\/person\/f84f56dcc78ce4357054da888b8247fd","name":"Tarcisio Oliveira","image":{"@type":"ImageObject","inLanguage":"pt-BR","@id":"https:\/\/www.pm.pb.gov.br\/portal\/#\/schema\/person\/image\/","url":"https:\/\/secure.gravatar.com\/avatar\/72917b630b69d31cd0297507f34bac97?s=96&d=mm&r=g","contentUrl":"https:\/\/secure.gravatar.com\/avatar\/72917b630b69d31cd0297507f34bac97?s=96&d=mm&r=g","caption":"Tarcisio Oliveira"},"url":"https:\/\/www.pm.pb.gov.br\/portal\/author\/tarcisio\/"}]}},"_links":{"self":[{"href":"https:\/\/www.pm.pb.gov.br\/portal\/wp-json\/wp\/v2\/posts\/925942"}],"collection":[{"href":"https:\/\/www.pm.pb.gov.br\/portal\/wp-json\/wp\/v2\/posts"}],"about":[{"href":"https:\/\/www.pm.pb.gov.br\/portal\/wp-json\/wp\/v2\/types\/post"}],"author":[{"embeddable":true,"href":"https:\/\/www.pm.pb.gov.br\/portal\/wp-json\/wp\/v2\/users\/12"}],"replies":[{"embeddable":true,"href":"https:\/\/www.pm.pb.gov.br\/portal\/wp-json\/wp\/v2\/comments?post=925942"}],"version-history":[{"count":1,"href":"https:\/\/www.pm.pb.gov.br\/portal\/wp-json\/wp\/v2\/posts\/925942\/revisions"}],"predecessor-version":[{"id":925944,"href":"https:\/\/www.pm.pb.gov.br\/portal\/wp-json\/wp\/v2\/posts\/925942\/revisions\/925944"}],"wp:featuredmedia":[{"embeddable":true,"href":"https:\/\/www.pm.pb.gov.br\/portal\/wp-json\/wp\/v2\/media\/924211"}],"wp:attachment":[{"href":"https:\/\/www.pm.pb.gov.br\/portal\/wp-json\/wp\/v2\/media?parent=925942"}],"wp:term":[{"taxonomy":"category","embeddable":true,"href":"https:\/\/www.pm.pb.gov.br\/portal\/wp-json\/wp\/v2\/categories?post=925942"},{"taxonomy":"post_tag","embeddable":true,"href":"https:\/\/www.pm.pb.gov.br\/portal\/wp-json\/wp\/v2\/tags?post=925942"}],"curies":[{"name":"wp","href":"https:\/\/api.w.org\/{rel}","templated":true}]}}