{"id":925939,"date":"2025-03-06T11:21:08","date_gmt":"2025-03-06T14:21:08","guid":{"rendered":"https:\/\/www.pm.pb.gov.br\/portal\/?p=925939"},"modified":"2025-03-06T12:20:30","modified_gmt":"2025-03-06T15:20:30","slug":"acao-conjunta-acusado-de-matar-primo-em-tacima-e-preso-no-rn","status":"publish","type":"post","link":"https:\/\/www.pm.pb.gov.br\/portal\/2025\/03\/06\/acao-conjunta-acusado-de-matar-primo-em-tacima-e-preso-no-rn\/","title":{"rendered":"A\u00c7\u00c3O CONJUNTA: Acusado de matar primo em Tacima \u00e9 preso no RN"},"content":{"rendered":"\n<p>Um homem condenado pelo homic\u00eddio do pr\u00f3prio primo, crime com grande repercuss\u00e3o em Tacima, em 2016, foi preso na manh\u00e3 desta quinta-feira (06). A pris\u00e3o ocorreu ap\u00f3s uma a\u00e7\u00e3o conjunta entre as Pol\u00edcias Militares da Para\u00edba e do Rio Grande do Norte. O foragido foi encontrado em Flor\u00e2nia, no estado potiguar.<\/p>\n<p>De acordo com a PMPB, o acusado estava condenado a uma pena de 8 anos, e contra ele havia o mandado expedido pela 1\u00aa Vara Mista de Araruna. Segundo o processo, o homem matou a v\u00edtima a tiros em uma discuss\u00e3o sobre d\u00edvidas de um terreno, crime que repercutiu na regi\u00e3o de Tacima, na \u00e9poca do fato.<\/p>\n<p>Nesta quinta, uma a\u00e7\u00e3o conjunta das policias da Para\u00edba e do Rio Grande do Norte localizou o acusado em Flor\u00e2nia, conduzindo-o para delegacia, para o devido cumprimento da pena.<\/p>\n<p>Dados \u2013 Em fevereiro, a Pol\u00edcia Militar da Para\u00edba cumpriu uma m\u00e9dia de 8 mandados de pris\u00e3o por dia, localizando foragidos e acusados de diversos crimes.<\/p>\n\n\n","protected":false},"excerpt":{"rendered":"<p>Um homem condenado pelo homic\u00eddio do pr\u00f3prio primo, crime com grande repercuss\u00e3o em Tacima, em 2016, foi preso na manh\u00e3<\/p>\n","protected":false},"author":5,"featured_media":925945,"comment_status":"closed","ping_status":"closed","sticky":false,"template":"","format":"standard","meta":{"_exactmetrics_skip_tracking":false,"_exactmetrics_sitenote_active":false,"_exactmetrics_sitenote_note":"","_exactmetrics_sitenote_category":0,"footnotes":""},"categories":[4],"tags":[],"yoast_head":"<!-- This site is optimized with the Yoast SEO plugin v22.0 - https:\/\/yoast.com\/wordpress\/plugins\/seo\/ -->\n<title>A\u00c7\u00c3O CONJUNTA: Acusado de matar primo em Tacima \u00e9 preso no RN - Pol\u00edcia Militar da Para\u00edba<\/title>\n<meta name=\"description\" content=\"Em fevereiro, a PMPB cumpriu uma m\u00e9dia de 8 mandados de pris\u00e3o por dia, localizando foragidos e acusados de diversos crimes.\" \/>\n<meta name=\"robots\" content=\"index, follow, max-snippet:-1, max-image-preview:large, max-video-preview:-1\" \/>\n<link rel=\"canonical\" href=\"https:\/\/www.pm.pb.gov.br\/portal\/2025\/03\/06\/acao-conjunta-acusado-de-matar-primo-em-tacima-e-preso-no-rn\/\" \/>\n<meta property=\"og:locale\" content=\"pt_BR\" \/>\n<meta property=\"og:type\" content=\"article\" \/>\n<meta property=\"og:title\" content=\"A\u00c7\u00c3O CONJUNTA: Acusado de matar primo em Tacima \u00e9 preso no RN - Pol\u00edcia Militar da Para\u00edba\" \/>\n<meta property=\"og:description\" content=\"Em fevereiro, a PMPB cumpriu uma m\u00e9dia de 8 mandados de pris\u00e3o por dia, localizando foragidos e acusados de diversos crimes.\" \/>\n<meta property=\"og:url\" content=\"https:\/\/www.pm.pb.gov.br\/portal\/2025\/03\/06\/acao-conjunta-acusado-de-matar-primo-em-tacima-e-preso-no-rn\/\" \/>\n<meta property=\"og:site_name\" content=\"Pol\u00edcia Militar da Para\u00edba\" \/>\n<meta property=\"article:published_time\" content=\"2025-03-06T14:21:08+00:00\" \/>\n<meta property=\"article:modified_time\" content=\"2025-03-06T15:20:30+00:00\" \/>\n<meta property=\"og:image\" content=\"http:\/\/www.pm.pb.gov.br\/portal\/wp-content\/uploads\/2025\/03\/7cipm1.jpg\" \/>\n\t<meta property=\"og:image:width\" content=\"800\" \/>\n\t<meta property=\"og:image:height\" content=\"445\" \/>\n\t<meta property=\"og:image:type\" content=\"image\/jpeg\" \/>\n<meta name=\"author\" content=\"Assessoria de Imprensa da PMPB\" \/>\n<meta name=\"twitter:card\" content=\"summary_large_image\" \/>\n<meta name=\"twitter:label1\" content=\"Escrito por\" \/>\n\t<meta name=\"twitter:data1\" content=\"Assessoria de Imprensa da PMPB\" \/>\n\t<meta name=\"twitter:label2\" content=\"Est. tempo de leitura\" \/>\n\t<meta name=\"twitter:data2\" content=\"2 minutos\" \/>\n<script type=\"application\/ld+json\" class=\"yoast-schema-graph\">{\"@context\":\"https:\/\/schema.org\",\"@graph\":[{\"@type\":\"Article\",\"@id\":\"https:\/\/www.pm.pb.gov.br\/portal\/2025\/03\/06\/acao-conjunta-acusado-de-matar-primo-em-tacima-e-preso-no-rn\/#article\",\"isPartOf\":{\"@id\":\"https:\/\/www.pm.pb.gov.br\/portal\/2025\/03\/06\/acao-conjunta-acusado-de-matar-primo-em-tacima-e-preso-no-rn\/\"},\"author\":{\"name\":\"Assessoria de Imprensa da PMPB\",\"@id\":\"https:\/\/www.pm.pb.gov.br\/portal\/#\/schema\/person\/e8454f46651c3ecf0e1ba3c1666d9947\"},\"headline\":\"A\u00c7\u00c3O CONJUNTA: Acusado de matar primo em Tacima \u00e9 preso no RN\",\"datePublished\":\"2025-03-06T14:21:08+00:00\",\"dateModified\":\"2025-03-06T15:20:30+00:00\",\"mainEntityOfPage\":{\"@id\":\"https:\/\/www.pm.pb.gov.br\/portal\/2025\/03\/06\/acao-conjunta-acusado-de-matar-primo-em-tacima-e-preso-no-rn\/\"},\"wordCount\":189,\"publisher\":{\"@id\":\"https:\/\/www.pm.pb.gov.br\/portal\/#organization\"},\"articleSection\":[\"A\u00e7\u00f5es Policiais\"],\"inLanguage\":\"pt-BR\"},{\"@type\":\"WebPage\",\"@id\":\"https:\/\/www.pm.pb.gov.br\/portal\/2025\/03\/06\/acao-conjunta-acusado-de-matar-primo-em-tacima-e-preso-no-rn\/\",\"url\":\"https:\/\/www.pm.pb.gov.br\/portal\/2025\/03\/06\/acao-conjunta-acusado-de-matar-primo-em-tacima-e-preso-no-rn\/\",\"name\":\"A\u00c7\u00c3O CONJUNTA: Acusado de matar primo em Tacima \u00e9 preso no RN - Pol\u00edcia Militar da Para\u00edba\",\"isPartOf\":{\"@id\":\"https:\/\/www.pm.pb.gov.br\/portal\/#website\"},\"datePublished\":\"2025-03-06T14:21:08+00:00\",\"dateModified\":\"2025-03-06T15:20:30+00:00\",\"description\":\"Em fevereiro, a PMPB cumpriu uma m\u00e9dia de 8 mandados de pris\u00e3o por dia, localizando foragidos e acusados de diversos crimes.\",\"breadcrumb\":{\"@id\":\"https:\/\/www.pm.pb.gov.br\/portal\/2025\/03\/06\/acao-conjunta-acusado-de-matar-primo-em-tacima-e-preso-no-rn\/#breadcrumb\"},\"inLanguage\":\"pt-BR\",\"potentialAction\":[{\"@type\":\"ReadAction\",\"target\":[\"https:\/\/www.pm.pb.gov.br\/portal\/2025\/03\/06\/acao-conjunta-acusado-de-matar-primo-em-tacima-e-preso-no-rn\/\"]}]},{\"@type\":\"BreadcrumbList\",\"@id\":\"https:\/\/www.pm.pb.gov.br\/portal\/2025\/03\/06\/acao-conjunta-acusado-de-matar-primo-em-tacima-e-preso-no-rn\/#breadcrumb\",\"itemListElement\":[{\"@type\":\"ListItem\",\"position\":1,\"name\":\"In\u00edcio\",\"item\":\"https:\/\/www.pm.pb.gov.br\/portal\/\"},{\"@type\":\"ListItem\",\"position\":2,\"name\":\"A\u00c7\u00c3O CONJUNTA: Acusado de matar primo em Tacima \u00e9 preso no RN\"}]},{\"@type\":\"WebSite\",\"@id\":\"https:\/\/www.pm.pb.gov.br\/portal\/#website\",\"url\":\"https:\/\/www.pm.pb.gov.br\/portal\/\",\"name\":\"Pol\u00edcia Militar da Para\u00edba\",\"description\":\"\",\"publisher\":{\"@id\":\"https:\/\/www.pm.pb.gov.br\/portal\/#organization\"},\"potentialAction\":[{\"@type\":\"SearchAction\",\"target\":{\"@type\":\"EntryPoint\",\"urlTemplate\":\"https:\/\/www.pm.pb.gov.br\/portal\/?s={search_term_string}\"},\"query-input\":\"required name=search_term_string\"}],\"inLanguage\":\"pt-BR\"},{\"@type\":\"Organization\",\"@id\":\"https:\/\/www.pm.pb.gov.br\/portal\/#organization\",\"name\":\"Pol\u00edcia Militar da Para\u00edba\",\"url\":\"https:\/\/www.pm.pb.gov.br\/portal\/\",\"logo\":{\"@type\":\"ImageObject\",\"inLanguage\":\"pt-BR\",\"@id\":\"https:\/\/www.pm.pb.gov.br\/portal\/#\/schema\/logo\/image\/\",\"url\":\"https:\/\/www.pm.pb.gov.br\/portal\/wp-content\/uploads\/2025\/03\/cropped-logo-site-mag2-1.png\",\"contentUrl\":\"https:\/\/www.pm.pb.gov.br\/portal\/wp-content\/uploads\/2025\/03\/cropped-logo-site-mag2-1.png\",\"width\":320,\"height\":90,\"caption\":\"Pol\u00edcia Militar da Para\u00edba\"},\"image\":{\"@id\":\"https:\/\/www.pm.pb.gov.br\/portal\/#\/schema\/logo\/image\/\"}},{\"@type\":\"Person\",\"@id\":\"https:\/\/www.pm.pb.gov.br\/portal\/#\/schema\/person\/e8454f46651c3ecf0e1ba3c1666d9947\",\"name\":\"Assessoria de Imprensa da PMPB\",\"image\":{\"@type\":\"ImageObject\",\"inLanguage\":\"pt-BR\",\"@id\":\"https:\/\/www.pm.pb.gov.br\/portal\/#\/schema\/person\/image\/\",\"url\":\"https:\/\/secure.gravatar.com\/avatar\/2efe197438265d1e90bd98c4c8e1acf8?s=96&d=mm&r=g\",\"contentUrl\":\"https:\/\/secure.gravatar.com\/avatar\/2efe197438265d1e90bd98c4c8e1acf8?s=96&d=mm&r=g\",\"caption\":\"Assessoria de Imprensa da PMPB\"},\"url\":\"https:\/\/www.pm.pb.gov.br\/portal\/author\/assessoria\/\"}]}<\/script>\n<!-- \/ Yoast SEO plugin. -->","yoast_head_json":{"title":"A\u00c7\u00c3O CONJUNTA: Acusado de matar primo em Tacima \u00e9 preso no RN - Pol\u00edcia Militar da Para\u00edba","description":"Em fevereiro, a PMPB cumpriu uma m\u00e9dia de 8 mandados de pris\u00e3o por dia, localizando foragidos e acusados de diversos crimes.","robots":{"index":"index","follow":"follow","max-snippet":"max-snippet:-1","max-image-preview":"max-image-preview:large","max-video-preview":"max-video-preview:-1"},"canonical":"https:\/\/www.pm.pb.gov.br\/portal\/2025\/03\/06\/acao-conjunta-acusado-de-matar-primo-em-tacima-e-preso-no-rn\/","og_locale":"pt_BR","og_type":"article","og_title":"A\u00c7\u00c3O CONJUNTA: Acusado de matar primo em Tacima \u00e9 preso no RN - Pol\u00edcia Militar da Para\u00edba","og_description":"Em fevereiro, a PMPB cumpriu uma m\u00e9dia de 8 mandados de pris\u00e3o por dia, localizando foragidos e acusados de diversos crimes.","og_url":"https:\/\/www.pm.pb.gov.br\/portal\/2025\/03\/06\/acao-conjunta-acusado-de-matar-primo-em-tacima-e-preso-no-rn\/","og_site_name":"Pol\u00edcia Militar da Para\u00edba","article_published_time":"2025-03-06T14:21:08+00:00","article_modified_time":"2025-03-06T15:20:30+00:00","og_image":[{"width":800,"height":445,"url":"http:\/\/www.pm.pb.gov.br\/portal\/wp-content\/uploads\/2025\/03\/7cipm1.jpg","type":"image\/jpeg"}],"author":"Assessoria de Imprensa da PMPB","twitter_card":"summary_large_image","twitter_misc":{"Escrito por":"Assessoria de Imprensa da PMPB","Est. tempo de leitura":"2 minutos"},"schema":{"@context":"https:\/\/schema.org","@graph":[{"@type":"Article","@id":"https:\/\/www.pm.pb.gov.br\/portal\/2025\/03\/06\/acao-conjunta-acusado-de-matar-primo-em-tacima-e-preso-no-rn\/#article","isPartOf":{"@id":"https:\/\/www.pm.pb.gov.br\/portal\/2025\/03\/06\/acao-conjunta-acusado-de-matar-primo-em-tacima-e-preso-no-rn\/"},"author":{"name":"Assessoria de Imprensa da PMPB","@id":"https:\/\/www.pm.pb.gov.br\/portal\/#\/schema\/person\/e8454f46651c3ecf0e1ba3c1666d9947"},"headline":"A\u00c7\u00c3O CONJUNTA: Acusado de matar primo em Tacima \u00e9 preso no RN","datePublished":"2025-03-06T14:21:08+00:00","dateModified":"2025-03-06T15:20:30+00:00","mainEntityOfPage":{"@id":"https:\/\/www.pm.pb.gov.br\/portal\/2025\/03\/06\/acao-conjunta-acusado-de-matar-primo-em-tacima-e-preso-no-rn\/"},"wordCount":189,"publisher":{"@id":"https:\/\/www.pm.pb.gov.br\/portal\/#organization"},"articleSection":["A\u00e7\u00f5es Policiais"],"inLanguage":"pt-BR"},{"@type":"WebPage","@id":"https:\/\/www.pm.pb.gov.br\/portal\/2025\/03\/06\/acao-conjunta-acusado-de-matar-primo-em-tacima-e-preso-no-rn\/","url":"https:\/\/www.pm.pb.gov.br\/portal\/2025\/03\/06\/acao-conjunta-acusado-de-matar-primo-em-tacima-e-preso-no-rn\/","name":"A\u00c7\u00c3O CONJUNTA: Acusado de matar primo em Tacima \u00e9 preso no RN - Pol\u00edcia Militar da Para\u00edba","isPartOf":{"@id":"https:\/\/www.pm.pb.gov.br\/portal\/#website"},"datePublished":"2025-03-06T14:21:08+00:00","dateModified":"2025-03-06T15:20:30+00:00","description":"Em fevereiro, a PMPB cumpriu uma m\u00e9dia de 8 mandados de pris\u00e3o por dia, localizando foragidos e acusados de diversos crimes.","breadcrumb":{"@id":"https:\/\/www.pm.pb.gov.br\/portal\/2025\/03\/06\/acao-conjunta-acusado-de-matar-primo-em-tacima-e-preso-no-rn\/#breadcrumb"},"inLanguage":"pt-BR","potentialAction":[{"@type":"ReadAction","target":["https:\/\/www.pm.pb.gov.br\/portal\/2025\/03\/06\/acao-conjunta-acusado-de-matar-primo-em-tacima-e-preso-no-rn\/"]}]},{"@type":"BreadcrumbList","@id":"https:\/\/www.pm.pb.gov.br\/portal\/2025\/03\/06\/acao-conjunta-acusado-de-matar-primo-em-tacima-e-preso-no-rn\/#breadcrumb","itemListElement":[{"@type":"ListItem","position":1,"name":"In\u00edcio","item":"https:\/\/www.pm.pb.gov.br\/portal\/"},{"@type":"ListItem","position":2,"name":"A\u00c7\u00c3O CONJUNTA: Acusado de matar primo em Tacima \u00e9 preso no RN"}]},{"@type":"WebSite","@id":"https:\/\/www.pm.pb.gov.br\/portal\/#website","url":"https:\/\/www.pm.pb.gov.br\/portal\/","name":"Pol\u00edcia Militar da Para\u00edba","description":"","publisher":{"@id":"https:\/\/www.pm.pb.gov.br\/portal\/#organization"},"potentialAction":[{"@type":"SearchAction","target":{"@type":"EntryPoint","urlTemplate":"https:\/\/www.pm.pb.gov.br\/portal\/?s={search_term_string}"},"query-input":"required name=search_term_string"}],"inLanguage":"pt-BR"},{"@type":"Organization","@id":"https:\/\/www.pm.pb.gov.br\/portal\/#organization","name":"Pol\u00edcia Militar da Para\u00edba","url":"https:\/\/www.pm.pb.gov.br\/portal\/","logo":{"@type":"ImageObject","inLanguage":"pt-BR","@id":"https:\/\/www.pm.pb.gov.br\/portal\/#\/schema\/logo\/image\/","url":"https:\/\/www.pm.pb.gov.br\/portal\/wp-content\/uploads\/2025\/03\/cropped-logo-site-mag2-1.png","contentUrl":"https:\/\/www.pm.pb.gov.br\/portal\/wp-content\/uploads\/2025\/03\/cropped-logo-site-mag2-1.png","width":320,"height":90,"caption":"Pol\u00edcia Militar da Para\u00edba"},"image":{"@id":"https:\/\/www.pm.pb.gov.br\/portal\/#\/schema\/logo\/image\/"}},{"@type":"Person","@id":"https:\/\/www.pm.pb.gov.br\/portal\/#\/schema\/person\/e8454f46651c3ecf0e1ba3c1666d9947","name":"Assessoria de Imprensa da PMPB","image":{"@type":"ImageObject","inLanguage":"pt-BR","@id":"https:\/\/www.pm.pb.gov.br\/portal\/#\/schema\/person\/image\/","url":"https:\/\/secure.gravatar.com\/avatar\/2efe197438265d1e90bd98c4c8e1acf8?s=96&d=mm&r=g","contentUrl":"https:\/\/secure.gravatar.com\/avatar\/2efe197438265d1e90bd98c4c8e1acf8?s=96&d=mm&r=g","caption":"Assessoria de Imprensa da PMPB"},"url":"https:\/\/www.pm.pb.gov.br\/portal\/author\/assessoria\/"}]}},"_links":{"self":[{"href":"https:\/\/www.pm.pb.gov.br\/portal\/wp-json\/wp\/v2\/posts\/925939"}],"collection":[{"href":"https:\/\/www.pm.pb.gov.br\/portal\/wp-json\/wp\/v2\/posts"}],"about":[{"href":"https:\/\/www.pm.pb.gov.br\/portal\/wp-json\/wp\/v2\/types\/post"}],"author":[{"embeddable":true,"href":"https:\/\/www.pm.pb.gov.br\/portal\/wp-json\/wp\/v2\/users\/5"}],"replies":[{"embeddable":true,"href":"https:\/\/www.pm.pb.gov.br\/portal\/wp-json\/wp\/v2\/comments?post=925939"}],"version-history":[{"count":2,"href":"https:\/\/www.pm.pb.gov.br\/portal\/wp-json\/wp\/v2\/posts\/925939\/revisions"}],"predecessor-version":[{"id":925941,"href":"https:\/\/www.pm.pb.gov.br\/portal\/wp-json\/wp\/v2\/posts\/925939\/revisions\/925941"}],"wp:featuredmedia":[{"embeddable":true,"href":"https:\/\/www.pm.pb.gov.br\/portal\/wp-json\/wp\/v2\/media\/925945"}],"wp:attachment":[{"href":"https:\/\/www.pm.pb.gov.br\/portal\/wp-json\/wp\/v2\/media?parent=925939"}],"wp:term":[{"taxonomy":"category","embeddable":true,"href":"https:\/\/www.pm.pb.gov.br\/portal\/wp-json\/wp\/v2\/categories?post=925939"},{"taxonomy":"post_tag","embeddable":true,"href":"https:\/\/www.pm.pb.gov.br\/portal\/wp-json\/wp\/v2\/tags?post=925939"}],"curies":[{"name":"wp","href":"https:\/\/api.w.org\/{rel}","templated":true}]}}