{"id":925901,"date":"2025-03-02T10:11:40","date_gmt":"2025-03-02T13:11:40","guid":{"rendered":"https:\/\/www.pm.pb.gov.br\/portal\/?p=925901"},"modified":"2025-03-02T15:59:48","modified_gmt":"2025-03-02T18:59:48","slug":"pm-fecha-laboratorio-de-lolo-que-produzia-o-entorpecente-para-o-carnaval-do-litoral-sul-da-pb","status":"publish","type":"post","link":"https:\/\/www.pm.pb.gov.br\/portal\/2025\/03\/02\/pm-fecha-laboratorio-de-lolo-que-produzia-o-entorpecente-para-o-carnaval-do-litoral-sul-da-pb\/","title":{"rendered":"PM fecha laborat\u00f3rio de lol\u00f3 que produzia o entorpecente para o carnaval do litoral sul da PB"},"content":{"rendered":"\n<p>A Pol\u00edcia Militar desarticulou um laborat\u00f3rio de lol\u00f3 que produzia o entorpecente para ser vendido nos eventos de carnaval do litoral sul da Para\u00edba. O esquema criminoso funcionava em uma casa, no distrito de Aca\u00fa, na cidade de Pitimbu. Equipes da For\u00e7a T\u00e1tica da 1\u00aa Companhia Independente da PM (1\u00aa CIPM) realizavam rondas na regi\u00e3o, na noite desse s\u00e1bado (1\u00ba), quando flagraram uma entrega do material e partir da\u00ed descobriram a atividade que era realizada pelo grupo. Tr\u00eas homens e uma mulher foram presos em flagrante.<br><br>Na resid\u00eancia, que servia como laborat\u00f3rio para prepara\u00e7\u00e3o, armazenamento e distribui\u00e7\u00e3o do entorpecente, foram apreendidos 14 litros de lol\u00f3 j\u00e1 prontos, 895 frasquinhos para armazenar o produto para vender nas festas, materiais usados no preparo, pedras de crack, maconha e uma pistola com muni\u00e7\u00f5es. Um dos acusados era presidi\u00e1rio do regime semiaberto. O grupo revelou que os materiais usados no preparo foram adquiridos pela internet, em sites renomados do com\u00e9rcio eletr\u00f4nico de vendas on line.<br><br>O caso foi levado para a Delegacia de Pol\u00edcia Civil, em Pitimbu.<\/p>\n\n\n\n<p><img loading=\"lazy\" decoding=\"async\" width=\"960\" height=\"1280\" class=\"wp-image-925907\" style=\"width: 800px;\" src=\"http:\/\/www.pm.pb.gov.br\/portal\/wp-content\/uploads\/2025\/03\/WhatsApp-Image-2025-03-02-at-10.12.47-AM.jpeg\" alt=\"\" srcset=\"https:\/\/www.pm.pb.gov.br\/portal\/wp-content\/uploads\/2025\/03\/WhatsApp-Image-2025-03-02-at-10.12.47-AM.jpeg 960w, https:\/\/www.pm.pb.gov.br\/portal\/wp-content\/uploads\/2025\/03\/WhatsApp-Image-2025-03-02-at-10.12.47-AM-334x445.jpeg 334w, https:\/\/www.pm.pb.gov.br\/portal\/wp-content\/uploads\/2025\/03\/WhatsApp-Image-2025-03-02-at-10.12.47-AM-428x570.jpeg 428w, https:\/\/www.pm.pb.gov.br\/portal\/wp-content\/uploads\/2025\/03\/WhatsApp-Image-2025-03-02-at-10.12.47-AM-768x1024.jpeg 768w\" sizes=\"(max-width: 960px) 100vw, 960px\" \/><\/p>\n\n\n\n<p><img loading=\"lazy\" decoding=\"async\" width=\"1280\" height=\"960\" class=\"wp-image-925908\" style=\"width: 800px;\" src=\"http:\/\/www.pm.pb.gov.br\/portal\/wp-content\/uploads\/2025\/03\/WhatsApp-Image-2025-03-02-at-10.13.07-AM.jpeg\" alt=\"\" srcset=\"https:\/\/www.pm.pb.gov.br\/portal\/wp-content\/uploads\/2025\/03\/WhatsApp-Image-2025-03-02-at-10.13.07-AM.jpeg 1280w, https:\/\/www.pm.pb.gov.br\/portal\/wp-content\/uploads\/2025\/03\/WhatsApp-Image-2025-03-02-at-10.13.07-AM-593x445.jpeg 593w, https:\/\/www.pm.pb.gov.br\/portal\/wp-content\/uploads\/2025\/03\/WhatsApp-Image-2025-03-02-at-10.13.07-AM-760x570.jpeg 760w, https:\/\/www.pm.pb.gov.br\/portal\/wp-content\/uploads\/2025\/03\/WhatsApp-Image-2025-03-02-at-10.13.07-AM-768x576.jpeg 768w\" sizes=\"(max-width: 1280px) 100vw, 1280px\" \/><\/p>\n","protected":false},"excerpt":{"rendered":"<p>A Pol\u00edcia Militar desarticulou um laborat\u00f3rio de lol\u00f3 que produzia o entorpecente para ser vendido nos eventos de carnaval do<\/p>\n","protected":false},"author":18,"featured_media":925904,"comment_status":"closed","ping_status":"closed","sticky":false,"template":"","format":"standard","meta":{"_exactmetrics_skip_tracking":false,"_exactmetrics_sitenote_active":false,"_exactmetrics_sitenote_note":"","_exactmetrics_sitenote_category":0,"footnotes":""},"categories":[4],"tags":[],"yoast_head":"<!-- This site is optimized with the Yoast SEO plugin v22.0 - https:\/\/yoast.com\/wordpress\/plugins\/seo\/ -->\n<title>PM fecha laborat\u00f3rio de lol\u00f3 que produzia o entorpecente para o carnaval do litoral sul da PB - Pol\u00edcia Militar da Para\u00edba<\/title>\n<meta name=\"robots\" content=\"index, follow, max-snippet:-1, max-image-preview:large, max-video-preview:-1\" \/>\n<link rel=\"canonical\" href=\"https:\/\/www.pm.pb.gov.br\/portal\/2025\/03\/02\/pm-fecha-laboratorio-de-lolo-que-produzia-o-entorpecente-para-o-carnaval-do-litoral-sul-da-pb\/\" \/>\n<meta property=\"og:locale\" content=\"pt_BR\" \/>\n<meta property=\"og:type\" content=\"article\" \/>\n<meta property=\"og:title\" content=\"PM fecha laborat\u00f3rio de lol\u00f3 que produzia o entorpecente para o carnaval do litoral sul da PB - Pol\u00edcia Militar da Para\u00edba\" \/>\n<meta property=\"og:description\" content=\"A Pol\u00edcia Militar desarticulou um laborat\u00f3rio de lol\u00f3 que produzia o entorpecente para ser vendido nos eventos de carnaval do\" \/>\n<meta property=\"og:url\" content=\"https:\/\/www.pm.pb.gov.br\/portal\/2025\/03\/02\/pm-fecha-laboratorio-de-lolo-que-produzia-o-entorpecente-para-o-carnaval-do-litoral-sul-da-pb\/\" \/>\n<meta property=\"og:site_name\" content=\"Pol\u00edcia Militar da Para\u00edba\" \/>\n<meta property=\"article:published_time\" content=\"2025-03-02T13:11:40+00:00\" \/>\n<meta property=\"article:modified_time\" content=\"2025-03-02T18:59:48+00:00\" \/>\n<meta property=\"og:image\" content=\"http:\/\/www.pm.pb.gov.br\/portal\/wp-content\/uploads\/2025\/03\/WhatsApp-Image-2025-03-02-at-10.04.17-AM.jpeg\" \/>\n\t<meta property=\"og:image:width\" content=\"1600\" \/>\n\t<meta property=\"og:image:height\" content=\"1200\" \/>\n\t<meta property=\"og:image:type\" content=\"image\/jpeg\" \/>\n<meta name=\"author\" content=\"Luiz Duarte\" \/>\n<meta name=\"twitter:card\" content=\"summary_large_image\" \/>\n<meta name=\"twitter:label1\" content=\"Escrito por\" \/>\n\t<meta name=\"twitter:data1\" content=\"Luiz Duarte\" \/>\n\t<meta name=\"twitter:label2\" content=\"Est. tempo de leitura\" \/>\n\t<meta name=\"twitter:data2\" content=\"2 minutos\" \/>\n<script type=\"application\/ld+json\" class=\"yoast-schema-graph\">{\"@context\":\"https:\/\/schema.org\",\"@graph\":[{\"@type\":\"Article\",\"@id\":\"https:\/\/www.pm.pb.gov.br\/portal\/2025\/03\/02\/pm-fecha-laboratorio-de-lolo-que-produzia-o-entorpecente-para-o-carnaval-do-litoral-sul-da-pb\/#article\",\"isPartOf\":{\"@id\":\"https:\/\/www.pm.pb.gov.br\/portal\/2025\/03\/02\/pm-fecha-laboratorio-de-lolo-que-produzia-o-entorpecente-para-o-carnaval-do-litoral-sul-da-pb\/\"},\"author\":{\"name\":\"Luiz Duarte\",\"@id\":\"https:\/\/www.pm.pb.gov.br\/portal\/#\/schema\/person\/89dd009e2523c97adf8def1d6cf90ca1\"},\"headline\":\"PM fecha laborat\u00f3rio de lol\u00f3 que produzia o entorpecente para o carnaval do litoral sul da PB\",\"datePublished\":\"2025-03-02T13:11:40+00:00\",\"dateModified\":\"2025-03-02T18:59:48+00:00\",\"mainEntityOfPage\":{\"@id\":\"https:\/\/www.pm.pb.gov.br\/portal\/2025\/03\/02\/pm-fecha-laboratorio-de-lolo-que-produzia-o-entorpecente-para-o-carnaval-do-litoral-sul-da-pb\/\"},\"wordCount\":203,\"publisher\":{\"@id\":\"https:\/\/www.pm.pb.gov.br\/portal\/#organization\"},\"articleSection\":[\"A\u00e7\u00f5es Policiais\"],\"inLanguage\":\"pt-BR\"},{\"@type\":\"WebPage\",\"@id\":\"https:\/\/www.pm.pb.gov.br\/portal\/2025\/03\/02\/pm-fecha-laboratorio-de-lolo-que-produzia-o-entorpecente-para-o-carnaval-do-litoral-sul-da-pb\/\",\"url\":\"https:\/\/www.pm.pb.gov.br\/portal\/2025\/03\/02\/pm-fecha-laboratorio-de-lolo-que-produzia-o-entorpecente-para-o-carnaval-do-litoral-sul-da-pb\/\",\"name\":\"PM fecha laborat\u00f3rio de lol\u00f3 que produzia o entorpecente para o carnaval do litoral sul da PB - Pol\u00edcia Militar da Para\u00edba\",\"isPartOf\":{\"@id\":\"https:\/\/www.pm.pb.gov.br\/portal\/#website\"},\"datePublished\":\"2025-03-02T13:11:40+00:00\",\"dateModified\":\"2025-03-02T18:59:48+00:00\",\"breadcrumb\":{\"@id\":\"https:\/\/www.pm.pb.gov.br\/portal\/2025\/03\/02\/pm-fecha-laboratorio-de-lolo-que-produzia-o-entorpecente-para-o-carnaval-do-litoral-sul-da-pb\/#breadcrumb\"},\"inLanguage\":\"pt-BR\",\"potentialAction\":[{\"@type\":\"ReadAction\",\"target\":[\"https:\/\/www.pm.pb.gov.br\/portal\/2025\/03\/02\/pm-fecha-laboratorio-de-lolo-que-produzia-o-entorpecente-para-o-carnaval-do-litoral-sul-da-pb\/\"]}]},{\"@type\":\"BreadcrumbList\",\"@id\":\"https:\/\/www.pm.pb.gov.br\/portal\/2025\/03\/02\/pm-fecha-laboratorio-de-lolo-que-produzia-o-entorpecente-para-o-carnaval-do-litoral-sul-da-pb\/#breadcrumb\",\"itemListElement\":[{\"@type\":\"ListItem\",\"position\":1,\"name\":\"In\u00edcio\",\"item\":\"https:\/\/www.pm.pb.gov.br\/portal\/\"},{\"@type\":\"ListItem\",\"position\":2,\"name\":\"PM fecha laborat\u00f3rio de lol\u00f3 que produzia o entorpecente para o carnaval do litoral sul da PB\"}]},{\"@type\":\"WebSite\",\"@id\":\"https:\/\/www.pm.pb.gov.br\/portal\/#website\",\"url\":\"https:\/\/www.pm.pb.gov.br\/portal\/\",\"name\":\"Pol\u00edcia Militar da Para\u00edba\",\"description\":\"\",\"publisher\":{\"@id\":\"https:\/\/www.pm.pb.gov.br\/portal\/#organization\"},\"potentialAction\":[{\"@type\":\"SearchAction\",\"target\":{\"@type\":\"EntryPoint\",\"urlTemplate\":\"https:\/\/www.pm.pb.gov.br\/portal\/?s={search_term_string}\"},\"query-input\":\"required name=search_term_string\"}],\"inLanguage\":\"pt-BR\"},{\"@type\":\"Organization\",\"@id\":\"https:\/\/www.pm.pb.gov.br\/portal\/#organization\",\"name\":\"Pol\u00edcia Militar da Para\u00edba\",\"url\":\"https:\/\/www.pm.pb.gov.br\/portal\/\",\"logo\":{\"@type\":\"ImageObject\",\"inLanguage\":\"pt-BR\",\"@id\":\"https:\/\/www.pm.pb.gov.br\/portal\/#\/schema\/logo\/image\/\",\"url\":\"https:\/\/www.pm.pb.gov.br\/portal\/wp-content\/uploads\/2025\/03\/cropped-logo-site-mag2-1.png\",\"contentUrl\":\"https:\/\/www.pm.pb.gov.br\/portal\/wp-content\/uploads\/2025\/03\/cropped-logo-site-mag2-1.png\",\"width\":320,\"height\":90,\"caption\":\"Pol\u00edcia Militar da Para\u00edba\"},\"image\":{\"@id\":\"https:\/\/www.pm.pb.gov.br\/portal\/#\/schema\/logo\/image\/\"}},{\"@type\":\"Person\",\"@id\":\"https:\/\/www.pm.pb.gov.br\/portal\/#\/schema\/person\/89dd009e2523c97adf8def1d6cf90ca1\",\"name\":\"Luiz Duarte\",\"image\":{\"@type\":\"ImageObject\",\"inLanguage\":\"pt-BR\",\"@id\":\"https:\/\/www.pm.pb.gov.br\/portal\/#\/schema\/person\/image\/\",\"url\":\"https:\/\/secure.gravatar.com\/avatar\/ce5539b97246ef4d24dd039a3f64145b?s=96&d=mm&r=g\",\"contentUrl\":\"https:\/\/secure.gravatar.com\/avatar\/ce5539b97246ef4d24dd039a3f64145b?s=96&d=mm&r=g\",\"caption\":\"Luiz Duarte\"},\"url\":\"https:\/\/www.pm.pb.gov.br\/portal\/author\/luiz\/\"}]}<\/script>\n<!-- \/ Yoast SEO plugin. -->","yoast_head_json":{"title":"PM fecha laborat\u00f3rio de lol\u00f3 que produzia o entorpecente para o carnaval do litoral sul da PB - Pol\u00edcia Militar da Para\u00edba","robots":{"index":"index","follow":"follow","max-snippet":"max-snippet:-1","max-image-preview":"max-image-preview:large","max-video-preview":"max-video-preview:-1"},"canonical":"https:\/\/www.pm.pb.gov.br\/portal\/2025\/03\/02\/pm-fecha-laboratorio-de-lolo-que-produzia-o-entorpecente-para-o-carnaval-do-litoral-sul-da-pb\/","og_locale":"pt_BR","og_type":"article","og_title":"PM fecha laborat\u00f3rio de lol\u00f3 que produzia o entorpecente para o carnaval do litoral sul da PB - Pol\u00edcia Militar da Para\u00edba","og_description":"A Pol\u00edcia Militar desarticulou um laborat\u00f3rio de lol\u00f3 que produzia o entorpecente para ser vendido nos eventos de carnaval do","og_url":"https:\/\/www.pm.pb.gov.br\/portal\/2025\/03\/02\/pm-fecha-laboratorio-de-lolo-que-produzia-o-entorpecente-para-o-carnaval-do-litoral-sul-da-pb\/","og_site_name":"Pol\u00edcia Militar da Para\u00edba","article_published_time":"2025-03-02T13:11:40+00:00","article_modified_time":"2025-03-02T18:59:48+00:00","og_image":[{"width":1600,"height":1200,"url":"http:\/\/www.pm.pb.gov.br\/portal\/wp-content\/uploads\/2025\/03\/WhatsApp-Image-2025-03-02-at-10.04.17-AM.jpeg","type":"image\/jpeg"}],"author":"Luiz Duarte","twitter_card":"summary_large_image","twitter_misc":{"Escrito por":"Luiz Duarte","Est. tempo de leitura":"2 minutos"},"schema":{"@context":"https:\/\/schema.org","@graph":[{"@type":"Article","@id":"https:\/\/www.pm.pb.gov.br\/portal\/2025\/03\/02\/pm-fecha-laboratorio-de-lolo-que-produzia-o-entorpecente-para-o-carnaval-do-litoral-sul-da-pb\/#article","isPartOf":{"@id":"https:\/\/www.pm.pb.gov.br\/portal\/2025\/03\/02\/pm-fecha-laboratorio-de-lolo-que-produzia-o-entorpecente-para-o-carnaval-do-litoral-sul-da-pb\/"},"author":{"name":"Luiz Duarte","@id":"https:\/\/www.pm.pb.gov.br\/portal\/#\/schema\/person\/89dd009e2523c97adf8def1d6cf90ca1"},"headline":"PM fecha laborat\u00f3rio de lol\u00f3 que produzia o entorpecente para o carnaval do litoral sul da PB","datePublished":"2025-03-02T13:11:40+00:00","dateModified":"2025-03-02T18:59:48+00:00","mainEntityOfPage":{"@id":"https:\/\/www.pm.pb.gov.br\/portal\/2025\/03\/02\/pm-fecha-laboratorio-de-lolo-que-produzia-o-entorpecente-para-o-carnaval-do-litoral-sul-da-pb\/"},"wordCount":203,"publisher":{"@id":"https:\/\/www.pm.pb.gov.br\/portal\/#organization"},"articleSection":["A\u00e7\u00f5es Policiais"],"inLanguage":"pt-BR"},{"@type":"WebPage","@id":"https:\/\/www.pm.pb.gov.br\/portal\/2025\/03\/02\/pm-fecha-laboratorio-de-lolo-que-produzia-o-entorpecente-para-o-carnaval-do-litoral-sul-da-pb\/","url":"https:\/\/www.pm.pb.gov.br\/portal\/2025\/03\/02\/pm-fecha-laboratorio-de-lolo-que-produzia-o-entorpecente-para-o-carnaval-do-litoral-sul-da-pb\/","name":"PM fecha laborat\u00f3rio de lol\u00f3 que produzia o entorpecente para o carnaval do litoral sul da PB - Pol\u00edcia Militar da Para\u00edba","isPartOf":{"@id":"https:\/\/www.pm.pb.gov.br\/portal\/#website"},"datePublished":"2025-03-02T13:11:40+00:00","dateModified":"2025-03-02T18:59:48+00:00","breadcrumb":{"@id":"https:\/\/www.pm.pb.gov.br\/portal\/2025\/03\/02\/pm-fecha-laboratorio-de-lolo-que-produzia-o-entorpecente-para-o-carnaval-do-litoral-sul-da-pb\/#breadcrumb"},"inLanguage":"pt-BR","potentialAction":[{"@type":"ReadAction","target":["https:\/\/www.pm.pb.gov.br\/portal\/2025\/03\/02\/pm-fecha-laboratorio-de-lolo-que-produzia-o-entorpecente-para-o-carnaval-do-litoral-sul-da-pb\/"]}]},{"@type":"BreadcrumbList","@id":"https:\/\/www.pm.pb.gov.br\/portal\/2025\/03\/02\/pm-fecha-laboratorio-de-lolo-que-produzia-o-entorpecente-para-o-carnaval-do-litoral-sul-da-pb\/#breadcrumb","itemListElement":[{"@type":"ListItem","position":1,"name":"In\u00edcio","item":"https:\/\/www.pm.pb.gov.br\/portal\/"},{"@type":"ListItem","position":2,"name":"PM fecha laborat\u00f3rio de lol\u00f3 que produzia o entorpecente para o carnaval do litoral sul da PB"}]},{"@type":"WebSite","@id":"https:\/\/www.pm.pb.gov.br\/portal\/#website","url":"https:\/\/www.pm.pb.gov.br\/portal\/","name":"Pol\u00edcia Militar da Para\u00edba","description":"","publisher":{"@id":"https:\/\/www.pm.pb.gov.br\/portal\/#organization"},"potentialAction":[{"@type":"SearchAction","target":{"@type":"EntryPoint","urlTemplate":"https:\/\/www.pm.pb.gov.br\/portal\/?s={search_term_string}"},"query-input":"required name=search_term_string"}],"inLanguage":"pt-BR"},{"@type":"Organization","@id":"https:\/\/www.pm.pb.gov.br\/portal\/#organization","name":"Pol\u00edcia Militar da Para\u00edba","url":"https:\/\/www.pm.pb.gov.br\/portal\/","logo":{"@type":"ImageObject","inLanguage":"pt-BR","@id":"https:\/\/www.pm.pb.gov.br\/portal\/#\/schema\/logo\/image\/","url":"https:\/\/www.pm.pb.gov.br\/portal\/wp-content\/uploads\/2025\/03\/cropped-logo-site-mag2-1.png","contentUrl":"https:\/\/www.pm.pb.gov.br\/portal\/wp-content\/uploads\/2025\/03\/cropped-logo-site-mag2-1.png","width":320,"height":90,"caption":"Pol\u00edcia Militar da Para\u00edba"},"image":{"@id":"https:\/\/www.pm.pb.gov.br\/portal\/#\/schema\/logo\/image\/"}},{"@type":"Person","@id":"https:\/\/www.pm.pb.gov.br\/portal\/#\/schema\/person\/89dd009e2523c97adf8def1d6cf90ca1","name":"Luiz Duarte","image":{"@type":"ImageObject","inLanguage":"pt-BR","@id":"https:\/\/www.pm.pb.gov.br\/portal\/#\/schema\/person\/image\/","url":"https:\/\/secure.gravatar.com\/avatar\/ce5539b97246ef4d24dd039a3f64145b?s=96&d=mm&r=g","contentUrl":"https:\/\/secure.gravatar.com\/avatar\/ce5539b97246ef4d24dd039a3f64145b?s=96&d=mm&r=g","caption":"Luiz Duarte"},"url":"https:\/\/www.pm.pb.gov.br\/portal\/author\/luiz\/"}]}},"_links":{"self":[{"href":"https:\/\/www.pm.pb.gov.br\/portal\/wp-json\/wp\/v2\/posts\/925901"}],"collection":[{"href":"https:\/\/www.pm.pb.gov.br\/portal\/wp-json\/wp\/v2\/posts"}],"about":[{"href":"https:\/\/www.pm.pb.gov.br\/portal\/wp-json\/wp\/v2\/types\/post"}],"author":[{"embeddable":true,"href":"https:\/\/www.pm.pb.gov.br\/portal\/wp-json\/wp\/v2\/users\/18"}],"replies":[{"embeddable":true,"href":"https:\/\/www.pm.pb.gov.br\/portal\/wp-json\/wp\/v2\/comments?post=925901"}],"version-history":[{"count":6,"href":"https:\/\/www.pm.pb.gov.br\/portal\/wp-json\/wp\/v2\/posts\/925901\/revisions"}],"predecessor-version":[{"id":925922,"href":"https:\/\/www.pm.pb.gov.br\/portal\/wp-json\/wp\/v2\/posts\/925901\/revisions\/925922"}],"wp:featuredmedia":[{"embeddable":true,"href":"https:\/\/www.pm.pb.gov.br\/portal\/wp-json\/wp\/v2\/media\/925904"}],"wp:attachment":[{"href":"https:\/\/www.pm.pb.gov.br\/portal\/wp-json\/wp\/v2\/media?parent=925901"}],"wp:term":[{"taxonomy":"category","embeddable":true,"href":"https:\/\/www.pm.pb.gov.br\/portal\/wp-json\/wp\/v2\/categories?post=925901"},{"taxonomy":"post_tag","embeddable":true,"href":"https:\/\/www.pm.pb.gov.br\/portal\/wp-json\/wp\/v2\/tags?post=925901"}],"curies":[{"name":"wp","href":"https:\/\/api.w.org\/{rel}","templated":true}]}}