{"id":925616,"date":"2025-01-30T10:19:00","date_gmt":"2025-01-30T13:19:00","guid":{"rendered":"https:\/\/www.pm.pb.gov.br\/portal\/?p=925616"},"modified":"2025-01-30T19:14:59","modified_gmt":"2025-01-30T22:14:59","slug":"ato-de-bravura-50-policiais-militares-sao-promovidos-pelo-governo-na-paraiba","status":"publish","type":"post","link":"https:\/\/www.pm.pb.gov.br\/portal\/2025\/01\/30\/ato-de-bravura-50-policiais-militares-sao-promovidos-pelo-governo-na-paraiba\/","title":{"rendered":"ATO DE BRAVURA: 50 policiais militares s\u00e3o promovidos pelo governo na Para\u00edba"},"content":{"rendered":"\n<p>O Governo do Estado e a Pol\u00edcia Militar da Para\u00edba promoveram, nesta quinta-feira (30), 50 policiais militares por \u2018ato de bravura\u2019. A promo\u00e7\u00e3o, que \u00e9 prevista em lei, alcan\u00e7a os militares pra\u00e7as que se destacaram em situa\u00e7\u00f5es excepcionais, ultrapassando os limites normais no cumprimento do dever. Os atos foram publicados na edi\u00e7\u00e3o desta quinta no Di\u00e1rio Oficial.<\/p>\n<p>Ao todo, foram promovidos militares \u00e0s gradua\u00e7\u00f5es de subtenente (10), 2\u00ba sargento (14), 3\u00ba sargento (23), e cabo (3). Os atos de promo\u00e7\u00e3o s\u00e3o do pr\u00f3prio governador Jo\u00e3o Azev\u00eado, a partir da proposta do comandante-geral da PM, o coronel S\u00e9rgio Fonseca.<\/p>\n<p>A ascens\u00e3o profissional tamb\u00e9m traz novas atribui\u00e7\u00f5es aos militares, dinamizando ainda a composi\u00e7\u00e3o e o comando de pequenas fra\u00e7\u00f5es de tropas para a seguran\u00e7a p\u00fablica.<\/p>\n\n\n","protected":false},"excerpt":{"rendered":"<p>O Governo do Estado e a Pol\u00edcia Militar da Para\u00edba promoveram, nesta quinta-feira (30), 50 policiais militares por \u2018ato de<\/p>\n","protected":false},"author":5,"featured_media":910568,"comment_status":"closed","ping_status":"closed","sticky":false,"template":"","format":"standard","meta":{"_exactmetrics_skip_tracking":false,"_exactmetrics_sitenote_active":false,"_exactmetrics_sitenote_note":"","_exactmetrics_sitenote_category":0,"footnotes":""},"categories":[29],"tags":[],"yoast_head":"<!-- This site is optimized with the Yoast SEO plugin v22.0 - https:\/\/yoast.com\/wordpress\/plugins\/seo\/ -->\n<title>ATO DE BRAVURA: 50 policiais militares s\u00e3o promovidos pelo governo na Para\u00edba - Pol\u00edcia Militar da Para\u00edba<\/title>\n<meta name=\"robots\" content=\"index, follow, max-snippet:-1, max-image-preview:large, max-video-preview:-1\" \/>\n<link rel=\"canonical\" href=\"https:\/\/www.pm.pb.gov.br\/portal\/2025\/01\/30\/ato-de-bravura-50-policiais-militares-sao-promovidos-pelo-governo-na-paraiba\/\" \/>\n<meta property=\"og:locale\" content=\"pt_BR\" \/>\n<meta property=\"og:type\" content=\"article\" \/>\n<meta property=\"og:title\" content=\"ATO DE BRAVURA: 50 policiais militares s\u00e3o promovidos pelo governo na Para\u00edba - Pol\u00edcia Militar da Para\u00edba\" \/>\n<meta property=\"og:description\" content=\"O Governo do Estado e a Pol\u00edcia Militar da Para\u00edba promoveram, nesta quinta-feira (30), 50 policiais militares por \u2018ato de\" \/>\n<meta property=\"og:url\" content=\"https:\/\/www.pm.pb.gov.br\/portal\/2025\/01\/30\/ato-de-bravura-50-policiais-militares-sao-promovidos-pelo-governo-na-paraiba\/\" \/>\n<meta property=\"og:site_name\" content=\"Pol\u00edcia Militar da Para\u00edba\" \/>\n<meta property=\"article:published_time\" content=\"2025-01-30T13:19:00+00:00\" \/>\n<meta property=\"article:modified_time\" content=\"2025-01-30T22:14:59+00:00\" \/>\n<meta property=\"og:image\" content=\"http:\/\/www.pm.pb.gov.br\/portal\/wp-content\/uploads\/2021\/05\/foto_brasao-1.jpg\" \/>\n\t<meta property=\"og:image:width\" content=\"620\" \/>\n\t<meta property=\"og:image:height\" content=\"411\" \/>\n\t<meta property=\"og:image:type\" content=\"image\/jpeg\" \/>\n<meta name=\"author\" content=\"Assessoria de Imprensa da PMPB\" \/>\n<meta name=\"twitter:card\" content=\"summary_large_image\" \/>\n<meta name=\"twitter:label1\" content=\"Escrito por\" \/>\n\t<meta name=\"twitter:data1\" content=\"Assessoria de Imprensa da PMPB\" \/>\n\t<meta name=\"twitter:label2\" content=\"Est. tempo de leitura\" \/>\n\t<meta name=\"twitter:data2\" content=\"1 minuto\" \/>\n<script type=\"application\/ld+json\" class=\"yoast-schema-graph\">{\"@context\":\"https:\/\/schema.org\",\"@graph\":[{\"@type\":\"Article\",\"@id\":\"https:\/\/www.pm.pb.gov.br\/portal\/2025\/01\/30\/ato-de-bravura-50-policiais-militares-sao-promovidos-pelo-governo-na-paraiba\/#article\",\"isPartOf\":{\"@id\":\"https:\/\/www.pm.pb.gov.br\/portal\/2025\/01\/30\/ato-de-bravura-50-policiais-militares-sao-promovidos-pelo-governo-na-paraiba\/\"},\"author\":{\"name\":\"Assessoria de Imprensa da PMPB\",\"@id\":\"https:\/\/www.pm.pb.gov.br\/portal\/#\/schema\/person\/e8454f46651c3ecf0e1ba3c1666d9947\"},\"headline\":\"ATO DE BRAVURA: 50 policiais militares s\u00e3o promovidos pelo governo na Para\u00edba\",\"datePublished\":\"2025-01-30T13:19:00+00:00\",\"dateModified\":\"2025-01-30T22:14:59+00:00\",\"mainEntityOfPage\":{\"@id\":\"https:\/\/www.pm.pb.gov.br\/portal\/2025\/01\/30\/ato-de-bravura-50-policiais-militares-sao-promovidos-pelo-governo-na-paraiba\/\"},\"wordCount\":149,\"publisher\":{\"@id\":\"https:\/\/www.pm.pb.gov.br\/portal\/#organization\"},\"articleSection\":[\"Gest\u00e3o e planejamento\"],\"inLanguage\":\"pt-BR\"},{\"@type\":\"WebPage\",\"@id\":\"https:\/\/www.pm.pb.gov.br\/portal\/2025\/01\/30\/ato-de-bravura-50-policiais-militares-sao-promovidos-pelo-governo-na-paraiba\/\",\"url\":\"https:\/\/www.pm.pb.gov.br\/portal\/2025\/01\/30\/ato-de-bravura-50-policiais-militares-sao-promovidos-pelo-governo-na-paraiba\/\",\"name\":\"ATO DE BRAVURA: 50 policiais militares s\u00e3o promovidos pelo governo na Para\u00edba - Pol\u00edcia Militar da Para\u00edba\",\"isPartOf\":{\"@id\":\"https:\/\/www.pm.pb.gov.br\/portal\/#website\"},\"datePublished\":\"2025-01-30T13:19:00+00:00\",\"dateModified\":\"2025-01-30T22:14:59+00:00\",\"breadcrumb\":{\"@id\":\"https:\/\/www.pm.pb.gov.br\/portal\/2025\/01\/30\/ato-de-bravura-50-policiais-militares-sao-promovidos-pelo-governo-na-paraiba\/#breadcrumb\"},\"inLanguage\":\"pt-BR\",\"potentialAction\":[{\"@type\":\"ReadAction\",\"target\":[\"https:\/\/www.pm.pb.gov.br\/portal\/2025\/01\/30\/ato-de-bravura-50-policiais-militares-sao-promovidos-pelo-governo-na-paraiba\/\"]}]},{\"@type\":\"BreadcrumbList\",\"@id\":\"https:\/\/www.pm.pb.gov.br\/portal\/2025\/01\/30\/ato-de-bravura-50-policiais-militares-sao-promovidos-pelo-governo-na-paraiba\/#breadcrumb\",\"itemListElement\":[{\"@type\":\"ListItem\",\"position\":1,\"name\":\"In\u00edcio\",\"item\":\"https:\/\/www.pm.pb.gov.br\/portal\/\"},{\"@type\":\"ListItem\",\"position\":2,\"name\":\"ATO DE BRAVURA: 50 policiais militares s\u00e3o promovidos pelo governo na Para\u00edba\"}]},{\"@type\":\"WebSite\",\"@id\":\"https:\/\/www.pm.pb.gov.br\/portal\/#website\",\"url\":\"https:\/\/www.pm.pb.gov.br\/portal\/\",\"name\":\"Pol\u00edcia Militar da Para\u00edba\",\"description\":\"\",\"publisher\":{\"@id\":\"https:\/\/www.pm.pb.gov.br\/portal\/#organization\"},\"potentialAction\":[{\"@type\":\"SearchAction\",\"target\":{\"@type\":\"EntryPoint\",\"urlTemplate\":\"https:\/\/www.pm.pb.gov.br\/portal\/?s={search_term_string}\"},\"query-input\":\"required name=search_term_string\"}],\"inLanguage\":\"pt-BR\"},{\"@type\":\"Organization\",\"@id\":\"https:\/\/www.pm.pb.gov.br\/portal\/#organization\",\"name\":\"Pol\u00edcia Militar da Para\u00edba\",\"url\":\"https:\/\/www.pm.pb.gov.br\/portal\/\",\"logo\":{\"@type\":\"ImageObject\",\"inLanguage\":\"pt-BR\",\"@id\":\"https:\/\/www.pm.pb.gov.br\/portal\/#\/schema\/logo\/image\/\",\"url\":\"https:\/\/www.pm.pb.gov.br\/portal\/wp-content\/uploads\/2025\/03\/cropped-logo-site-mag2-1.png\",\"contentUrl\":\"https:\/\/www.pm.pb.gov.br\/portal\/wp-content\/uploads\/2025\/03\/cropped-logo-site-mag2-1.png\",\"width\":320,\"height\":90,\"caption\":\"Pol\u00edcia Militar da Para\u00edba\"},\"image\":{\"@id\":\"https:\/\/www.pm.pb.gov.br\/portal\/#\/schema\/logo\/image\/\"}},{\"@type\":\"Person\",\"@id\":\"https:\/\/www.pm.pb.gov.br\/portal\/#\/schema\/person\/e8454f46651c3ecf0e1ba3c1666d9947\",\"name\":\"Assessoria de Imprensa da PMPB\",\"image\":{\"@type\":\"ImageObject\",\"inLanguage\":\"pt-BR\",\"@id\":\"https:\/\/www.pm.pb.gov.br\/portal\/#\/schema\/person\/image\/\",\"url\":\"https:\/\/secure.gravatar.com\/avatar\/2efe197438265d1e90bd98c4c8e1acf8?s=96&d=mm&r=g\",\"contentUrl\":\"https:\/\/secure.gravatar.com\/avatar\/2efe197438265d1e90bd98c4c8e1acf8?s=96&d=mm&r=g\",\"caption\":\"Assessoria de Imprensa da PMPB\"},\"url\":\"https:\/\/www.pm.pb.gov.br\/portal\/author\/assessoria\/\"}]}<\/script>\n<!-- \/ Yoast SEO plugin. -->","yoast_head_json":{"title":"ATO DE BRAVURA: 50 policiais militares s\u00e3o promovidos pelo governo na Para\u00edba - Pol\u00edcia Militar da Para\u00edba","robots":{"index":"index","follow":"follow","max-snippet":"max-snippet:-1","max-image-preview":"max-image-preview:large","max-video-preview":"max-video-preview:-1"},"canonical":"https:\/\/www.pm.pb.gov.br\/portal\/2025\/01\/30\/ato-de-bravura-50-policiais-militares-sao-promovidos-pelo-governo-na-paraiba\/","og_locale":"pt_BR","og_type":"article","og_title":"ATO DE BRAVURA: 50 policiais militares s\u00e3o promovidos pelo governo na Para\u00edba - Pol\u00edcia Militar da Para\u00edba","og_description":"O Governo do Estado e a Pol\u00edcia Militar da Para\u00edba promoveram, nesta quinta-feira (30), 50 policiais militares por \u2018ato de","og_url":"https:\/\/www.pm.pb.gov.br\/portal\/2025\/01\/30\/ato-de-bravura-50-policiais-militares-sao-promovidos-pelo-governo-na-paraiba\/","og_site_name":"Pol\u00edcia Militar da Para\u00edba","article_published_time":"2025-01-30T13:19:00+00:00","article_modified_time":"2025-01-30T22:14:59+00:00","og_image":[{"width":620,"height":411,"url":"http:\/\/www.pm.pb.gov.br\/portal\/wp-content\/uploads\/2021\/05\/foto_brasao-1.jpg","type":"image\/jpeg"}],"author":"Assessoria de Imprensa da PMPB","twitter_card":"summary_large_image","twitter_misc":{"Escrito por":"Assessoria de Imprensa da PMPB","Est. tempo de leitura":"1 minuto"},"schema":{"@context":"https:\/\/schema.org","@graph":[{"@type":"Article","@id":"https:\/\/www.pm.pb.gov.br\/portal\/2025\/01\/30\/ato-de-bravura-50-policiais-militares-sao-promovidos-pelo-governo-na-paraiba\/#article","isPartOf":{"@id":"https:\/\/www.pm.pb.gov.br\/portal\/2025\/01\/30\/ato-de-bravura-50-policiais-militares-sao-promovidos-pelo-governo-na-paraiba\/"},"author":{"name":"Assessoria de Imprensa da PMPB","@id":"https:\/\/www.pm.pb.gov.br\/portal\/#\/schema\/person\/e8454f46651c3ecf0e1ba3c1666d9947"},"headline":"ATO DE BRAVURA: 50 policiais militares s\u00e3o promovidos pelo governo na Para\u00edba","datePublished":"2025-01-30T13:19:00+00:00","dateModified":"2025-01-30T22:14:59+00:00","mainEntityOfPage":{"@id":"https:\/\/www.pm.pb.gov.br\/portal\/2025\/01\/30\/ato-de-bravura-50-policiais-militares-sao-promovidos-pelo-governo-na-paraiba\/"},"wordCount":149,"publisher":{"@id":"https:\/\/www.pm.pb.gov.br\/portal\/#organization"},"articleSection":["Gest\u00e3o e planejamento"],"inLanguage":"pt-BR"},{"@type":"WebPage","@id":"https:\/\/www.pm.pb.gov.br\/portal\/2025\/01\/30\/ato-de-bravura-50-policiais-militares-sao-promovidos-pelo-governo-na-paraiba\/","url":"https:\/\/www.pm.pb.gov.br\/portal\/2025\/01\/30\/ato-de-bravura-50-policiais-militares-sao-promovidos-pelo-governo-na-paraiba\/","name":"ATO DE BRAVURA: 50 policiais militares s\u00e3o promovidos pelo governo na Para\u00edba - Pol\u00edcia Militar da Para\u00edba","isPartOf":{"@id":"https:\/\/www.pm.pb.gov.br\/portal\/#website"},"datePublished":"2025-01-30T13:19:00+00:00","dateModified":"2025-01-30T22:14:59+00:00","breadcrumb":{"@id":"https:\/\/www.pm.pb.gov.br\/portal\/2025\/01\/30\/ato-de-bravura-50-policiais-militares-sao-promovidos-pelo-governo-na-paraiba\/#breadcrumb"},"inLanguage":"pt-BR","potentialAction":[{"@type":"ReadAction","target":["https:\/\/www.pm.pb.gov.br\/portal\/2025\/01\/30\/ato-de-bravura-50-policiais-militares-sao-promovidos-pelo-governo-na-paraiba\/"]}]},{"@type":"BreadcrumbList","@id":"https:\/\/www.pm.pb.gov.br\/portal\/2025\/01\/30\/ato-de-bravura-50-policiais-militares-sao-promovidos-pelo-governo-na-paraiba\/#breadcrumb","itemListElement":[{"@type":"ListItem","position":1,"name":"In\u00edcio","item":"https:\/\/www.pm.pb.gov.br\/portal\/"},{"@type":"ListItem","position":2,"name":"ATO DE BRAVURA: 50 policiais militares s\u00e3o promovidos pelo governo na Para\u00edba"}]},{"@type":"WebSite","@id":"https:\/\/www.pm.pb.gov.br\/portal\/#website","url":"https:\/\/www.pm.pb.gov.br\/portal\/","name":"Pol\u00edcia Militar da Para\u00edba","description":"","publisher":{"@id":"https:\/\/www.pm.pb.gov.br\/portal\/#organization"},"potentialAction":[{"@type":"SearchAction","target":{"@type":"EntryPoint","urlTemplate":"https:\/\/www.pm.pb.gov.br\/portal\/?s={search_term_string}"},"query-input":"required name=search_term_string"}],"inLanguage":"pt-BR"},{"@type":"Organization","@id":"https:\/\/www.pm.pb.gov.br\/portal\/#organization","name":"Pol\u00edcia Militar da Para\u00edba","url":"https:\/\/www.pm.pb.gov.br\/portal\/","logo":{"@type":"ImageObject","inLanguage":"pt-BR","@id":"https:\/\/www.pm.pb.gov.br\/portal\/#\/schema\/logo\/image\/","url":"https:\/\/www.pm.pb.gov.br\/portal\/wp-content\/uploads\/2025\/03\/cropped-logo-site-mag2-1.png","contentUrl":"https:\/\/www.pm.pb.gov.br\/portal\/wp-content\/uploads\/2025\/03\/cropped-logo-site-mag2-1.png","width":320,"height":90,"caption":"Pol\u00edcia Militar da Para\u00edba"},"image":{"@id":"https:\/\/www.pm.pb.gov.br\/portal\/#\/schema\/logo\/image\/"}},{"@type":"Person","@id":"https:\/\/www.pm.pb.gov.br\/portal\/#\/schema\/person\/e8454f46651c3ecf0e1ba3c1666d9947","name":"Assessoria de Imprensa da PMPB","image":{"@type":"ImageObject","inLanguage":"pt-BR","@id":"https:\/\/www.pm.pb.gov.br\/portal\/#\/schema\/person\/image\/","url":"https:\/\/secure.gravatar.com\/avatar\/2efe197438265d1e90bd98c4c8e1acf8?s=96&d=mm&r=g","contentUrl":"https:\/\/secure.gravatar.com\/avatar\/2efe197438265d1e90bd98c4c8e1acf8?s=96&d=mm&r=g","caption":"Assessoria de Imprensa da PMPB"},"url":"https:\/\/www.pm.pb.gov.br\/portal\/author\/assessoria\/"}]}},"_links":{"self":[{"href":"https:\/\/www.pm.pb.gov.br\/portal\/wp-json\/wp\/v2\/posts\/925616"}],"collection":[{"href":"https:\/\/www.pm.pb.gov.br\/portal\/wp-json\/wp\/v2\/posts"}],"about":[{"href":"https:\/\/www.pm.pb.gov.br\/portal\/wp-json\/wp\/v2\/types\/post"}],"author":[{"embeddable":true,"href":"https:\/\/www.pm.pb.gov.br\/portal\/wp-json\/wp\/v2\/users\/5"}],"replies":[{"embeddable":true,"href":"https:\/\/www.pm.pb.gov.br\/portal\/wp-json\/wp\/v2\/comments?post=925616"}],"version-history":[{"count":1,"href":"https:\/\/www.pm.pb.gov.br\/portal\/wp-json\/wp\/v2\/posts\/925616\/revisions"}],"predecessor-version":[{"id":925617,"href":"https:\/\/www.pm.pb.gov.br\/portal\/wp-json\/wp\/v2\/posts\/925616\/revisions\/925617"}],"wp:featuredmedia":[{"embeddable":true,"href":"https:\/\/www.pm.pb.gov.br\/portal\/wp-json\/wp\/v2\/media\/910568"}],"wp:attachment":[{"href":"https:\/\/www.pm.pb.gov.br\/portal\/wp-json\/wp\/v2\/media?parent=925616"}],"wp:term":[{"taxonomy":"category","embeddable":true,"href":"https:\/\/www.pm.pb.gov.br\/portal\/wp-json\/wp\/v2\/categories?post=925616"},{"taxonomy":"post_tag","embeddable":true,"href":"https:\/\/www.pm.pb.gov.br\/portal\/wp-json\/wp\/v2\/tags?post=925616"}],"curies":[{"name":"wp","href":"https:\/\/api.w.org\/{rel}","templated":true}]}}