{"id":925605,"date":"2025-01-30T12:01:56","date_gmt":"2025-01-30T15:01:56","guid":{"rendered":"https:\/\/www.pm.pb.gov.br\/portal\/?p=925605"},"modified":"2025-01-30T12:01:59","modified_gmt":"2025-01-30T15:01:59","slug":"resposta-rapida-policia-militar-prende-acusado-de-assaltar-policial-na-zona-sul-de-jp","status":"publish","type":"post","link":"https:\/\/www.pm.pb.gov.br\/portal\/2025\/01\/30\/resposta-rapida-policia-militar-prende-acusado-de-assaltar-policial-na-zona-sul-de-jp\/","title":{"rendered":"RESPOSTA R\u00c1PIDA: Pol\u00edcia Militar prende acusado de assaltar policial na zona sul de JP"},"content":{"rendered":"\n<p>Em cerca de seis horas, a Pol\u00edcia Militar prendeu um dos criminosos acusados de assaltar um policial na zona sul de Jo\u00e3o Pessoa (foto acima ilustrativa). A pris\u00e3o do acusado ocorreu no bairro das Ind\u00fastrias, na madrugada desta quinta-feira (30).<\/p>\n<p>De acordo com o Batalh\u00e3o de Policiamento de Choque (BPChoque), o acusado tem 22 anos de idade e foi localizado ainda durante a madrugada, sendo reconhecido pela v\u00edtima. O policial foi assaltado no Jardim Cidade Universit\u00e1ria por volta das 19h30, quando chegava em casa, tendo o carro e outros pertences tomados durante o delito.<\/p>\n<p>Ainda pela noite o ve\u00edculo foi encontrado na regi\u00e3o do antigo CAIC, em Mangabeira. As dilig\u00eancias da PM levaram at\u00e9 a pris\u00e3o de um dos acusados do crime, que foi autuado em flagrante. De acordo com os policiais que fizeram a pris\u00e3o, o acusado j\u00e1 havia sido preso anteriormente por crime de furto.<\/p>\n<p>O criminoso foi apresentado na Cidade da Pol\u00edcia Civil para devida autua\u00e7\u00e3o, ficando \u00e0 disposi\u00e7\u00e3o da Justi\u00e7a.<\/p>\n","protected":false},"excerpt":{"rendered":"<p>Em cerca de seis horas, a Pol\u00edcia Militar prendeu um dos criminosos acusados de assaltar um policial na zona sul<\/p>\n","protected":false},"author":5,"featured_media":925357,"comment_status":"closed","ping_status":"closed","sticky":false,"template":"","format":"standard","meta":{"_exactmetrics_skip_tracking":false,"_exactmetrics_sitenote_active":false,"_exactmetrics_sitenote_note":"","_exactmetrics_sitenote_category":0,"footnotes":""},"categories":[4],"tags":[],"yoast_head":"<!-- This site is optimized with the Yoast SEO plugin v22.0 - https:\/\/yoast.com\/wordpress\/plugins\/seo\/ -->\n<title>RESPOSTA R\u00c1PIDA: Pol\u00edcia Militar prende acusado de assaltar policial na zona sul de JP - Pol\u00edcia Militar da Para\u00edba<\/title>\n<meta name=\"description\" content=\"De acordo com os policiais que fizeram a pris\u00e3o, o acusado j\u00e1 havia sido preso anteriormente por crime de furto.\" \/>\n<meta name=\"robots\" content=\"index, follow, max-snippet:-1, max-image-preview:large, max-video-preview:-1\" \/>\n<link rel=\"canonical\" href=\"https:\/\/www.pm.pb.gov.br\/portal\/2025\/01\/30\/resposta-rapida-policia-militar-prende-acusado-de-assaltar-policial-na-zona-sul-de-jp\/\" \/>\n<meta property=\"og:locale\" content=\"pt_BR\" \/>\n<meta property=\"og:type\" content=\"article\" \/>\n<meta property=\"og:title\" content=\"RESPOSTA R\u00c1PIDA: Pol\u00edcia Militar prende acusado de assaltar policial na zona sul de JP - Pol\u00edcia Militar da Para\u00edba\" \/>\n<meta property=\"og:description\" content=\"De acordo com os policiais que fizeram a pris\u00e3o, o acusado j\u00e1 havia sido preso anteriormente por crime de furto.\" \/>\n<meta property=\"og:url\" content=\"https:\/\/www.pm.pb.gov.br\/portal\/2025\/01\/30\/resposta-rapida-policia-militar-prende-acusado-de-assaltar-policial-na-zona-sul-de-jp\/\" \/>\n<meta property=\"og:site_name\" content=\"Pol\u00edcia Militar da Para\u00edba\" \/>\n<meta property=\"article:published_time\" content=\"2025-01-30T15:01:56+00:00\" \/>\n<meta property=\"article:modified_time\" content=\"2025-01-30T15:01:59+00:00\" \/>\n<meta property=\"og:image\" content=\"http:\/\/www.pm.pb.gov.br\/portal\/wp-content\/uploads\/2025\/01\/bpchoquesite.jpeg\" \/>\n\t<meta property=\"og:image:width\" content=\"800\" \/>\n\t<meta property=\"og:image:height\" content=\"445\" \/>\n\t<meta property=\"og:image:type\" content=\"image\/jpeg\" \/>\n<meta name=\"author\" content=\"Assessoria de Imprensa da PMPB\" \/>\n<meta name=\"twitter:card\" content=\"summary_large_image\" \/>\n<meta name=\"twitter:label1\" content=\"Escrito por\" \/>\n\t<meta name=\"twitter:data1\" content=\"Assessoria de Imprensa da PMPB\" \/>\n\t<meta name=\"twitter:label2\" content=\"Est. tempo de leitura\" \/>\n\t<meta name=\"twitter:data2\" content=\"2 minutos\" \/>\n<script type=\"application\/ld+json\" class=\"yoast-schema-graph\">{\"@context\":\"https:\/\/schema.org\",\"@graph\":[{\"@type\":\"Article\",\"@id\":\"https:\/\/www.pm.pb.gov.br\/portal\/2025\/01\/30\/resposta-rapida-policia-militar-prende-acusado-de-assaltar-policial-na-zona-sul-de-jp\/#article\",\"isPartOf\":{\"@id\":\"https:\/\/www.pm.pb.gov.br\/portal\/2025\/01\/30\/resposta-rapida-policia-militar-prende-acusado-de-assaltar-policial-na-zona-sul-de-jp\/\"},\"author\":{\"name\":\"Assessoria de Imprensa da PMPB\",\"@id\":\"https:\/\/www.pm.pb.gov.br\/portal\/#\/schema\/person\/e8454f46651c3ecf0e1ba3c1666d9947\"},\"headline\":\"RESPOSTA R\u00c1PIDA: Pol\u00edcia Militar prende acusado de assaltar policial na zona sul de JP\",\"datePublished\":\"2025-01-30T15:01:56+00:00\",\"dateModified\":\"2025-01-30T15:01:59+00:00\",\"mainEntityOfPage\":{\"@id\":\"https:\/\/www.pm.pb.gov.br\/portal\/2025\/01\/30\/resposta-rapida-policia-militar-prende-acusado-de-assaltar-policial-na-zona-sul-de-jp\/\"},\"wordCount\":193,\"publisher\":{\"@id\":\"https:\/\/www.pm.pb.gov.br\/portal\/#organization\"},\"articleSection\":[\"A\u00e7\u00f5es Policiais\"],\"inLanguage\":\"pt-BR\"},{\"@type\":\"WebPage\",\"@id\":\"https:\/\/www.pm.pb.gov.br\/portal\/2025\/01\/30\/resposta-rapida-policia-militar-prende-acusado-de-assaltar-policial-na-zona-sul-de-jp\/\",\"url\":\"https:\/\/www.pm.pb.gov.br\/portal\/2025\/01\/30\/resposta-rapida-policia-militar-prende-acusado-de-assaltar-policial-na-zona-sul-de-jp\/\",\"name\":\"RESPOSTA R\u00c1PIDA: Pol\u00edcia Militar prende acusado de assaltar policial na zona sul de JP - Pol\u00edcia Militar da Para\u00edba\",\"isPartOf\":{\"@id\":\"https:\/\/www.pm.pb.gov.br\/portal\/#website\"},\"datePublished\":\"2025-01-30T15:01:56+00:00\",\"dateModified\":\"2025-01-30T15:01:59+00:00\",\"description\":\"De acordo com os policiais que fizeram a pris\u00e3o, o acusado j\u00e1 havia sido preso anteriormente por crime de furto.\",\"breadcrumb\":{\"@id\":\"https:\/\/www.pm.pb.gov.br\/portal\/2025\/01\/30\/resposta-rapida-policia-militar-prende-acusado-de-assaltar-policial-na-zona-sul-de-jp\/#breadcrumb\"},\"inLanguage\":\"pt-BR\",\"potentialAction\":[{\"@type\":\"ReadAction\",\"target\":[\"https:\/\/www.pm.pb.gov.br\/portal\/2025\/01\/30\/resposta-rapida-policia-militar-prende-acusado-de-assaltar-policial-na-zona-sul-de-jp\/\"]}]},{\"@type\":\"BreadcrumbList\",\"@id\":\"https:\/\/www.pm.pb.gov.br\/portal\/2025\/01\/30\/resposta-rapida-policia-militar-prende-acusado-de-assaltar-policial-na-zona-sul-de-jp\/#breadcrumb\",\"itemListElement\":[{\"@type\":\"ListItem\",\"position\":1,\"name\":\"In\u00edcio\",\"item\":\"https:\/\/www.pm.pb.gov.br\/portal\/\"},{\"@type\":\"ListItem\",\"position\":2,\"name\":\"RESPOSTA R\u00c1PIDA: Pol\u00edcia Militar prende acusado de assaltar policial na zona sul de JP\"}]},{\"@type\":\"WebSite\",\"@id\":\"https:\/\/www.pm.pb.gov.br\/portal\/#website\",\"url\":\"https:\/\/www.pm.pb.gov.br\/portal\/\",\"name\":\"Pol\u00edcia Militar da Para\u00edba\",\"description\":\"\",\"publisher\":{\"@id\":\"https:\/\/www.pm.pb.gov.br\/portal\/#organization\"},\"potentialAction\":[{\"@type\":\"SearchAction\",\"target\":{\"@type\":\"EntryPoint\",\"urlTemplate\":\"https:\/\/www.pm.pb.gov.br\/portal\/?s={search_term_string}\"},\"query-input\":\"required name=search_term_string\"}],\"inLanguage\":\"pt-BR\"},{\"@type\":\"Organization\",\"@id\":\"https:\/\/www.pm.pb.gov.br\/portal\/#organization\",\"name\":\"Pol\u00edcia Militar da Para\u00edba\",\"url\":\"https:\/\/www.pm.pb.gov.br\/portal\/\",\"logo\":{\"@type\":\"ImageObject\",\"inLanguage\":\"pt-BR\",\"@id\":\"https:\/\/www.pm.pb.gov.br\/portal\/#\/schema\/logo\/image\/\",\"url\":\"https:\/\/www.pm.pb.gov.br\/portal\/wp-content\/uploads\/2025\/03\/cropped-logo-site-mag2-1.png\",\"contentUrl\":\"https:\/\/www.pm.pb.gov.br\/portal\/wp-content\/uploads\/2025\/03\/cropped-logo-site-mag2-1.png\",\"width\":320,\"height\":90,\"caption\":\"Pol\u00edcia Militar da Para\u00edba\"},\"image\":{\"@id\":\"https:\/\/www.pm.pb.gov.br\/portal\/#\/schema\/logo\/image\/\"}},{\"@type\":\"Person\",\"@id\":\"https:\/\/www.pm.pb.gov.br\/portal\/#\/schema\/person\/e8454f46651c3ecf0e1ba3c1666d9947\",\"name\":\"Assessoria de Imprensa da PMPB\",\"image\":{\"@type\":\"ImageObject\",\"inLanguage\":\"pt-BR\",\"@id\":\"https:\/\/www.pm.pb.gov.br\/portal\/#\/schema\/person\/image\/\",\"url\":\"https:\/\/secure.gravatar.com\/avatar\/2efe197438265d1e90bd98c4c8e1acf8?s=96&d=mm&r=g\",\"contentUrl\":\"https:\/\/secure.gravatar.com\/avatar\/2efe197438265d1e90bd98c4c8e1acf8?s=96&d=mm&r=g\",\"caption\":\"Assessoria de Imprensa da PMPB\"},\"url\":\"https:\/\/www.pm.pb.gov.br\/portal\/author\/assessoria\/\"}]}<\/script>\n<!-- \/ Yoast SEO plugin. -->","yoast_head_json":{"title":"RESPOSTA R\u00c1PIDA: Pol\u00edcia Militar prende acusado de assaltar policial na zona sul de JP - Pol\u00edcia Militar da Para\u00edba","description":"De acordo com os policiais que fizeram a pris\u00e3o, o acusado j\u00e1 havia sido preso anteriormente por crime de furto.","robots":{"index":"index","follow":"follow","max-snippet":"max-snippet:-1","max-image-preview":"max-image-preview:large","max-video-preview":"max-video-preview:-1"},"canonical":"https:\/\/www.pm.pb.gov.br\/portal\/2025\/01\/30\/resposta-rapida-policia-militar-prende-acusado-de-assaltar-policial-na-zona-sul-de-jp\/","og_locale":"pt_BR","og_type":"article","og_title":"RESPOSTA R\u00c1PIDA: Pol\u00edcia Militar prende acusado de assaltar policial na zona sul de JP - Pol\u00edcia Militar da Para\u00edba","og_description":"De acordo com os policiais que fizeram a pris\u00e3o, o acusado j\u00e1 havia sido preso anteriormente por crime de furto.","og_url":"https:\/\/www.pm.pb.gov.br\/portal\/2025\/01\/30\/resposta-rapida-policia-militar-prende-acusado-de-assaltar-policial-na-zona-sul-de-jp\/","og_site_name":"Pol\u00edcia Militar da Para\u00edba","article_published_time":"2025-01-30T15:01:56+00:00","article_modified_time":"2025-01-30T15:01:59+00:00","og_image":[{"width":800,"height":445,"url":"http:\/\/www.pm.pb.gov.br\/portal\/wp-content\/uploads\/2025\/01\/bpchoquesite.jpeg","type":"image\/jpeg"}],"author":"Assessoria de Imprensa da PMPB","twitter_card":"summary_large_image","twitter_misc":{"Escrito por":"Assessoria de Imprensa da PMPB","Est. tempo de leitura":"2 minutos"},"schema":{"@context":"https:\/\/schema.org","@graph":[{"@type":"Article","@id":"https:\/\/www.pm.pb.gov.br\/portal\/2025\/01\/30\/resposta-rapida-policia-militar-prende-acusado-de-assaltar-policial-na-zona-sul-de-jp\/#article","isPartOf":{"@id":"https:\/\/www.pm.pb.gov.br\/portal\/2025\/01\/30\/resposta-rapida-policia-militar-prende-acusado-de-assaltar-policial-na-zona-sul-de-jp\/"},"author":{"name":"Assessoria de Imprensa da PMPB","@id":"https:\/\/www.pm.pb.gov.br\/portal\/#\/schema\/person\/e8454f46651c3ecf0e1ba3c1666d9947"},"headline":"RESPOSTA R\u00c1PIDA: Pol\u00edcia Militar prende acusado de assaltar policial na zona sul de JP","datePublished":"2025-01-30T15:01:56+00:00","dateModified":"2025-01-30T15:01:59+00:00","mainEntityOfPage":{"@id":"https:\/\/www.pm.pb.gov.br\/portal\/2025\/01\/30\/resposta-rapida-policia-militar-prende-acusado-de-assaltar-policial-na-zona-sul-de-jp\/"},"wordCount":193,"publisher":{"@id":"https:\/\/www.pm.pb.gov.br\/portal\/#organization"},"articleSection":["A\u00e7\u00f5es Policiais"],"inLanguage":"pt-BR"},{"@type":"WebPage","@id":"https:\/\/www.pm.pb.gov.br\/portal\/2025\/01\/30\/resposta-rapida-policia-militar-prende-acusado-de-assaltar-policial-na-zona-sul-de-jp\/","url":"https:\/\/www.pm.pb.gov.br\/portal\/2025\/01\/30\/resposta-rapida-policia-militar-prende-acusado-de-assaltar-policial-na-zona-sul-de-jp\/","name":"RESPOSTA R\u00c1PIDA: Pol\u00edcia Militar prende acusado de assaltar policial na zona sul de JP - Pol\u00edcia Militar da Para\u00edba","isPartOf":{"@id":"https:\/\/www.pm.pb.gov.br\/portal\/#website"},"datePublished":"2025-01-30T15:01:56+00:00","dateModified":"2025-01-30T15:01:59+00:00","description":"De acordo com os policiais que fizeram a pris\u00e3o, o acusado j\u00e1 havia sido preso anteriormente por crime de furto.","breadcrumb":{"@id":"https:\/\/www.pm.pb.gov.br\/portal\/2025\/01\/30\/resposta-rapida-policia-militar-prende-acusado-de-assaltar-policial-na-zona-sul-de-jp\/#breadcrumb"},"inLanguage":"pt-BR","potentialAction":[{"@type":"ReadAction","target":["https:\/\/www.pm.pb.gov.br\/portal\/2025\/01\/30\/resposta-rapida-policia-militar-prende-acusado-de-assaltar-policial-na-zona-sul-de-jp\/"]}]},{"@type":"BreadcrumbList","@id":"https:\/\/www.pm.pb.gov.br\/portal\/2025\/01\/30\/resposta-rapida-policia-militar-prende-acusado-de-assaltar-policial-na-zona-sul-de-jp\/#breadcrumb","itemListElement":[{"@type":"ListItem","position":1,"name":"In\u00edcio","item":"https:\/\/www.pm.pb.gov.br\/portal\/"},{"@type":"ListItem","position":2,"name":"RESPOSTA R\u00c1PIDA: Pol\u00edcia Militar prende acusado de assaltar policial na zona sul de JP"}]},{"@type":"WebSite","@id":"https:\/\/www.pm.pb.gov.br\/portal\/#website","url":"https:\/\/www.pm.pb.gov.br\/portal\/","name":"Pol\u00edcia Militar da Para\u00edba","description":"","publisher":{"@id":"https:\/\/www.pm.pb.gov.br\/portal\/#organization"},"potentialAction":[{"@type":"SearchAction","target":{"@type":"EntryPoint","urlTemplate":"https:\/\/www.pm.pb.gov.br\/portal\/?s={search_term_string}"},"query-input":"required name=search_term_string"}],"inLanguage":"pt-BR"},{"@type":"Organization","@id":"https:\/\/www.pm.pb.gov.br\/portal\/#organization","name":"Pol\u00edcia Militar da Para\u00edba","url":"https:\/\/www.pm.pb.gov.br\/portal\/","logo":{"@type":"ImageObject","inLanguage":"pt-BR","@id":"https:\/\/www.pm.pb.gov.br\/portal\/#\/schema\/logo\/image\/","url":"https:\/\/www.pm.pb.gov.br\/portal\/wp-content\/uploads\/2025\/03\/cropped-logo-site-mag2-1.png","contentUrl":"https:\/\/www.pm.pb.gov.br\/portal\/wp-content\/uploads\/2025\/03\/cropped-logo-site-mag2-1.png","width":320,"height":90,"caption":"Pol\u00edcia Militar da Para\u00edba"},"image":{"@id":"https:\/\/www.pm.pb.gov.br\/portal\/#\/schema\/logo\/image\/"}},{"@type":"Person","@id":"https:\/\/www.pm.pb.gov.br\/portal\/#\/schema\/person\/e8454f46651c3ecf0e1ba3c1666d9947","name":"Assessoria de Imprensa da PMPB","image":{"@type":"ImageObject","inLanguage":"pt-BR","@id":"https:\/\/www.pm.pb.gov.br\/portal\/#\/schema\/person\/image\/","url":"https:\/\/secure.gravatar.com\/avatar\/2efe197438265d1e90bd98c4c8e1acf8?s=96&d=mm&r=g","contentUrl":"https:\/\/secure.gravatar.com\/avatar\/2efe197438265d1e90bd98c4c8e1acf8?s=96&d=mm&r=g","caption":"Assessoria de Imprensa da PMPB"},"url":"https:\/\/www.pm.pb.gov.br\/portal\/author\/assessoria\/"}]}},"_links":{"self":[{"href":"https:\/\/www.pm.pb.gov.br\/portal\/wp-json\/wp\/v2\/posts\/925605"}],"collection":[{"href":"https:\/\/www.pm.pb.gov.br\/portal\/wp-json\/wp\/v2\/posts"}],"about":[{"href":"https:\/\/www.pm.pb.gov.br\/portal\/wp-json\/wp\/v2\/types\/post"}],"author":[{"embeddable":true,"href":"https:\/\/www.pm.pb.gov.br\/portal\/wp-json\/wp\/v2\/users\/5"}],"replies":[{"embeddable":true,"href":"https:\/\/www.pm.pb.gov.br\/portal\/wp-json\/wp\/v2\/comments?post=925605"}],"version-history":[{"count":1,"href":"https:\/\/www.pm.pb.gov.br\/portal\/wp-json\/wp\/v2\/posts\/925605\/revisions"}],"predecessor-version":[{"id":925606,"href":"https:\/\/www.pm.pb.gov.br\/portal\/wp-json\/wp\/v2\/posts\/925605\/revisions\/925606"}],"wp:featuredmedia":[{"embeddable":true,"href":"https:\/\/www.pm.pb.gov.br\/portal\/wp-json\/wp\/v2\/media\/925357"}],"wp:attachment":[{"href":"https:\/\/www.pm.pb.gov.br\/portal\/wp-json\/wp\/v2\/media?parent=925605"}],"wp:term":[{"taxonomy":"category","embeddable":true,"href":"https:\/\/www.pm.pb.gov.br\/portal\/wp-json\/wp\/v2\/categories?post=925605"},{"taxonomy":"post_tag","embeddable":true,"href":"https:\/\/www.pm.pb.gov.br\/portal\/wp-json\/wp\/v2\/tags?post=925605"}],"curies":[{"name":"wp","href":"https:\/\/api.w.org\/{rel}","templated":true}]}}