{"id":925458,"date":"2025-01-20T13:38:07","date_gmt":"2025-01-20T16:38:07","guid":{"rendered":"https:\/\/www.pm.pb.gov.br\/portal\/?p=925458"},"modified":"2025-01-20T15:27:23","modified_gmt":"2025-01-20T18:27:23","slug":"bptran-disponibiliza-canal-para-solicitacao-de-acoes-educativas-para-o-transito","status":"publish","type":"post","link":"https:\/\/www.pm.pb.gov.br\/portal\/2025\/01\/20\/bptran-disponibiliza-canal-para-solicitacao-de-acoes-educativas-para-o-transito\/","title":{"rendered":"BPTran disponibiliza canal para solicita\u00e7\u00e3o de a\u00e7\u00f5es educativas para o tr\u00e2nsito"},"content":{"rendered":"\n<p>Al\u00e9m da atua\u00e7\u00e3o para o tr\u00e2nsito mais seguro, e o combate \u00e0 criminalidade na Para\u00edba, o Batalh\u00e3o de Pol\u00edcia de Tr\u00e2nsito Urbano e Rodovi\u00e1rio (BPTran) est\u00e1 fortalecendo mais um aspecto de sua unidade: a educa\u00e7\u00e3o para o tr\u00e2nsito. Em 2025 as a\u00e7\u00f5es preventivas de educa\u00e7\u00e3o para o tr\u00e2nsito ser\u00e3o fortalecidas e contar\u00e3o com a ajuda da popula\u00e7\u00e3o.<\/p>\n<p>O BPTran est\u00e1 disponibilizando um e-mail para que, qualquer segmento interessado em educa\u00e7\u00e3o para o tr\u00e2nsito, possa solicitar o servi\u00e7o. Ao receber a demanda, o \u00f3rg\u00e3o avaliar\u00e1 a disponibilidade e o atendimento do pleito. As a\u00e7\u00f5es acontecer\u00e3o em toda a Para\u00edba.<\/p>\n<p>\u201cEsse \u00e9 mais um servi\u00e7o que a Pol\u00edcia Militar, atrav\u00e9s do BPTran, disponibiliza a popula\u00e7\u00e3o, tendo sempre como objetivo maior o resguardo da vida, seja dos condutores, pedestres ou passageiros. Essas a\u00e7\u00f5es educativas ter\u00e3o foco nas crian\u00e7as, que ser\u00e3o os cidad\u00e3os do futuro ocupando nossas malhas vi\u00e1rias\u201d, explicou o tenente-coronel Lucas, comandante do BPTran.<\/p>\n<p><strong>SERVI\u00c7O:<\/strong><\/p>\n<p>Educa\u00e7\u00e3o para o tr\u00e2nsito<\/p>\n<p>E-mail: educatran.pmpb@gmail.com<\/p>\n<p><em>Atualizado \u00e0s 15h29<\/em>.<\/p>\n\n\n","protected":false},"excerpt":{"rendered":"<p>Al\u00e9m da atua\u00e7\u00e3o para o tr\u00e2nsito mais seguro, e o combate \u00e0 criminalidade na Para\u00edba, o Batalh\u00e3o de Pol\u00edcia de<\/p>\n","protected":false},"author":5,"featured_media":925460,"comment_status":"closed","ping_status":"closed","sticky":false,"template":"","format":"standard","meta":{"_exactmetrics_skip_tracking":false,"_exactmetrics_sitenote_active":false,"_exactmetrics_sitenote_note":"","_exactmetrics_sitenote_category":0,"footnotes":""},"categories":[14],"tags":[],"yoast_head":"<!-- This site is optimized with the Yoast SEO plugin v22.0 - https:\/\/yoast.com\/wordpress\/plugins\/seo\/ -->\n<title>BPTran disponibiliza canal para solicita\u00e7\u00e3o de a\u00e7\u00f5es educativas para o tr\u00e2nsito - Pol\u00edcia Militar da Para\u00edba<\/title>\n<meta name=\"description\" content=\"O BPTran est\u00e1 disponibilizando um e-mail para que, qualquer segmento interessado em educa\u00e7\u00e3o para o tr\u00e2nsito, possa solicitar o servi\u00e7o.\" \/>\n<meta name=\"robots\" content=\"index, follow, max-snippet:-1, max-image-preview:large, max-video-preview:-1\" \/>\n<link rel=\"canonical\" href=\"https:\/\/www.pm.pb.gov.br\/portal\/2025\/01\/20\/bptran-disponibiliza-canal-para-solicitacao-de-acoes-educativas-para-o-transito\/\" \/>\n<meta property=\"og:locale\" content=\"pt_BR\" \/>\n<meta property=\"og:type\" content=\"article\" \/>\n<meta property=\"og:title\" content=\"BPTran disponibiliza canal para solicita\u00e7\u00e3o de a\u00e7\u00f5es educativas para o tr\u00e2nsito - Pol\u00edcia Militar da Para\u00edba\" \/>\n<meta property=\"og:description\" content=\"O BPTran est\u00e1 disponibilizando um e-mail para que, qualquer segmento interessado em educa\u00e7\u00e3o para o tr\u00e2nsito, possa solicitar o servi\u00e7o.\" \/>\n<meta property=\"og:url\" content=\"https:\/\/www.pm.pb.gov.br\/portal\/2025\/01\/20\/bptran-disponibiliza-canal-para-solicitacao-de-acoes-educativas-para-o-transito\/\" \/>\n<meta property=\"og:site_name\" content=\"Pol\u00edcia Militar da Para\u00edba\" \/>\n<meta property=\"article:published_time\" content=\"2025-01-20T16:38:07+00:00\" \/>\n<meta property=\"article:modified_time\" content=\"2025-01-20T18:27:23+00:00\" \/>\n<meta property=\"og:image\" content=\"http:\/\/www.pm.pb.gov.br\/portal\/wp-content\/uploads\/2025\/01\/WhatsApp-Image-2025-01-20-at-13.27.44-scaled.jpeg\" \/>\n\t<meta property=\"og:image:width\" content=\"2560\" \/>\n\t<meta property=\"og:image:height\" content=\"1440\" \/>\n\t<meta property=\"og:image:type\" content=\"image\/jpeg\" \/>\n<meta name=\"author\" content=\"Assessoria de Imprensa da PMPB\" \/>\n<meta name=\"twitter:card\" content=\"summary_large_image\" \/>\n<meta name=\"twitter:label1\" content=\"Escrito por\" \/>\n\t<meta name=\"twitter:data1\" content=\"Assessoria de Imprensa da PMPB\" \/>\n\t<meta name=\"twitter:label2\" content=\"Est. tempo de leitura\" \/>\n\t<meta name=\"twitter:data2\" content=\"2 minutos\" \/>\n<script type=\"application\/ld+json\" class=\"yoast-schema-graph\">{\"@context\":\"https:\/\/schema.org\",\"@graph\":[{\"@type\":\"Article\",\"@id\":\"https:\/\/www.pm.pb.gov.br\/portal\/2025\/01\/20\/bptran-disponibiliza-canal-para-solicitacao-de-acoes-educativas-para-o-transito\/#article\",\"isPartOf\":{\"@id\":\"https:\/\/www.pm.pb.gov.br\/portal\/2025\/01\/20\/bptran-disponibiliza-canal-para-solicitacao-de-acoes-educativas-para-o-transito\/\"},\"author\":{\"name\":\"Assessoria de Imprensa da PMPB\",\"@id\":\"https:\/\/www.pm.pb.gov.br\/portal\/#\/schema\/person\/e8454f46651c3ecf0e1ba3c1666d9947\"},\"headline\":\"BPTran disponibiliza canal para solicita\u00e7\u00e3o de a\u00e7\u00f5es educativas para o tr\u00e2nsito\",\"datePublished\":\"2025-01-20T16:38:07+00:00\",\"dateModified\":\"2025-01-20T18:27:23+00:00\",\"mainEntityOfPage\":{\"@id\":\"https:\/\/www.pm.pb.gov.br\/portal\/2025\/01\/20\/bptran-disponibiliza-canal-para-solicitacao-de-acoes-educativas-para-o-transito\/\"},\"wordCount\":212,\"publisher\":{\"@id\":\"https:\/\/www.pm.pb.gov.br\/portal\/#organization\"},\"articleSection\":[\"Preven\u00e7\u00e3o\"],\"inLanguage\":\"pt-BR\"},{\"@type\":\"WebPage\",\"@id\":\"https:\/\/www.pm.pb.gov.br\/portal\/2025\/01\/20\/bptran-disponibiliza-canal-para-solicitacao-de-acoes-educativas-para-o-transito\/\",\"url\":\"https:\/\/www.pm.pb.gov.br\/portal\/2025\/01\/20\/bptran-disponibiliza-canal-para-solicitacao-de-acoes-educativas-para-o-transito\/\",\"name\":\"BPTran disponibiliza canal para solicita\u00e7\u00e3o de a\u00e7\u00f5es educativas para o tr\u00e2nsito - Pol\u00edcia Militar da Para\u00edba\",\"isPartOf\":{\"@id\":\"https:\/\/www.pm.pb.gov.br\/portal\/#website\"},\"datePublished\":\"2025-01-20T16:38:07+00:00\",\"dateModified\":\"2025-01-20T18:27:23+00:00\",\"description\":\"O BPTran est\u00e1 disponibilizando um e-mail para que, qualquer segmento interessado em educa\u00e7\u00e3o para o tr\u00e2nsito, possa solicitar o servi\u00e7o.\",\"breadcrumb\":{\"@id\":\"https:\/\/www.pm.pb.gov.br\/portal\/2025\/01\/20\/bptran-disponibiliza-canal-para-solicitacao-de-acoes-educativas-para-o-transito\/#breadcrumb\"},\"inLanguage\":\"pt-BR\",\"potentialAction\":[{\"@type\":\"ReadAction\",\"target\":[\"https:\/\/www.pm.pb.gov.br\/portal\/2025\/01\/20\/bptran-disponibiliza-canal-para-solicitacao-de-acoes-educativas-para-o-transito\/\"]}]},{\"@type\":\"BreadcrumbList\",\"@id\":\"https:\/\/www.pm.pb.gov.br\/portal\/2025\/01\/20\/bptran-disponibiliza-canal-para-solicitacao-de-acoes-educativas-para-o-transito\/#breadcrumb\",\"itemListElement\":[{\"@type\":\"ListItem\",\"position\":1,\"name\":\"In\u00edcio\",\"item\":\"https:\/\/www.pm.pb.gov.br\/portal\/\"},{\"@type\":\"ListItem\",\"position\":2,\"name\":\"BPTran disponibiliza canal para solicita\u00e7\u00e3o de a\u00e7\u00f5es educativas para o tr\u00e2nsito\"}]},{\"@type\":\"WebSite\",\"@id\":\"https:\/\/www.pm.pb.gov.br\/portal\/#website\",\"url\":\"https:\/\/www.pm.pb.gov.br\/portal\/\",\"name\":\"Pol\u00edcia Militar da Para\u00edba\",\"description\":\"\",\"publisher\":{\"@id\":\"https:\/\/www.pm.pb.gov.br\/portal\/#organization\"},\"potentialAction\":[{\"@type\":\"SearchAction\",\"target\":{\"@type\":\"EntryPoint\",\"urlTemplate\":\"https:\/\/www.pm.pb.gov.br\/portal\/?s={search_term_string}\"},\"query-input\":\"required name=search_term_string\"}],\"inLanguage\":\"pt-BR\"},{\"@type\":\"Organization\",\"@id\":\"https:\/\/www.pm.pb.gov.br\/portal\/#organization\",\"name\":\"Pol\u00edcia Militar da Para\u00edba\",\"url\":\"https:\/\/www.pm.pb.gov.br\/portal\/\",\"logo\":{\"@type\":\"ImageObject\",\"inLanguage\":\"pt-BR\",\"@id\":\"https:\/\/www.pm.pb.gov.br\/portal\/#\/schema\/logo\/image\/\",\"url\":\"https:\/\/www.pm.pb.gov.br\/portal\/wp-content\/uploads\/2025\/03\/cropped-logo-site-mag2-1.png\",\"contentUrl\":\"https:\/\/www.pm.pb.gov.br\/portal\/wp-content\/uploads\/2025\/03\/cropped-logo-site-mag2-1.png\",\"width\":320,\"height\":90,\"caption\":\"Pol\u00edcia Militar da Para\u00edba\"},\"image\":{\"@id\":\"https:\/\/www.pm.pb.gov.br\/portal\/#\/schema\/logo\/image\/\"}},{\"@type\":\"Person\",\"@id\":\"https:\/\/www.pm.pb.gov.br\/portal\/#\/schema\/person\/e8454f46651c3ecf0e1ba3c1666d9947\",\"name\":\"Assessoria de Imprensa da PMPB\",\"image\":{\"@type\":\"ImageObject\",\"inLanguage\":\"pt-BR\",\"@id\":\"https:\/\/www.pm.pb.gov.br\/portal\/#\/schema\/person\/image\/\",\"url\":\"https:\/\/secure.gravatar.com\/avatar\/2efe197438265d1e90bd98c4c8e1acf8?s=96&d=mm&r=g\",\"contentUrl\":\"https:\/\/secure.gravatar.com\/avatar\/2efe197438265d1e90bd98c4c8e1acf8?s=96&d=mm&r=g\",\"caption\":\"Assessoria de Imprensa da PMPB\"},\"url\":\"https:\/\/www.pm.pb.gov.br\/portal\/author\/assessoria\/\"}]}<\/script>\n<!-- \/ Yoast SEO plugin. -->","yoast_head_json":{"title":"BPTran disponibiliza canal para solicita\u00e7\u00e3o de a\u00e7\u00f5es educativas para o tr\u00e2nsito - Pol\u00edcia Militar da Para\u00edba","description":"O BPTran est\u00e1 disponibilizando um e-mail para que, qualquer segmento interessado em educa\u00e7\u00e3o para o tr\u00e2nsito, possa solicitar o servi\u00e7o.","robots":{"index":"index","follow":"follow","max-snippet":"max-snippet:-1","max-image-preview":"max-image-preview:large","max-video-preview":"max-video-preview:-1"},"canonical":"https:\/\/www.pm.pb.gov.br\/portal\/2025\/01\/20\/bptran-disponibiliza-canal-para-solicitacao-de-acoes-educativas-para-o-transito\/","og_locale":"pt_BR","og_type":"article","og_title":"BPTran disponibiliza canal para solicita\u00e7\u00e3o de a\u00e7\u00f5es educativas para o tr\u00e2nsito - Pol\u00edcia Militar da Para\u00edba","og_description":"O BPTran est\u00e1 disponibilizando um e-mail para que, qualquer segmento interessado em educa\u00e7\u00e3o para o tr\u00e2nsito, possa solicitar o servi\u00e7o.","og_url":"https:\/\/www.pm.pb.gov.br\/portal\/2025\/01\/20\/bptran-disponibiliza-canal-para-solicitacao-de-acoes-educativas-para-o-transito\/","og_site_name":"Pol\u00edcia Militar da Para\u00edba","article_published_time":"2025-01-20T16:38:07+00:00","article_modified_time":"2025-01-20T18:27:23+00:00","og_image":[{"width":2560,"height":1440,"url":"http:\/\/www.pm.pb.gov.br\/portal\/wp-content\/uploads\/2025\/01\/WhatsApp-Image-2025-01-20-at-13.27.44-scaled.jpeg","type":"image\/jpeg"}],"author":"Assessoria de Imprensa da PMPB","twitter_card":"summary_large_image","twitter_misc":{"Escrito por":"Assessoria de Imprensa da PMPB","Est. tempo de leitura":"2 minutos"},"schema":{"@context":"https:\/\/schema.org","@graph":[{"@type":"Article","@id":"https:\/\/www.pm.pb.gov.br\/portal\/2025\/01\/20\/bptran-disponibiliza-canal-para-solicitacao-de-acoes-educativas-para-o-transito\/#article","isPartOf":{"@id":"https:\/\/www.pm.pb.gov.br\/portal\/2025\/01\/20\/bptran-disponibiliza-canal-para-solicitacao-de-acoes-educativas-para-o-transito\/"},"author":{"name":"Assessoria de Imprensa da PMPB","@id":"https:\/\/www.pm.pb.gov.br\/portal\/#\/schema\/person\/e8454f46651c3ecf0e1ba3c1666d9947"},"headline":"BPTran disponibiliza canal para solicita\u00e7\u00e3o de a\u00e7\u00f5es educativas para o tr\u00e2nsito","datePublished":"2025-01-20T16:38:07+00:00","dateModified":"2025-01-20T18:27:23+00:00","mainEntityOfPage":{"@id":"https:\/\/www.pm.pb.gov.br\/portal\/2025\/01\/20\/bptran-disponibiliza-canal-para-solicitacao-de-acoes-educativas-para-o-transito\/"},"wordCount":212,"publisher":{"@id":"https:\/\/www.pm.pb.gov.br\/portal\/#organization"},"articleSection":["Preven\u00e7\u00e3o"],"inLanguage":"pt-BR"},{"@type":"WebPage","@id":"https:\/\/www.pm.pb.gov.br\/portal\/2025\/01\/20\/bptran-disponibiliza-canal-para-solicitacao-de-acoes-educativas-para-o-transito\/","url":"https:\/\/www.pm.pb.gov.br\/portal\/2025\/01\/20\/bptran-disponibiliza-canal-para-solicitacao-de-acoes-educativas-para-o-transito\/","name":"BPTran disponibiliza canal para solicita\u00e7\u00e3o de a\u00e7\u00f5es educativas para o tr\u00e2nsito - Pol\u00edcia Militar da Para\u00edba","isPartOf":{"@id":"https:\/\/www.pm.pb.gov.br\/portal\/#website"},"datePublished":"2025-01-20T16:38:07+00:00","dateModified":"2025-01-20T18:27:23+00:00","description":"O BPTran est\u00e1 disponibilizando um e-mail para que, qualquer segmento interessado em educa\u00e7\u00e3o para o tr\u00e2nsito, possa solicitar o servi\u00e7o.","breadcrumb":{"@id":"https:\/\/www.pm.pb.gov.br\/portal\/2025\/01\/20\/bptran-disponibiliza-canal-para-solicitacao-de-acoes-educativas-para-o-transito\/#breadcrumb"},"inLanguage":"pt-BR","potentialAction":[{"@type":"ReadAction","target":["https:\/\/www.pm.pb.gov.br\/portal\/2025\/01\/20\/bptran-disponibiliza-canal-para-solicitacao-de-acoes-educativas-para-o-transito\/"]}]},{"@type":"BreadcrumbList","@id":"https:\/\/www.pm.pb.gov.br\/portal\/2025\/01\/20\/bptran-disponibiliza-canal-para-solicitacao-de-acoes-educativas-para-o-transito\/#breadcrumb","itemListElement":[{"@type":"ListItem","position":1,"name":"In\u00edcio","item":"https:\/\/www.pm.pb.gov.br\/portal\/"},{"@type":"ListItem","position":2,"name":"BPTran disponibiliza canal para solicita\u00e7\u00e3o de a\u00e7\u00f5es educativas para o tr\u00e2nsito"}]},{"@type":"WebSite","@id":"https:\/\/www.pm.pb.gov.br\/portal\/#website","url":"https:\/\/www.pm.pb.gov.br\/portal\/","name":"Pol\u00edcia Militar da Para\u00edba","description":"","publisher":{"@id":"https:\/\/www.pm.pb.gov.br\/portal\/#organization"},"potentialAction":[{"@type":"SearchAction","target":{"@type":"EntryPoint","urlTemplate":"https:\/\/www.pm.pb.gov.br\/portal\/?s={search_term_string}"},"query-input":"required name=search_term_string"}],"inLanguage":"pt-BR"},{"@type":"Organization","@id":"https:\/\/www.pm.pb.gov.br\/portal\/#organization","name":"Pol\u00edcia Militar da Para\u00edba","url":"https:\/\/www.pm.pb.gov.br\/portal\/","logo":{"@type":"ImageObject","inLanguage":"pt-BR","@id":"https:\/\/www.pm.pb.gov.br\/portal\/#\/schema\/logo\/image\/","url":"https:\/\/www.pm.pb.gov.br\/portal\/wp-content\/uploads\/2025\/03\/cropped-logo-site-mag2-1.png","contentUrl":"https:\/\/www.pm.pb.gov.br\/portal\/wp-content\/uploads\/2025\/03\/cropped-logo-site-mag2-1.png","width":320,"height":90,"caption":"Pol\u00edcia Militar da Para\u00edba"},"image":{"@id":"https:\/\/www.pm.pb.gov.br\/portal\/#\/schema\/logo\/image\/"}},{"@type":"Person","@id":"https:\/\/www.pm.pb.gov.br\/portal\/#\/schema\/person\/e8454f46651c3ecf0e1ba3c1666d9947","name":"Assessoria de Imprensa da PMPB","image":{"@type":"ImageObject","inLanguage":"pt-BR","@id":"https:\/\/www.pm.pb.gov.br\/portal\/#\/schema\/person\/image\/","url":"https:\/\/secure.gravatar.com\/avatar\/2efe197438265d1e90bd98c4c8e1acf8?s=96&d=mm&r=g","contentUrl":"https:\/\/secure.gravatar.com\/avatar\/2efe197438265d1e90bd98c4c8e1acf8?s=96&d=mm&r=g","caption":"Assessoria de Imprensa da PMPB"},"url":"https:\/\/www.pm.pb.gov.br\/portal\/author\/assessoria\/"}]}},"_links":{"self":[{"href":"https:\/\/www.pm.pb.gov.br\/portal\/wp-json\/wp\/v2\/posts\/925458"}],"collection":[{"href":"https:\/\/www.pm.pb.gov.br\/portal\/wp-json\/wp\/v2\/posts"}],"about":[{"href":"https:\/\/www.pm.pb.gov.br\/portal\/wp-json\/wp\/v2\/types\/post"}],"author":[{"embeddable":true,"href":"https:\/\/www.pm.pb.gov.br\/portal\/wp-json\/wp\/v2\/users\/5"}],"replies":[{"embeddable":true,"href":"https:\/\/www.pm.pb.gov.br\/portal\/wp-json\/wp\/v2\/comments?post=925458"}],"version-history":[{"count":3,"href":"https:\/\/www.pm.pb.gov.br\/portal\/wp-json\/wp\/v2\/posts\/925458\/revisions"}],"predecessor-version":[{"id":925470,"href":"https:\/\/www.pm.pb.gov.br\/portal\/wp-json\/wp\/v2\/posts\/925458\/revisions\/925470"}],"wp:featuredmedia":[{"embeddable":true,"href":"https:\/\/www.pm.pb.gov.br\/portal\/wp-json\/wp\/v2\/media\/925460"}],"wp:attachment":[{"href":"https:\/\/www.pm.pb.gov.br\/portal\/wp-json\/wp\/v2\/media?parent=925458"}],"wp:term":[{"taxonomy":"category","embeddable":true,"href":"https:\/\/www.pm.pb.gov.br\/portal\/wp-json\/wp\/v2\/categories?post=925458"},{"taxonomy":"post_tag","embeddable":true,"href":"https:\/\/www.pm.pb.gov.br\/portal\/wp-json\/wp\/v2\/tags?post=925458"}],"curies":[{"name":"wp","href":"https:\/\/api.w.org\/{rel}","templated":true}]}}